{"id":1113,"date":"2020-02-23T10:56:11","date_gmt":"2020-02-23T13:56:11","guid":{"rendered":"https:\/\/ravel.com.br\/blog\/?p=1113"},"modified":"2021-06-06T10:33:11","modified_gmt":"2021-06-06T13:33:11","slug":"como-juntar-arquivos-pdf","status":"publish","type":"post","link":"https:\/\/ravel.com.br\/blog\/como-juntar-arquivos-pdf\/","title":{"rendered":"Como juntar arquivos PDF"},"content":{"rendered":"\n<p>A cada dia que passa, deixamos de usar papel para nossos documentos, e come\u00e7amos a usa-los de forma digital, o formato principal que encontramos no nosso dia a dia, \u00e9 o PDF, um arquivo muito pr\u00e1tico e f\u00e1cil de se usar. Por\u00e9m, algumas vezes nos deparamos com alguns problemas. Um deles \u00e9 como juntar arquivos pdf. Outros s\u00e3o como ter a necessidade de extrair apenas algumas p\u00e1ginas do documento, ou at\u00e9 mesmo fazer a compress\u00e3o dele, diminuindo de tamanho, para enviarmos por e-mail, ou coisa do tipo.<\/p>\n\n\n\n<p>Pensando nisso, existe uma solu\u00e7\u00e3o bem interessante que\nquero te mostrar, \u00e9 o site <a href=\"https:\/\/www.ilovepdf.com\/pt\">ilovepdf<\/a>!<\/p>\n\n\n\n<p>Nele, \u00e9 poss\u00edvel juntar, dividir, comprimir e at\u00e9 converter\narquivos em PDF, sem precisar instalar nenhum programa, tudo de forma r\u00e1pida e\ngratuita!<\/p>\n\n\n\n<p>Vou mostrar como juntar arquivos pdf, olha s\u00f3:<\/p>\n\n\n\n<div class=\"wp-block-image\"><figure class=\"aligncenter\"><img loading=\"lazy\" decoding=\"async\" width=\"567\" height=\"213\" src=\"https:\/\/ravel.com.br\/blog\/wp-content\/uploads\/2020\/02\/image-19.png\" alt=\"como agrupar arquivos pdf\" class=\"wp-image-1114\" srcset=\"https:\/\/ravel.com.br\/blog\/wp-content\/uploads\/2020\/02\/image-19.png 567w, https:\/\/ravel.com.br\/blog\/wp-content\/uploads\/2020\/02\/image-19-300x113.png 300w\" sizes=\"(max-width: 567px) 100vw, 567px\" \/><\/figure><\/div>\n\n\n\n<p>Essa \u00e9 a tela inicial do programa, na barra de cima, temos\ntodas as fun\u00e7\u00f5es que ele faz, desde <a href=\"https:\/\/www.ilovepdf.com\/pt\/juntar_pdf\">juntar pdf<\/a>, <a href=\"https:\/\/www.ilovepdf.com\/pt\/dividir_pdf\">dividir<\/a>, <a href=\"https:\/\/www.ilovepdf.com\/pt\/comprimir_pdf\">comprimir<\/a> e converter, que\nnesse caso, existem diversos formatos, pdf para arquivos do Word, Excel, Power Point\ne etc.<\/p>\n\n\n\n<p>Enfim, vamos l\u00e1, como juntar alguns arquivos em PDF? <\/p>\n\n\n\n<p>Ap\u00f3s clicar na op\u00e7\u00e3o \u201c<a href=\"https:\/\/www.ilovepdf.com\/pt\/juntar_pdf\">juntar pdf<\/a>\u201d, essa tela vai ser aberta:<\/p>\n\n\n\n<div class=\"wp-block-image\"><figure class=\"aligncenter\"><img loading=\"lazy\" decoding=\"async\" width=\"567\" height=\"216\" src=\"https:\/\/ravel.com.br\/blog\/wp-content\/uploads\/2020\/02\/image-20.png\" alt=\"como juntar arquivos pdf\" class=\"wp-image-1115\" srcset=\"https:\/\/ravel.com.br\/blog\/wp-content\/uploads\/2020\/02\/image-20.png 567w, https:\/\/ravel.com.br\/blog\/wp-content\/uploads\/2020\/02\/image-20-300x114.png 300w\" sizes=\"(max-width: 567px) 100vw, 567px\" \/><\/figure><\/div>\n\n\n\n<p>Clique em \u201cselecionar arquivos em PDF\u201d, selecionando os seus\narquivos ou ent\u00e3o, arraste os arquivos do local, at\u00e9 a tela em aberto.<\/p>\n\n\n\n<figure class=\"wp-block-image size-full\"><a href=\"https:\/\/ravel.com.br\/servidor-em-nuvem\" target=\"_blank\" rel=\"noopener noreferrer\"><img loading=\"lazy\" decoding=\"async\" width=\"858\" height=\"112\" src=\"https:\/\/ravel.com.br\/blog\/wp-content\/uploads\/2023\/07\/banner-blog-nuvem-1.png\" alt=\"\" class=\"wp-image-4956\" srcset=\"https:\/\/ravel.com.br\/blog\/wp-content\/uploads\/2023\/07\/banner-blog-nuvem-1.png 858w, https:\/\/ravel.com.br\/blog\/wp-content\/uploads\/2023\/07\/banner-blog-nuvem-1-300x39.png 300w, https:\/\/ravel.com.br\/blog\/wp-content\/uploads\/2023\/07\/banner-blog-nuvem-1-768x100.png 768w, https:\/\/ravel.com.br\/blog\/wp-content\/uploads\/2023\/07\/banner-blog-nuvem-1-610x80.png 610w\" sizes=\"(max-width: 858px) 100vw, 858px\" \/><\/a><\/figure>\n\n\n\n<p>Ap\u00f3s isso, a tela a seguir ser\u00e1 exibida, caso queira alterar a ordem dos arquivos, basta arrastar e soltar na ordem desejada, feito isso, basta clicar em \u201cJuntar PDF\u201d.<\/p>\n\n\n\n<div class=\"wp-block-image\"><figure class=\"aligncenter\"><img loading=\"lazy\" decoding=\"async\" width=\"567\" height=\"295\" src=\"https:\/\/ravel.com.br\/blog\/wp-content\/uploads\/2020\/02\/image-21.png\" alt=\"\" class=\"wp-image-1116\" srcset=\"https:\/\/ravel.com.br\/blog\/wp-content\/uploads\/2020\/02\/image-21.png 567w, https:\/\/ravel.com.br\/blog\/wp-content\/uploads\/2020\/02\/image-21-300x156.png 300w\" sizes=\"(max-width: 567px) 100vw, 567px\" \/><\/figure><\/div>\n\n\n\n<p>Depois disso, \u00e9 s\u00f3 clicar em \u201cBaixar o PDF combinado\u201d e pronto, o seu arquivo baixado foi mesclado com sucesso!<\/p>\n\n\n\n<div class=\"wp-block-image\"><figure class=\"aligncenter\"><img loading=\"lazy\" decoding=\"async\" width=\"567\" height=\"213\" src=\"https:\/\/ravel.com.br\/blog\/wp-content\/uploads\/2020\/02\/image-22.png\" alt=\"\" class=\"wp-image-1117\" srcset=\"https:\/\/ravel.com.br\/blog\/wp-content\/uploads\/2020\/02\/image-22.png 567w, https:\/\/ravel.com.br\/blog\/wp-content\/uploads\/2020\/02\/image-22-300x113.png 300w\" sizes=\"(max-width: 567px) 100vw, 567px\" \/><\/figure><\/div>\n\n\n\n<p>Caso queira, \u00e9 poss\u00edvel baixar o programa, para usar de\nforma off-line, clicando neste <a href=\"https:\/\/old.ilovepdf.com\/desktop\/iLovePDF%20Desktop%20Installer.exe\">link<\/a>.<\/p>\n\n\n\n<p>Esperamos que tenha ajudado a descobrir como juntar arquivos pdf!!!<\/p>\n\n\n\n<figure class=\"wp-block-image size-large\"><a href=\"https:\/\/ravel.com.br\/seguranca-da-informacao\" target=\"_blank\" rel=\"noopener noreferrer\"><img loading=\"lazy\" decoding=\"async\" width=\"1024\" height=\"133\" src=\"https:\/\/ravel.com.br\/blog\/wp-content\/uploads\/2021\/01\/CTA7-2-1024x133.png\" alt=\"\" class=\"wp-image-2313\" srcset=\"https:\/\/ravel.com.br\/blog\/wp-content\/uploads\/2021\/01\/CTA7-2-1024x133.png 1024w, https:\/\/ravel.com.br\/blog\/wp-content\/uploads\/2021\/01\/CTA7-2-300x39.png 300w, https:\/\/ravel.com.br\/blog\/wp-content\/uploads\/2021\/01\/CTA7-2-768x100.png 768w, https:\/\/ravel.com.br\/blog\/wp-content\/uploads\/2021\/01\/CTA7-2-1536x199.png 1536w, https:\/\/ravel.com.br\/blog\/wp-content\/uploads\/2021\/01\/CTA7-2-2048x266.png 2048w, https:\/\/ravel.com.br\/blog\/wp-content\/uploads\/2021\/01\/CTA7-2-610x79.png 610w, https:\/\/ravel.com.br\/blog\/wp-content\/uploads\/2021\/01\/CTA7-2-1080x140.png 1080w\" sizes=\"(max-width: 1024px) 100vw, 1024px\" \/><\/a><\/figure>\n\n\n\n<p class=\"has-text-align-center\">E se voc\u00ea quiser enviar uma sugest\u00e3o de tema para que fa\u00e7amos uma dica ou at\u00e9 mesmo enviar uma dica interessante completa, envie um e-mail para dicas@ravel.com.br. Ser\u00e1 um prazer ouvi-lo, colaborar e compartilhar.    <\/p>\n","protected":false},"excerpt":{"rendered":"<p>Precisando juntar 2 ou mais arquivos PDFs em um s\u00f3? Veja como<\/p>\n","protected":false},"author":9,"featured_media":1119,"comment_status":"open","ping_status":"open","sticky":false,"template":"","format":"standard","meta":{"_et_pb_use_builder":"off","_et_pb_old_content":"","_et_gb_content_width":"","footnotes":""},"categories":[60],"tags":[],"class_list":["post-1113","post","type-post","status-publish","format-standard","has-post-thumbnail","hentry","category-dicas","et-has-post-format-content","et_post_format-et-post-format-standard"],"yoast_head":"<!-- This site is optimized with the Yoast SEO plugin v24.1 - https:\/\/yoast.com\/wordpress\/plugins\/seo\/ -->\n<title>Como juntar arquivos PDF - Blog - Ravel Tecnologia<\/title>\n<meta name=\"description\" content=\"Precisando agrupar 2 ou mais arquivos PDFs em um s\u00f3? Veja como juntar arquivos pdf. Muito mais dicas sobre tecnologia em nosso Blog\" \/>\n<meta name=\"robots\" content=\"index, follow, max-snippet:-1, max-image-preview:large, max-video-preview:-1\" \/>\n<link rel=\"canonical\" href=\"https:\/\/ravel.com.br\/blog\/como-juntar-arquivos-pdf\/\" \/>\n<meta property=\"og:locale\" content=\"pt_BR\" \/>\n<meta property=\"og:type\" content=\"article\" \/>\n<meta property=\"og:title\" content=\"Como juntar arquivos PDF - Blog - Ravel Tecnologia\" \/>\n<meta property=\"og:description\" content=\"Precisando agrupar 2 ou mais arquivos PDFs em um s\u00f3? Veja como juntar arquivos pdf. Muito mais dicas sobre tecnologia em nosso Blog\" \/>\n<meta property=\"og:url\" content=\"https:\/\/ravel.com.br\/blog\/como-juntar-arquivos-pdf\/\" \/>\n<meta property=\"og:site_name\" content=\"Blog Tecnologia\" \/>\n<meta property=\"article:published_time\" content=\"2020-02-23T13:56:11+00:00\" \/>\n<meta property=\"article:modified_time\" content=\"2021-06-06T13:33:11+00:00\" \/>\n<meta property=\"og:image\" content=\"https:\/\/ravel.com.br\/blog\/wp-content\/uploads\/2020\/02\/juntar-pdf.png\" \/>\n\t<meta property=\"og:image:width\" content=\"602\" \/>\n\t<meta property=\"og:image:height\" content=\"248\" \/>\n\t<meta property=\"og:image:type\" content=\"image\/png\" \/>\n<meta name=\"author\" content=\"Alesson Ribeiro de Souza\" \/>\n<meta name=\"twitter:card\" content=\"summary_large_image\" \/>\n<meta name=\"twitter:label1\" content=\"Escrito por\" \/>\n\t<meta name=\"twitter:data1\" content=\"Alesson Ribeiro de Souza\" \/>\n\t<meta name=\"twitter:label2\" content=\"Est. tempo de leitura\" \/>\n\t<meta name=\"twitter:data2\" content=\"2 minutos\" \/>\n<script type=\"application\/ld+json\" class=\"yoast-schema-graph\">{\"@context\":\"https:\/\/schema.org\",\"@graph\":[{\"@type\":\"WebPage\",\"@id\":\"https:\/\/ravel.com.br\/blog\/como-juntar-arquivos-pdf\/\",\"url\":\"https:\/\/ravel.com.br\/blog\/como-juntar-arquivos-pdf\/\",\"name\":\"Como juntar arquivos PDF - Blog - Ravel Tecnologia\",\"isPartOf\":{\"@id\":\"https:\/\/ravel.com.br\/blog\/#website\"},\"primaryImageOfPage\":{\"@id\":\"https:\/\/ravel.com.br\/blog\/como-juntar-arquivos-pdf\/#primaryimage\"},\"image\":{\"@id\":\"https:\/\/ravel.com.br\/blog\/como-juntar-arquivos-pdf\/#primaryimage\"},\"thumbnailUrl\":\"https:\/\/ravel.com.br\/blog\/wp-content\/uploads\/2020\/02\/juntar-pdf.png\",\"datePublished\":\"2020-02-23T13:56:11+00:00\",\"dateModified\":\"2021-06-06T13:33:11+00:00\",\"author\":{\"@id\":\"https:\/\/ravel.com.br\/blog\/#\/schema\/person\/f3ebb0e68f7811e9d965236de5609bba\"},\"description\":\"Precisando agrupar 2 ou mais arquivos PDFs em um s\u00f3? Veja como juntar arquivos pdf. Muito mais dicas sobre tecnologia em nosso Blog\",\"breadcrumb\":{\"@id\":\"https:\/\/ravel.com.br\/blog\/como-juntar-arquivos-pdf\/#breadcrumb\"},\"inLanguage\":\"pt-BR\",\"potentialAction\":[{\"@type\":\"ReadAction\",\"target\":[\"https:\/\/ravel.com.br\/blog\/como-juntar-arquivos-pdf\/\"]}]},{\"@type\":\"ImageObject\",\"inLanguage\":\"pt-BR\",\"@id\":\"https:\/\/ravel.com.br\/blog\/como-juntar-arquivos-pdf\/#primaryimage\",\"url\":\"https:\/\/ravel.com.br\/blog\/wp-content\/uploads\/2020\/02\/juntar-pdf.png\",\"contentUrl\":\"https:\/\/ravel.com.br\/blog\/wp-content\/uploads\/2020\/02\/juntar-pdf.png\",\"width\":602,\"height\":248},{\"@type\":\"BreadcrumbList\",\"@id\":\"https:\/\/ravel.com.br\/blog\/como-juntar-arquivos-pdf\/#breadcrumb\",\"itemListElement\":[{\"@type\":\"ListItem\",\"position\":1,\"name\":\"In\u00edcio\",\"item\":\"https:\/\/ravel.com.br\/blog\/\"},{\"@type\":\"ListItem\",\"position\":2,\"name\":\"Como juntar arquivos PDF\"}]},{\"@type\":\"WebSite\",\"@id\":\"https:\/\/ravel.com.br\/blog\/#website\",\"url\":\"https:\/\/ravel.com.br\/blog\/\",\"name\":\"Blog Tecnologia\",\"description\":\"Dicas e Artigos sobre Tecnologia\",\"potentialAction\":[{\"@type\":\"SearchAction\",\"target\":{\"@type\":\"EntryPoint\",\"urlTemplate\":\"https:\/\/ravel.com.br\/blog\/?s={search_term_string}\"},\"query-input\":{\"@type\":\"PropertyValueSpecification\",\"valueRequired\":true,\"valueName\":\"search_term_string\"}}],\"inLanguage\":\"pt-BR\"},{\"@type\":\"Person\",\"@id\":\"https:\/\/ravel.com.br\/blog\/#\/schema\/person\/f3ebb0e68f7811e9d965236de5609bba\",\"name\":\"Alesson Ribeiro de Souza\",\"image\":{\"@type\":\"ImageObject\",\"inLanguage\":\"pt-BR\",\"@id\":\"https:\/\/ravel.com.br\/blog\/#\/schema\/person\/image\/\",\"url\":\"https:\/\/secure.gravatar.com\/avatar\/f81926e3612a6cb96969d7738001b6c7?s=96&d=mm&r=g\",\"contentUrl\":\"https:\/\/secure.gravatar.com\/avatar\/f81926e3612a6cb96969d7738001b6c7?s=96&d=mm&r=g\",\"caption\":\"Alesson Ribeiro de Souza\"},\"description\":\"Com forma\u00e7\u00e3o em Tecnologia da Informa\u00e7\u00e3o, atua como l\u00edder no Suporte T\u00e9cnico, buscando sempre a evolu\u00e7\u00e3o da equipe e o melhor atendimento para os clientes. Baterista, ama jogar v\u00eddeo game, apaixonado por dublagem e anima\u00e7\u00f5es. Faixa azul de Jiu Jitsu, praticante de boxe e formado em Teologia\",\"url\":\"https:\/\/ravel.com.br\/blog\/author\/alesson-ribeiro-de-souza\/\"}]}<\/script>\n<!-- \/ Yoast SEO plugin. -->","yoast_head_json":{"title":"Como juntar arquivos PDF - Blog - Ravel Tecnologia","description":"Precisando agrupar 2 ou mais arquivos PDFs em um s\u00f3? Veja como juntar arquivos pdf. Muito mais dicas sobre tecnologia em nosso Blog","robots":{"index":"index","follow":"follow","max-snippet":"max-snippet:-1","max-image-preview":"max-image-preview:large","max-video-preview":"max-video-preview:-1"},"canonical":"https:\/\/ravel.com.br\/blog\/como-juntar-arquivos-pdf\/","og_locale":"pt_BR","og_type":"article","og_title":"Como juntar arquivos PDF - Blog - Ravel Tecnologia","og_description":"Precisando agrupar 2 ou mais arquivos PDFs em um s\u00f3? Veja como juntar arquivos pdf. Muito mais dicas sobre tecnologia em nosso Blog","og_url":"https:\/\/ravel.com.br\/blog\/como-juntar-arquivos-pdf\/","og_site_name":"Blog Tecnologia","article_published_time":"2020-02-23T13:56:11+00:00","article_modified_time":"2021-06-06T13:33:11+00:00","og_image":[{"width":602,"height":248,"url":"https:\/\/ravel.com.br\/blog\/wp-content\/uploads\/2020\/02\/juntar-pdf.png","type":"image\/png"}],"author":"Alesson Ribeiro de Souza","twitter_card":"summary_large_image","twitter_misc":{"Escrito por":"Alesson Ribeiro de Souza","Est. tempo de leitura":"2 minutos"},"schema":{"@context":"https:\/\/schema.org","@graph":[{"@type":"WebPage","@id":"https:\/\/ravel.com.br\/blog\/como-juntar-arquivos-pdf\/","url":"https:\/\/ravel.com.br\/blog\/como-juntar-arquivos-pdf\/","name":"Como juntar arquivos PDF - Blog - Ravel Tecnologia","isPartOf":{"@id":"https:\/\/ravel.com.br\/blog\/#website"},"primaryImageOfPage":{"@id":"https:\/\/ravel.com.br\/blog\/como-juntar-arquivos-pdf\/#primaryimage"},"image":{"@id":"https:\/\/ravel.com.br\/blog\/como-juntar-arquivos-pdf\/#primaryimage"},"thumbnailUrl":"https:\/\/ravel.com.br\/blog\/wp-content\/uploads\/2020\/02\/juntar-pdf.png","datePublished":"2020-02-23T13:56:11+00:00","dateModified":"2021-06-06T13:33:11+00:00","author":{"@id":"https:\/\/ravel.com.br\/blog\/#\/schema\/person\/f3ebb0e68f7811e9d965236de5609bba"},"description":"Precisando agrupar 2 ou mais arquivos PDFs em um s\u00f3? Veja como juntar arquivos pdf. Muito mais dicas sobre tecnologia em nosso Blog","breadcrumb":{"@id":"https:\/\/ravel.com.br\/blog\/como-juntar-arquivos-pdf\/#breadcrumb"},"inLanguage":"pt-BR","potentialAction":[{"@type":"ReadAction","target":["https:\/\/ravel.com.br\/blog\/como-juntar-arquivos-pdf\/"]}]},{"@type":"ImageObject","inLanguage":"pt-BR","@id":"https:\/\/ravel.com.br\/blog\/como-juntar-arquivos-pdf\/#primaryimage","url":"https:\/\/ravel.com.br\/blog\/wp-content\/uploads\/2020\/02\/juntar-pdf.png","contentUrl":"https:\/\/ravel.com.br\/blog\/wp-content\/uploads\/2020\/02\/juntar-pdf.png","width":602,"height":248},{"@type":"BreadcrumbList","@id":"https:\/\/ravel.com.br\/blog\/como-juntar-arquivos-pdf\/#breadcrumb","itemListElement":[{"@type":"ListItem","position":1,"name":"In\u00edcio","item":"https:\/\/ravel.com.br\/blog\/"},{"@type":"ListItem","position":2,"name":"Como juntar arquivos PDF"}]},{"@type":"WebSite","@id":"https:\/\/ravel.com.br\/blog\/#website","url":"https:\/\/ravel.com.br\/blog\/","name":"Blog Tecnologia","description":"Dicas e Artigos sobre Tecnologia","potentialAction":[{"@type":"SearchAction","target":{"@type":"EntryPoint","urlTemplate":"https:\/\/ravel.com.br\/blog\/?s={search_term_string}"},"query-input":{"@type":"PropertyValueSpecification","valueRequired":true,"valueName":"search_term_string"}}],"inLanguage":"pt-BR"},{"@type":"Person","@id":"https:\/\/ravel.com.br\/blog\/#\/schema\/person\/f3ebb0e68f7811e9d965236de5609bba","name":"Alesson Ribeiro de Souza","image":{"@type":"ImageObject","inLanguage":"pt-BR","@id":"https:\/\/ravel.com.br\/blog\/#\/schema\/person\/image\/","url":"https:\/\/secure.gravatar.com\/avatar\/f81926e3612a6cb96969d7738001b6c7?s=96&d=mm&r=g","contentUrl":"https:\/\/secure.gravatar.com\/avatar\/f81926e3612a6cb96969d7738001b6c7?s=96&d=mm&r=g","caption":"Alesson Ribeiro de Souza"},"description":"Com forma\u00e7\u00e3o em Tecnologia da Informa\u00e7\u00e3o, atua como l\u00edder no Suporte T\u00e9cnico, buscando sempre a evolu\u00e7\u00e3o da equipe e o melhor atendimento para os clientes. Baterista, ama jogar v\u00eddeo game, apaixonado por dublagem e anima\u00e7\u00f5es. Faixa azul de Jiu Jitsu, praticante de boxe e formado em Teologia","url":"https:\/\/ravel.com.br\/blog\/author\/alesson-ribeiro-de-souza\/"}]}},"_links":{"self":[{"href":"https:\/\/ravel.com.br\/blog\/wp-json\/wp\/v2\/posts\/1113","targetHints":{"allow":["GET"]}}],"collection":[{"href":"https:\/\/ravel.com.br\/blog\/wp-json\/wp\/v2\/posts"}],"about":[{"href":"https:\/\/ravel.com.br\/blog\/wp-json\/wp\/v2\/types\/post"}],"author":[{"embeddable":true,"href":"https:\/\/ravel.com.br\/blog\/wp-json\/wp\/v2\/users\/9"}],"replies":[{"embeddable":true,"href":"https:\/\/ravel.com.br\/blog\/wp-json\/wp\/v2\/comments?post=1113"}],"version-history":[{"count":6,"href":"https:\/\/ravel.com.br\/blog\/wp-json\/wp\/v2\/posts\/1113\/revisions"}],"predecessor-version":[{"id":2363,"href":"https:\/\/ravel.com.br\/blog\/wp-json\/wp\/v2\/posts\/1113\/revisions\/2363"}],"wp:featuredmedia":[{"embeddable":true,"href":"https:\/\/ravel.com.br\/blog\/wp-json\/wp\/v2\/media\/1119"}],"wp:attachment":[{"href":"https:\/\/ravel.com.br\/blog\/wp-json\/wp\/v2\/media?parent=1113"}],"wp:term":[{"taxonomy":"category","embeddable":true,"href":"https:\/\/ravel.com.br\/blog\/wp-json\/wp\/v2\/categories?post=1113"},{"taxonomy":"post_tag","embeddable":true,"href":"https:\/\/ravel.com.br\/blog\/wp-json\/wp\/v2\/tags?post=1113"}],"curies":[{"name":"wp","href":"https:\/\/api.w.org\/{rel}","templated":true}]}}