{"id":1148,"date":"2020-02-24T14:38:34","date_gmt":"2020-02-24T17:38:34","guid":{"rendered":"https:\/\/ravel.com.br\/blog\/?p=1148"},"modified":"2021-06-05T18:46:49","modified_gmt":"2021-06-05T21:46:49","slug":"regras-de-organizacao-do-outlook","status":"publish","type":"post","link":"https:\/\/ravel.com.br\/blog\/regras-de-organizacao-do-outlook\/","title":{"rendered":"Regras de organiza\u00e7\u00e3o do Outlook"},"content":{"rendered":"\n<p>Regras no Outlook\nauxiliam na gest\u00e3o e organiza\u00e7\u00e3o dos e-mails e consequentemente nas rotinas\ngerais no dia-a-dia.<\/p>\n\n\n\n<p>Apesar de ser\num procedimento conhecido, muitos acabam esquecendo que podemos controlar e\norganizar melhor os e-mails recebidos com a cria\u00e7\u00e3o de regras.<\/p>\n\n\n\n<p>Na guia P\u00e1gina Inicial do Outlook 2016, tem a op\u00e7\u00e3o chamada Regras. Iremos clicar nela e em seguida clicar em Criar Regra:<\/p>\n\n\n\n<div class=\"wp-block-image\"><figure class=\"aligncenter\"><img loading=\"lazy\" decoding=\"async\" width=\"611\" height=\"139\" src=\"https:\/\/ravel.com.br\/blog\/wp-content\/uploads\/2020\/02\/image-33.png\" alt=\"regra organiza\u00e7\u00e3o outlook\" class=\"wp-image-1149\" srcset=\"https:\/\/ravel.com.br\/blog\/wp-content\/uploads\/2020\/02\/image-33.png 611w, https:\/\/ravel.com.br\/blog\/wp-content\/uploads\/2020\/02\/image-33-300x68.png 300w, https:\/\/ravel.com.br\/blog\/wp-content\/uploads\/2020\/02\/image-33-610x139.png 610w\" sizes=\"(max-width: 611px) 100vw, 611px\" \/><\/figure><\/div>\n\n\n\n<p>Na janela de <strong>Criar Regra<\/strong>, tem a op\u00e7\u00e3o que \u00e9 mais comum a ser usada que \u00e9 mover o e-mail referente a aquele destinat\u00e1rio selecionado. Se quisermos organizar melhor os e-mails recebidos, pode-se criar regras para mover e-mails para outras pastas conforme o assunto:<\/p>\n\n\n\n<div class=\"wp-block-image\"><figure class=\"aligncenter\"><img loading=\"lazy\" decoding=\"async\" width=\"446\" height=\"279\" src=\"https:\/\/ravel.com.br\/blog\/wp-content\/uploads\/2020\/02\/image-34.png\" alt=\"\" class=\"wp-image-1150\" srcset=\"https:\/\/ravel.com.br\/blog\/wp-content\/uploads\/2020\/02\/image-34.png 446w, https:\/\/ravel.com.br\/blog\/wp-content\/uploads\/2020\/02\/image-34-300x188.png 300w, https:\/\/ravel.com.br\/blog\/wp-content\/uploads\/2020\/02\/image-34-400x250.png 400w\" sizes=\"(max-width: 446px) 100vw, 446px\" \/><\/figure><\/div>\n\n\n\n<p>Ap\u00f3s definir a regra simples de acordo com a sua necessidade voc\u00ea pode confirmar em OK:<\/p>\n\n\n\n<p>Ap\u00f3s confirmar ser\u00e1 exibido este mensagem para voc\u00ea j\u00e1 executar a regra na pasta atual. <\/p>\n\n\n\n<div class=\"wp-block-image\"><figure class=\"aligncenter\"><img loading=\"lazy\" decoding=\"async\" width=\"448\" height=\"130\" src=\"https:\/\/ravel.com.br\/blog\/wp-content\/uploads\/2020\/02\/image-35.png\" alt=\"\" class=\"wp-image-1151\" srcset=\"https:\/\/ravel.com.br\/blog\/wp-content\/uploads\/2020\/02\/image-35.png 448w, https:\/\/ravel.com.br\/blog\/wp-content\/uploads\/2020\/02\/image-35-300x87.png 300w\" sizes=\"(max-width: 448px) 100vw, 448px\" \/><\/figure><\/div>\n\n\n\n<p class=\"has-text-align-center\">E se voc\u00ea quiser enviar uma sugest\u00e3o de tema para que fa\u00e7amos uma dica ou at\u00e9 mesmo enviar uma dica interessante completa, envie um e-mail para dicas@ravel.com.br. Ser\u00e1 um prazer ouvi-lo, colaborar e compartilhar.<\/p>\n\n\n\n<figure class=\"wp-block-image size-large\"><a href=\"https:\/\/ravel.com.br\/seguranca-da-informacao\" target=\"_blank\" rel=\"noopener noreferrer\"><img loading=\"lazy\" decoding=\"async\" width=\"1024\" height=\"133\" src=\"https:\/\/ravel.com.br\/blog\/wp-content\/uploads\/2021\/01\/CTA7-2-1024x133.png\" alt=\"\" class=\"wp-image-2313\" srcset=\"https:\/\/ravel.com.br\/blog\/wp-content\/uploads\/2021\/01\/CTA7-2-1024x133.png 1024w, https:\/\/ravel.com.br\/blog\/wp-content\/uploads\/2021\/01\/CTA7-2-300x39.png 300w, https:\/\/ravel.com.br\/blog\/wp-content\/uploads\/2021\/01\/CTA7-2-768x100.png 768w, https:\/\/ravel.com.br\/blog\/wp-content\/uploads\/2021\/01\/CTA7-2-1536x199.png 1536w, https:\/\/ravel.com.br\/blog\/wp-content\/uploads\/2021\/01\/CTA7-2-2048x266.png 2048w, https:\/\/ravel.com.br\/blog\/wp-content\/uploads\/2021\/01\/CTA7-2-610x79.png 610w, https:\/\/ravel.com.br\/blog\/wp-content\/uploads\/2021\/01\/CTA7-2-1080x140.png 1080w\" sizes=\"(max-width: 1024px) 100vw, 1024px\" \/><\/a><\/figure>\n","protected":false},"excerpt":{"rendered":"<p>Veja como criar regras que facilitam a organiza\u00e7\u00e3o dentro do Outlook<\/p>\n","protected":false},"author":5,"featured_media":1153,"comment_status":"open","ping_status":"open","sticky":false,"template":"","format":"standard","meta":{"_et_pb_use_builder":"off","_et_pb_old_content":"","_et_gb_content_width":"","footnotes":""},"categories":[60,83],"tags":[],"class_list":["post-1148","post","type-post","status-publish","format-standard","has-post-thumbnail","hentry","category-dicas","category-office","et-has-post-format-content","et_post_format-et-post-format-standard"],"yoast_head":"<!-- This site is optimized with the Yoast SEO plugin v24.1 - https:\/\/yoast.com\/wordpress\/plugins\/seo\/ -->\n<title>Regras de organiza\u00e7\u00e3o do Outlook - Blog - Ravel Tecnologia<\/title>\n<meta name=\"description\" content=\"Veja como criar regras que facilitam a organiza\u00e7\u00e3o dentro do Outlook\" \/>\n<meta name=\"robots\" content=\"index, follow, max-snippet:-1, max-image-preview:large, max-video-preview:-1\" \/>\n<link rel=\"canonical\" href=\"https:\/\/ravel.com.br\/blog\/regras-de-organizacao-do-outlook\/\" \/>\n<meta property=\"og:locale\" content=\"pt_BR\" \/>\n<meta property=\"og:type\" content=\"article\" \/>\n<meta property=\"og:title\" content=\"Regras de organiza\u00e7\u00e3o do Outlook - Blog - Ravel Tecnologia\" \/>\n<meta property=\"og:description\" content=\"Veja como criar regras que facilitam a organiza\u00e7\u00e3o dentro do Outlook\" \/>\n<meta property=\"og:url\" content=\"https:\/\/ravel.com.br\/blog\/regras-de-organizacao-do-outlook\/\" \/>\n<meta property=\"og:site_name\" content=\"Blog Tecnologia\" \/>\n<meta property=\"article:author\" content=\"https:\/\/www.facebook.com\/rafael.penassi\" \/>\n<meta property=\"article:published_time\" content=\"2020-02-24T17:38:34+00:00\" \/>\n<meta property=\"article:modified_time\" content=\"2021-06-05T21:46:49+00:00\" \/>\n<meta property=\"og:image\" content=\"https:\/\/ravel.com.br\/blog\/wp-content\/uploads\/2020\/02\/regras-outlook.jpg\" \/>\n\t<meta property=\"og:image:width\" content=\"750\" \/>\n\t<meta property=\"og:image:height\" content=\"410\" \/>\n\t<meta property=\"og:image:type\" content=\"image\/jpeg\" \/>\n<meta name=\"author\" content=\"Rafael Penassi - Coordenador T\u00e9cnico da Ravel Tecnologia\" \/>\n<meta name=\"twitter:card\" content=\"summary_large_image\" \/>\n<meta name=\"twitter:label1\" content=\"Escrito por\" \/>\n\t<meta name=\"twitter:data1\" content=\"Rafael Penassi - Coordenador T\u00e9cnico da Ravel Tecnologia\" \/>\n\t<meta name=\"twitter:label2\" content=\"Est. tempo de leitura\" \/>\n\t<meta name=\"twitter:data2\" content=\"1 minuto\" \/>\n<script type=\"application\/ld+json\" class=\"yoast-schema-graph\">{\"@context\":\"https:\/\/schema.org\",\"@graph\":[{\"@type\":\"WebPage\",\"@id\":\"https:\/\/ravel.com.br\/blog\/regras-de-organizacao-do-outlook\/\",\"url\":\"https:\/\/ravel.com.br\/blog\/regras-de-organizacao-do-outlook\/\",\"name\":\"Regras de organiza\u00e7\u00e3o do Outlook - Blog - Ravel Tecnologia\",\"isPartOf\":{\"@id\":\"https:\/\/ravel.com.br\/blog\/#website\"},\"primaryImageOfPage\":{\"@id\":\"https:\/\/ravel.com.br\/blog\/regras-de-organizacao-do-outlook\/#primaryimage\"},\"image\":{\"@id\":\"https:\/\/ravel.com.br\/blog\/regras-de-organizacao-do-outlook\/#primaryimage\"},\"thumbnailUrl\":\"https:\/\/ravel.com.br\/blog\/wp-content\/uploads\/2020\/02\/regras-outlook.jpg\",\"datePublished\":\"2020-02-24T17:38:34+00:00\",\"dateModified\":\"2021-06-05T21:46:49+00:00\",\"author\":{\"@id\":\"https:\/\/ravel.com.br\/blog\/#\/schema\/person\/7641f356626335514dd8cc51445d7013\"},\"description\":\"Veja como criar regras que facilitam a organiza\u00e7\u00e3o dentro do Outlook\",\"breadcrumb\":{\"@id\":\"https:\/\/ravel.com.br\/blog\/regras-de-organizacao-do-outlook\/#breadcrumb\"},\"inLanguage\":\"pt-BR\",\"potentialAction\":[{\"@type\":\"ReadAction\",\"target\":[\"https:\/\/ravel.com.br\/blog\/regras-de-organizacao-do-outlook\/\"]}]},{\"@type\":\"ImageObject\",\"inLanguage\":\"pt-BR\",\"@id\":\"https:\/\/ravel.com.br\/blog\/regras-de-organizacao-do-outlook\/#primaryimage\",\"url\":\"https:\/\/ravel.com.br\/blog\/wp-content\/uploads\/2020\/02\/regras-outlook.jpg\",\"contentUrl\":\"https:\/\/ravel.com.br\/blog\/wp-content\/uploads\/2020\/02\/regras-outlook.jpg\",\"width\":750,\"height\":410},{\"@type\":\"BreadcrumbList\",\"@id\":\"https:\/\/ravel.com.br\/blog\/regras-de-organizacao-do-outlook\/#breadcrumb\",\"itemListElement\":[{\"@type\":\"ListItem\",\"position\":1,\"name\":\"In\u00edcio\",\"item\":\"https:\/\/ravel.com.br\/blog\/\"},{\"@type\":\"ListItem\",\"position\":2,\"name\":\"Regras de organiza\u00e7\u00e3o do Outlook\"}]},{\"@type\":\"WebSite\",\"@id\":\"https:\/\/ravel.com.br\/blog\/#website\",\"url\":\"https:\/\/ravel.com.br\/blog\/\",\"name\":\"Blog Tecnologia\",\"description\":\"Dicas e Artigos sobre Tecnologia\",\"potentialAction\":[{\"@type\":\"SearchAction\",\"target\":{\"@type\":\"EntryPoint\",\"urlTemplate\":\"https:\/\/ravel.com.br\/blog\/?s={search_term_string}\"},\"query-input\":{\"@type\":\"PropertyValueSpecification\",\"valueRequired\":true,\"valueName\":\"search_term_string\"}}],\"inLanguage\":\"pt-BR\"},{\"@type\":\"Person\",\"@id\":\"https:\/\/ravel.com.br\/blog\/#\/schema\/person\/7641f356626335514dd8cc51445d7013\",\"name\":\"Rafael Penassi - Coordenador T\u00e9cnico da Ravel Tecnologia\",\"image\":{\"@type\":\"ImageObject\",\"inLanguage\":\"pt-BR\",\"@id\":\"https:\/\/ravel.com.br\/blog\/#\/schema\/person\/image\/\",\"url\":\"https:\/\/secure.gravatar.com\/avatar\/2a770fdf2a73c4ec13d1a29a8c0e3b9e?s=96&d=mm&r=g\",\"contentUrl\":\"https:\/\/secure.gravatar.com\/avatar\/2a770fdf2a73c4ec13d1a29a8c0e3b9e?s=96&d=mm&r=g\",\"caption\":\"Rafael Penassi - Coordenador T\u00e9cnico da Ravel Tecnologia\"},\"description\":\"Coordenador T\u00e9cnico na Ravel, formado em Gest\u00e3o de Tecnologia da Informa\u00e7\u00e3o. Atua na Gest\u00e3o do Suporte T\u00e9cnico, Onboarding em novos clientes e Gest\u00e3o de Projetos, busca proporcionar sempre o melhor uso da tecnologia a favor dos clientes. Adora cozinhar, tocar sua guitarra e viol\u00e3o, al\u00e9m de apreciar um bom vinho.\",\"sameAs\":[\"http:\/\/ravel.com.br\",\"https:\/\/www.facebook.com\/rafael.penassi\",\"https:\/\/br.linkedin.com\/in\/rafael-penassi-0aa382a4\"],\"url\":\"https:\/\/ravel.com.br\/blog\/author\/rafael-penassi\/\"}]}<\/script>\n<!-- \/ Yoast SEO plugin. -->","yoast_head_json":{"title":"Regras de organiza\u00e7\u00e3o do Outlook - Blog - Ravel Tecnologia","description":"Veja como criar regras que facilitam a organiza\u00e7\u00e3o dentro do Outlook","robots":{"index":"index","follow":"follow","max-snippet":"max-snippet:-1","max-image-preview":"max-image-preview:large","max-video-preview":"max-video-preview:-1"},"canonical":"https:\/\/ravel.com.br\/blog\/regras-de-organizacao-do-outlook\/","og_locale":"pt_BR","og_type":"article","og_title":"Regras de organiza\u00e7\u00e3o do Outlook - Blog - Ravel Tecnologia","og_description":"Veja como criar regras que facilitam a organiza\u00e7\u00e3o dentro do Outlook","og_url":"https:\/\/ravel.com.br\/blog\/regras-de-organizacao-do-outlook\/","og_site_name":"Blog Tecnologia","article_author":"https:\/\/www.facebook.com\/rafael.penassi","article_published_time":"2020-02-24T17:38:34+00:00","article_modified_time":"2021-06-05T21:46:49+00:00","og_image":[{"width":750,"height":410,"url":"https:\/\/ravel.com.br\/blog\/wp-content\/uploads\/2020\/02\/regras-outlook.jpg","type":"image\/jpeg"}],"author":"Rafael Penassi - Coordenador T\u00e9cnico da Ravel Tecnologia","twitter_card":"summary_large_image","twitter_misc":{"Escrito por":"Rafael Penassi - Coordenador T\u00e9cnico da Ravel Tecnologia","Est. tempo de leitura":"1 minuto"},"schema":{"@context":"https:\/\/schema.org","@graph":[{"@type":"WebPage","@id":"https:\/\/ravel.com.br\/blog\/regras-de-organizacao-do-outlook\/","url":"https:\/\/ravel.com.br\/blog\/regras-de-organizacao-do-outlook\/","name":"Regras de organiza\u00e7\u00e3o do Outlook - Blog - Ravel Tecnologia","isPartOf":{"@id":"https:\/\/ravel.com.br\/blog\/#website"},"primaryImageOfPage":{"@id":"https:\/\/ravel.com.br\/blog\/regras-de-organizacao-do-outlook\/#primaryimage"},"image":{"@id":"https:\/\/ravel.com.br\/blog\/regras-de-organizacao-do-outlook\/#primaryimage"},"thumbnailUrl":"https:\/\/ravel.com.br\/blog\/wp-content\/uploads\/2020\/02\/regras-outlook.jpg","datePublished":"2020-02-24T17:38:34+00:00","dateModified":"2021-06-05T21:46:49+00:00","author":{"@id":"https:\/\/ravel.com.br\/blog\/#\/schema\/person\/7641f356626335514dd8cc51445d7013"},"description":"Veja como criar regras que facilitam a organiza\u00e7\u00e3o dentro do Outlook","breadcrumb":{"@id":"https:\/\/ravel.com.br\/blog\/regras-de-organizacao-do-outlook\/#breadcrumb"},"inLanguage":"pt-BR","potentialAction":[{"@type":"ReadAction","target":["https:\/\/ravel.com.br\/blog\/regras-de-organizacao-do-outlook\/"]}]},{"@type":"ImageObject","inLanguage":"pt-BR","@id":"https:\/\/ravel.com.br\/blog\/regras-de-organizacao-do-outlook\/#primaryimage","url":"https:\/\/ravel.com.br\/blog\/wp-content\/uploads\/2020\/02\/regras-outlook.jpg","contentUrl":"https:\/\/ravel.com.br\/blog\/wp-content\/uploads\/2020\/02\/regras-outlook.jpg","width":750,"height":410},{"@type":"BreadcrumbList","@id":"https:\/\/ravel.com.br\/blog\/regras-de-organizacao-do-outlook\/#breadcrumb","itemListElement":[{"@type":"ListItem","position":1,"name":"In\u00edcio","item":"https:\/\/ravel.com.br\/blog\/"},{"@type":"ListItem","position":2,"name":"Regras de organiza\u00e7\u00e3o do Outlook"}]},{"@type":"WebSite","@id":"https:\/\/ravel.com.br\/blog\/#website","url":"https:\/\/ravel.com.br\/blog\/","name":"Blog Tecnologia","description":"Dicas e Artigos sobre Tecnologia","potentialAction":[{"@type":"SearchAction","target":{"@type":"EntryPoint","urlTemplate":"https:\/\/ravel.com.br\/blog\/?s={search_term_string}"},"query-input":{"@type":"PropertyValueSpecification","valueRequired":true,"valueName":"search_term_string"}}],"inLanguage":"pt-BR"},{"@type":"Person","@id":"https:\/\/ravel.com.br\/blog\/#\/schema\/person\/7641f356626335514dd8cc51445d7013","name":"Rafael Penassi - Coordenador T\u00e9cnico da Ravel Tecnologia","image":{"@type":"ImageObject","inLanguage":"pt-BR","@id":"https:\/\/ravel.com.br\/blog\/#\/schema\/person\/image\/","url":"https:\/\/secure.gravatar.com\/avatar\/2a770fdf2a73c4ec13d1a29a8c0e3b9e?s=96&d=mm&r=g","contentUrl":"https:\/\/secure.gravatar.com\/avatar\/2a770fdf2a73c4ec13d1a29a8c0e3b9e?s=96&d=mm&r=g","caption":"Rafael Penassi - Coordenador T\u00e9cnico da Ravel Tecnologia"},"description":"Coordenador T\u00e9cnico na Ravel, formado em Gest\u00e3o de Tecnologia da Informa\u00e7\u00e3o. Atua na Gest\u00e3o do Suporte T\u00e9cnico, Onboarding em novos clientes e Gest\u00e3o de Projetos, busca proporcionar sempre o melhor uso da tecnologia a favor dos clientes. Adora cozinhar, tocar sua guitarra e viol\u00e3o, al\u00e9m de apreciar um bom vinho.","sameAs":["http:\/\/ravel.com.br","https:\/\/www.facebook.com\/rafael.penassi","https:\/\/br.linkedin.com\/in\/rafael-penassi-0aa382a4"],"url":"https:\/\/ravel.com.br\/blog\/author\/rafael-penassi\/"}]}},"_links":{"self":[{"href":"https:\/\/ravel.com.br\/blog\/wp-json\/wp\/v2\/posts\/1148","targetHints":{"allow":["GET"]}}],"collection":[{"href":"https:\/\/ravel.com.br\/blog\/wp-json\/wp\/v2\/posts"}],"about":[{"href":"https:\/\/ravel.com.br\/blog\/wp-json\/wp\/v2\/types\/post"}],"author":[{"embeddable":true,"href":"https:\/\/ravel.com.br\/blog\/wp-json\/wp\/v2\/users\/5"}],"replies":[{"embeddable":true,"href":"https:\/\/ravel.com.br\/blog\/wp-json\/wp\/v2\/comments?post=1148"}],"version-history":[{"count":4,"href":"https:\/\/ravel.com.br\/blog\/wp-json\/wp\/v2\/posts\/1148\/revisions"}],"predecessor-version":[{"id":2366,"href":"https:\/\/ravel.com.br\/blog\/wp-json\/wp\/v2\/posts\/1148\/revisions\/2366"}],"wp:featuredmedia":[{"embeddable":true,"href":"https:\/\/ravel.com.br\/blog\/wp-json\/wp\/v2\/media\/1153"}],"wp:attachment":[{"href":"https:\/\/ravel.com.br\/blog\/wp-json\/wp\/v2\/media?parent=1148"}],"wp:term":[{"taxonomy":"category","embeddable":true,"href":"https:\/\/ravel.com.br\/blog\/wp-json\/wp\/v2\/categories?post=1148"},{"taxonomy":"post_tag","embeddable":true,"href":"https:\/\/ravel.com.br\/blog\/wp-json\/wp\/v2\/tags?post=1148"}],"curies":[{"name":"wp","href":"https:\/\/api.w.org\/{rel}","templated":true}]}}