{"id":1177,"date":"2020-02-24T15:45:56","date_gmt":"2020-02-24T18:45:56","guid":{"rendered":"https:\/\/ravel.com.br\/blog\/?p=1177"},"modified":"2021-06-06T10:32:57","modified_gmt":"2021-06-06T13:32:57","slug":"trabalhando-com-arquivos-pdfs","status":"publish","type":"post","link":"https:\/\/ravel.com.br\/blog\/trabalhando-com-arquivos-pdfs\/","title":{"rendered":"Trabalhando com arquivos PDFs"},"content":{"rendered":"\n<p>A cada dia que passa, deixamos de usar papel para nossos documentos, e come\u00e7amos a usa-los de forma digital, o formato principal que encontramos no nosso dia a dia, \u00e9 usando arquivos PDFs, um arquivo muito pr\u00e1tico e f\u00e1cil de se usar. Por\u00e9m, algumas vezes nos deparamos com alguns problemas, como ter a necessidade de extrair apenas algumas p\u00e1ginas do documento, juntar um com outro, ou at\u00e9 mesmo fazer a compress\u00e3o dele, diminuindo de tamanho, para enviarmos por e-mail, ou coisa do tipo.<\/p>\n\n\n\n<p>Pensando nisso, existe uma solu\u00e7\u00e3o bem interessante que\nquero te mostrar, \u00e9 o site <a href=\"https:\/\/www.ilovepdf.com\/pt\">ilovepdf<\/a>!<\/p>\n\n\n\n<p>Nele, \u00e9 poss\u00edvel juntar, dividir, comprimir e at\u00e9 converter arquivos em PDF, sem precisar instalar nenhum programa, tudo de forma r\u00e1pida e gratuita!<\/p>\n\n\n\n<p>Muitas op\u00e7\u00f5es interessantes para voc\u00ea usar. Segue algumas:<\/p>\n\n\n\n<figure class=\"wp-block-image size-full\"><a href=\"https:\/\/ravel.com.br\/servidor-em-nuvem\" target=\"_blank\" rel=\"noopener noreferrer\"><img loading=\"lazy\" decoding=\"async\" width=\"858\" height=\"112\" src=\"https:\/\/ravel.com.br\/blog\/wp-content\/uploads\/2023\/07\/banner-blog-nuvem-1.png\" alt=\"\" class=\"wp-image-4956\" srcset=\"https:\/\/ravel.com.br\/blog\/wp-content\/uploads\/2023\/07\/banner-blog-nuvem-1.png 858w, https:\/\/ravel.com.br\/blog\/wp-content\/uploads\/2023\/07\/banner-blog-nuvem-1-300x39.png 300w, https:\/\/ravel.com.br\/blog\/wp-content\/uploads\/2023\/07\/banner-blog-nuvem-1-768x100.png 768w, https:\/\/ravel.com.br\/blog\/wp-content\/uploads\/2023\/07\/banner-blog-nuvem-1-610x80.png 610w\" sizes=\"(max-width: 858px) 100vw, 858px\" \/><\/a><\/figure>\n\n\n\n<h4 class=\"wp-block-heading\">Organizar um arquivo PDF<\/h4>\n\n\n\n<div class=\"wp-block-image\"><figure class=\"aligncenter\"><img loading=\"lazy\" decoding=\"async\" width=\"567\" height=\"240\" src=\"https:\/\/ravel.com.br\/blog\/wp-content\/uploads\/2020\/02\/image-46.png\" alt=\"organizar arquivo PDF\" class=\"wp-image-1178\" srcset=\"https:\/\/ravel.com.br\/blog\/wp-content\/uploads\/2020\/02\/image-46.png 567w, https:\/\/ravel.com.br\/blog\/wp-content\/uploads\/2020\/02\/image-46-300x127.png 300w\" sizes=\"(max-width: 567px) 100vw, 567px\" \/><\/figure><\/div>\n\n\n\n<h4 class=\"wp-block-heading\">Converter arquivos PDFs<\/h4>\n\n\n\n<p>Veja ao op\u00e7\u00f5es de convers\u00e3o:<\/p>\n\n\n\n<div class=\"wp-block-image\"><figure class=\"aligncenter\"><img loading=\"lazy\" decoding=\"async\" width=\"478\" height=\"293\" src=\"https:\/\/ravel.com.br\/blog\/wp-content\/uploads\/2020\/02\/image-47.png\" alt=\"converter arquivo pdf\" class=\"wp-image-1179\" srcset=\"https:\/\/ravel.com.br\/blog\/wp-content\/uploads\/2020\/02\/image-47.png 478w, https:\/\/ravel.com.br\/blog\/wp-content\/uploads\/2020\/02\/image-47-300x184.png 300w\" sizes=\"(max-width: 478px) 100vw, 478px\" \/><\/figure><\/div>\n\n\n\n<h4 class=\"wp-block-heading\">Comprimir arquivos PDFs<\/h4>\n\n\n\n<div class=\"wp-block-image\"><figure class=\"aligncenter\"><img loading=\"lazy\" decoding=\"async\" width=\"567\" height=\"245\" src=\"https:\/\/ravel.com.br\/blog\/wp-content\/uploads\/2020\/02\/image-48.png\" alt=\"comprimir arquivo pdf\" class=\"wp-image-1180\" srcset=\"https:\/\/ravel.com.br\/blog\/wp-content\/uploads\/2020\/02\/image-48.png 567w, https:\/\/ravel.com.br\/blog\/wp-content\/uploads\/2020\/02\/image-48-300x130.png 300w\" sizes=\"(max-width: 567px) 100vw, 567px\" \/><\/figure><\/div>\n\n\n\n<p>Outras op\u00e7\u00f5es est\u00e3o em artigos pr\u00f3prios do blog:<\/p>\n\n\n\n<p>Como dividir um arquivo PDF: <a href=\"https:\/\/ravel.com.br\/blog\/como-dividir-um-arquivo-pdf\/\">https:\/\/ravel.com.br\/blog\/como-dividir-um-arquivo-pdf\/<\/a><\/p>\n\n\n\n<p>Como juntar arquivos PDFs: <a href=\"https:\/\/ravel.com.br\/blog\/como-agrupar-arquivos-pdf\/\">https:\/\/ravel.com.br\/blog\/como-agrupar-arquivos-pdf\/<\/a><\/p>\n\n\n\n<figure class=\"wp-block-image size-large\"><a href=\"https:\/\/ravel.com.br\/seguranca-da-informacao\" target=\"_blank\" rel=\"noopener noreferrer\"><img loading=\"lazy\" decoding=\"async\" width=\"1024\" height=\"133\" src=\"https:\/\/ravel.com.br\/blog\/wp-content\/uploads\/2021\/01\/CTA7-2-1024x133.png\" alt=\"\" class=\"wp-image-2313\" srcset=\"https:\/\/ravel.com.br\/blog\/wp-content\/uploads\/2021\/01\/CTA7-2-1024x133.png 1024w, https:\/\/ravel.com.br\/blog\/wp-content\/uploads\/2021\/01\/CTA7-2-300x39.png 300w, https:\/\/ravel.com.br\/blog\/wp-content\/uploads\/2021\/01\/CTA7-2-768x100.png 768w, https:\/\/ravel.com.br\/blog\/wp-content\/uploads\/2021\/01\/CTA7-2-1536x199.png 1536w, https:\/\/ravel.com.br\/blog\/wp-content\/uploads\/2021\/01\/CTA7-2-2048x266.png 2048w, https:\/\/ravel.com.br\/blog\/wp-content\/uploads\/2021\/01\/CTA7-2-610x79.png 610w, https:\/\/ravel.com.br\/blog\/wp-content\/uploads\/2021\/01\/CTA7-2-1080x140.png 1080w\" sizes=\"(max-width: 1024px) 100vw, 1024px\" \/><\/a><\/figure>\n\n\n\n<p><\/p>\n","protected":false},"excerpt":{"rendered":"<p>Veja dicas para organizar, converter e comprimir arquivos PDFs<\/p>\n","protected":false},"author":9,"featured_media":1183,"comment_status":"open","ping_status":"open","sticky":false,"template":"","format":"standard","meta":{"_et_pb_use_builder":"off","_et_pb_old_content":"","_et_gb_content_width":"","footnotes":""},"categories":[60],"tags":[],"class_list":["post-1177","post","type-post","status-publish","format-standard","has-post-thumbnail","hentry","category-dicas","et-has-post-format-content","et_post_format-et-post-format-standard"],"yoast_head":"<!-- This site is optimized with the Yoast SEO plugin v24.1 - https:\/\/yoast.com\/wordpress\/plugins\/seo\/ -->\n<title>Trabalhando com arquivos PDFs - Blog - Ravel Tecnologia<\/title>\n<meta name=\"description\" content=\"Veja dicas para organizar, converter e comprimir arquivos PDFs. Muito mais dicas e conte\u00fados sobre tecnologia em nosso Blog.\" \/>\n<meta name=\"robots\" content=\"index, follow, max-snippet:-1, max-image-preview:large, max-video-preview:-1\" \/>\n<link rel=\"canonical\" href=\"https:\/\/ravel.com.br\/blog\/trabalhando-com-arquivos-pdfs\/\" \/>\n<meta property=\"og:locale\" content=\"pt_BR\" \/>\n<meta property=\"og:type\" content=\"article\" \/>\n<meta property=\"og:title\" content=\"Trabalhando com arquivos PDFs - Blog - Ravel Tecnologia\" \/>\n<meta property=\"og:description\" content=\"Veja dicas para organizar, converter e comprimir arquivos PDFs. Muito mais dicas e conte\u00fados sobre tecnologia em nosso Blog.\" \/>\n<meta property=\"og:url\" content=\"https:\/\/ravel.com.br\/blog\/trabalhando-com-arquivos-pdfs\/\" \/>\n<meta property=\"og:site_name\" content=\"Blog Tecnologia\" \/>\n<meta property=\"article:published_time\" content=\"2020-02-24T18:45:56+00:00\" \/>\n<meta property=\"article:modified_time\" content=\"2021-06-06T13:32:57+00:00\" \/>\n<meta property=\"og:image\" content=\"https:\/\/ravel.com.br\/blog\/wp-content\/uploads\/2020\/02\/pdf.jpg\" \/>\n\t<meta property=\"og:image:width\" content=\"1200\" \/>\n\t<meta property=\"og:image:height\" content=\"675\" \/>\n\t<meta property=\"og:image:type\" content=\"image\/jpeg\" \/>\n<meta name=\"author\" content=\"Alesson Ribeiro de Souza\" \/>\n<meta name=\"twitter:card\" content=\"summary_large_image\" \/>\n<meta name=\"twitter:label1\" content=\"Escrito por\" \/>\n\t<meta name=\"twitter:data1\" content=\"Alesson Ribeiro de Souza\" \/>\n\t<meta name=\"twitter:label2\" content=\"Est. tempo de leitura\" \/>\n\t<meta name=\"twitter:data2\" content=\"1 minuto\" \/>\n<script type=\"application\/ld+json\" class=\"yoast-schema-graph\">{\"@context\":\"https:\/\/schema.org\",\"@graph\":[{\"@type\":\"WebPage\",\"@id\":\"https:\/\/ravel.com.br\/blog\/trabalhando-com-arquivos-pdfs\/\",\"url\":\"https:\/\/ravel.com.br\/blog\/trabalhando-com-arquivos-pdfs\/\",\"name\":\"Trabalhando com arquivos PDFs - Blog - Ravel Tecnologia\",\"isPartOf\":{\"@id\":\"https:\/\/ravel.com.br\/blog\/#website\"},\"primaryImageOfPage\":{\"@id\":\"https:\/\/ravel.com.br\/blog\/trabalhando-com-arquivos-pdfs\/#primaryimage\"},\"image\":{\"@id\":\"https:\/\/ravel.com.br\/blog\/trabalhando-com-arquivos-pdfs\/#primaryimage\"},\"thumbnailUrl\":\"https:\/\/ravel.com.br\/blog\/wp-content\/uploads\/2020\/02\/pdf.jpg\",\"datePublished\":\"2020-02-24T18:45:56+00:00\",\"dateModified\":\"2021-06-06T13:32:57+00:00\",\"author\":{\"@id\":\"https:\/\/ravel.com.br\/blog\/#\/schema\/person\/f3ebb0e68f7811e9d965236de5609bba\"},\"description\":\"Veja dicas para organizar, converter e comprimir arquivos PDFs. Muito mais dicas e conte\u00fados sobre tecnologia em nosso Blog.\",\"breadcrumb\":{\"@id\":\"https:\/\/ravel.com.br\/blog\/trabalhando-com-arquivos-pdfs\/#breadcrumb\"},\"inLanguage\":\"pt-BR\",\"potentialAction\":[{\"@type\":\"ReadAction\",\"target\":[\"https:\/\/ravel.com.br\/blog\/trabalhando-com-arquivos-pdfs\/\"]}]},{\"@type\":\"ImageObject\",\"inLanguage\":\"pt-BR\",\"@id\":\"https:\/\/ravel.com.br\/blog\/trabalhando-com-arquivos-pdfs\/#primaryimage\",\"url\":\"https:\/\/ravel.com.br\/blog\/wp-content\/uploads\/2020\/02\/pdf.jpg\",\"contentUrl\":\"https:\/\/ravel.com.br\/blog\/wp-content\/uploads\/2020\/02\/pdf.jpg\",\"width\":1200,\"height\":675},{\"@type\":\"BreadcrumbList\",\"@id\":\"https:\/\/ravel.com.br\/blog\/trabalhando-com-arquivos-pdfs\/#breadcrumb\",\"itemListElement\":[{\"@type\":\"ListItem\",\"position\":1,\"name\":\"In\u00edcio\",\"item\":\"https:\/\/ravel.com.br\/blog\/\"},{\"@type\":\"ListItem\",\"position\":2,\"name\":\"Trabalhando com arquivos PDFs\"}]},{\"@type\":\"WebSite\",\"@id\":\"https:\/\/ravel.com.br\/blog\/#website\",\"url\":\"https:\/\/ravel.com.br\/blog\/\",\"name\":\"Blog Tecnologia\",\"description\":\"Dicas e Artigos sobre Tecnologia\",\"potentialAction\":[{\"@type\":\"SearchAction\",\"target\":{\"@type\":\"EntryPoint\",\"urlTemplate\":\"https:\/\/ravel.com.br\/blog\/?s={search_term_string}\"},\"query-input\":{\"@type\":\"PropertyValueSpecification\",\"valueRequired\":true,\"valueName\":\"search_term_string\"}}],\"inLanguage\":\"pt-BR\"},{\"@type\":\"Person\",\"@id\":\"https:\/\/ravel.com.br\/blog\/#\/schema\/person\/f3ebb0e68f7811e9d965236de5609bba\",\"name\":\"Alesson Ribeiro de Souza\",\"image\":{\"@type\":\"ImageObject\",\"inLanguage\":\"pt-BR\",\"@id\":\"https:\/\/ravel.com.br\/blog\/#\/schema\/person\/image\/\",\"url\":\"https:\/\/secure.gravatar.com\/avatar\/f81926e3612a6cb96969d7738001b6c7?s=96&d=mm&r=g\",\"contentUrl\":\"https:\/\/secure.gravatar.com\/avatar\/f81926e3612a6cb96969d7738001b6c7?s=96&d=mm&r=g\",\"caption\":\"Alesson Ribeiro de Souza\"},\"description\":\"Com forma\u00e7\u00e3o em Tecnologia da Informa\u00e7\u00e3o, atua como l\u00edder no Suporte T\u00e9cnico, buscando sempre a evolu\u00e7\u00e3o da equipe e o melhor atendimento para os clientes. Baterista, ama jogar v\u00eddeo game, apaixonado por dublagem e anima\u00e7\u00f5es. Faixa azul de Jiu Jitsu, praticante de boxe e formado em Teologia\",\"url\":\"https:\/\/ravel.com.br\/blog\/author\/alesson-ribeiro-de-souza\/\"}]}<\/script>\n<!-- \/ Yoast SEO plugin. -->","yoast_head_json":{"title":"Trabalhando com arquivos PDFs - Blog - Ravel Tecnologia","description":"Veja dicas para organizar, converter e comprimir arquivos PDFs. Muito mais dicas e conte\u00fados sobre tecnologia em nosso Blog.","robots":{"index":"index","follow":"follow","max-snippet":"max-snippet:-1","max-image-preview":"max-image-preview:large","max-video-preview":"max-video-preview:-1"},"canonical":"https:\/\/ravel.com.br\/blog\/trabalhando-com-arquivos-pdfs\/","og_locale":"pt_BR","og_type":"article","og_title":"Trabalhando com arquivos PDFs - Blog - Ravel Tecnologia","og_description":"Veja dicas para organizar, converter e comprimir arquivos PDFs. Muito mais dicas e conte\u00fados sobre tecnologia em nosso Blog.","og_url":"https:\/\/ravel.com.br\/blog\/trabalhando-com-arquivos-pdfs\/","og_site_name":"Blog Tecnologia","article_published_time":"2020-02-24T18:45:56+00:00","article_modified_time":"2021-06-06T13:32:57+00:00","og_image":[{"width":1200,"height":675,"url":"https:\/\/ravel.com.br\/blog\/wp-content\/uploads\/2020\/02\/pdf.jpg","type":"image\/jpeg"}],"author":"Alesson Ribeiro de Souza","twitter_card":"summary_large_image","twitter_misc":{"Escrito por":"Alesson Ribeiro de Souza","Est. tempo de leitura":"1 minuto"},"schema":{"@context":"https:\/\/schema.org","@graph":[{"@type":"WebPage","@id":"https:\/\/ravel.com.br\/blog\/trabalhando-com-arquivos-pdfs\/","url":"https:\/\/ravel.com.br\/blog\/trabalhando-com-arquivos-pdfs\/","name":"Trabalhando com arquivos PDFs - Blog - Ravel Tecnologia","isPartOf":{"@id":"https:\/\/ravel.com.br\/blog\/#website"},"primaryImageOfPage":{"@id":"https:\/\/ravel.com.br\/blog\/trabalhando-com-arquivos-pdfs\/#primaryimage"},"image":{"@id":"https:\/\/ravel.com.br\/blog\/trabalhando-com-arquivos-pdfs\/#primaryimage"},"thumbnailUrl":"https:\/\/ravel.com.br\/blog\/wp-content\/uploads\/2020\/02\/pdf.jpg","datePublished":"2020-02-24T18:45:56+00:00","dateModified":"2021-06-06T13:32:57+00:00","author":{"@id":"https:\/\/ravel.com.br\/blog\/#\/schema\/person\/f3ebb0e68f7811e9d965236de5609bba"},"description":"Veja dicas para organizar, converter e comprimir arquivos PDFs. Muito mais dicas e conte\u00fados sobre tecnologia em nosso Blog.","breadcrumb":{"@id":"https:\/\/ravel.com.br\/blog\/trabalhando-com-arquivos-pdfs\/#breadcrumb"},"inLanguage":"pt-BR","potentialAction":[{"@type":"ReadAction","target":["https:\/\/ravel.com.br\/blog\/trabalhando-com-arquivos-pdfs\/"]}]},{"@type":"ImageObject","inLanguage":"pt-BR","@id":"https:\/\/ravel.com.br\/blog\/trabalhando-com-arquivos-pdfs\/#primaryimage","url":"https:\/\/ravel.com.br\/blog\/wp-content\/uploads\/2020\/02\/pdf.jpg","contentUrl":"https:\/\/ravel.com.br\/blog\/wp-content\/uploads\/2020\/02\/pdf.jpg","width":1200,"height":675},{"@type":"BreadcrumbList","@id":"https:\/\/ravel.com.br\/blog\/trabalhando-com-arquivos-pdfs\/#breadcrumb","itemListElement":[{"@type":"ListItem","position":1,"name":"In\u00edcio","item":"https:\/\/ravel.com.br\/blog\/"},{"@type":"ListItem","position":2,"name":"Trabalhando com arquivos PDFs"}]},{"@type":"WebSite","@id":"https:\/\/ravel.com.br\/blog\/#website","url":"https:\/\/ravel.com.br\/blog\/","name":"Blog Tecnologia","description":"Dicas e Artigos sobre Tecnologia","potentialAction":[{"@type":"SearchAction","target":{"@type":"EntryPoint","urlTemplate":"https:\/\/ravel.com.br\/blog\/?s={search_term_string}"},"query-input":{"@type":"PropertyValueSpecification","valueRequired":true,"valueName":"search_term_string"}}],"inLanguage":"pt-BR"},{"@type":"Person","@id":"https:\/\/ravel.com.br\/blog\/#\/schema\/person\/f3ebb0e68f7811e9d965236de5609bba","name":"Alesson Ribeiro de Souza","image":{"@type":"ImageObject","inLanguage":"pt-BR","@id":"https:\/\/ravel.com.br\/blog\/#\/schema\/person\/image\/","url":"https:\/\/secure.gravatar.com\/avatar\/f81926e3612a6cb96969d7738001b6c7?s=96&d=mm&r=g","contentUrl":"https:\/\/secure.gravatar.com\/avatar\/f81926e3612a6cb96969d7738001b6c7?s=96&d=mm&r=g","caption":"Alesson Ribeiro de Souza"},"description":"Com forma\u00e7\u00e3o em Tecnologia da Informa\u00e7\u00e3o, atua como l\u00edder no Suporte T\u00e9cnico, buscando sempre a evolu\u00e7\u00e3o da equipe e o melhor atendimento para os clientes. Baterista, ama jogar v\u00eddeo game, apaixonado por dublagem e anima\u00e7\u00f5es. Faixa azul de Jiu Jitsu, praticante de boxe e formado em Teologia","url":"https:\/\/ravel.com.br\/blog\/author\/alesson-ribeiro-de-souza\/"}]}},"_links":{"self":[{"href":"https:\/\/ravel.com.br\/blog\/wp-json\/wp\/v2\/posts\/1177","targetHints":{"allow":["GET"]}}],"collection":[{"href":"https:\/\/ravel.com.br\/blog\/wp-json\/wp\/v2\/posts"}],"about":[{"href":"https:\/\/ravel.com.br\/blog\/wp-json\/wp\/v2\/types\/post"}],"author":[{"embeddable":true,"href":"https:\/\/ravel.com.br\/blog\/wp-json\/wp\/v2\/users\/9"}],"replies":[{"embeddable":true,"href":"https:\/\/ravel.com.br\/blog\/wp-json\/wp\/v2\/comments?post=1177"}],"version-history":[{"count":4,"href":"https:\/\/ravel.com.br\/blog\/wp-json\/wp\/v2\/posts\/1177\/revisions"}],"predecessor-version":[{"id":2369,"href":"https:\/\/ravel.com.br\/blog\/wp-json\/wp\/v2\/posts\/1177\/revisions\/2369"}],"wp:featuredmedia":[{"embeddable":true,"href":"https:\/\/ravel.com.br\/blog\/wp-json\/wp\/v2\/media\/1183"}],"wp:attachment":[{"href":"https:\/\/ravel.com.br\/blog\/wp-json\/wp\/v2\/media?parent=1177"}],"wp:term":[{"taxonomy":"category","embeddable":true,"href":"https:\/\/ravel.com.br\/blog\/wp-json\/wp\/v2\/categories?post=1177"},{"taxonomy":"post_tag","embeddable":true,"href":"https:\/\/ravel.com.br\/blog\/wp-json\/wp\/v2\/tags?post=1177"}],"curies":[{"name":"wp","href":"https:\/\/api.w.org\/{rel}","templated":true}]}}