{"id":1351,"date":"2020-03-17T20:21:07","date_gmt":"2020-03-17T23:21:07","guid":{"rendered":"https:\/\/ravel.com.br\/blog\/?p=1351"},"modified":"2025-10-23T11:02:31","modified_gmt":"2025-10-23T14:02:31","slug":"erro-o-microsoft-outlook-nao-conseguiu-verificar-a-licenca-deste-produto","status":"publish","type":"post","link":"https:\/\/ravel.com.br\/blog\/erro-o-microsoft-outlook-nao-conseguiu-verificar-a-licenca-deste-produto\/","title":{"rendered":"Erro: O Microsoft Outlook n\u00e3o conseguiu verificar a licen\u00e7a deste produto"},"content":{"rendered":"\n<p>Uma poss\u00edvel solu\u00e7\u00e3o para o erro: O Microsoft Outlook n\u00e3o conseguiu verificar a licen\u00e7a deste produto, execute os passos abaixo:<\/p>\n\n\n\n<ol class=\"wp-block-list\">\n<li>Pressione as teclas\u00a0<strong>Windows+R<\/strong>, digite\u00a0regedit\u00a0na caixa\u00a0<strong>Executar<\/strong>\u00a0e pressione Enter.<\/li>\n\n\n\n<li>No\u00a0<strong>Editor do Registro<\/strong>, localize chave do Registro abaixo: HKEY_CURRENT_USER\\Software\\Microsoft\\WindowsNT\\Current Version\\AppCompatFlags\\Layers<\/li>\n\n\n\n<li>Clique com bot\u00e3o direito do mouse na chave Layers e clique em\u00a0<strong>Excluir<\/strong><\/li>\n\n\n\n<li>Feche o Editor do Registro.<\/li>\n\n\n\n<li>Reinicie o computador.<\/li>\n\n\n\n<li>Abra novamente o Outlook e verifique se o  erro: O Microsoft Outlook n\u00e3o conseguiu verificar a licen\u00e7a deste produto, foi resolvido.<\/li>\n<\/ol>\n\n\n\n<figure class=\"wp-block-image alignright is-resized\"><img loading=\"lazy\" decoding=\"async\" width=\"400\" height=\"300\" src=\"https:\/\/ravel.com.br\/blog\/wp-content\/uploads\/2020\/03\/logo-outlook.jpg\" alt=\"O Microsoft Outlook n\u00e3o conseguiu verificar a licen\u00e7a deste produto\" class=\"wp-image-1356\" style=\"width:49px;height:37px\" srcset=\"https:\/\/ravel.com.br\/blog\/wp-content\/uploads\/2020\/03\/logo-outlook.jpg 400w, https:\/\/ravel.com.br\/blog\/wp-content\/uploads\/2020\/03\/logo-outlook-300x225.jpg 300w\" sizes=\"(max-width: 400px) 100vw, 400px\" \/><\/figure>\n\n\n\n<p>Ap\u00f3s seguir esse passo a passo e erro:  O Microsoft Outlook n\u00e3o conseguiu verificar a licen\u00e7a deste produto, n\u00e3o apareceu mais.<\/p>\n\n\n\n<p>Uma outra op\u00e7\u00e3o \u00e9 executar o processo de repara\u00e7\u00e3o do office com a ferramenta \u201c Microsoft Support and Recovery Assistant \u201d.<\/p>\n\n\n\n<p>Mais dicas sobre o Outlook aqui: <a href=\"https:\/\/ravel.com.br\/blog\/category\/dicas\/outlook\/\" target=\"_blank\" aria-label=\"undefined (opens in a new tab)\" rel=\"noreferrer noopener\">https:\/\/ravel.com.br\/blog\/category\/dicas\/outlook\/<\/a><\/p>\n\n\n\n<p>Esperamos que tenha funcionado. Por\u00e9m, existem casos que existem outros fatores para o problema, que podem demandar a\u00e7\u00f5es complementares para a corre\u00e7\u00e3o.       <\/p>\n\n\n\n<p>Buscamos fazer com que a Tecnologia seja direcionada para Produtividade e Seguran\u00e7a das Empresas. Fazemos isso atrav\u00e9s de Solu\u00e7\u00f5es em Nuvem, Servi\u00e7os de Seguran\u00e7a e Suporte Inteligente.<\/p>\n\n\n\n<p>Somos uma empresa de TI com mais de 26 anos de experi\u00eancia e uma equipe de mais de 50 especialistas, somos o parceiro estrat\u00e9gico do seu neg\u00f3cio, da sua lideran\u00e7a, da sua TI.<\/p>\n\n\n\n<p>Consultoria de TI | Servi\u00e7os de Seguran\u00e7a | Solu\u00e7\u00f5es em Nuvem | Suporte T\u00e9cnico Inteligente | Gest\u00e3o de TI | Servi\u00e7os Gerenciados de TI (MSPs)<\/p>\n\n\n\n<p>Qual \u00e9 o seu momento? Entre em contato para criarmos juntos uma solu\u00e7\u00e3o que atenda \u00e0s suas necessidades.<\/p>\n","protected":false},"excerpt":{"rendered":"<p>Uma poss\u00edvel solu\u00e7\u00e3o para o Erro: O Microsoft Outlook n\u00e3o conseguiu verificar a licen\u00e7a deste produto<\/p>\n","protected":false},"author":34,"featured_media":1358,"comment_status":"open","ping_status":"open","sticky":false,"template":"","format":"standard","meta":{"_et_pb_use_builder":"off","_et_pb_old_content":"","_et_gb_content_width":"","footnotes":""},"categories":[67],"tags":[],"class_list":["post-1351","post","type-post","status-publish","format-standard","has-post-thumbnail","hentry","category-espaco-tecnico","et-has-post-format-content","et_post_format-et-post-format-standard"],"yoast_head":"<!-- This site is optimized with the Yoast SEO plugin v24.1 - https:\/\/yoast.com\/wordpress\/plugins\/seo\/ -->\n<title>Erro: Microsoft Outlook n\u00e3o conseguiu verificar a licen\u00e7a - Blog<\/title>\n<meta name=\"description\" content=\"Uma poss\u00edvel solu\u00e7\u00e3o para o Erro: O Microsoft Outlook n\u00e3o conseguiu verificar a licen\u00e7a deste produto - Blog Ravel Tecnologia\" \/>\n<meta name=\"robots\" content=\"index, follow, max-snippet:-1, max-image-preview:large, max-video-preview:-1\" \/>\n<link rel=\"canonical\" href=\"https:\/\/ravel.com.br\/blog\/erro-o-microsoft-outlook-nao-conseguiu-verificar-a-licenca-deste-produto\/\" \/>\n<meta property=\"og:locale\" content=\"pt_BR\" \/>\n<meta property=\"og:type\" content=\"article\" \/>\n<meta property=\"og:title\" content=\"Erro: Microsoft Outlook n\u00e3o conseguiu verificar a licen\u00e7a - Blog\" \/>\n<meta property=\"og:description\" content=\"Uma poss\u00edvel solu\u00e7\u00e3o para o Erro: O Microsoft Outlook n\u00e3o conseguiu verificar a licen\u00e7a deste produto - Blog Ravel Tecnologia\" \/>\n<meta property=\"og:url\" content=\"https:\/\/ravel.com.br\/blog\/erro-o-microsoft-outlook-nao-conseguiu-verificar-a-licenca-deste-produto\/\" \/>\n<meta property=\"og:site_name\" content=\"Blog Tecnologia\" \/>\n<meta property=\"article:published_time\" content=\"2020-03-17T23:21:07+00:00\" \/>\n<meta property=\"article:modified_time\" content=\"2025-10-23T14:02:31+00:00\" \/>\n<meta property=\"og:image\" content=\"https:\/\/ravel.com.br\/blog\/wp-content\/uploads\/2020\/03\/Erro-outlook-licenca-II.jpg\" \/>\n\t<meta property=\"og:image:width\" content=\"1474\" \/>\n\t<meta property=\"og:image:height\" content=\"641\" \/>\n\t<meta property=\"og:image:type\" content=\"image\/jpeg\" \/>\n<meta name=\"author\" content=\"Ravel Tecnologia\" \/>\n<meta name=\"twitter:card\" content=\"summary_large_image\" \/>\n<meta name=\"twitter:label1\" content=\"Escrito por\" \/>\n\t<meta name=\"twitter:data1\" content=\"Ravel Tecnologia\" \/>\n\t<meta name=\"twitter:label2\" content=\"Est. tempo de leitura\" \/>\n\t<meta name=\"twitter:data2\" content=\"2 minutos\" \/>\n<script type=\"application\/ld+json\" class=\"yoast-schema-graph\">{\"@context\":\"https:\/\/schema.org\",\"@graph\":[{\"@type\":\"WebPage\",\"@id\":\"https:\/\/ravel.com.br\/blog\/erro-o-microsoft-outlook-nao-conseguiu-verificar-a-licenca-deste-produto\/\",\"url\":\"https:\/\/ravel.com.br\/blog\/erro-o-microsoft-outlook-nao-conseguiu-verificar-a-licenca-deste-produto\/\",\"name\":\"Erro: Microsoft Outlook n\u00e3o conseguiu verificar a licen\u00e7a - Blog\",\"isPartOf\":{\"@id\":\"https:\/\/ravel.com.br\/blog\/#website\"},\"primaryImageOfPage\":{\"@id\":\"https:\/\/ravel.com.br\/blog\/erro-o-microsoft-outlook-nao-conseguiu-verificar-a-licenca-deste-produto\/#primaryimage\"},\"image\":{\"@id\":\"https:\/\/ravel.com.br\/blog\/erro-o-microsoft-outlook-nao-conseguiu-verificar-a-licenca-deste-produto\/#primaryimage\"},\"thumbnailUrl\":\"https:\/\/ravel.com.br\/blog\/wp-content\/uploads\/2020\/03\/Erro-outlook-licenca-II.jpg\",\"datePublished\":\"2020-03-17T23:21:07+00:00\",\"dateModified\":\"2025-10-23T14:02:31+00:00\",\"author\":{\"@id\":\"https:\/\/ravel.com.br\/blog\/#\/schema\/person\/77a79ccf728fc4a376654c3546e919f5\"},\"description\":\"Uma poss\u00edvel solu\u00e7\u00e3o para o Erro: O Microsoft Outlook n\u00e3o conseguiu verificar a licen\u00e7a deste produto - Blog Ravel Tecnologia\",\"breadcrumb\":{\"@id\":\"https:\/\/ravel.com.br\/blog\/erro-o-microsoft-outlook-nao-conseguiu-verificar-a-licenca-deste-produto\/#breadcrumb\"},\"inLanguage\":\"pt-BR\",\"potentialAction\":[{\"@type\":\"ReadAction\",\"target\":[\"https:\/\/ravel.com.br\/blog\/erro-o-microsoft-outlook-nao-conseguiu-verificar-a-licenca-deste-produto\/\"]}]},{\"@type\":\"ImageObject\",\"inLanguage\":\"pt-BR\",\"@id\":\"https:\/\/ravel.com.br\/blog\/erro-o-microsoft-outlook-nao-conseguiu-verificar-a-licenca-deste-produto\/#primaryimage\",\"url\":\"https:\/\/ravel.com.br\/blog\/wp-content\/uploads\/2020\/03\/Erro-outlook-licenca-II.jpg\",\"contentUrl\":\"https:\/\/ravel.com.br\/blog\/wp-content\/uploads\/2020\/03\/Erro-outlook-licenca-II.jpg\",\"width\":1474,\"height\":641},{\"@type\":\"BreadcrumbList\",\"@id\":\"https:\/\/ravel.com.br\/blog\/erro-o-microsoft-outlook-nao-conseguiu-verificar-a-licenca-deste-produto\/#breadcrumb\",\"itemListElement\":[{\"@type\":\"ListItem\",\"position\":1,\"name\":\"In\u00edcio\",\"item\":\"https:\/\/ravel.com.br\/blog\/\"},{\"@type\":\"ListItem\",\"position\":2,\"name\":\"Erro: O Microsoft Outlook n\u00e3o conseguiu verificar a licen\u00e7a deste produto\"}]},{\"@type\":\"WebSite\",\"@id\":\"https:\/\/ravel.com.br\/blog\/#website\",\"url\":\"https:\/\/ravel.com.br\/blog\/\",\"name\":\"Blog Tecnologia\",\"description\":\"Dicas e Artigos sobre Tecnologia\",\"potentialAction\":[{\"@type\":\"SearchAction\",\"target\":{\"@type\":\"EntryPoint\",\"urlTemplate\":\"https:\/\/ravel.com.br\/blog\/?s={search_term_string}\"},\"query-input\":{\"@type\":\"PropertyValueSpecification\",\"valueRequired\":true,\"valueName\":\"search_term_string\"}}],\"inLanguage\":\"pt-BR\"},{\"@type\":\"Person\",\"@id\":\"https:\/\/ravel.com.br\/blog\/#\/schema\/person\/77a79ccf728fc4a376654c3546e919f5\",\"name\":\"Ravel Tecnologia\",\"image\":{\"@type\":\"ImageObject\",\"inLanguage\":\"pt-BR\",\"@id\":\"https:\/\/ravel.com.br\/blog\/#\/schema\/person\/image\/\",\"url\":\"https:\/\/secure.gravatar.com\/avatar\/449267afe4e5fadbd121b8790fd528f6?s=96&d=mm&r=g\",\"contentUrl\":\"https:\/\/secure.gravatar.com\/avatar\/449267afe4e5fadbd121b8790fd528f6?s=96&d=mm&r=g\",\"caption\":\"Ravel Tecnologia\"},\"description\":\"Oferecemos servi\u00e7os de TI para garantir que a tecnologia trabalhe como forte aliada na conquista de resultados e se reflita de forma direta na produtividade e no crescimento das empresas.\",\"url\":\"https:\/\/ravel.com.br\/blog\/author\/ravel-tecnologia\/\"}]}<\/script>\n<!-- \/ Yoast SEO plugin. -->","yoast_head_json":{"title":"Erro: Microsoft Outlook n\u00e3o conseguiu verificar a licen\u00e7a - Blog","description":"Uma poss\u00edvel solu\u00e7\u00e3o para o Erro: O Microsoft Outlook n\u00e3o conseguiu verificar a licen\u00e7a deste produto - Blog Ravel Tecnologia","robots":{"index":"index","follow":"follow","max-snippet":"max-snippet:-1","max-image-preview":"max-image-preview:large","max-video-preview":"max-video-preview:-1"},"canonical":"https:\/\/ravel.com.br\/blog\/erro-o-microsoft-outlook-nao-conseguiu-verificar-a-licenca-deste-produto\/","og_locale":"pt_BR","og_type":"article","og_title":"Erro: Microsoft Outlook n\u00e3o conseguiu verificar a licen\u00e7a - Blog","og_description":"Uma poss\u00edvel solu\u00e7\u00e3o para o Erro: O Microsoft Outlook n\u00e3o conseguiu verificar a licen\u00e7a deste produto - Blog Ravel Tecnologia","og_url":"https:\/\/ravel.com.br\/blog\/erro-o-microsoft-outlook-nao-conseguiu-verificar-a-licenca-deste-produto\/","og_site_name":"Blog Tecnologia","article_published_time":"2020-03-17T23:21:07+00:00","article_modified_time":"2025-10-23T14:02:31+00:00","og_image":[{"width":1474,"height":641,"url":"https:\/\/ravel.com.br\/blog\/wp-content\/uploads\/2020\/03\/Erro-outlook-licenca-II.jpg","type":"image\/jpeg"}],"author":"Ravel Tecnologia","twitter_card":"summary_large_image","twitter_misc":{"Escrito por":"Ravel Tecnologia","Est. tempo de leitura":"2 minutos"},"schema":{"@context":"https:\/\/schema.org","@graph":[{"@type":"WebPage","@id":"https:\/\/ravel.com.br\/blog\/erro-o-microsoft-outlook-nao-conseguiu-verificar-a-licenca-deste-produto\/","url":"https:\/\/ravel.com.br\/blog\/erro-o-microsoft-outlook-nao-conseguiu-verificar-a-licenca-deste-produto\/","name":"Erro: Microsoft Outlook n\u00e3o conseguiu verificar a licen\u00e7a - Blog","isPartOf":{"@id":"https:\/\/ravel.com.br\/blog\/#website"},"primaryImageOfPage":{"@id":"https:\/\/ravel.com.br\/blog\/erro-o-microsoft-outlook-nao-conseguiu-verificar-a-licenca-deste-produto\/#primaryimage"},"image":{"@id":"https:\/\/ravel.com.br\/blog\/erro-o-microsoft-outlook-nao-conseguiu-verificar-a-licenca-deste-produto\/#primaryimage"},"thumbnailUrl":"https:\/\/ravel.com.br\/blog\/wp-content\/uploads\/2020\/03\/Erro-outlook-licenca-II.jpg","datePublished":"2020-03-17T23:21:07+00:00","dateModified":"2025-10-23T14:02:31+00:00","author":{"@id":"https:\/\/ravel.com.br\/blog\/#\/schema\/person\/77a79ccf728fc4a376654c3546e919f5"},"description":"Uma poss\u00edvel solu\u00e7\u00e3o para o Erro: O Microsoft Outlook n\u00e3o conseguiu verificar a licen\u00e7a deste produto - Blog Ravel Tecnologia","breadcrumb":{"@id":"https:\/\/ravel.com.br\/blog\/erro-o-microsoft-outlook-nao-conseguiu-verificar-a-licenca-deste-produto\/#breadcrumb"},"inLanguage":"pt-BR","potentialAction":[{"@type":"ReadAction","target":["https:\/\/ravel.com.br\/blog\/erro-o-microsoft-outlook-nao-conseguiu-verificar-a-licenca-deste-produto\/"]}]},{"@type":"ImageObject","inLanguage":"pt-BR","@id":"https:\/\/ravel.com.br\/blog\/erro-o-microsoft-outlook-nao-conseguiu-verificar-a-licenca-deste-produto\/#primaryimage","url":"https:\/\/ravel.com.br\/blog\/wp-content\/uploads\/2020\/03\/Erro-outlook-licenca-II.jpg","contentUrl":"https:\/\/ravel.com.br\/blog\/wp-content\/uploads\/2020\/03\/Erro-outlook-licenca-II.jpg","width":1474,"height":641},{"@type":"BreadcrumbList","@id":"https:\/\/ravel.com.br\/blog\/erro-o-microsoft-outlook-nao-conseguiu-verificar-a-licenca-deste-produto\/#breadcrumb","itemListElement":[{"@type":"ListItem","position":1,"name":"In\u00edcio","item":"https:\/\/ravel.com.br\/blog\/"},{"@type":"ListItem","position":2,"name":"Erro: O Microsoft Outlook n\u00e3o conseguiu verificar a licen\u00e7a deste produto"}]},{"@type":"WebSite","@id":"https:\/\/ravel.com.br\/blog\/#website","url":"https:\/\/ravel.com.br\/blog\/","name":"Blog Tecnologia","description":"Dicas e Artigos sobre Tecnologia","potentialAction":[{"@type":"SearchAction","target":{"@type":"EntryPoint","urlTemplate":"https:\/\/ravel.com.br\/blog\/?s={search_term_string}"},"query-input":{"@type":"PropertyValueSpecification","valueRequired":true,"valueName":"search_term_string"}}],"inLanguage":"pt-BR"},{"@type":"Person","@id":"https:\/\/ravel.com.br\/blog\/#\/schema\/person\/77a79ccf728fc4a376654c3546e919f5","name":"Ravel Tecnologia","image":{"@type":"ImageObject","inLanguage":"pt-BR","@id":"https:\/\/ravel.com.br\/blog\/#\/schema\/person\/image\/","url":"https:\/\/secure.gravatar.com\/avatar\/449267afe4e5fadbd121b8790fd528f6?s=96&d=mm&r=g","contentUrl":"https:\/\/secure.gravatar.com\/avatar\/449267afe4e5fadbd121b8790fd528f6?s=96&d=mm&r=g","caption":"Ravel Tecnologia"},"description":"Oferecemos servi\u00e7os de TI para garantir que a tecnologia trabalhe como forte aliada na conquista de resultados e se reflita de forma direta na produtividade e no crescimento das empresas.","url":"https:\/\/ravel.com.br\/blog\/author\/ravel-tecnologia\/"}]}},"_links":{"self":[{"href":"https:\/\/ravel.com.br\/blog\/wp-json\/wp\/v2\/posts\/1351","targetHints":{"allow":["GET"]}}],"collection":[{"href":"https:\/\/ravel.com.br\/blog\/wp-json\/wp\/v2\/posts"}],"about":[{"href":"https:\/\/ravel.com.br\/blog\/wp-json\/wp\/v2\/types\/post"}],"author":[{"embeddable":true,"href":"https:\/\/ravel.com.br\/blog\/wp-json\/wp\/v2\/users\/34"}],"replies":[{"embeddable":true,"href":"https:\/\/ravel.com.br\/blog\/wp-json\/wp\/v2\/comments?post=1351"}],"version-history":[{"count":6,"href":"https:\/\/ravel.com.br\/blog\/wp-json\/wp\/v2\/posts\/1351\/revisions"}],"predecessor-version":[{"id":6511,"href":"https:\/\/ravel.com.br\/blog\/wp-json\/wp\/v2\/posts\/1351\/revisions\/6511"}],"wp:featuredmedia":[{"embeddable":true,"href":"https:\/\/ravel.com.br\/blog\/wp-json\/wp\/v2\/media\/1358"}],"wp:attachment":[{"href":"https:\/\/ravel.com.br\/blog\/wp-json\/wp\/v2\/media?parent=1351"}],"wp:term":[{"taxonomy":"category","embeddable":true,"href":"https:\/\/ravel.com.br\/blog\/wp-json\/wp\/v2\/categories?post=1351"},{"taxonomy":"post_tag","embeddable":true,"href":"https:\/\/ravel.com.br\/blog\/wp-json\/wp\/v2\/tags?post=1351"}],"curies":[{"name":"wp","href":"https:\/\/api.w.org\/{rel}","templated":true}]}}