{"id":1593,"date":"2020-06-13T11:27:33","date_gmt":"2020-06-13T14:27:33","guid":{"rendered":"https:\/\/ravel.com.br\/blog\/?p=1593"},"modified":"2025-06-18T13:49:09","modified_gmt":"2025-06-18T16:49:09","slug":"dicas-para-quem-usa-2-monitores-no-windows-10","status":"publish","type":"post","link":"https:\/\/ravel.com.br\/blog\/dicas-para-quem-usa-2-monitores-no-windows-10\/","title":{"rendered":"Dicas para quem usa 2 monitores no Windows 10"},"content":{"rendered":"\n<p>Usar 2 monitores traz uma s\u00e9rie de benef\u00edcios para melhorar a produtividade e organiza\u00e7\u00e3o. Abaixo listamos algumas dicas para este fim.<\/p>\n\n\n\n<h2 class=\"wp-block-heading\"><strong>Reorganizando Telas<\/strong><\/h2>\n\n\n\n<ul class=\"wp-block-list\"><li>Clicar com direito em um espa\u00e7o vazio na \u00e1rea de trabalho e entrar na op\u00e7\u00e3o \u201cConfigura\u00e7\u00f5es de exibi\u00e7\u00e3o\u201d<\/li><\/ul>\n\n\n\n<div class=\"wp-block-image\"><figure class=\"aligncenter size-large\"><img loading=\"lazy\" decoding=\"async\" width=\"261\" height=\"265\" src=\"https:\/\/ravel.com.br\/blog\/wp-content\/uploads\/2020\/06\/image-27.png\" alt=\"\" class=\"wp-image-1594\" srcset=\"https:\/\/ravel.com.br\/blog\/wp-content\/uploads\/2020\/06\/image-27.png 261w, https:\/\/ravel.com.br\/blog\/wp-content\/uploads\/2020\/06\/image-27-45x45.png 45w\" sizes=\"(max-width: 261px) 100vw, 261px\" \/><\/figure><\/div>\n\n\n\n<ul class=\"wp-block-list\"><li>Selecionar a tela clicar e segurar, em seguida, movimente para a posi\u00e7\u00e3o que desejar<\/li><\/ul>\n\n\n\n<div class=\"wp-block-image\"><figure class=\"aligncenter size-large\"><img loading=\"lazy\" decoding=\"async\" width=\"697\" height=\"443\" src=\"https:\/\/ravel.com.br\/blog\/wp-content\/uploads\/2020\/06\/image-28.png\" alt=\"Dicas para quem usa 2 monitores no Windows \" class=\"wp-image-1595\" srcset=\"https:\/\/ravel.com.br\/blog\/wp-content\/uploads\/2020\/06\/image-28.png 697w, https:\/\/ravel.com.br\/blog\/wp-content\/uploads\/2020\/06\/image-28-300x191.png 300w, https:\/\/ravel.com.br\/blog\/wp-content\/uploads\/2020\/06\/image-28-610x388.png 610w\" sizes=\"(max-width: 697px) 100vw, 697px\" \/><\/figure><\/div>\n\n\n\n<h2 class=\"wp-block-heading\"><strong>Estendendo e duplicando<\/strong> <\/h2>\n\n\n\n<ul class=\"wp-block-list\"><li>No mesmo menu para reorganizar telas, ir at\u00e9 op\u00e7\u00e3o \u201cV\u00e1rios monitores\u201d e escolher a op\u00e7\u00e3o desejada, a altera\u00e7\u00e3o \u00e9 efetuada automaticamente<\/li><\/ul>\n\n\n\n\n\n<h2 class=\"wp-block-heading\"><strong>Ajustando a barra de tarefas<\/strong><\/h2>\n\n\n\n<p>Para alterarmos a configura\u00e7\u00e3o para a barra de tarefas para 2 monitores sigam os passos:<\/p>\n\n\n\n<ul class=\"wp-block-list\"><li>Clicar com direito sobre a barra e selecionar \u201cConfigura\u00e7\u00e3o da barra de Tarefas\u201d<\/li><\/ul>\n\n\n\n<div class=\"wp-block-image\"><figure class=\"aligncenter size-large\"><img loading=\"lazy\" decoding=\"async\" width=\"387\" height=\"447\" src=\"https:\/\/ravel.com.br\/blog\/wp-content\/uploads\/2020\/06\/image-30.png\" alt=\"\" class=\"wp-image-1597\" srcset=\"https:\/\/ravel.com.br\/blog\/wp-content\/uploads\/2020\/06\/image-30.png 387w, https:\/\/ravel.com.br\/blog\/wp-content\/uploads\/2020\/06\/image-30-260x300.png 260w\" sizes=\"(max-width: 387px) 100vw, 387px\" \/><\/figure><\/div>\n\n\n\n<ul class=\"wp-block-list\"><li>Feito isso, descer um pouco a p\u00e1gina at\u00e9 chegar em \u201cV\u00e1rios Monitores\u201d e escolher a op\u00e7\u00e3o que melhor se adequa a voc\u00ea<\/li><\/ul>\n\n\n\n<div class=\"wp-block-image\"><figure class=\"aligncenter size-large\"><img loading=\"lazy\" decoding=\"async\" width=\"567\" height=\"304\" src=\"https:\/\/ravel.com.br\/blog\/wp-content\/uploads\/2020\/06\/image-31.png\" alt=\"\" class=\"wp-image-1598\" srcset=\"https:\/\/ravel.com.br\/blog\/wp-content\/uploads\/2020\/06\/image-31.png 567w, https:\/\/ravel.com.br\/blog\/wp-content\/uploads\/2020\/06\/image-31-300x161.png 300w\" sizes=\"(max-width: 567px) 100vw, 567px\" \/><\/figure><\/div>\n\n\n\n<h2 class=\"wp-block-heading\"><strong>Usar a barra em outra posi\u00e7\u00e3o<\/strong><\/h2>\n\n\n\n<ul class=\"wp-block-list\"><li>Clicar com direito sobre a barra e <strong>desmarcar<\/strong> a op\u00e7\u00e3o \u201cBloquear todas as barras de tarefas\u201d<\/li><\/ul>\n\n\n\n<div class=\"wp-block-image\"><figure class=\"aligncenter size-large\"><img loading=\"lazy\" decoding=\"async\" width=\"381\" height=\"435\" src=\"https:\/\/ravel.com.br\/blog\/wp-content\/uploads\/2020\/06\/image-33.png\" alt=\"\" class=\"wp-image-1600\" srcset=\"https:\/\/ravel.com.br\/blog\/wp-content\/uploads\/2020\/06\/image-33.png 381w, https:\/\/ravel.com.br\/blog\/wp-content\/uploads\/2020\/06\/image-33-263x300.png 263w\" sizes=\"(max-width: 381px) 100vw, 381px\" \/><\/figure><\/div>\n\n\n\n<ul class=\"wp-block-list\"><li>Feito isso, movimentar a barra para o canto da tela que desejar<\/li><\/ul>\n\n\n\n<h2 class=\"wp-block-heading\"><strong>Ocultar a barra de pesquisa<\/strong><\/h2>\n\n\n\n<div class=\"wp-block-image\"><figure class=\"aligncenter size-large\"><img loading=\"lazy\" decoding=\"async\" width=\"403\" height=\"45\" src=\"https:\/\/ravel.com.br\/blog\/wp-content\/uploads\/2020\/06\/image-34.png\" alt=\"\" class=\"wp-image-1601\" srcset=\"https:\/\/ravel.com.br\/blog\/wp-content\/uploads\/2020\/06\/image-34.png 403w, https:\/\/ravel.com.br\/blog\/wp-content\/uploads\/2020\/06\/image-34-300x33.png 300w, https:\/\/ravel.com.br\/blog\/wp-content\/uploads\/2020\/06\/image-34-400x45.png 400w\" sizes=\"(max-width: 403px) 100vw, 403px\" \/><\/figure><\/div>\n\n\n\n<p>As vezes precisamos de mais \u00edcones na barra e a pesquisa pode atrapalhar um pouco, para desativar siga os passos:<\/p>\n\n\n\n<figure class=\"wp-block-image size-large\"><a href=\"https:\/\/ravel.com.br\/seguranca-da-informacao\" target=\"_blank\" rel=\"noopener noreferrer\"><img loading=\"lazy\" decoding=\"async\" width=\"1024\" height=\"133\" src=\"https:\/\/ravel.com.br\/blog\/wp-content\/uploads\/2021\/01\/CTA7-2-1024x133.png\" alt=\"\" class=\"wp-image-2313\" srcset=\"https:\/\/ravel.com.br\/blog\/wp-content\/uploads\/2021\/01\/CTA7-2-1024x133.png 1024w, https:\/\/ravel.com.br\/blog\/wp-content\/uploads\/2021\/01\/CTA7-2-300x39.png 300w, https:\/\/ravel.com.br\/blog\/wp-content\/uploads\/2021\/01\/CTA7-2-768x100.png 768w, https:\/\/ravel.com.br\/blog\/wp-content\/uploads\/2021\/01\/CTA7-2-1536x199.png 1536w, https:\/\/ravel.com.br\/blog\/wp-content\/uploads\/2021\/01\/CTA7-2-2048x266.png 2048w, https:\/\/ravel.com.br\/blog\/wp-content\/uploads\/2021\/01\/CTA7-2-610x79.png 610w, https:\/\/ravel.com.br\/blog\/wp-content\/uploads\/2021\/01\/CTA7-2-1080x140.png 1080w\" sizes=\"(max-width: 1024px) 100vw, 1024px\" \/><\/a><\/figure>\n\n\n\n<ul class=\"wp-block-list\"><li>Clicar com direito sobre a barra e selecionar o menu \u201cPesquisar\u201d, escolher a op\u00e7\u00e3o \u201cOculto\u201d<\/li><\/ul>\n\n\n\n<div class=\"wp-block-image\"><figure class=\"aligncenter size-large\"><img loading=\"lazy\" decoding=\"async\" width=\"567\" height=\"397\" src=\"https:\/\/ravel.com.br\/blog\/wp-content\/uploads\/2020\/06\/image-36.png\" alt=\"\" class=\"wp-image-1603\" srcset=\"https:\/\/ravel.com.br\/blog\/wp-content\/uploads\/2020\/06\/image-36.png 567w, https:\/\/ravel.com.br\/blog\/wp-content\/uploads\/2020\/06\/image-36-300x210.png 300w\" sizes=\"(max-width: 567px) 100vw, 567px\" \/><\/figure><\/div>\n\n\n\n<p>Mesmo oculta a pesquisa tamb\u00e9m funciona clicando no menu iniciar e digitando o que deseja<\/p>\n\n\n\n<div class=\"wp-block-image\"><figure class=\"aligncenter size-large\"><img loading=\"lazy\" decoding=\"async\" width=\"629\" height=\"537\" src=\"https:\/\/ravel.com.br\/blog\/wp-content\/uploads\/2020\/06\/image-38.png\" alt=\"\" class=\"wp-image-1605\" srcset=\"https:\/\/ravel.com.br\/blog\/wp-content\/uploads\/2020\/06\/image-38.png 629w, https:\/\/ravel.com.br\/blog\/wp-content\/uploads\/2020\/06\/image-38-300x256.png 300w, https:\/\/ravel.com.br\/blog\/wp-content\/uploads\/2020\/06\/image-38-610x521.png 610w\" sizes=\"(max-width: 629px) 100vw, 629px\" \/><\/figure><\/div>\n","protected":false},"excerpt":{"rendered":"<p>Usar 2 monitores traz uma s\u00e9rie de benef\u00edcios para melhorar a produtividade e organiza\u00e7\u00e3o<\/p>\n","protected":false},"author":8,"featured_media":1606,"comment_status":"open","ping_status":"open","sticky":false,"template":"","format":"standard","meta":{"_et_pb_use_builder":"off","_et_pb_old_content":"","_et_gb_content_width":"","footnotes":""},"categories":[60,82,88],"tags":[],"class_list":["post-1593","post","type-post","status-publish","format-standard","has-post-thumbnail","hentry","category-dicas","category-produtividade","category-windows","et-has-post-format-content","et_post_format-et-post-format-standard"],"yoast_head":"<!-- This site is optimized with the Yoast SEO plugin v24.1 - https:\/\/yoast.com\/wordpress\/plugins\/seo\/ -->\n<title>Dicas para 2 monitores no Windows 10 - Blog - Ravel Tecnologia<\/title>\n<meta name=\"description\" content=\"Usar 2 monitores traz uma s\u00e9rie de benef\u00edcios para melhorar a produtividade e organiza\u00e7\u00e3o. Veja algumas dicas\" \/>\n<meta name=\"robots\" content=\"index, follow, max-snippet:-1, max-image-preview:large, max-video-preview:-1\" \/>\n<link rel=\"canonical\" href=\"https:\/\/ravel.com.br\/blog\/dicas-para-quem-usa-2-monitores-no-windows-10\/\" \/>\n<meta property=\"og:locale\" content=\"pt_BR\" \/>\n<meta property=\"og:type\" content=\"article\" \/>\n<meta property=\"og:title\" content=\"Dicas para 2 monitores no Windows 10 - Blog - Ravel Tecnologia\" \/>\n<meta property=\"og:description\" content=\"Usar 2 monitores traz uma s\u00e9rie de benef\u00edcios para melhorar a produtividade e organiza\u00e7\u00e3o. Veja algumas dicas\" \/>\n<meta property=\"og:url\" content=\"https:\/\/ravel.com.br\/blog\/dicas-para-quem-usa-2-monitores-no-windows-10\/\" \/>\n<meta property=\"og:site_name\" content=\"Blog Tecnologia\" \/>\n<meta property=\"article:author\" content=\"https:\/\/www.facebook.com\/rfacavalcanti\" \/>\n<meta property=\"article:published_time\" content=\"2020-06-13T14:27:33+00:00\" \/>\n<meta property=\"article:modified_time\" content=\"2025-06-18T16:49:09+00:00\" \/>\n<meta property=\"og:image\" content=\"https:\/\/ravel.com.br\/blog\/wp-content\/uploads\/2020\/06\/2-monitores.jpg\" \/>\n\t<meta property=\"og:image:width\" content=\"680\" \/>\n\t<meta property=\"og:image:height\" content=\"485\" \/>\n\t<meta property=\"og:image:type\" content=\"image\/jpeg\" \/>\n<meta name=\"author\" content=\"Rafael Cavalcanti\" \/>\n<meta name=\"twitter:card\" content=\"summary_large_image\" \/>\n<meta name=\"twitter:label1\" content=\"Escrito por\" \/>\n\t<meta name=\"twitter:data1\" content=\"Rafael Cavalcanti\" \/>\n\t<meta name=\"twitter:label2\" content=\"Est. tempo de leitura\" \/>\n\t<meta name=\"twitter:data2\" content=\"7 minutos\" \/>\n<script type=\"application\/ld+json\" class=\"yoast-schema-graph\">{\"@context\":\"https:\/\/schema.org\",\"@graph\":[{\"@type\":\"WebPage\",\"@id\":\"https:\/\/ravel.com.br\/blog\/dicas-para-quem-usa-2-monitores-no-windows-10\/\",\"url\":\"https:\/\/ravel.com.br\/blog\/dicas-para-quem-usa-2-monitores-no-windows-10\/\",\"name\":\"Dicas para 2 monitores no Windows 10 - Blog - Ravel Tecnologia\",\"isPartOf\":{\"@id\":\"https:\/\/ravel.com.br\/blog\/#website\"},\"primaryImageOfPage\":{\"@id\":\"https:\/\/ravel.com.br\/blog\/dicas-para-quem-usa-2-monitores-no-windows-10\/#primaryimage\"},\"image\":{\"@id\":\"https:\/\/ravel.com.br\/blog\/dicas-para-quem-usa-2-monitores-no-windows-10\/#primaryimage\"},\"thumbnailUrl\":\"https:\/\/ravel.com.br\/blog\/wp-content\/uploads\/2020\/06\/2-monitores.jpg\",\"datePublished\":\"2020-06-13T14:27:33+00:00\",\"dateModified\":\"2025-06-18T16:49:09+00:00\",\"author\":{\"@id\":\"https:\/\/ravel.com.br\/blog\/#\/schema\/person\/b7232fd8cbc733248be20397146351b5\"},\"description\":\"Usar 2 monitores traz uma s\u00e9rie de benef\u00edcios para melhorar a produtividade e organiza\u00e7\u00e3o. Veja algumas dicas\",\"breadcrumb\":{\"@id\":\"https:\/\/ravel.com.br\/blog\/dicas-para-quem-usa-2-monitores-no-windows-10\/#breadcrumb\"},\"inLanguage\":\"pt-BR\",\"potentialAction\":[{\"@type\":\"ReadAction\",\"target\":[\"https:\/\/ravel.com.br\/blog\/dicas-para-quem-usa-2-monitores-no-windows-10\/\"]}]},{\"@type\":\"ImageObject\",\"inLanguage\":\"pt-BR\",\"@id\":\"https:\/\/ravel.com.br\/blog\/dicas-para-quem-usa-2-monitores-no-windows-10\/#primaryimage\",\"url\":\"https:\/\/ravel.com.br\/blog\/wp-content\/uploads\/2020\/06\/2-monitores.jpg\",\"contentUrl\":\"https:\/\/ravel.com.br\/blog\/wp-content\/uploads\/2020\/06\/2-monitores.jpg\",\"width\":680,\"height\":485},{\"@type\":\"BreadcrumbList\",\"@id\":\"https:\/\/ravel.com.br\/blog\/dicas-para-quem-usa-2-monitores-no-windows-10\/#breadcrumb\",\"itemListElement\":[{\"@type\":\"ListItem\",\"position\":1,\"name\":\"In\u00edcio\",\"item\":\"https:\/\/ravel.com.br\/blog\/\"},{\"@type\":\"ListItem\",\"position\":2,\"name\":\"Dicas para quem usa 2 monitores no Windows 10\"}]},{\"@type\":\"WebSite\",\"@id\":\"https:\/\/ravel.com.br\/blog\/#website\",\"url\":\"https:\/\/ravel.com.br\/blog\/\",\"name\":\"Blog Tecnologia\",\"description\":\"Dicas e Artigos sobre Tecnologia\",\"potentialAction\":[{\"@type\":\"SearchAction\",\"target\":{\"@type\":\"EntryPoint\",\"urlTemplate\":\"https:\/\/ravel.com.br\/blog\/?s={search_term_string}\"},\"query-input\":{\"@type\":\"PropertyValueSpecification\",\"valueRequired\":true,\"valueName\":\"search_term_string\"}}],\"inLanguage\":\"pt-BR\"},{\"@type\":\"Person\",\"@id\":\"https:\/\/ravel.com.br\/blog\/#\/schema\/person\/b7232fd8cbc733248be20397146351b5\",\"name\":\"Rafael Cavalcanti\",\"image\":{\"@type\":\"ImageObject\",\"inLanguage\":\"pt-BR\",\"@id\":\"https:\/\/ravel.com.br\/blog\/#\/schema\/person\/image\/\",\"url\":\"https:\/\/secure.gravatar.com\/avatar\/105729ea3de7db06ea8b47d018bc8489?s=96&d=mm&r=g\",\"contentUrl\":\"https:\/\/secure.gravatar.com\/avatar\/105729ea3de7db06ea8b47d018bc8489?s=96&d=mm&r=g\",\"caption\":\"Rafael Cavalcanti\"},\"description\":\"T\u00e9cnico S\u00eanior, formado em Inform\u00e1tica para Neg\u00f3cios pela FATEC. Atua em projetos de melhoria cont\u00ednua para os clientes, proporcionando o pleno funcionamento da estrutura, al\u00e9m de ser especialista em servidores. \u00c9 entusiasta de tecnologia, hardware e games.\",\"sameAs\":[\"https:\/\/www.facebook.com\/rfacavalcanti\",\"www.linkedin.com\/in\/rafael-cavalcanti\"],\"url\":\"https:\/\/ravel.com.br\/blog\/author\/rafael-cavalcanti\/\"}]}<\/script>\n<!-- \/ Yoast SEO plugin. -->","yoast_head_json":{"title":"Dicas para 2 monitores no Windows 10 - Blog - Ravel Tecnologia","description":"Usar 2 monitores traz uma s\u00e9rie de benef\u00edcios para melhorar a produtividade e organiza\u00e7\u00e3o. Veja algumas dicas","robots":{"index":"index","follow":"follow","max-snippet":"max-snippet:-1","max-image-preview":"max-image-preview:large","max-video-preview":"max-video-preview:-1"},"canonical":"https:\/\/ravel.com.br\/blog\/dicas-para-quem-usa-2-monitores-no-windows-10\/","og_locale":"pt_BR","og_type":"article","og_title":"Dicas para 2 monitores no Windows 10 - Blog - Ravel Tecnologia","og_description":"Usar 2 monitores traz uma s\u00e9rie de benef\u00edcios para melhorar a produtividade e organiza\u00e7\u00e3o. Veja algumas dicas","og_url":"https:\/\/ravel.com.br\/blog\/dicas-para-quem-usa-2-monitores-no-windows-10\/","og_site_name":"Blog Tecnologia","article_author":"https:\/\/www.facebook.com\/rfacavalcanti","article_published_time":"2020-06-13T14:27:33+00:00","article_modified_time":"2025-06-18T16:49:09+00:00","og_image":[{"width":680,"height":485,"url":"https:\/\/ravel.com.br\/blog\/wp-content\/uploads\/2020\/06\/2-monitores.jpg","type":"image\/jpeg"}],"author":"Rafael Cavalcanti","twitter_card":"summary_large_image","twitter_misc":{"Escrito por":"Rafael Cavalcanti","Est. tempo de leitura":"7 minutos"},"schema":{"@context":"https:\/\/schema.org","@graph":[{"@type":"WebPage","@id":"https:\/\/ravel.com.br\/blog\/dicas-para-quem-usa-2-monitores-no-windows-10\/","url":"https:\/\/ravel.com.br\/blog\/dicas-para-quem-usa-2-monitores-no-windows-10\/","name":"Dicas para 2 monitores no Windows 10 - Blog - Ravel Tecnologia","isPartOf":{"@id":"https:\/\/ravel.com.br\/blog\/#website"},"primaryImageOfPage":{"@id":"https:\/\/ravel.com.br\/blog\/dicas-para-quem-usa-2-monitores-no-windows-10\/#primaryimage"},"image":{"@id":"https:\/\/ravel.com.br\/blog\/dicas-para-quem-usa-2-monitores-no-windows-10\/#primaryimage"},"thumbnailUrl":"https:\/\/ravel.com.br\/blog\/wp-content\/uploads\/2020\/06\/2-monitores.jpg","datePublished":"2020-06-13T14:27:33+00:00","dateModified":"2025-06-18T16:49:09+00:00","author":{"@id":"https:\/\/ravel.com.br\/blog\/#\/schema\/person\/b7232fd8cbc733248be20397146351b5"},"description":"Usar 2 monitores traz uma s\u00e9rie de benef\u00edcios para melhorar a produtividade e organiza\u00e7\u00e3o. Veja algumas dicas","breadcrumb":{"@id":"https:\/\/ravel.com.br\/blog\/dicas-para-quem-usa-2-monitores-no-windows-10\/#breadcrumb"},"inLanguage":"pt-BR","potentialAction":[{"@type":"ReadAction","target":["https:\/\/ravel.com.br\/blog\/dicas-para-quem-usa-2-monitores-no-windows-10\/"]}]},{"@type":"ImageObject","inLanguage":"pt-BR","@id":"https:\/\/ravel.com.br\/blog\/dicas-para-quem-usa-2-monitores-no-windows-10\/#primaryimage","url":"https:\/\/ravel.com.br\/blog\/wp-content\/uploads\/2020\/06\/2-monitores.jpg","contentUrl":"https:\/\/ravel.com.br\/blog\/wp-content\/uploads\/2020\/06\/2-monitores.jpg","width":680,"height":485},{"@type":"BreadcrumbList","@id":"https:\/\/ravel.com.br\/blog\/dicas-para-quem-usa-2-monitores-no-windows-10\/#breadcrumb","itemListElement":[{"@type":"ListItem","position":1,"name":"In\u00edcio","item":"https:\/\/ravel.com.br\/blog\/"},{"@type":"ListItem","position":2,"name":"Dicas para quem usa 2 monitores no Windows 10"}]},{"@type":"WebSite","@id":"https:\/\/ravel.com.br\/blog\/#website","url":"https:\/\/ravel.com.br\/blog\/","name":"Blog Tecnologia","description":"Dicas e Artigos sobre Tecnologia","potentialAction":[{"@type":"SearchAction","target":{"@type":"EntryPoint","urlTemplate":"https:\/\/ravel.com.br\/blog\/?s={search_term_string}"},"query-input":{"@type":"PropertyValueSpecification","valueRequired":true,"valueName":"search_term_string"}}],"inLanguage":"pt-BR"},{"@type":"Person","@id":"https:\/\/ravel.com.br\/blog\/#\/schema\/person\/b7232fd8cbc733248be20397146351b5","name":"Rafael Cavalcanti","image":{"@type":"ImageObject","inLanguage":"pt-BR","@id":"https:\/\/ravel.com.br\/blog\/#\/schema\/person\/image\/","url":"https:\/\/secure.gravatar.com\/avatar\/105729ea3de7db06ea8b47d018bc8489?s=96&d=mm&r=g","contentUrl":"https:\/\/secure.gravatar.com\/avatar\/105729ea3de7db06ea8b47d018bc8489?s=96&d=mm&r=g","caption":"Rafael Cavalcanti"},"description":"T\u00e9cnico S\u00eanior, formado em Inform\u00e1tica para Neg\u00f3cios pela FATEC. Atua em projetos de melhoria cont\u00ednua para os clientes, proporcionando o pleno funcionamento da estrutura, al\u00e9m de ser especialista em servidores. \u00c9 entusiasta de tecnologia, hardware e games.","sameAs":["https:\/\/www.facebook.com\/rfacavalcanti","www.linkedin.com\/in\/rafael-cavalcanti"],"url":"https:\/\/ravel.com.br\/blog\/author\/rafael-cavalcanti\/"}]}},"_links":{"self":[{"href":"https:\/\/ravel.com.br\/blog\/wp-json\/wp\/v2\/posts\/1593","targetHints":{"allow":["GET"]}}],"collection":[{"href":"https:\/\/ravel.com.br\/blog\/wp-json\/wp\/v2\/posts"}],"about":[{"href":"https:\/\/ravel.com.br\/blog\/wp-json\/wp\/v2\/types\/post"}],"author":[{"embeddable":true,"href":"https:\/\/ravel.com.br\/blog\/wp-json\/wp\/v2\/users\/8"}],"replies":[{"embeddable":true,"href":"https:\/\/ravel.com.br\/blog\/wp-json\/wp\/v2\/comments?post=1593"}],"version-history":[{"count":4,"href":"https:\/\/ravel.com.br\/blog\/wp-json\/wp\/v2\/posts\/1593\/revisions"}],"predecessor-version":[{"id":2402,"href":"https:\/\/ravel.com.br\/blog\/wp-json\/wp\/v2\/posts\/1593\/revisions\/2402"}],"wp:featuredmedia":[{"embeddable":true,"href":"https:\/\/ravel.com.br\/blog\/wp-json\/wp\/v2\/media\/1606"}],"wp:attachment":[{"href":"https:\/\/ravel.com.br\/blog\/wp-json\/wp\/v2\/media?parent=1593"}],"wp:term":[{"taxonomy":"category","embeddable":true,"href":"https:\/\/ravel.com.br\/blog\/wp-json\/wp\/v2\/categories?post=1593"},{"taxonomy":"post_tag","embeddable":true,"href":"https:\/\/ravel.com.br\/blog\/wp-json\/wp\/v2\/tags?post=1593"}],"curies":[{"name":"wp","href":"https:\/\/api.w.org\/{rel}","templated":true}]}}