{"id":1673,"date":"2020-07-21T09:51:08","date_gmt":"2020-07-21T12:51:08","guid":{"rendered":"https:\/\/ravel.com.br\/blog\/?p=1673"},"modified":"2021-01-19T16:49:32","modified_gmt":"2021-01-19T19:49:32","slug":"como-definir-papel-de-parede-no-windows-10","status":"publish","type":"post","link":"https:\/\/ravel.com.br\/blog\/como-definir-papel-de-parede-no-windows-10\/","title":{"rendered":"Como Definir papel de parede no Windows 10"},"content":{"rendered":"\n<ul class=\"wp-block-list\" type=\"1\"><li>Tenha salvo em uma pasta do seu computador a imagem na qual voc\u00ea quer definir como plano de Fundo.<\/li><li>Clique em um espa\u00e7o vazio da sua \u00e1rea de trabalho com o Bot\u00e3o direito do Mouse, e selecione a op\u00e7\u00e3o \u201cPersonalizar\u201d.<\/li><\/ul>\n\n\n\n<div class=\"wp-block-image\"><figure class=\"aligncenter size-large\"><img loading=\"lazy\" decoding=\"async\" width=\"264\" height=\"322\" src=\"https:\/\/ravel.com.br\/blog\/wp-content\/uploads\/2020\/07\/image-8.png\" alt=\"\" class=\"wp-image-1674\" srcset=\"https:\/\/ravel.com.br\/blog\/wp-content\/uploads\/2020\/07\/image-8.png 264w, https:\/\/ravel.com.br\/blog\/wp-content\/uploads\/2020\/07\/image-8-246x300.png 246w\" sizes=\"(max-width: 264px) 100vw, 264px\" \/><\/figure><\/div>\n\n\n\n<ul class=\"wp-block-list\"><li>Na pr\u00f3xima tela, selecione em \u201cTela de Fundo\u201d como voc\u00ea pretende definir o seu papel de parede, e clique em \u201cprocurar\u201d para navegar at\u00e9 a pasta onde se encontra seus Wallpapers favoritos.<\/li><\/ul>\n\n\n\n<div class=\"wp-block-image\"><figure class=\"aligncenter size-large\"><img loading=\"lazy\" decoding=\"async\" width=\"437\" height=\"267\" src=\"https:\/\/ravel.com.br\/blog\/wp-content\/uploads\/2020\/07\/image-9.png\" alt=\"Como Definir papel de parede no Windows 10\" class=\"wp-image-1675\" srcset=\"https:\/\/ravel.com.br\/blog\/wp-content\/uploads\/2020\/07\/image-9.png 437w, https:\/\/ravel.com.br\/blog\/wp-content\/uploads\/2020\/07\/image-9-300x183.png 300w\" sizes=\"(max-width: 437px) 100vw, 437px\" \/><\/figure><\/div>\n\n\n\n<ul class=\"wp-block-list\"><li>Primeira op\u00e7\u00e3o: \u201cImagem\u201d. Nesta op\u00e7\u00e3o voc\u00ea definira uma \u00fanica imagem para ser o plano de fundo do seu desktop, sendo assim um plano de fundo com uma imagem est\u00e1tica.<\/li><\/ul>\n\n\n\n<div class=\"wp-block-image\"><figure class=\"aligncenter size-large\"><img loading=\"lazy\" decoding=\"async\" width=\"234\" height=\"296\" src=\"https:\/\/ravel.com.br\/blog\/wp-content\/uploads\/2020\/07\/image-10.png\" alt=\"\" class=\"wp-image-1676\"\/><\/figure><\/div>\n\n\n\n<ul class=\"wp-block-list\"><li>Segunda op\u00e7\u00e3o: \u201cCor S\u00f3lida\u201d. Nesta op\u00e7\u00e3o, estar\u00e1 dispon\u00edvel diversas cores para voc\u00ea selecionar e deixar o fundo da sua tela com a cor que preferir.<\/li><\/ul>\n\n\n\n<div class=\"wp-block-image\"><figure class=\"aligncenter size-large\"><img loading=\"lazy\" decoding=\"async\" width=\"263\" height=\"206\" src=\"https:\/\/ravel.com.br\/blog\/wp-content\/uploads\/2020\/07\/image-11.png\" alt=\"\" class=\"wp-image-1677\"\/><\/figure><\/div>\n\n\n\n<ul class=\"wp-block-list\"><li>Terceira op\u00e7\u00e3o: \u201cApresenta\u00e7\u00e3o de Slides\u201d. Nesta op\u00e7\u00e3o, voc\u00ea poder\u00e1 criar um \u00e1lbum (pasta) com as suas fotos favoritas e defini-las como plano de fundo, ser\u00e1 um plano de fundo din\u00e2mico onde as imagens ser\u00e3o alteradas com o tempo e a ordem que voc\u00ea definir.&nbsp;<\/li><\/ul>\n\n\n\n<div class=\"wp-block-image\"><figure class=\"aligncenter size-large\"><img loading=\"lazy\" decoding=\"async\" width=\"274\" height=\"320\" src=\"https:\/\/ravel.com.br\/blog\/wp-content\/uploads\/2020\/07\/image-13.png\" alt=\"\" class=\"wp-image-1679\" srcset=\"https:\/\/ravel.com.br\/blog\/wp-content\/uploads\/2020\/07\/image-13.png 274w, https:\/\/ravel.com.br\/blog\/wp-content\/uploads\/2020\/07\/image-13-257x300.png 257w\" sizes=\"(max-width: 274px) 100vw, 274px\" \/><\/figure><\/div>\n\n\n\n<ul class=\"wp-block-list\"><li>Pronto, escolha como pretende ajustar o seu papel de parede.<\/li><\/ul>\n\n\n\n<div class=\"wp-block-image\"><figure class=\"aligncenter size-large\"><img loading=\"lazy\" decoding=\"async\" width=\"331\" height=\"275\" src=\"https:\/\/ravel.com.br\/blog\/wp-content\/uploads\/2020\/07\/image-14.png\" alt=\"\" class=\"wp-image-1680\" srcset=\"https:\/\/ravel.com.br\/blog\/wp-content\/uploads\/2020\/07\/image-14.png 331w, https:\/\/ravel.com.br\/blog\/wp-content\/uploads\/2020\/07\/image-14-300x249.png 300w\" sizes=\"(max-width: 331px) 100vw, 331px\" \/><\/figure><\/div>\n\n\n\n<p>Pronto! Voc\u00ea viu como definir papel de parede no Windows 10. Agora curta o novo visual da sua tela.<\/p>\n\n\n\n<p>O Papel de Parede da Ravel est\u00e1 dispon\u00edvel para Download neste Link: <em><strong><a aria-label=\"undefined (opens in a new tab)\" rel=\"noreferrer noopener\" href=\"https:\/\/ravel.com.br\/downloads\/Papel_de_Parede_Ravel.jpg\" target=\"_blank\">Papel de Parede Ravel<\/a><\/strong><\/em><br><br>Ahhh! E aqui vai uma dica.<br><br>Um plano de fundo com o tema mais escuro far\u00e1 bem para a sua sa\u00fade e tamb\u00e9m para o seu bolso.<br><br>Voc\u00ea otimiza as l\u00e2mpadas do seu monitor a economizarem no consumo de energia e tamb\u00e9m mant\u00e9m uma vista mais saud\u00e1vel.<\/p>\n\n\n\n<figure class=\"wp-block-image size-full\"><a href=\"https:\/\/ravel.com.br\/servidor-em-nuvem\" target=\"_blank\" rel=\"noopener noreferrer\"><img loading=\"lazy\" decoding=\"async\" width=\"858\" height=\"112\" src=\"https:\/\/ravel.com.br\/blog\/wp-content\/uploads\/2023\/07\/banner-blog-nuvem-1.png\" alt=\"\" class=\"wp-image-4956\" srcset=\"https:\/\/ravel.com.br\/blog\/wp-content\/uploads\/2023\/07\/banner-blog-nuvem-1.png 858w, https:\/\/ravel.com.br\/blog\/wp-content\/uploads\/2023\/07\/banner-blog-nuvem-1-300x39.png 300w, https:\/\/ravel.com.br\/blog\/wp-content\/uploads\/2023\/07\/banner-blog-nuvem-1-768x100.png 768w, https:\/\/ravel.com.br\/blog\/wp-content\/uploads\/2023\/07\/banner-blog-nuvem-1-610x80.png 610w\" sizes=\"(max-width: 858px) 100vw, 858px\" \/><\/a><\/figure>\n","protected":false},"excerpt":{"rendered":"<p>Veja o passo a passo de como definir papel de parede no Windows 10<\/p>\n","protected":false},"author":23,"featured_media":1696,"comment_status":"open","ping_status":"open","sticky":false,"template":"","format":"standard","meta":{"_et_pb_use_builder":"off","_et_pb_old_content":"","_et_gb_content_width":"","footnotes":""},"categories":[60,88],"tags":[],"class_list":["post-1673","post","type-post","status-publish","format-standard","has-post-thumbnail","hentry","category-dicas","category-windows","et-has-post-format-content","et_post_format-et-post-format-standard"],"yoast_head":"<!-- This site is optimized with the Yoast SEO plugin v24.1 - https:\/\/yoast.com\/wordpress\/plugins\/seo\/ -->\n<title>Como Definir papel de parede no Windows 10 - Blog Tecnologia<\/title>\n<meta name=\"description\" content=\"Veja o passo a passo de como definir papel de parede no Windows 10\" \/>\n<meta name=\"robots\" content=\"index, follow, max-snippet:-1, max-image-preview:large, max-video-preview:-1\" \/>\n<link rel=\"canonical\" href=\"https:\/\/ravel.com.br\/blog\/como-definir-papel-de-parede-no-windows-10\/\" \/>\n<meta property=\"og:locale\" content=\"pt_BR\" \/>\n<meta property=\"og:type\" content=\"article\" \/>\n<meta property=\"og:title\" content=\"Como Definir papel de parede no Windows 10 - Blog Tecnologia\" \/>\n<meta property=\"og:description\" content=\"Veja o passo a passo de como definir papel de parede no Windows 10\" \/>\n<meta property=\"og:url\" content=\"https:\/\/ravel.com.br\/blog\/como-definir-papel-de-parede-no-windows-10\/\" \/>\n<meta property=\"og:site_name\" content=\"Blog Tecnologia\" \/>\n<meta property=\"article:published_time\" content=\"2020-07-21T12:51:08+00:00\" \/>\n<meta property=\"article:modified_time\" content=\"2021-01-19T19:49:32+00:00\" \/>\n<meta property=\"og:image\" content=\"https:\/\/ravel.com.br\/blog\/wp-content\/uploads\/2020\/07\/papel-de-parede-windows-10.jpg\" \/>\n\t<meta property=\"og:image:width\" content=\"275\" \/>\n\t<meta property=\"og:image:height\" content=\"183\" \/>\n\t<meta property=\"og:image:type\" content=\"image\/jpeg\" \/>\n<meta name=\"author\" content=\"Vinicius Santana Garcia\" \/>\n<meta name=\"twitter:card\" content=\"summary_large_image\" \/>\n<meta name=\"twitter:label1\" content=\"Escrito por\" \/>\n\t<meta name=\"twitter:data1\" content=\"Vinicius Santana Garcia\" \/>\n\t<meta name=\"twitter:label2\" content=\"Est. tempo de leitura\" \/>\n\t<meta name=\"twitter:data2\" content=\"1 minuto\" \/>\n<script type=\"application\/ld+json\" class=\"yoast-schema-graph\">{\"@context\":\"https:\/\/schema.org\",\"@graph\":[{\"@type\":\"WebPage\",\"@id\":\"https:\/\/ravel.com.br\/blog\/como-definir-papel-de-parede-no-windows-10\/\",\"url\":\"https:\/\/ravel.com.br\/blog\/como-definir-papel-de-parede-no-windows-10\/\",\"name\":\"Como Definir papel de parede no Windows 10 - Blog Tecnologia\",\"isPartOf\":{\"@id\":\"https:\/\/ravel.com.br\/blog\/#website\"},\"primaryImageOfPage\":{\"@id\":\"https:\/\/ravel.com.br\/blog\/como-definir-papel-de-parede-no-windows-10\/#primaryimage\"},\"image\":{\"@id\":\"https:\/\/ravel.com.br\/blog\/como-definir-papel-de-parede-no-windows-10\/#primaryimage\"},\"thumbnailUrl\":\"https:\/\/ravel.com.br\/blog\/wp-content\/uploads\/2020\/07\/papel-de-parede-windows-10.jpg\",\"datePublished\":\"2020-07-21T12:51:08+00:00\",\"dateModified\":\"2021-01-19T19:49:32+00:00\",\"author\":{\"@id\":\"https:\/\/ravel.com.br\/blog\/#\/schema\/person\/5962d9d056294f37fd6f0d88c407b80f\"},\"description\":\"Veja o passo a passo de como definir papel de parede no Windows 10\",\"breadcrumb\":{\"@id\":\"https:\/\/ravel.com.br\/blog\/como-definir-papel-de-parede-no-windows-10\/#breadcrumb\"},\"inLanguage\":\"pt-BR\",\"potentialAction\":[{\"@type\":\"ReadAction\",\"target\":[\"https:\/\/ravel.com.br\/blog\/como-definir-papel-de-parede-no-windows-10\/\"]}]},{\"@type\":\"ImageObject\",\"inLanguage\":\"pt-BR\",\"@id\":\"https:\/\/ravel.com.br\/blog\/como-definir-papel-de-parede-no-windows-10\/#primaryimage\",\"url\":\"https:\/\/ravel.com.br\/blog\/wp-content\/uploads\/2020\/07\/papel-de-parede-windows-10.jpg\",\"contentUrl\":\"https:\/\/ravel.com.br\/blog\/wp-content\/uploads\/2020\/07\/papel-de-parede-windows-10.jpg\",\"width\":275,\"height\":183},{\"@type\":\"BreadcrumbList\",\"@id\":\"https:\/\/ravel.com.br\/blog\/como-definir-papel-de-parede-no-windows-10\/#breadcrumb\",\"itemListElement\":[{\"@type\":\"ListItem\",\"position\":1,\"name\":\"In\u00edcio\",\"item\":\"https:\/\/ravel.com.br\/blog\/\"},{\"@type\":\"ListItem\",\"position\":2,\"name\":\"Como Definir papel de parede no Windows 10\"}]},{\"@type\":\"WebSite\",\"@id\":\"https:\/\/ravel.com.br\/blog\/#website\",\"url\":\"https:\/\/ravel.com.br\/blog\/\",\"name\":\"Blog Tecnologia\",\"description\":\"Dicas e Artigos sobre Tecnologia\",\"potentialAction\":[{\"@type\":\"SearchAction\",\"target\":{\"@type\":\"EntryPoint\",\"urlTemplate\":\"https:\/\/ravel.com.br\/blog\/?s={search_term_string}\"},\"query-input\":{\"@type\":\"PropertyValueSpecification\",\"valueRequired\":true,\"valueName\":\"search_term_string\"}}],\"inLanguage\":\"pt-BR\"},{\"@type\":\"Person\",\"@id\":\"https:\/\/ravel.com.br\/blog\/#\/schema\/person\/5962d9d056294f37fd6f0d88c407b80f\",\"name\":\"Vinicius Santana Garcia\",\"image\":{\"@type\":\"ImageObject\",\"inLanguage\":\"pt-BR\",\"@id\":\"https:\/\/ravel.com.br\/blog\/#\/schema\/person\/image\/\",\"url\":\"https:\/\/secure.gravatar.com\/avatar\/678c5da741dc52a4174954794df7ad31?s=96&d=mm&r=g\",\"contentUrl\":\"https:\/\/secure.gravatar.com\/avatar\/678c5da741dc52a4174954794df7ad31?s=96&d=mm&r=g\",\"caption\":\"Vinicius Santana Garcia\"},\"description\":\"T\u00e9cnico Pleno, com forma\u00e7\u00e3o em Gest\u00e3o em Tecnologia da Informa\u00e7\u00e3o. Atua no time de suporte ao cliente e auxilia em projetos de infraestrutura. Ama jogar v\u00eddeo game e um happy hour com os amigos.\",\"url\":\"https:\/\/ravel.com.br\/blog\/author\/vinicius-santana-garcia\/\"}]}<\/script>\n<!-- \/ Yoast SEO plugin. -->","yoast_head_json":{"title":"Como Definir papel de parede no Windows 10 - Blog Tecnologia","description":"Veja o passo a passo de como definir papel de parede no Windows 10","robots":{"index":"index","follow":"follow","max-snippet":"max-snippet:-1","max-image-preview":"max-image-preview:large","max-video-preview":"max-video-preview:-1"},"canonical":"https:\/\/ravel.com.br\/blog\/como-definir-papel-de-parede-no-windows-10\/","og_locale":"pt_BR","og_type":"article","og_title":"Como Definir papel de parede no Windows 10 - Blog Tecnologia","og_description":"Veja o passo a passo de como definir papel de parede no Windows 10","og_url":"https:\/\/ravel.com.br\/blog\/como-definir-papel-de-parede-no-windows-10\/","og_site_name":"Blog Tecnologia","article_published_time":"2020-07-21T12:51:08+00:00","article_modified_time":"2021-01-19T19:49:32+00:00","og_image":[{"width":275,"height":183,"url":"https:\/\/ravel.com.br\/blog\/wp-content\/uploads\/2020\/07\/papel-de-parede-windows-10.jpg","type":"image\/jpeg"}],"author":"Vinicius Santana Garcia","twitter_card":"summary_large_image","twitter_misc":{"Escrito por":"Vinicius Santana Garcia","Est. tempo de leitura":"1 minuto"},"schema":{"@context":"https:\/\/schema.org","@graph":[{"@type":"WebPage","@id":"https:\/\/ravel.com.br\/blog\/como-definir-papel-de-parede-no-windows-10\/","url":"https:\/\/ravel.com.br\/blog\/como-definir-papel-de-parede-no-windows-10\/","name":"Como Definir papel de parede no Windows 10 - Blog Tecnologia","isPartOf":{"@id":"https:\/\/ravel.com.br\/blog\/#website"},"primaryImageOfPage":{"@id":"https:\/\/ravel.com.br\/blog\/como-definir-papel-de-parede-no-windows-10\/#primaryimage"},"image":{"@id":"https:\/\/ravel.com.br\/blog\/como-definir-papel-de-parede-no-windows-10\/#primaryimage"},"thumbnailUrl":"https:\/\/ravel.com.br\/blog\/wp-content\/uploads\/2020\/07\/papel-de-parede-windows-10.jpg","datePublished":"2020-07-21T12:51:08+00:00","dateModified":"2021-01-19T19:49:32+00:00","author":{"@id":"https:\/\/ravel.com.br\/blog\/#\/schema\/person\/5962d9d056294f37fd6f0d88c407b80f"},"description":"Veja o passo a passo de como definir papel de parede no Windows 10","breadcrumb":{"@id":"https:\/\/ravel.com.br\/blog\/como-definir-papel-de-parede-no-windows-10\/#breadcrumb"},"inLanguage":"pt-BR","potentialAction":[{"@type":"ReadAction","target":["https:\/\/ravel.com.br\/blog\/como-definir-papel-de-parede-no-windows-10\/"]}]},{"@type":"ImageObject","inLanguage":"pt-BR","@id":"https:\/\/ravel.com.br\/blog\/como-definir-papel-de-parede-no-windows-10\/#primaryimage","url":"https:\/\/ravel.com.br\/blog\/wp-content\/uploads\/2020\/07\/papel-de-parede-windows-10.jpg","contentUrl":"https:\/\/ravel.com.br\/blog\/wp-content\/uploads\/2020\/07\/papel-de-parede-windows-10.jpg","width":275,"height":183},{"@type":"BreadcrumbList","@id":"https:\/\/ravel.com.br\/blog\/como-definir-papel-de-parede-no-windows-10\/#breadcrumb","itemListElement":[{"@type":"ListItem","position":1,"name":"In\u00edcio","item":"https:\/\/ravel.com.br\/blog\/"},{"@type":"ListItem","position":2,"name":"Como Definir papel de parede no Windows 10"}]},{"@type":"WebSite","@id":"https:\/\/ravel.com.br\/blog\/#website","url":"https:\/\/ravel.com.br\/blog\/","name":"Blog Tecnologia","description":"Dicas e Artigos sobre Tecnologia","potentialAction":[{"@type":"SearchAction","target":{"@type":"EntryPoint","urlTemplate":"https:\/\/ravel.com.br\/blog\/?s={search_term_string}"},"query-input":{"@type":"PropertyValueSpecification","valueRequired":true,"valueName":"search_term_string"}}],"inLanguage":"pt-BR"},{"@type":"Person","@id":"https:\/\/ravel.com.br\/blog\/#\/schema\/person\/5962d9d056294f37fd6f0d88c407b80f","name":"Vinicius Santana Garcia","image":{"@type":"ImageObject","inLanguage":"pt-BR","@id":"https:\/\/ravel.com.br\/blog\/#\/schema\/person\/image\/","url":"https:\/\/secure.gravatar.com\/avatar\/678c5da741dc52a4174954794df7ad31?s=96&d=mm&r=g","contentUrl":"https:\/\/secure.gravatar.com\/avatar\/678c5da741dc52a4174954794df7ad31?s=96&d=mm&r=g","caption":"Vinicius Santana Garcia"},"description":"T\u00e9cnico Pleno, com forma\u00e7\u00e3o em Gest\u00e3o em Tecnologia da Informa\u00e7\u00e3o. Atua no time de suporte ao cliente e auxilia em projetos de infraestrutura. Ama jogar v\u00eddeo game e um happy hour com os amigos.","url":"https:\/\/ravel.com.br\/blog\/author\/vinicius-santana-garcia\/"}]}},"_links":{"self":[{"href":"https:\/\/ravel.com.br\/blog\/wp-json\/wp\/v2\/posts\/1673","targetHints":{"allow":["GET"]}}],"collection":[{"href":"https:\/\/ravel.com.br\/blog\/wp-json\/wp\/v2\/posts"}],"about":[{"href":"https:\/\/ravel.com.br\/blog\/wp-json\/wp\/v2\/types\/post"}],"author":[{"embeddable":true,"href":"https:\/\/ravel.com.br\/blog\/wp-json\/wp\/v2\/users\/23"}],"replies":[{"embeddable":true,"href":"https:\/\/ravel.com.br\/blog\/wp-json\/wp\/v2\/comments?post=1673"}],"version-history":[{"count":6,"href":"https:\/\/ravel.com.br\/blog\/wp-json\/wp\/v2\/posts\/1673\/revisions"}],"predecessor-version":[{"id":2405,"href":"https:\/\/ravel.com.br\/blog\/wp-json\/wp\/v2\/posts\/1673\/revisions\/2405"}],"wp:featuredmedia":[{"embeddable":true,"href":"https:\/\/ravel.com.br\/blog\/wp-json\/wp\/v2\/media\/1696"}],"wp:attachment":[{"href":"https:\/\/ravel.com.br\/blog\/wp-json\/wp\/v2\/media?parent=1673"}],"wp:term":[{"taxonomy":"category","embeddable":true,"href":"https:\/\/ravel.com.br\/blog\/wp-json\/wp\/v2\/categories?post=1673"},{"taxonomy":"post_tag","embeddable":true,"href":"https:\/\/ravel.com.br\/blog\/wp-json\/wp\/v2\/tags?post=1673"}],"curies":[{"name":"wp","href":"https:\/\/api.w.org\/{rel}","templated":true}]}}