{"id":1725,"date":"2020-08-08T16:54:40","date_gmt":"2020-08-08T19:54:40","guid":{"rendered":"https:\/\/ravel.com.br\/blog\/?p=1725"},"modified":"2025-05-09T15:34:19","modified_gmt":"2025-05-09T18:34:19","slug":"como-dividir-a-tela-no-windows-10","status":"publish","type":"post","link":"https:\/\/ravel.com.br\/blog\/como-dividir-a-tela-no-windows-10\/","title":{"rendered":"Como Dividir a Tela do PC Windows 10"},"content":{"rendered":"\n<p>Voc\u00ea j\u00e1 se deparou em uma situa\u00e7\u00e3o onde precisa dividir a tela do PC Windows 10, mas n\u00e3o possu\u00ed dois monitores ou simplesmente minimiza uma janela para visualizar a outra?<\/p>\n\n\n\n<p>Venho por meio desta dica te mostrar uma solu\u00e7\u00e3o que pode ser usada com frequ\u00eancia.<\/p>\n\n\n\n<p>Com as duas janelas abertas, sejam dos arquivos ou qualquer outra janela que precisa visualizar simultaneamente, voc\u00ea consegue separ\u00e1-las utilizando as teclas Windows + Seta esquerda\/direita com a janela a qual deseja mover de acordo com o lado selecionado.<\/p>\n\n\n\n<p>Segue o exemplo na pr\u00e1tica de como utilizar esta fun\u00e7\u00e3o:<\/p>\n\n\n\n<ul class=\"wp-block-list\">\n<li>Neste momento estou com o site da Ravel aberto e uma planilha do Excel.<\/li>\n<\/ul>\n\n\n\n<figure class=\"wp-block-image aligncenter size-large\"><img loading=\"lazy\" decoding=\"async\" width=\"567\" height=\"319\" src=\"https:\/\/ravel.com.br\/blog\/wp-content\/uploads\/2020\/08\/image-2.png\" alt=\"\" class=\"wp-image-1727\" srcset=\"https:\/\/ravel.com.br\/blog\/wp-content\/uploads\/2020\/08\/image-2.png 567w, https:\/\/ravel.com.br\/blog\/wp-content\/uploads\/2020\/08\/image-2-300x169.png 300w\" sizes=\"(max-width: 567px) 100vw, 567px\" \/><\/figure>\n\n\n\n<ul class=\"wp-block-list\">\n<li>Ao selecionar um deles e apertar as teclas Windows + Seta Esquerda a janela foi dimensionada ao lado esquerdo da tela. (Neste exemplo realizei esta a\u00e7\u00e3o no site da Ravel).<\/li>\n<\/ul>\n\n\n\n<figure class=\"wp-block-image aligncenter size-large\"><img loading=\"lazy\" decoding=\"async\" width=\"567\" height=\"319\" src=\"https:\/\/ravel.com.br\/blog\/wp-content\/uploads\/2020\/08\/image-4.png\" alt=\"Como Dividir a Tela do pc Windows 10\" class=\"wp-image-1729\" srcset=\"https:\/\/ravel.com.br\/blog\/wp-content\/uploads\/2020\/08\/image-4.png 567w, https:\/\/ravel.com.br\/blog\/wp-content\/uploads\/2020\/08\/image-4-300x169.png 300w\" sizes=\"(max-width: 567px) 100vw, 567px\" \/><\/figure>\n\n\n\n<ul class=\"wp-block-list\">\n<li>No outro documento basta apenas apertar a tecla Windows + Seta Direita e o mesmo ir\u00e1 ficar dividido em seu monitor!<\/li>\n<\/ul>\n\n\n\n<figure class=\"wp-block-image aligncenter size-large\"><img loading=\"lazy\" decoding=\"async\" width=\"567\" height=\"319\" src=\"https:\/\/ravel.com.br\/blog\/wp-content\/uploads\/2020\/08\/image-6.png\" alt=\"Tela dividida - PC Windows 10\" class=\"wp-image-1731\" srcset=\"https:\/\/ravel.com.br\/blog\/wp-content\/uploads\/2020\/08\/image-6.png 567w, https:\/\/ravel.com.br\/blog\/wp-content\/uploads\/2020\/08\/image-6-300x169.png 300w\" sizes=\"(max-width: 567px) 100vw, 567px\" \/><figcaption class=\"wp-element-caption\">ela <\/figcaption><\/figure>\n\n\n\n<ul class=\"wp-block-list\">\n<li>Observa\u00e7\u00e3o: No <a href=\"https:\/\/www.microsoft.com\/pt-br\/windows\/get-windows-10\" target=\"_blank\" rel=\"noreferrer noopener\">Windows 10<\/a> caso voc\u00ea esteja com v\u00e1rias janelas abertas \u00e9 poss\u00edvel selecionar a janela a qual voc\u00ea quer dividir no momento em que s\u00e3o pressionadas as teclas:<\/li>\n<\/ul>\n\n\n\n<figure class=\"wp-block-image aligncenter size-large\"><img loading=\"lazy\" decoding=\"async\" width=\"567\" height=\"319\" src=\"https:\/\/ravel.com.br\/blog\/wp-content\/uploads\/2020\/08\/image-8.png\" alt=\"\" class=\"wp-image-1733\" srcset=\"https:\/\/ravel.com.br\/blog\/wp-content\/uploads\/2020\/08\/image-8.png 567w, https:\/\/ravel.com.br\/blog\/wp-content\/uploads\/2020\/08\/image-8-300x169.png 300w\" sizes=\"(max-width: 567px) 100vw, 567px\" \/><\/figure>\n\n\n\n<figure class=\"wp-block-image aligncenter size-large\"><img loading=\"lazy\" decoding=\"async\" width=\"567\" height=\"319\" src=\"https:\/\/ravel.com.br\/blog\/wp-content\/uploads\/2020\/08\/image-10.png\" alt=\"dividir a tela do pc Windows 10\" class=\"wp-image-1735\" srcset=\"https:\/\/ravel.com.br\/blog\/wp-content\/uploads\/2020\/08\/image-10.png 567w, https:\/\/ravel.com.br\/blog\/wp-content\/uploads\/2020\/08\/image-10-300x169.png 300w\" sizes=\"(max-width: 567px) 100vw, 567px\" \/><\/figure>\n\n\n\n<p>Pronto! Voc\u00ea viu como dividir a tela do PC Windows 10.<\/p>\n\n\n\n<p>Para mais dicas de produtividade, acesse: <a href=\"https:\/\/ravel.com.br\/blog\/category\/dicas\/produtividade\/\">Arquivos Produtividade &#8211; Blog Tecnologia &#8211; Ravel Tecnologia<\/a><\/p>\n\n\n\n<figure class=\"wp-block-image size-large\"><a href=\"https:\/\/ravel.com.br\/seguranca-da-informacao\" target=\"_blank\" rel=\"noopener noreferrer\"><img loading=\"lazy\" decoding=\"async\" width=\"1024\" height=\"133\" src=\"https:\/\/ravel.com.br\/blog\/wp-content\/uploads\/2021\/01\/CTA7-2-1024x133.png\" alt=\"\" class=\"wp-image-2313\" srcset=\"https:\/\/ravel.com.br\/blog\/wp-content\/uploads\/2021\/01\/CTA7-2-1024x133.png 1024w, https:\/\/ravel.com.br\/blog\/wp-content\/uploads\/2021\/01\/CTA7-2-300x39.png 300w, https:\/\/ravel.com.br\/blog\/wp-content\/uploads\/2021\/01\/CTA7-2-768x100.png 768w, https:\/\/ravel.com.br\/blog\/wp-content\/uploads\/2021\/01\/CTA7-2-1536x199.png 1536w, https:\/\/ravel.com.br\/blog\/wp-content\/uploads\/2021\/01\/CTA7-2-2048x266.png 2048w, https:\/\/ravel.com.br\/blog\/wp-content\/uploads\/2021\/01\/CTA7-2-610x79.png 610w, https:\/\/ravel.com.br\/blog\/wp-content\/uploads\/2021\/01\/CTA7-2-1080x140.png 1080w\" sizes=\"(max-width: 1024px) 100vw, 1024px\" \/><\/a><\/figure>\n","protected":false},"excerpt":{"rendered":"<p>Voc\u00ea j\u00e1 se deparou em uma situa\u00e7\u00e3o onde precisa dividir a tela no Windows 10, mas n\u00e3o possu\u00ed dois monitores? Veja essa dica para melhorar sua produtividade<\/p>\n","protected":false},"author":22,"featured_media":1738,"comment_status":"open","ping_status":"open","sticky":false,"template":"","format":"standard","meta":{"_et_pb_use_builder":"","_et_pb_old_content":"","_et_gb_content_width":"","footnotes":""},"categories":[60,82,88],"tags":[],"class_list":["post-1725","post","type-post","status-publish","format-standard","has-post-thumbnail","hentry","category-dicas","category-produtividade","category-windows","et-has-post-format-content","et_post_format-et-post-format-standard"],"yoast_head":"<!-- This site is optimized with the Yoast SEO plugin v24.1 - https:\/\/yoast.com\/wordpress\/plugins\/seo\/ -->\n<title>Como Dividir a Tela do PC Windows 10 - Blog - Ravel Tecnologia<\/title>\n<meta name=\"description\" content=\"Voc\u00ea j\u00e1 se deparou em uma situa\u00e7\u00e3o onde precisa dividir a tela do PC Windows 10, mas n\u00e3o possu\u00ed 2 monitores? Veja essa dica de produtividade\" \/>\n<meta name=\"robots\" content=\"index, follow, max-snippet:-1, max-image-preview:large, max-video-preview:-1\" \/>\n<link rel=\"canonical\" href=\"https:\/\/ravel.com.br\/blog\/como-dividir-a-tela-no-windows-10\/\" \/>\n<meta property=\"og:locale\" content=\"pt_BR\" \/>\n<meta property=\"og:type\" content=\"article\" \/>\n<meta property=\"og:title\" content=\"Como Dividir a Tela do PC Windows 10 - Blog - Ravel Tecnologia\" \/>\n<meta property=\"og:description\" content=\"Voc\u00ea j\u00e1 se deparou em uma situa\u00e7\u00e3o onde precisa dividir a tela do PC Windows 10, mas n\u00e3o possu\u00ed 2 monitores? Veja essa dica de produtividade\" \/>\n<meta property=\"og:url\" content=\"https:\/\/ravel.com.br\/blog\/como-dividir-a-tela-no-windows-10\/\" \/>\n<meta property=\"og:site_name\" content=\"Blog Tecnologia\" \/>\n<meta property=\"article:published_time\" content=\"2020-08-08T19:54:40+00:00\" \/>\n<meta property=\"article:modified_time\" content=\"2025-05-09T18:34:19+00:00\" \/>\n<meta property=\"og:image\" content=\"https:\/\/ravel.com.br\/blog\/wp-content\/uploads\/2020\/08\/dividir-tela-windows-10.jpg\" \/>\n\t<meta property=\"og:image:width\" content=\"670\" \/>\n\t<meta property=\"og:image:height\" content=\"378\" \/>\n\t<meta property=\"og:image:type\" content=\"image\/jpeg\" \/>\n<meta name=\"author\" content=\"Wesley Souza\" \/>\n<meta name=\"twitter:card\" content=\"summary_large_image\" \/>\n<meta name=\"twitter:label1\" content=\"Escrito por\" \/>\n\t<meta name=\"twitter:data1\" content=\"Wesley Souza\" \/>\n\t<meta name=\"twitter:label2\" content=\"Est. tempo de leitura\" \/>\n\t<meta name=\"twitter:data2\" content=\"3 minutos\" \/>\n<script type=\"application\/ld+json\" class=\"yoast-schema-graph\">{\"@context\":\"https:\/\/schema.org\",\"@graph\":[{\"@type\":\"WebPage\",\"@id\":\"https:\/\/ravel.com.br\/blog\/como-dividir-a-tela-no-windows-10\/\",\"url\":\"https:\/\/ravel.com.br\/blog\/como-dividir-a-tela-no-windows-10\/\",\"name\":\"Como Dividir a Tela do PC Windows 10 - Blog - Ravel Tecnologia\",\"isPartOf\":{\"@id\":\"https:\/\/ravel.com.br\/blog\/#website\"},\"primaryImageOfPage\":{\"@id\":\"https:\/\/ravel.com.br\/blog\/como-dividir-a-tela-no-windows-10\/#primaryimage\"},\"image\":{\"@id\":\"https:\/\/ravel.com.br\/blog\/como-dividir-a-tela-no-windows-10\/#primaryimage\"},\"thumbnailUrl\":\"https:\/\/ravel.com.br\/blog\/wp-content\/uploads\/2020\/08\/dividir-tela-windows-10.jpg\",\"datePublished\":\"2020-08-08T19:54:40+00:00\",\"dateModified\":\"2025-05-09T18:34:19+00:00\",\"author\":{\"@id\":\"https:\/\/ravel.com.br\/blog\/#\/schema\/person\/89d650b7061cb691443cd96edf4a01ef\"},\"description\":\"Voc\u00ea j\u00e1 se deparou em uma situa\u00e7\u00e3o onde precisa dividir a tela do PC Windows 10, mas n\u00e3o possu\u00ed 2 monitores? Veja essa dica de produtividade\",\"breadcrumb\":{\"@id\":\"https:\/\/ravel.com.br\/blog\/como-dividir-a-tela-no-windows-10\/#breadcrumb\"},\"inLanguage\":\"pt-BR\",\"potentialAction\":[{\"@type\":\"ReadAction\",\"target\":[\"https:\/\/ravel.com.br\/blog\/como-dividir-a-tela-no-windows-10\/\"]}]},{\"@type\":\"ImageObject\",\"inLanguage\":\"pt-BR\",\"@id\":\"https:\/\/ravel.com.br\/blog\/como-dividir-a-tela-no-windows-10\/#primaryimage\",\"url\":\"https:\/\/ravel.com.br\/blog\/wp-content\/uploads\/2020\/08\/dividir-tela-windows-10.jpg\",\"contentUrl\":\"https:\/\/ravel.com.br\/blog\/wp-content\/uploads\/2020\/08\/dividir-tela-windows-10.jpg\",\"width\":670,\"height\":378},{\"@type\":\"BreadcrumbList\",\"@id\":\"https:\/\/ravel.com.br\/blog\/como-dividir-a-tela-no-windows-10\/#breadcrumb\",\"itemListElement\":[{\"@type\":\"ListItem\",\"position\":1,\"name\":\"In\u00edcio\",\"item\":\"https:\/\/ravel.com.br\/blog\/\"},{\"@type\":\"ListItem\",\"position\":2,\"name\":\"Como Dividir a Tela do PC Windows 10\"}]},{\"@type\":\"WebSite\",\"@id\":\"https:\/\/ravel.com.br\/blog\/#website\",\"url\":\"https:\/\/ravel.com.br\/blog\/\",\"name\":\"Blog Tecnologia\",\"description\":\"Dicas e Artigos sobre Tecnologia\",\"potentialAction\":[{\"@type\":\"SearchAction\",\"target\":{\"@type\":\"EntryPoint\",\"urlTemplate\":\"https:\/\/ravel.com.br\/blog\/?s={search_term_string}\"},\"query-input\":{\"@type\":\"PropertyValueSpecification\",\"valueRequired\":true,\"valueName\":\"search_term_string\"}}],\"inLanguage\":\"pt-BR\"},{\"@type\":\"Person\",\"@id\":\"https:\/\/ravel.com.br\/blog\/#\/schema\/person\/89d650b7061cb691443cd96edf4a01ef\",\"name\":\"Wesley Souza\",\"image\":{\"@type\":\"ImageObject\",\"inLanguage\":\"pt-BR\",\"@id\":\"https:\/\/ravel.com.br\/blog\/#\/schema\/person\/image\/\",\"url\":\"https:\/\/secure.gravatar.com\/avatar\/4996aad34485a1f2999246bcb2b3a4c7?s=96&d=mm&r=g\",\"contentUrl\":\"https:\/\/secure.gravatar.com\/avatar\/4996aad34485a1f2999246bcb2b3a4c7?s=96&d=mm&r=g\",\"caption\":\"Wesley Souza\"},\"description\":\"Formado em Sistemas de Informa\u00e7\u00e3o. Atua como t\u00e9cnico, sempre em busca do desenvolvimento profissional e melhor atendimento aos clientes.\",\"url\":\"https:\/\/ravel.com.br\/blog\/author\/wesley-santos\/\"}]}<\/script>\n<!-- \/ Yoast SEO plugin. -->","yoast_head_json":{"title":"Como Dividir a Tela do PC Windows 10 - Blog - Ravel Tecnologia","description":"Voc\u00ea j\u00e1 se deparou em uma situa\u00e7\u00e3o onde precisa dividir a tela do PC Windows 10, mas n\u00e3o possu\u00ed 2 monitores? Veja essa dica de produtividade","robots":{"index":"index","follow":"follow","max-snippet":"max-snippet:-1","max-image-preview":"max-image-preview:large","max-video-preview":"max-video-preview:-1"},"canonical":"https:\/\/ravel.com.br\/blog\/como-dividir-a-tela-no-windows-10\/","og_locale":"pt_BR","og_type":"article","og_title":"Como Dividir a Tela do PC Windows 10 - Blog - Ravel Tecnologia","og_description":"Voc\u00ea j\u00e1 se deparou em uma situa\u00e7\u00e3o onde precisa dividir a tela do PC Windows 10, mas n\u00e3o possu\u00ed 2 monitores? Veja essa dica de produtividade","og_url":"https:\/\/ravel.com.br\/blog\/como-dividir-a-tela-no-windows-10\/","og_site_name":"Blog Tecnologia","article_published_time":"2020-08-08T19:54:40+00:00","article_modified_time":"2025-05-09T18:34:19+00:00","og_image":[{"width":670,"height":378,"url":"https:\/\/ravel.com.br\/blog\/wp-content\/uploads\/2020\/08\/dividir-tela-windows-10.jpg","type":"image\/jpeg"}],"author":"Wesley Souza","twitter_card":"summary_large_image","twitter_misc":{"Escrito por":"Wesley Souza","Est. tempo de leitura":"3 minutos"},"schema":{"@context":"https:\/\/schema.org","@graph":[{"@type":"WebPage","@id":"https:\/\/ravel.com.br\/blog\/como-dividir-a-tela-no-windows-10\/","url":"https:\/\/ravel.com.br\/blog\/como-dividir-a-tela-no-windows-10\/","name":"Como Dividir a Tela do PC Windows 10 - Blog - Ravel Tecnologia","isPartOf":{"@id":"https:\/\/ravel.com.br\/blog\/#website"},"primaryImageOfPage":{"@id":"https:\/\/ravel.com.br\/blog\/como-dividir-a-tela-no-windows-10\/#primaryimage"},"image":{"@id":"https:\/\/ravel.com.br\/blog\/como-dividir-a-tela-no-windows-10\/#primaryimage"},"thumbnailUrl":"https:\/\/ravel.com.br\/blog\/wp-content\/uploads\/2020\/08\/dividir-tela-windows-10.jpg","datePublished":"2020-08-08T19:54:40+00:00","dateModified":"2025-05-09T18:34:19+00:00","author":{"@id":"https:\/\/ravel.com.br\/blog\/#\/schema\/person\/89d650b7061cb691443cd96edf4a01ef"},"description":"Voc\u00ea j\u00e1 se deparou em uma situa\u00e7\u00e3o onde precisa dividir a tela do PC Windows 10, mas n\u00e3o possu\u00ed 2 monitores? Veja essa dica de produtividade","breadcrumb":{"@id":"https:\/\/ravel.com.br\/blog\/como-dividir-a-tela-no-windows-10\/#breadcrumb"},"inLanguage":"pt-BR","potentialAction":[{"@type":"ReadAction","target":["https:\/\/ravel.com.br\/blog\/como-dividir-a-tela-no-windows-10\/"]}]},{"@type":"ImageObject","inLanguage":"pt-BR","@id":"https:\/\/ravel.com.br\/blog\/como-dividir-a-tela-no-windows-10\/#primaryimage","url":"https:\/\/ravel.com.br\/blog\/wp-content\/uploads\/2020\/08\/dividir-tela-windows-10.jpg","contentUrl":"https:\/\/ravel.com.br\/blog\/wp-content\/uploads\/2020\/08\/dividir-tela-windows-10.jpg","width":670,"height":378},{"@type":"BreadcrumbList","@id":"https:\/\/ravel.com.br\/blog\/como-dividir-a-tela-no-windows-10\/#breadcrumb","itemListElement":[{"@type":"ListItem","position":1,"name":"In\u00edcio","item":"https:\/\/ravel.com.br\/blog\/"},{"@type":"ListItem","position":2,"name":"Como Dividir a Tela do PC Windows 10"}]},{"@type":"WebSite","@id":"https:\/\/ravel.com.br\/blog\/#website","url":"https:\/\/ravel.com.br\/blog\/","name":"Blog Tecnologia","description":"Dicas e Artigos sobre Tecnologia","potentialAction":[{"@type":"SearchAction","target":{"@type":"EntryPoint","urlTemplate":"https:\/\/ravel.com.br\/blog\/?s={search_term_string}"},"query-input":{"@type":"PropertyValueSpecification","valueRequired":true,"valueName":"search_term_string"}}],"inLanguage":"pt-BR"},{"@type":"Person","@id":"https:\/\/ravel.com.br\/blog\/#\/schema\/person\/89d650b7061cb691443cd96edf4a01ef","name":"Wesley Souza","image":{"@type":"ImageObject","inLanguage":"pt-BR","@id":"https:\/\/ravel.com.br\/blog\/#\/schema\/person\/image\/","url":"https:\/\/secure.gravatar.com\/avatar\/4996aad34485a1f2999246bcb2b3a4c7?s=96&d=mm&r=g","contentUrl":"https:\/\/secure.gravatar.com\/avatar\/4996aad34485a1f2999246bcb2b3a4c7?s=96&d=mm&r=g","caption":"Wesley Souza"},"description":"Formado em Sistemas de Informa\u00e7\u00e3o. Atua como t\u00e9cnico, sempre em busca do desenvolvimento profissional e melhor atendimento aos clientes.","url":"https:\/\/ravel.com.br\/blog\/author\/wesley-santos\/"}]}},"_links":{"self":[{"href":"https:\/\/ravel.com.br\/blog\/wp-json\/wp\/v2\/posts\/1725","targetHints":{"allow":["GET"]}}],"collection":[{"href":"https:\/\/ravel.com.br\/blog\/wp-json\/wp\/v2\/posts"}],"about":[{"href":"https:\/\/ravel.com.br\/blog\/wp-json\/wp\/v2\/types\/post"}],"author":[{"embeddable":true,"href":"https:\/\/ravel.com.br\/blog\/wp-json\/wp\/v2\/users\/22"}],"replies":[{"embeddable":true,"href":"https:\/\/ravel.com.br\/blog\/wp-json\/wp\/v2\/comments?post=1725"}],"version-history":[{"count":7,"href":"https:\/\/ravel.com.br\/blog\/wp-json\/wp\/v2\/posts\/1725\/revisions"}],"predecessor-version":[{"id":6256,"href":"https:\/\/ravel.com.br\/blog\/wp-json\/wp\/v2\/posts\/1725\/revisions\/6256"}],"wp:featuredmedia":[{"embeddable":true,"href":"https:\/\/ravel.com.br\/blog\/wp-json\/wp\/v2\/media\/1738"}],"wp:attachment":[{"href":"https:\/\/ravel.com.br\/blog\/wp-json\/wp\/v2\/media?parent=1725"}],"wp:term":[{"taxonomy":"category","embeddable":true,"href":"https:\/\/ravel.com.br\/blog\/wp-json\/wp\/v2\/categories?post=1725"},{"taxonomy":"post_tag","embeddable":true,"href":"https:\/\/ravel.com.br\/blog\/wp-json\/wp\/v2\/tags?post=1725"}],"curies":[{"name":"wp","href":"https:\/\/api.w.org\/{rel}","templated":true}]}}