{"id":1816,"date":"2020-08-15T16:16:10","date_gmt":"2020-08-15T19:16:10","guid":{"rendered":"https:\/\/ravel.com.br\/blog\/?p=1816"},"modified":"2021-01-19T16:53:43","modified_gmt":"2021-01-19T19:53:43","slug":"como-ativar-o-modo-juntos-together-mode-no-microsoft-teams","status":"publish","type":"post","link":"https:\/\/ravel.com.br\/blog\/como-ativar-o-modo-juntos-together-mode-no-microsoft-teams\/","title":{"rendered":"Como Ativar o Modo Juntos (Together Mode) no Microsoft Teams"},"content":{"rendered":"\n<p>Recentemente a Microsoft lan\u00e7ou uma atualiza\u00e7\u00e3o que \u00e9 o &#8220;Modo Juntos&#8221; no Microsoft Teams, o principal aplicativo da Microsoft para trabalho em equipe e conex\u00e3o de equipe. O modo Juntos (together mode) \u00e9 uma fun\u00e7\u00e3o simples para fazer as reuni\u00f5es parecerem melhores durante a pandemia. Veja ent\u00e3o como ativar o modo.<\/p>\n\n\n\n<p>Saiba mais sobre o Microsoft Teams: <a href=\"https:\/\/ravel.com.br\/blog\/microsoft-teams\/\" target=\"_blank\" aria-label=\"undefined (opens in a new tab)\" rel=\"noreferrer noopener\">https:\/\/ravel.com.br\/blog\/microsoft-teams\/<\/a><\/p>\n\n\n\n<p>O modo Juntos do Microsoft Teams permite aos usu\u00e1rios compartilhar um plano de fundo com at\u00e9 49 participantes.<\/p>\n\n\n\n<div class=\"wp-block-image\"><figure class=\"aligncenter size-large\"><img loading=\"lazy\" decoding=\"async\" width=\"567\" height=\"315\" src=\"https:\/\/ravel.com.br\/blog\/wp-content\/uploads\/2020\/08\/image-33.png\" alt=\"como ativar modo juntos together mode teams\" class=\"wp-image-1818\" srcset=\"https:\/\/ravel.com.br\/blog\/wp-content\/uploads\/2020\/08\/image-33.png 567w, https:\/\/ravel.com.br\/blog\/wp-content\/uploads\/2020\/08\/image-33-300x167.png 300w\" sizes=\"(max-width: 567px) 100vw, 567px\" \/><\/figure><\/div>\n\n\n\n<p>Esta vers\u00e3o do Modo Juntos (Together Mode) tem uma apar\u00eancia \u00fanica e tamb\u00e9m tem uma sensa\u00e7\u00e3o \u00fanica. As pessoas normalmente ficam mais relaxadas, mais atentas umas \u00e0s outras, mais brincalhonas e ainda mais focadas em objetivos comuns.<\/p>\n\n\n\n<figure class=\"wp-block-image size-full\"><a href=\"https:\/\/ravel.com.br\/servidor-em-nuvem\" target=\"_blank\" rel=\"noopener noreferrer\"><img loading=\"lazy\" decoding=\"async\" width=\"858\" height=\"112\" src=\"https:\/\/ravel.com.br\/blog\/wp-content\/uploads\/2023\/07\/banner-blog-nuvem-1.png\" alt=\"\" class=\"wp-image-4956\" srcset=\"https:\/\/ravel.com.br\/blog\/wp-content\/uploads\/2023\/07\/banner-blog-nuvem-1.png 858w, https:\/\/ravel.com.br\/blog\/wp-content\/uploads\/2023\/07\/banner-blog-nuvem-1-300x39.png 300w, https:\/\/ravel.com.br\/blog\/wp-content\/uploads\/2023\/07\/banner-blog-nuvem-1-768x100.png 768w, https:\/\/ravel.com.br\/blog\/wp-content\/uploads\/2023\/07\/banner-blog-nuvem-1-610x80.png 610w\" sizes=\"(max-width: 858px) 100vw, 858px\" \/><\/a><\/figure>\n\n\n\n<p>O design deste recurso oferece benef\u00edcios exclusivos: menos fadiga devido a videoconfer\u00eancias frequentes, melhor senso de conex\u00e3o com outras pessoas e reuni\u00f5es mais eficazes.<\/p>\n\n\n\n<h2 class=\"wp-block-heading\"><strong>Para ativar o Modo Juntos (Together Mode)<\/strong><\/h2>\n\n\n\n<p>Selecione o Menu configura\u00e7\u00f5es conforme imagem abaixo:<\/p>\n\n\n\n<div class=\"wp-block-image\"><figure class=\"aligncenter size-large\"><img loading=\"lazy\" decoding=\"async\" width=\"234\" height=\"295\" src=\"https:\/\/ravel.com.br\/blog\/wp-content\/uploads\/2020\/08\/image-34.png\" alt=\"\" class=\"wp-image-1819\"\/><\/figure><\/div>\n\n\n\n<p>Ative a Op\u00e7\u00e3o de \u201cAtivar a nova experi\u00eancia de reuni\u00e3o (novas reuni\u00f5es e chamadas ser\u00e3o abertas em janelas separadas. Requer a reinicializa\u00e7\u00e3o do Teams.)\u201d<\/p>\n\n\n\n<div class=\"wp-block-image\"><figure class=\"aligncenter size-large\"><img loading=\"lazy\" decoding=\"async\" width=\"452\" height=\"449\" src=\"https:\/\/ravel.com.br\/blog\/wp-content\/uploads\/2020\/08\/image-35.png\" alt=\"\" class=\"wp-image-1820\" srcset=\"https:\/\/ravel.com.br\/blog\/wp-content\/uploads\/2020\/08\/image-35.png 452w, https:\/\/ravel.com.br\/blog\/wp-content\/uploads\/2020\/08\/image-35-300x298.png 300w, https:\/\/ravel.com.br\/blog\/wp-content\/uploads\/2020\/08\/image-35-150x150.png 150w, https:\/\/ravel.com.br\/blog\/wp-content\/uploads\/2020\/08\/image-35-45x45.png 45w\" sizes=\"(max-width: 452px) 100vw, 452px\" \/><\/figure><\/div>\n\n\n\n<p>Ap\u00f3s ativar reinicie o Teams, Inicie uma nova reuni\u00e3o e selecione os 3 pontinhos e siga a op\u00e7\u00e3o Modo Juntos conforme imagem abaixo:<\/p>\n\n\n\n<div class=\"wp-block-image\"><figure class=\"aligncenter size-large is-resized\"><img loading=\"lazy\" decoding=\"async\" src=\"https:\/\/ravel.com.br\/blog\/wp-content\/uploads\/2020\/08\/image-37.png\" alt=\"\" class=\"wp-image-1822\" width=\"272\" height=\"428\" srcset=\"https:\/\/ravel.com.br\/blog\/wp-content\/uploads\/2020\/08\/image-37.png 372w, https:\/\/ravel.com.br\/blog\/wp-content\/uploads\/2020\/08\/image-37-190x300.png 190w\" sizes=\"(max-width: 272px) 100vw, 272px\" \/><\/figure><\/div>\n\n\n\n<p>Vale lembrar que para ati\u00e7ar o Modo Juntos, precisa no m\u00ednimo 5 pessoas ativas na reuni\u00e3o.<\/p>\n\n\n\n<p>Desta forma voc\u00ea viu como ativar o modo juntos (together mode) no Microsoft Teams.<\/p>\n\n\n\n<figure class=\"wp-block-image size-large\"><a href=\"https:\/\/ravel.com.br\/seguranca-da-informacao\" target=\"_blank\" rel=\"noopener noreferrer\"><img loading=\"lazy\" decoding=\"async\" width=\"1024\" height=\"133\" src=\"https:\/\/ravel.com.br\/blog\/wp-content\/uploads\/2021\/01\/CTA7-2-1024x133.png\" alt=\"\" class=\"wp-image-2313\" srcset=\"https:\/\/ravel.com.br\/blog\/wp-content\/uploads\/2021\/01\/CTA7-2-1024x133.png 1024w, https:\/\/ravel.com.br\/blog\/wp-content\/uploads\/2021\/01\/CTA7-2-300x39.png 300w, https:\/\/ravel.com.br\/blog\/wp-content\/uploads\/2021\/01\/CTA7-2-768x100.png 768w, https:\/\/ravel.com.br\/blog\/wp-content\/uploads\/2021\/01\/CTA7-2-1536x199.png 1536w, https:\/\/ravel.com.br\/blog\/wp-content\/uploads\/2021\/01\/CTA7-2-2048x266.png 2048w, https:\/\/ravel.com.br\/blog\/wp-content\/uploads\/2021\/01\/CTA7-2-610x79.png 610w, https:\/\/ravel.com.br\/blog\/wp-content\/uploads\/2021\/01\/CTA7-2-1080x140.png 1080w\" sizes=\"(max-width: 1024px) 100vw, 1024px\" \/><\/a><\/figure>\n","protected":false},"excerpt":{"rendered":"<p>O Together Mode \u00e9 uma fun\u00e7\u00e3o para fazer as reuni\u00f5es parecerem melhores. Veja ent\u00e3o como ativar o modo Juntos<\/p>\n","protected":false},"author":5,"featured_media":1824,"comment_status":"open","ping_status":"open","sticky":false,"template":"","format":"standard","meta":{"_et_pb_use_builder":"","_et_pb_old_content":"","_et_gb_content_width":"","footnotes":""},"categories":[60,89],"tags":[],"class_list":["post-1816","post","type-post","status-publish","format-standard","has-post-thumbnail","hentry","category-dicas","category-teams","et-has-post-format-content","et_post_format-et-post-format-standard"],"yoast_head":"<!-- This site is optimized with the Yoast SEO plugin v24.1 - https:\/\/yoast.com\/wordpress\/plugins\/seo\/ -->\n<title>Como Ativar o Modo Juntos (Together Mode) no Microsoft Teams<\/title>\n<meta name=\"description\" content=\"O Together Mode \u00e9 uma fun\u00e7\u00e3o para fazer as reuni\u00f5es parecerem melhores. Veja ent\u00e3o como ativar o modo Juntos no Microsoft Teams\" \/>\n<meta name=\"robots\" content=\"index, follow, max-snippet:-1, max-image-preview:large, max-video-preview:-1\" \/>\n<link rel=\"canonical\" href=\"https:\/\/ravel.com.br\/blog\/como-ativar-o-modo-juntos-together-mode-no-microsoft-teams\/\" \/>\n<meta property=\"og:locale\" content=\"pt_BR\" \/>\n<meta property=\"og:type\" content=\"article\" \/>\n<meta property=\"og:title\" content=\"Como ativar o modo Juntos no Teams\" \/>\n<meta property=\"og:description\" content=\"O modo Juntos \u00e9 uma fun\u00e7\u00e3o simples para fazer as reuni\u00f5es parecerem melhores durante a pandemia. Veja ent\u00e3o como ativar o modo Juntos\" \/>\n<meta property=\"og:url\" content=\"https:\/\/ravel.com.br\/blog\/como-ativar-o-modo-juntos-together-mode-no-microsoft-teams\/\" \/>\n<meta property=\"og:site_name\" content=\"Blog Tecnologia\" \/>\n<meta property=\"article:author\" content=\"https:\/\/www.facebook.com\/rafael.penassi\" \/>\n<meta property=\"article:published_time\" content=\"2020-08-15T19:16:10+00:00\" \/>\n<meta property=\"article:modified_time\" content=\"2021-01-19T19:53:43+00:00\" \/>\n<meta property=\"og:image\" content=\"https:\/\/ravel.com.br\/blog\/wp-content\/uploads\/2020\/08\/Ravel-Cadeado.jpg\" \/>\n\t<meta property=\"og:image:width\" content=\"470\" \/>\n\t<meta property=\"og:image:height\" content=\"506\" \/>\n\t<meta property=\"og:image:type\" content=\"image\/jpeg\" \/>\n<meta name=\"author\" content=\"Rafael Penassi - Coordenador T\u00e9cnico da Ravel Tecnologia\" \/>\n<meta name=\"twitter:card\" content=\"summary_large_image\" \/>\n<meta name=\"twitter:title\" content=\"Como ativar o modo Juntos no Teams\" \/>\n<meta name=\"twitter:description\" content=\"O modo Juntos \u00e9 uma fun\u00e7\u00e3o simples para fazer as reuni\u00f5es parecerem melhores durante a pandemia. Veja ent\u00e3o como ativar o modo Juntos\" \/>\n<meta name=\"twitter:image\" content=\"https:\/\/ravel.com.br\/blog\/wp-content\/uploads\/2020\/08\/Ravel-Cadeado.jpg\" \/>\n<meta name=\"twitter:label1\" content=\"Escrito por\" \/>\n\t<meta name=\"twitter:data1\" content=\"Rafael Penassi - Coordenador T\u00e9cnico da Ravel Tecnologia\" \/>\n\t<meta name=\"twitter:label2\" content=\"Est. tempo de leitura\" \/>\n\t<meta name=\"twitter:data2\" content=\"1 minuto\" \/>\n<script type=\"application\/ld+json\" class=\"yoast-schema-graph\">{\"@context\":\"https:\/\/schema.org\",\"@graph\":[{\"@type\":\"WebPage\",\"@id\":\"https:\/\/ravel.com.br\/blog\/como-ativar-o-modo-juntos-together-mode-no-microsoft-teams\/\",\"url\":\"https:\/\/ravel.com.br\/blog\/como-ativar-o-modo-juntos-together-mode-no-microsoft-teams\/\",\"name\":\"Como Ativar o Modo Juntos (Together Mode) no Microsoft Teams\",\"isPartOf\":{\"@id\":\"https:\/\/ravel.com.br\/blog\/#website\"},\"primaryImageOfPage\":{\"@id\":\"https:\/\/ravel.com.br\/blog\/como-ativar-o-modo-juntos-together-mode-no-microsoft-teams\/#primaryimage\"},\"image\":{\"@id\":\"https:\/\/ravel.com.br\/blog\/como-ativar-o-modo-juntos-together-mode-no-microsoft-teams\/#primaryimage\"},\"thumbnailUrl\":\"https:\/\/ravel.com.br\/blog\/wp-content\/uploads\/2020\/08\/Modo-juntos.png\",\"datePublished\":\"2020-08-15T19:16:10+00:00\",\"dateModified\":\"2021-01-19T19:53:43+00:00\",\"author\":{\"@id\":\"https:\/\/ravel.com.br\/blog\/#\/schema\/person\/7641f356626335514dd8cc51445d7013\"},\"description\":\"O Together Mode \u00e9 uma fun\u00e7\u00e3o para fazer as reuni\u00f5es parecerem melhores. Veja ent\u00e3o como ativar o modo Juntos no Microsoft Teams\",\"breadcrumb\":{\"@id\":\"https:\/\/ravel.com.br\/blog\/como-ativar-o-modo-juntos-together-mode-no-microsoft-teams\/#breadcrumb\"},\"inLanguage\":\"pt-BR\",\"potentialAction\":[{\"@type\":\"ReadAction\",\"target\":[\"https:\/\/ravel.com.br\/blog\/como-ativar-o-modo-juntos-together-mode-no-microsoft-teams\/\"]}]},{\"@type\":\"ImageObject\",\"inLanguage\":\"pt-BR\",\"@id\":\"https:\/\/ravel.com.br\/blog\/como-ativar-o-modo-juntos-together-mode-no-microsoft-teams\/#primaryimage\",\"url\":\"https:\/\/ravel.com.br\/blog\/wp-content\/uploads\/2020\/08\/Modo-juntos.png\",\"contentUrl\":\"https:\/\/ravel.com.br\/blog\/wp-content\/uploads\/2020\/08\/Modo-juntos.png\",\"width\":988,\"height\":556},{\"@type\":\"BreadcrumbList\",\"@id\":\"https:\/\/ravel.com.br\/blog\/como-ativar-o-modo-juntos-together-mode-no-microsoft-teams\/#breadcrumb\",\"itemListElement\":[{\"@type\":\"ListItem\",\"position\":1,\"name\":\"In\u00edcio\",\"item\":\"https:\/\/ravel.com.br\/blog\/\"},{\"@type\":\"ListItem\",\"position\":2,\"name\":\"Como Ativar o Modo Juntos (Together Mode) no Microsoft Teams\"}]},{\"@type\":\"WebSite\",\"@id\":\"https:\/\/ravel.com.br\/blog\/#website\",\"url\":\"https:\/\/ravel.com.br\/blog\/\",\"name\":\"Blog Tecnologia\",\"description\":\"Dicas e Artigos sobre Tecnologia\",\"potentialAction\":[{\"@type\":\"SearchAction\",\"target\":{\"@type\":\"EntryPoint\",\"urlTemplate\":\"https:\/\/ravel.com.br\/blog\/?s={search_term_string}\"},\"query-input\":{\"@type\":\"PropertyValueSpecification\",\"valueRequired\":true,\"valueName\":\"search_term_string\"}}],\"inLanguage\":\"pt-BR\"},{\"@type\":\"Person\",\"@id\":\"https:\/\/ravel.com.br\/blog\/#\/schema\/person\/7641f356626335514dd8cc51445d7013\",\"name\":\"Rafael Penassi - Coordenador T\u00e9cnico da Ravel Tecnologia\",\"image\":{\"@type\":\"ImageObject\",\"inLanguage\":\"pt-BR\",\"@id\":\"https:\/\/ravel.com.br\/blog\/#\/schema\/person\/image\/\",\"url\":\"https:\/\/secure.gravatar.com\/avatar\/2a770fdf2a73c4ec13d1a29a8c0e3b9e?s=96&d=mm&r=g\",\"contentUrl\":\"https:\/\/secure.gravatar.com\/avatar\/2a770fdf2a73c4ec13d1a29a8c0e3b9e?s=96&d=mm&r=g\",\"caption\":\"Rafael Penassi - Coordenador T\u00e9cnico da Ravel Tecnologia\"},\"description\":\"Coordenador T\u00e9cnico na Ravel, formado em Gest\u00e3o de Tecnologia da Informa\u00e7\u00e3o. Atua na Gest\u00e3o do Suporte T\u00e9cnico, Onboarding em novos clientes e Gest\u00e3o de Projetos, busca proporcionar sempre o melhor uso da tecnologia a favor dos clientes. Adora cozinhar, tocar sua guitarra e viol\u00e3o, al\u00e9m de apreciar um bom vinho.\",\"sameAs\":[\"http:\/\/ravel.com.br\",\"https:\/\/www.facebook.com\/rafael.penassi\",\"https:\/\/br.linkedin.com\/in\/rafael-penassi-0aa382a4\"],\"url\":\"https:\/\/ravel.com.br\/blog\/author\/rafael-penassi\/\"}]}<\/script>\n<!-- \/ Yoast SEO plugin. -->","yoast_head_json":{"title":"Como Ativar o Modo Juntos (Together Mode) no Microsoft Teams","description":"O Together Mode \u00e9 uma fun\u00e7\u00e3o para fazer as reuni\u00f5es parecerem melhores. Veja ent\u00e3o como ativar o modo Juntos no Microsoft Teams","robots":{"index":"index","follow":"follow","max-snippet":"max-snippet:-1","max-image-preview":"max-image-preview:large","max-video-preview":"max-video-preview:-1"},"canonical":"https:\/\/ravel.com.br\/blog\/como-ativar-o-modo-juntos-together-mode-no-microsoft-teams\/","og_locale":"pt_BR","og_type":"article","og_title":"Como ativar o modo Juntos no Teams","og_description":"O modo Juntos \u00e9 uma fun\u00e7\u00e3o simples para fazer as reuni\u00f5es parecerem melhores durante a pandemia. Veja ent\u00e3o como ativar o modo Juntos","og_url":"https:\/\/ravel.com.br\/blog\/como-ativar-o-modo-juntos-together-mode-no-microsoft-teams\/","og_site_name":"Blog Tecnologia","article_author":"https:\/\/www.facebook.com\/rafael.penassi","article_published_time":"2020-08-15T19:16:10+00:00","article_modified_time":"2021-01-19T19:53:43+00:00","og_image":[{"width":470,"height":506,"url":"https:\/\/ravel.com.br\/blog\/wp-content\/uploads\/2020\/08\/Ravel-Cadeado.jpg","type":"image\/jpeg"}],"author":"Rafael Penassi - Coordenador T\u00e9cnico da Ravel Tecnologia","twitter_card":"summary_large_image","twitter_title":"Como ativar o modo Juntos no Teams","twitter_description":"O modo Juntos \u00e9 uma fun\u00e7\u00e3o simples para fazer as reuni\u00f5es parecerem melhores durante a pandemia. Veja ent\u00e3o como ativar o modo Juntos","twitter_image":"https:\/\/ravel.com.br\/blog\/wp-content\/uploads\/2020\/08\/Ravel-Cadeado.jpg","twitter_misc":{"Escrito por":"Rafael Penassi - Coordenador T\u00e9cnico da Ravel Tecnologia","Est. tempo de leitura":"1 minuto"},"schema":{"@context":"https:\/\/schema.org","@graph":[{"@type":"WebPage","@id":"https:\/\/ravel.com.br\/blog\/como-ativar-o-modo-juntos-together-mode-no-microsoft-teams\/","url":"https:\/\/ravel.com.br\/blog\/como-ativar-o-modo-juntos-together-mode-no-microsoft-teams\/","name":"Como Ativar o Modo Juntos (Together Mode) no Microsoft Teams","isPartOf":{"@id":"https:\/\/ravel.com.br\/blog\/#website"},"primaryImageOfPage":{"@id":"https:\/\/ravel.com.br\/blog\/como-ativar-o-modo-juntos-together-mode-no-microsoft-teams\/#primaryimage"},"image":{"@id":"https:\/\/ravel.com.br\/blog\/como-ativar-o-modo-juntos-together-mode-no-microsoft-teams\/#primaryimage"},"thumbnailUrl":"https:\/\/ravel.com.br\/blog\/wp-content\/uploads\/2020\/08\/Modo-juntos.png","datePublished":"2020-08-15T19:16:10+00:00","dateModified":"2021-01-19T19:53:43+00:00","author":{"@id":"https:\/\/ravel.com.br\/blog\/#\/schema\/person\/7641f356626335514dd8cc51445d7013"},"description":"O Together Mode \u00e9 uma fun\u00e7\u00e3o para fazer as reuni\u00f5es parecerem melhores. Veja ent\u00e3o como ativar o modo Juntos no Microsoft Teams","breadcrumb":{"@id":"https:\/\/ravel.com.br\/blog\/como-ativar-o-modo-juntos-together-mode-no-microsoft-teams\/#breadcrumb"},"inLanguage":"pt-BR","potentialAction":[{"@type":"ReadAction","target":["https:\/\/ravel.com.br\/blog\/como-ativar-o-modo-juntos-together-mode-no-microsoft-teams\/"]}]},{"@type":"ImageObject","inLanguage":"pt-BR","@id":"https:\/\/ravel.com.br\/blog\/como-ativar-o-modo-juntos-together-mode-no-microsoft-teams\/#primaryimage","url":"https:\/\/ravel.com.br\/blog\/wp-content\/uploads\/2020\/08\/Modo-juntos.png","contentUrl":"https:\/\/ravel.com.br\/blog\/wp-content\/uploads\/2020\/08\/Modo-juntos.png","width":988,"height":556},{"@type":"BreadcrumbList","@id":"https:\/\/ravel.com.br\/blog\/como-ativar-o-modo-juntos-together-mode-no-microsoft-teams\/#breadcrumb","itemListElement":[{"@type":"ListItem","position":1,"name":"In\u00edcio","item":"https:\/\/ravel.com.br\/blog\/"},{"@type":"ListItem","position":2,"name":"Como Ativar o Modo Juntos (Together Mode) no Microsoft Teams"}]},{"@type":"WebSite","@id":"https:\/\/ravel.com.br\/blog\/#website","url":"https:\/\/ravel.com.br\/blog\/","name":"Blog Tecnologia","description":"Dicas e Artigos sobre Tecnologia","potentialAction":[{"@type":"SearchAction","target":{"@type":"EntryPoint","urlTemplate":"https:\/\/ravel.com.br\/blog\/?s={search_term_string}"},"query-input":{"@type":"PropertyValueSpecification","valueRequired":true,"valueName":"search_term_string"}}],"inLanguage":"pt-BR"},{"@type":"Person","@id":"https:\/\/ravel.com.br\/blog\/#\/schema\/person\/7641f356626335514dd8cc51445d7013","name":"Rafael Penassi - Coordenador T\u00e9cnico da Ravel Tecnologia","image":{"@type":"ImageObject","inLanguage":"pt-BR","@id":"https:\/\/ravel.com.br\/blog\/#\/schema\/person\/image\/","url":"https:\/\/secure.gravatar.com\/avatar\/2a770fdf2a73c4ec13d1a29a8c0e3b9e?s=96&d=mm&r=g","contentUrl":"https:\/\/secure.gravatar.com\/avatar\/2a770fdf2a73c4ec13d1a29a8c0e3b9e?s=96&d=mm&r=g","caption":"Rafael Penassi - Coordenador T\u00e9cnico da Ravel Tecnologia"},"description":"Coordenador T\u00e9cnico na Ravel, formado em Gest\u00e3o de Tecnologia da Informa\u00e7\u00e3o. Atua na Gest\u00e3o do Suporte T\u00e9cnico, Onboarding em novos clientes e Gest\u00e3o de Projetos, busca proporcionar sempre o melhor uso da tecnologia a favor dos clientes. Adora cozinhar, tocar sua guitarra e viol\u00e3o, al\u00e9m de apreciar um bom vinho.","sameAs":["http:\/\/ravel.com.br","https:\/\/www.facebook.com\/rafael.penassi","https:\/\/br.linkedin.com\/in\/rafael-penassi-0aa382a4"],"url":"https:\/\/ravel.com.br\/blog\/author\/rafael-penassi\/"}]}},"_links":{"self":[{"href":"https:\/\/ravel.com.br\/blog\/wp-json\/wp\/v2\/posts\/1816","targetHints":{"allow":["GET"]}}],"collection":[{"href":"https:\/\/ravel.com.br\/blog\/wp-json\/wp\/v2\/posts"}],"about":[{"href":"https:\/\/ravel.com.br\/blog\/wp-json\/wp\/v2\/types\/post"}],"author":[{"embeddable":true,"href":"https:\/\/ravel.com.br\/blog\/wp-json\/wp\/v2\/users\/5"}],"replies":[{"embeddable":true,"href":"https:\/\/ravel.com.br\/blog\/wp-json\/wp\/v2\/comments?post=1816"}],"version-history":[{"count":4,"href":"https:\/\/ravel.com.br\/blog\/wp-json\/wp\/v2\/posts\/1816\/revisions"}],"predecessor-version":[{"id":2411,"href":"https:\/\/ravel.com.br\/blog\/wp-json\/wp\/v2\/posts\/1816\/revisions\/2411"}],"wp:featuredmedia":[{"embeddable":true,"href":"https:\/\/ravel.com.br\/blog\/wp-json\/wp\/v2\/media\/1824"}],"wp:attachment":[{"href":"https:\/\/ravel.com.br\/blog\/wp-json\/wp\/v2\/media?parent=1816"}],"wp:term":[{"taxonomy":"category","embeddable":true,"href":"https:\/\/ravel.com.br\/blog\/wp-json\/wp\/v2\/categories?post=1816"},{"taxonomy":"post_tag","embeddable":true,"href":"https:\/\/ravel.com.br\/blog\/wp-json\/wp\/v2\/tags?post=1816"}],"curies":[{"name":"wp","href":"https:\/\/api.w.org\/{rel}","templated":true}]}}