{"id":1833,"date":"2020-08-15T16:44:23","date_gmt":"2020-08-15T19:44:23","guid":{"rendered":"https:\/\/ravel.com.br\/blog\/?p=1833"},"modified":"2021-03-13T16:10:04","modified_gmt":"2021-03-13T19:10:04","slug":"como-habilitar-o-hyper-v-no-windows-10-pro-para-criar-maquinas-virtuais","status":"publish","type":"post","link":"https:\/\/ravel.com.br\/blog\/como-habilitar-o-hyper-v-no-windows-10-pro-para-criar-maquinas-virtuais\/","title":{"rendered":"Como habilitar o Hyper-V no Windows 10 Pro para criar m\u00e1quinas virtuais"},"content":{"rendered":"\n<p>Voc\u00ea gostaria de criar m\u00e1quinas virtuais e gostaria de saber como. Mostraremos aqui como habilitar o Hyper-V no Windows 10.<\/p>\n\n\n\n<p>Digite na barra de pesquisa ou no menu executar o comando appwiz.cpl para abrir a p\u00e1gina de programas instalados, em seguida entre no menu \u201cAtivar ou desativar recursos do Windows\u201d<\/p>\n\n\n\n<div class=\"wp-block-image\"><figure class=\"aligncenter size-large\"><img loading=\"lazy\" decoding=\"async\" width=\"567\" height=\"153\" src=\"https:\/\/ravel.com.br\/blog\/wp-content\/uploads\/2020\/08\/image-40.png\" alt=\"\" class=\"wp-image-1834\" srcset=\"https:\/\/ravel.com.br\/blog\/wp-content\/uploads\/2020\/08\/image-40.png 567w, https:\/\/ravel.com.br\/blog\/wp-content\/uploads\/2020\/08\/image-40-300x81.png 300w\" sizes=\"(max-width: 567px) 100vw, 567px\" \/><\/figure><\/div>\n\n\n\n<p>Ap\u00f3s abertura selecione a op\u00e7\u00e3o \u201cHyper-V\u201d e d\u00ea um ok para instalar:<\/p>\n\n\n\n<div class=\"wp-block-image\"><figure class=\"aligncenter size-large\"><img loading=\"lazy\" decoding=\"async\" width=\"407\" height=\"365\" src=\"https:\/\/ravel.com.br\/blog\/wp-content\/uploads\/2020\/08\/image-41.png\" alt=\"como habilitar o Hyper-V no Windows 10\" class=\"wp-image-1835\" srcset=\"https:\/\/ravel.com.br\/blog\/wp-content\/uploads\/2020\/08\/image-41.png 407w, https:\/\/ravel.com.br\/blog\/wp-content\/uploads\/2020\/08\/image-41-300x269.png 300w\" sizes=\"(max-width: 407px) 100vw, 407px\" \/><\/figure><\/div>\n\n\n\n<p>Ap\u00f3s a instala\u00e7\u00e3o ser\u00e1 necess\u00e1rio reiniciar o computador.<\/p>\n\n\n\n<div class=\"wp-block-image\"><figure class=\"aligncenter size-large\"><img loading=\"lazy\" decoding=\"async\" width=\"567\" height=\"466\" src=\"https:\/\/ravel.com.br\/blog\/wp-content\/uploads\/2020\/08\/image-42.png\" alt=\"\" class=\"wp-image-1836\" srcset=\"https:\/\/ravel.com.br\/blog\/wp-content\/uploads\/2020\/08\/image-42.png 567w, https:\/\/ravel.com.br\/blog\/wp-content\/uploads\/2020\/08\/image-42-300x247.png 300w\" sizes=\"(max-width: 567px) 100vw, 567px\" \/><\/figure><\/div>\n\n\n\n<div class=\"wp-block-image\"><figure class=\"aligncenter size-large\"><img loading=\"lazy\" decoding=\"async\" width=\"723\" height=\"382\" src=\"https:\/\/ravel.com.br\/blog\/wp-content\/uploads\/2020\/08\/image-44.png\" alt=\"\" class=\"wp-image-1838\" srcset=\"https:\/\/ravel.com.br\/blog\/wp-content\/uploads\/2020\/08\/image-44.png 723w, https:\/\/ravel.com.br\/blog\/wp-content\/uploads\/2020\/08\/image-44-300x159.png 300w, https:\/\/ravel.com.br\/blog\/wp-content\/uploads\/2020\/08\/image-44-610x322.png 610w\" sizes=\"(max-width: 723px) 100vw, 723px\" \/><\/figure><\/div>\n\n\n\n<p>Pronto! Hyper-V instalado, lembre-se que a op\u00e7\u00e3o de virtualiza\u00e7\u00e3o deve estar ativada na BIOS do computador e o processador precisa suportar o recurso, segue um exemplo abaixo:<\/p>\n\n\n\n<div class=\"wp-block-image\"><figure class=\"aligncenter size-large\"><img loading=\"lazy\" decoding=\"async\" width=\"567\" height=\"319\" src=\"https:\/\/ravel.com.br\/blog\/wp-content\/uploads\/2020\/08\/image-46.png\" alt=\"\" class=\"wp-image-1840\" srcset=\"https:\/\/ravel.com.br\/blog\/wp-content\/uploads\/2020\/08\/image-46.png 567w, https:\/\/ravel.com.br\/blog\/wp-content\/uploads\/2020\/08\/image-46-300x169.png 300w\" sizes=\"(max-width: 567px) 100vw, 567px\" \/><\/figure><\/div>\n\n\n\n<p>Voc\u00ea viu acima como habilitar o Hyper-V no Windows 10 Pro para criar m\u00e1quinas virtuais.<\/p>\n\n\n\n<figure class=\"wp-block-image size-large\"><a href=\"https:\/\/ravel.com.br\/seguranca-da-informacao\" target=\"_blank\" rel=\"noopener noreferrer\"><img loading=\"lazy\" decoding=\"async\" width=\"1024\" height=\"133\" src=\"https:\/\/ravel.com.br\/blog\/wp-content\/uploads\/2021\/01\/CTA7-2-1024x133.png\" alt=\"\" class=\"wp-image-2313\" srcset=\"https:\/\/ravel.com.br\/blog\/wp-content\/uploads\/2021\/01\/CTA7-2-1024x133.png 1024w, https:\/\/ravel.com.br\/blog\/wp-content\/uploads\/2021\/01\/CTA7-2-300x39.png 300w, https:\/\/ravel.com.br\/blog\/wp-content\/uploads\/2021\/01\/CTA7-2-768x100.png 768w, https:\/\/ravel.com.br\/blog\/wp-content\/uploads\/2021\/01\/CTA7-2-1536x199.png 1536w, https:\/\/ravel.com.br\/blog\/wp-content\/uploads\/2021\/01\/CTA7-2-2048x266.png 2048w, https:\/\/ravel.com.br\/blog\/wp-content\/uploads\/2021\/01\/CTA7-2-610x79.png 610w, https:\/\/ravel.com.br\/blog\/wp-content\/uploads\/2021\/01\/CTA7-2-1080x140.png 1080w\" sizes=\"(max-width: 1024px) 100vw, 1024px\" \/><\/a><\/figure>\n\n\n\n<p>Mais dicas sobre o Windows, acesse: <a href=\"https:\/\/ravel.com.br\/blog\/category\/dicas\/windows\/\" target=\"_blank\" aria-label=\"undefined (opens in a new tab)\" rel=\"noreferrer noopener\">https:\/\/ravel.com.br\/blog\/category\/dicas\/windows\/<\/a><\/p>\n","protected":false},"excerpt":{"rendered":"<p>Voc\u00ea gostaria de criar m\u00e1quinas virtuais e gostaria de saber como. Mostraremos aqui como habilitar o Hyper-V no Windows 10.<\/p>\n","protected":false},"author":8,"featured_media":1842,"comment_status":"open","ping_status":"open","sticky":false,"template":"","format":"standard","meta":{"_et_pb_use_builder":"","_et_pb_old_content":"","_et_gb_content_width":"","footnotes":""},"categories":[67,88],"tags":[],"class_list":["post-1833","post","type-post","status-publish","format-standard","has-post-thumbnail","hentry","category-espaco-tecnico","category-windows","et-has-post-format-content","et_post_format-et-post-format-standard"],"yoast_head":"<!-- This site is optimized with the Yoast SEO plugin v24.1 - https:\/\/yoast.com\/wordpress\/plugins\/seo\/ -->\n<title>Como habilitar o Hyper-V no Windows 10 \u2013 Blog Tecnologia<\/title>\n<meta name=\"description\" content=\"Voc\u00ea gostaria de criar m\u00e1quinas virtuais e gostaria de saber como. Mostraremos aqui como habilitar o Hyper-V no Windows 10.\" \/>\n<meta name=\"robots\" content=\"index, follow, max-snippet:-1, max-image-preview:large, max-video-preview:-1\" \/>\n<link rel=\"canonical\" href=\"https:\/\/ravel.com.br\/blog\/como-habilitar-o-hyper-v-no-windows-10-pro-para-criar-maquinas-virtuais\/\" \/>\n<meta property=\"og:locale\" content=\"pt_BR\" \/>\n<meta property=\"og:type\" content=\"article\" \/>\n<meta property=\"og:title\" content=\"Como habilitar Hyper-V - Blog Ravel\" \/>\n<meta property=\"og:description\" content=\"Voc\u00ea gostaria de criar m\u00e1quinas virtuais e gostaria de saber como. Mostraremos aqui como habilitar o Hyper-V no Windows 10.\" \/>\n<meta property=\"og:url\" content=\"https:\/\/ravel.com.br\/blog\/como-habilitar-o-hyper-v-no-windows-10-pro-para-criar-maquinas-virtuais\/\" \/>\n<meta property=\"og:site_name\" content=\"Blog Tecnologia\" \/>\n<meta property=\"article:author\" content=\"https:\/\/www.facebook.com\/rfacavalcanti\" \/>\n<meta property=\"article:published_time\" content=\"2020-08-15T19:44:23+00:00\" \/>\n<meta property=\"article:modified_time\" content=\"2021-03-13T19:10:04+00:00\" \/>\n<meta property=\"og:image\" content=\"https:\/\/ravel.com.br\/blog\/wp-content\/uploads\/2020\/08\/Ravel-Cadeado.jpg\" \/>\n\t<meta property=\"og:image:width\" content=\"470\" \/>\n\t<meta property=\"og:image:height\" content=\"506\" \/>\n\t<meta property=\"og:image:type\" content=\"image\/jpeg\" \/>\n<meta name=\"author\" content=\"Rafael Cavalcanti\" \/>\n<meta name=\"twitter:card\" content=\"summary_large_image\" \/>\n<meta name=\"twitter:title\" content=\"Como habilitar Hyper-V - Blog Ravel\" \/>\n<meta name=\"twitter:description\" content=\"Voc\u00ea gostaria de criar m\u00e1quinas virtuais e gostaria de saber como. Mostraremos aqui como habilitar o Hyper-V no Windows 10.\" \/>\n<meta name=\"twitter:image\" content=\"https:\/\/ravel.com.br\/blog\/wp-content\/uploads\/2020\/08\/Ravel-Cadeado.jpg\" \/>\n<meta name=\"twitter:label1\" content=\"Escrito por\" \/>\n\t<meta name=\"twitter:data1\" content=\"Rafael Cavalcanti\" \/>\n\t<meta name=\"twitter:label2\" content=\"Est. tempo de leitura\" \/>\n\t<meta name=\"twitter:data2\" content=\"1 minuto\" \/>\n<script type=\"application\/ld+json\" class=\"yoast-schema-graph\">{\"@context\":\"https:\/\/schema.org\",\"@graph\":[{\"@type\":\"WebPage\",\"@id\":\"https:\/\/ravel.com.br\/blog\/como-habilitar-o-hyper-v-no-windows-10-pro-para-criar-maquinas-virtuais\/\",\"url\":\"https:\/\/ravel.com.br\/blog\/como-habilitar-o-hyper-v-no-windows-10-pro-para-criar-maquinas-virtuais\/\",\"name\":\"Como habilitar o Hyper-V no Windows 10 \u2013 Blog Tecnologia\",\"isPartOf\":{\"@id\":\"https:\/\/ravel.com.br\/blog\/#website\"},\"primaryImageOfPage\":{\"@id\":\"https:\/\/ravel.com.br\/blog\/como-habilitar-o-hyper-v-no-windows-10-pro-para-criar-maquinas-virtuais\/#primaryimage\"},\"image\":{\"@id\":\"https:\/\/ravel.com.br\/blog\/como-habilitar-o-hyper-v-no-windows-10-pro-para-criar-maquinas-virtuais\/#primaryimage\"},\"thumbnailUrl\":\"https:\/\/ravel.com.br\/blog\/wp-content\/uploads\/2020\/08\/Hyper-V.jpg\",\"datePublished\":\"2020-08-15T19:44:23+00:00\",\"dateModified\":\"2021-03-13T19:10:04+00:00\",\"author\":{\"@id\":\"https:\/\/ravel.com.br\/blog\/#\/schema\/person\/b7232fd8cbc733248be20397146351b5\"},\"description\":\"Voc\u00ea gostaria de criar m\u00e1quinas virtuais e gostaria de saber como. Mostraremos aqui como habilitar o Hyper-V no Windows 10.\",\"breadcrumb\":{\"@id\":\"https:\/\/ravel.com.br\/blog\/como-habilitar-o-hyper-v-no-windows-10-pro-para-criar-maquinas-virtuais\/#breadcrumb\"},\"inLanguage\":\"pt-BR\",\"potentialAction\":[{\"@type\":\"ReadAction\",\"target\":[\"https:\/\/ravel.com.br\/blog\/como-habilitar-o-hyper-v-no-windows-10-pro-para-criar-maquinas-virtuais\/\"]}]},{\"@type\":\"ImageObject\",\"inLanguage\":\"pt-BR\",\"@id\":\"https:\/\/ravel.com.br\/blog\/como-habilitar-o-hyper-v-no-windows-10-pro-para-criar-maquinas-virtuais\/#primaryimage\",\"url\":\"https:\/\/ravel.com.br\/blog\/wp-content\/uploads\/2020\/08\/Hyper-V.jpg\",\"contentUrl\":\"https:\/\/ravel.com.br\/blog\/wp-content\/uploads\/2020\/08\/Hyper-V.jpg\",\"width\":740,\"height\":400},{\"@type\":\"BreadcrumbList\",\"@id\":\"https:\/\/ravel.com.br\/blog\/como-habilitar-o-hyper-v-no-windows-10-pro-para-criar-maquinas-virtuais\/#breadcrumb\",\"itemListElement\":[{\"@type\":\"ListItem\",\"position\":1,\"name\":\"In\u00edcio\",\"item\":\"https:\/\/ravel.com.br\/blog\/\"},{\"@type\":\"ListItem\",\"position\":2,\"name\":\"Como habilitar o Hyper-V no Windows 10 Pro para criar m\u00e1quinas virtuais\"}]},{\"@type\":\"WebSite\",\"@id\":\"https:\/\/ravel.com.br\/blog\/#website\",\"url\":\"https:\/\/ravel.com.br\/blog\/\",\"name\":\"Blog Tecnologia\",\"description\":\"Dicas e Artigos sobre Tecnologia\",\"potentialAction\":[{\"@type\":\"SearchAction\",\"target\":{\"@type\":\"EntryPoint\",\"urlTemplate\":\"https:\/\/ravel.com.br\/blog\/?s={search_term_string}\"},\"query-input\":{\"@type\":\"PropertyValueSpecification\",\"valueRequired\":true,\"valueName\":\"search_term_string\"}}],\"inLanguage\":\"pt-BR\"},{\"@type\":\"Person\",\"@id\":\"https:\/\/ravel.com.br\/blog\/#\/schema\/person\/b7232fd8cbc733248be20397146351b5\",\"name\":\"Rafael Cavalcanti\",\"image\":{\"@type\":\"ImageObject\",\"inLanguage\":\"pt-BR\",\"@id\":\"https:\/\/ravel.com.br\/blog\/#\/schema\/person\/image\/\",\"url\":\"https:\/\/secure.gravatar.com\/avatar\/105729ea3de7db06ea8b47d018bc8489?s=96&d=mm&r=g\",\"contentUrl\":\"https:\/\/secure.gravatar.com\/avatar\/105729ea3de7db06ea8b47d018bc8489?s=96&d=mm&r=g\",\"caption\":\"Rafael Cavalcanti\"},\"description\":\"T\u00e9cnico S\u00eanior, formado em Inform\u00e1tica para Neg\u00f3cios pela FATEC. Atua em projetos de melhoria cont\u00ednua para os clientes, proporcionando o pleno funcionamento da estrutura, al\u00e9m de ser especialista em servidores. \u00c9 entusiasta de tecnologia, hardware e games.\",\"sameAs\":[\"https:\/\/www.facebook.com\/rfacavalcanti\",\"www.linkedin.com\/in\/rafael-cavalcanti\"],\"url\":\"https:\/\/ravel.com.br\/blog\/author\/rafael-cavalcanti\/\"}]}<\/script>\n<!-- \/ Yoast SEO plugin. -->","yoast_head_json":{"title":"Como habilitar o Hyper-V no Windows 10 \u2013 Blog Tecnologia","description":"Voc\u00ea gostaria de criar m\u00e1quinas virtuais e gostaria de saber como. Mostraremos aqui como habilitar o Hyper-V no Windows 10.","robots":{"index":"index","follow":"follow","max-snippet":"max-snippet:-1","max-image-preview":"max-image-preview:large","max-video-preview":"max-video-preview:-1"},"canonical":"https:\/\/ravel.com.br\/blog\/como-habilitar-o-hyper-v-no-windows-10-pro-para-criar-maquinas-virtuais\/","og_locale":"pt_BR","og_type":"article","og_title":"Como habilitar Hyper-V - Blog Ravel","og_description":"Voc\u00ea gostaria de criar m\u00e1quinas virtuais e gostaria de saber como. Mostraremos aqui como habilitar o Hyper-V no Windows 10.","og_url":"https:\/\/ravel.com.br\/blog\/como-habilitar-o-hyper-v-no-windows-10-pro-para-criar-maquinas-virtuais\/","og_site_name":"Blog Tecnologia","article_author":"https:\/\/www.facebook.com\/rfacavalcanti","article_published_time":"2020-08-15T19:44:23+00:00","article_modified_time":"2021-03-13T19:10:04+00:00","og_image":[{"width":470,"height":506,"url":"https:\/\/ravel.com.br\/blog\/wp-content\/uploads\/2020\/08\/Ravel-Cadeado.jpg","type":"image\/jpeg"}],"author":"Rafael Cavalcanti","twitter_card":"summary_large_image","twitter_title":"Como habilitar Hyper-V - Blog Ravel","twitter_description":"Voc\u00ea gostaria de criar m\u00e1quinas virtuais e gostaria de saber como. Mostraremos aqui como habilitar o Hyper-V no Windows 10.","twitter_image":"https:\/\/ravel.com.br\/blog\/wp-content\/uploads\/2020\/08\/Ravel-Cadeado.jpg","twitter_misc":{"Escrito por":"Rafael Cavalcanti","Est. tempo de leitura":"1 minuto"},"schema":{"@context":"https:\/\/schema.org","@graph":[{"@type":"WebPage","@id":"https:\/\/ravel.com.br\/blog\/como-habilitar-o-hyper-v-no-windows-10-pro-para-criar-maquinas-virtuais\/","url":"https:\/\/ravel.com.br\/blog\/como-habilitar-o-hyper-v-no-windows-10-pro-para-criar-maquinas-virtuais\/","name":"Como habilitar o Hyper-V no Windows 10 \u2013 Blog Tecnologia","isPartOf":{"@id":"https:\/\/ravel.com.br\/blog\/#website"},"primaryImageOfPage":{"@id":"https:\/\/ravel.com.br\/blog\/como-habilitar-o-hyper-v-no-windows-10-pro-para-criar-maquinas-virtuais\/#primaryimage"},"image":{"@id":"https:\/\/ravel.com.br\/blog\/como-habilitar-o-hyper-v-no-windows-10-pro-para-criar-maquinas-virtuais\/#primaryimage"},"thumbnailUrl":"https:\/\/ravel.com.br\/blog\/wp-content\/uploads\/2020\/08\/Hyper-V.jpg","datePublished":"2020-08-15T19:44:23+00:00","dateModified":"2021-03-13T19:10:04+00:00","author":{"@id":"https:\/\/ravel.com.br\/blog\/#\/schema\/person\/b7232fd8cbc733248be20397146351b5"},"description":"Voc\u00ea gostaria de criar m\u00e1quinas virtuais e gostaria de saber como. Mostraremos aqui como habilitar o Hyper-V no Windows 10.","breadcrumb":{"@id":"https:\/\/ravel.com.br\/blog\/como-habilitar-o-hyper-v-no-windows-10-pro-para-criar-maquinas-virtuais\/#breadcrumb"},"inLanguage":"pt-BR","potentialAction":[{"@type":"ReadAction","target":["https:\/\/ravel.com.br\/blog\/como-habilitar-o-hyper-v-no-windows-10-pro-para-criar-maquinas-virtuais\/"]}]},{"@type":"ImageObject","inLanguage":"pt-BR","@id":"https:\/\/ravel.com.br\/blog\/como-habilitar-o-hyper-v-no-windows-10-pro-para-criar-maquinas-virtuais\/#primaryimage","url":"https:\/\/ravel.com.br\/blog\/wp-content\/uploads\/2020\/08\/Hyper-V.jpg","contentUrl":"https:\/\/ravel.com.br\/blog\/wp-content\/uploads\/2020\/08\/Hyper-V.jpg","width":740,"height":400},{"@type":"BreadcrumbList","@id":"https:\/\/ravel.com.br\/blog\/como-habilitar-o-hyper-v-no-windows-10-pro-para-criar-maquinas-virtuais\/#breadcrumb","itemListElement":[{"@type":"ListItem","position":1,"name":"In\u00edcio","item":"https:\/\/ravel.com.br\/blog\/"},{"@type":"ListItem","position":2,"name":"Como habilitar o Hyper-V no Windows 10 Pro para criar m\u00e1quinas virtuais"}]},{"@type":"WebSite","@id":"https:\/\/ravel.com.br\/blog\/#website","url":"https:\/\/ravel.com.br\/blog\/","name":"Blog Tecnologia","description":"Dicas e Artigos sobre Tecnologia","potentialAction":[{"@type":"SearchAction","target":{"@type":"EntryPoint","urlTemplate":"https:\/\/ravel.com.br\/blog\/?s={search_term_string}"},"query-input":{"@type":"PropertyValueSpecification","valueRequired":true,"valueName":"search_term_string"}}],"inLanguage":"pt-BR"},{"@type":"Person","@id":"https:\/\/ravel.com.br\/blog\/#\/schema\/person\/b7232fd8cbc733248be20397146351b5","name":"Rafael Cavalcanti","image":{"@type":"ImageObject","inLanguage":"pt-BR","@id":"https:\/\/ravel.com.br\/blog\/#\/schema\/person\/image\/","url":"https:\/\/secure.gravatar.com\/avatar\/105729ea3de7db06ea8b47d018bc8489?s=96&d=mm&r=g","contentUrl":"https:\/\/secure.gravatar.com\/avatar\/105729ea3de7db06ea8b47d018bc8489?s=96&d=mm&r=g","caption":"Rafael Cavalcanti"},"description":"T\u00e9cnico S\u00eanior, formado em Inform\u00e1tica para Neg\u00f3cios pela FATEC. Atua em projetos de melhoria cont\u00ednua para os clientes, proporcionando o pleno funcionamento da estrutura, al\u00e9m de ser especialista em servidores. \u00c9 entusiasta de tecnologia, hardware e games.","sameAs":["https:\/\/www.facebook.com\/rfacavalcanti","www.linkedin.com\/in\/rafael-cavalcanti"],"url":"https:\/\/ravel.com.br\/blog\/author\/rafael-cavalcanti\/"}]}},"_links":{"self":[{"href":"https:\/\/ravel.com.br\/blog\/wp-json\/wp\/v2\/posts\/1833","targetHints":{"allow":["GET"]}}],"collection":[{"href":"https:\/\/ravel.com.br\/blog\/wp-json\/wp\/v2\/posts"}],"about":[{"href":"https:\/\/ravel.com.br\/blog\/wp-json\/wp\/v2\/types\/post"}],"author":[{"embeddable":true,"href":"https:\/\/ravel.com.br\/blog\/wp-json\/wp\/v2\/users\/8"}],"replies":[{"embeddable":true,"href":"https:\/\/ravel.com.br\/blog\/wp-json\/wp\/v2\/comments?post=1833"}],"version-history":[{"count":2,"href":"https:\/\/ravel.com.br\/blog\/wp-json\/wp\/v2\/posts\/1833\/revisions"}],"predecessor-version":[{"id":2413,"href":"https:\/\/ravel.com.br\/blog\/wp-json\/wp\/v2\/posts\/1833\/revisions\/2413"}],"wp:featuredmedia":[{"embeddable":true,"href":"https:\/\/ravel.com.br\/blog\/wp-json\/wp\/v2\/media\/1842"}],"wp:attachment":[{"href":"https:\/\/ravel.com.br\/blog\/wp-json\/wp\/v2\/media?parent=1833"}],"wp:term":[{"taxonomy":"category","embeddable":true,"href":"https:\/\/ravel.com.br\/blog\/wp-json\/wp\/v2\/categories?post=1833"},{"taxonomy":"post_tag","embeddable":true,"href":"https:\/\/ravel.com.br\/blog\/wp-json\/wp\/v2\/tags?post=1833"}],"curies":[{"name":"wp","href":"https:\/\/api.w.org\/{rel}","templated":true}]}}