{"id":1881,"date":"2020-08-20T19:13:47","date_gmt":"2020-08-20T22:13:47","guid":{"rendered":"https:\/\/ravel.com.br\/blog\/?p=1881"},"modified":"2021-06-05T18:46:30","modified_gmt":"2021-06-05T21:46:30","slug":"escolher-pastas-de-conta-imap-aparecem-no-outlook","status":"publish","type":"post","link":"https:\/\/ravel.com.br\/blog\/escolher-pastas-de-conta-imap-aparecem-no-outlook\/","title":{"rendered":"Escolher pastas de conta IMAP aparecem no Outlook"},"content":{"rendered":"\n<p>As vezes ao configurar um e-mail do tipo IMAP nem todas as pastas s\u00e3o sincronizadas no Outlook ou n\u00e3o queremos visualizar todas as pastas existentes na caixa de e-mail, caso um desses cen\u00e1rios aconte\u00e7a basta realizar o processo informado abaixo.<\/p>\n\n\n\n<ul class=\"wp-block-list\"><li>1 \u2013 Acessar o Outlook e na guia \u201c<strong>Pasta<\/strong>\u201d clicar em \u201cPastas IMAP\u201d;<\/li><\/ul>\n\n\n\n<div class=\"wp-block-image\"><figure class=\"aligncenter size-large\"><img loading=\"lazy\" decoding=\"async\" width=\"569\" height=\"152\" src=\"https:\/\/ravel.com.br\/blog\/wp-content\/uploads\/2020\/08\/image-57.png\" alt=\"\" class=\"wp-image-1882\" srcset=\"https:\/\/ravel.com.br\/blog\/wp-content\/uploads\/2020\/08\/image-57.png 569w, https:\/\/ravel.com.br\/blog\/wp-content\/uploads\/2020\/08\/image-57-300x80.png 300w\" sizes=\"(max-width: 569px) 100vw, 569px\" \/><\/figure><\/div>\n\n\n\n<ul class=\"wp-block-list\"><li>Clicar em consulta para pesquisar as pastas;<\/li><\/ul>\n\n\n\n<div class=\"wp-block-image\"><figure class=\"aligncenter size-large\"><img loading=\"lazy\" decoding=\"async\" width=\"495\" height=\"265\" src=\"https:\/\/ravel.com.br\/blog\/wp-content\/uploads\/2020\/08\/image-58.png\" alt=\"Escolher pastas de conta IMAP aparecem no Outlook\" class=\"wp-image-1883\" srcset=\"https:\/\/ravel.com.br\/blog\/wp-content\/uploads\/2020\/08\/image-58.png 495w, https:\/\/ravel.com.br\/blog\/wp-content\/uploads\/2020\/08\/image-58-300x161.png 300w\" sizes=\"(max-width: 495px) 100vw, 495px\" \/><\/figure><\/div>\n\n\n\n<ul class=\"wp-block-list\"><li>Clicar em <strong>assinar<\/strong> para adicionar ao Outlook ou <strong>cancelar a assinatura<\/strong> para remove-la. Posteriormente basta clicar em Aplica e OK para fechar esta janela.<\/li><\/ul>\n\n\n\n<div class=\"wp-block-image\"><figure class=\"aligncenter size-large\"><img loading=\"lazy\" decoding=\"async\" width=\"510\" height=\"279\" src=\"https:\/\/ravel.com.br\/blog\/wp-content\/uploads\/2020\/08\/image-59.png\" alt=\"\" class=\"wp-image-1884\" srcset=\"https:\/\/ravel.com.br\/blog\/wp-content\/uploads\/2020\/08\/image-59.png 510w, https:\/\/ravel.com.br\/blog\/wp-content\/uploads\/2020\/08\/image-59-300x164.png 300w\" sizes=\"(max-width: 510px) 100vw, 510px\" \/><\/figure><\/div>\n\n\n\n<p>Desta forma voc\u00ea vai escolher quais pastas da sua conta IMAP ir\u00e3o aparecer no Outlook.<\/p>\n\n\n\n<figure class=\"wp-block-image size-large\"><a href=\"https:\/\/ravel.com.br\/seguranca-da-informacao\" target=\"_blank\" rel=\"noopener noreferrer\"><img loading=\"lazy\" decoding=\"async\" width=\"1024\" height=\"133\" src=\"https:\/\/ravel.com.br\/blog\/wp-content\/uploads\/2021\/01\/CTA7-2-1024x133.png\" alt=\"\" class=\"wp-image-2313\" srcset=\"https:\/\/ravel.com.br\/blog\/wp-content\/uploads\/2021\/01\/CTA7-2-1024x133.png 1024w, https:\/\/ravel.com.br\/blog\/wp-content\/uploads\/2021\/01\/CTA7-2-300x39.png 300w, https:\/\/ravel.com.br\/blog\/wp-content\/uploads\/2021\/01\/CTA7-2-768x100.png 768w, https:\/\/ravel.com.br\/blog\/wp-content\/uploads\/2021\/01\/CTA7-2-1536x199.png 1536w, https:\/\/ravel.com.br\/blog\/wp-content\/uploads\/2021\/01\/CTA7-2-2048x266.png 2048w, https:\/\/ravel.com.br\/blog\/wp-content\/uploads\/2021\/01\/CTA7-2-610x79.png 610w, https:\/\/ravel.com.br\/blog\/wp-content\/uploads\/2021\/01\/CTA7-2-1080x140.png 1080w\" sizes=\"(max-width: 1024px) 100vw, 1024px\" \/><\/a><\/figure>\n\n\n\n<p>Para mais dicas sobre o Outlook, acesse: <a href=\"https:\/\/ravel.com.br\/blog\/category\/dicas\/outlook\/\" target=\"_blank\" aria-label=\"undefined (opens in a new tab)\" rel=\"noreferrer noopener\">https:\/\/ravel.com.br\/blog\/category\/dicas\/outlook\/<\/a><\/p>\n","protected":false},"excerpt":{"rendered":"<p>Se quer escolher quais pastas IMAP ir\u00e3o aparecer no seu Outlook acesse este artigo<\/p>\n","protected":false},"author":21,"featured_media":1886,"comment_status":"open","ping_status":"open","sticky":false,"template":"","format":"standard","meta":{"_et_pb_use_builder":"","_et_pb_old_content":"","_et_gb_content_width":"","footnotes":""},"categories":[60,83],"tags":[],"class_list":["post-1881","post","type-post","status-publish","format-standard","has-post-thumbnail","hentry","category-dicas","category-office","et-has-post-format-content","et_post_format-et-post-format-standard"],"yoast_head":"<!-- This site is optimized with the Yoast SEO plugin v24.1 - https:\/\/yoast.com\/wordpress\/plugins\/seo\/ -->\n<title>Escolher pastas de conta IMAP aparecem no Outlook<\/title>\n<meta name=\"description\" content=\"Se quer escolher quais pastas IMAP ir\u00e3o aparecer no seu Outlook acesse este artigo\" \/>\n<meta name=\"robots\" content=\"index, follow, max-snippet:-1, max-image-preview:large, max-video-preview:-1\" \/>\n<link rel=\"canonical\" href=\"https:\/\/ravel.com.br\/blog\/escolher-pastas-de-conta-imap-aparecem-no-outlook\/\" \/>\n<meta property=\"og:locale\" content=\"pt_BR\" \/>\n<meta property=\"og:type\" content=\"article\" \/>\n<meta property=\"og:title\" content=\"Escolher pastas de conta IMAP aparecem no Outlook\" \/>\n<meta property=\"og:description\" content=\"Se quer escolher quais pastas IMAP ir\u00e3o aparecer no seu Outlook acesse este artigo\" \/>\n<meta property=\"og:url\" content=\"https:\/\/ravel.com.br\/blog\/escolher-pastas-de-conta-imap-aparecem-no-outlook\/\" \/>\n<meta property=\"og:site_name\" content=\"Blog Tecnologia\" \/>\n<meta property=\"article:published_time\" content=\"2020-08-20T22:13:47+00:00\" \/>\n<meta property=\"article:modified_time\" content=\"2021-06-05T21:46:30+00:00\" \/>\n<meta property=\"og:image\" content=\"https:\/\/ravel.com.br\/blog\/wp-content\/uploads\/2020\/08\/Ravel-Cadeado.jpg\" \/>\n\t<meta property=\"og:image:width\" content=\"470\" \/>\n\t<meta property=\"og:image:height\" content=\"506\" \/>\n\t<meta property=\"og:image:type\" content=\"image\/jpeg\" \/>\n<meta name=\"author\" content=\"Wender Alves Valentim\" \/>\n<meta name=\"twitter:card\" content=\"summary_large_image\" \/>\n<meta name=\"twitter:title\" content=\"Escolher pastas de conta IMAP aparecem no Outlook\" \/>\n<meta name=\"twitter:description\" content=\"Se quer escolher quais pastas IMAP ir\u00e3o aparecer no seu Outlook acesse este artigo\" \/>\n<meta name=\"twitter:image\" content=\"https:\/\/ravel.com.br\/blog\/wp-content\/uploads\/2020\/08\/Ravel-Cadeado.jpg\" \/>\n<meta name=\"twitter:label1\" content=\"Escrito por\" \/>\n\t<meta name=\"twitter:data1\" content=\"Wender Alves Valentim\" \/>\n\t<meta name=\"twitter:label2\" content=\"Est. tempo de leitura\" \/>\n\t<meta name=\"twitter:data2\" content=\"1 minuto\" \/>\n<script type=\"application\/ld+json\" class=\"yoast-schema-graph\">{\"@context\":\"https:\/\/schema.org\",\"@graph\":[{\"@type\":\"WebPage\",\"@id\":\"https:\/\/ravel.com.br\/blog\/escolher-pastas-de-conta-imap-aparecem-no-outlook\/\",\"url\":\"https:\/\/ravel.com.br\/blog\/escolher-pastas-de-conta-imap-aparecem-no-outlook\/\",\"name\":\"Escolher pastas de conta IMAP aparecem no Outlook\",\"isPartOf\":{\"@id\":\"https:\/\/ravel.com.br\/blog\/#website\"},\"primaryImageOfPage\":{\"@id\":\"https:\/\/ravel.com.br\/blog\/escolher-pastas-de-conta-imap-aparecem-no-outlook\/#primaryimage\"},\"image\":{\"@id\":\"https:\/\/ravel.com.br\/blog\/escolher-pastas-de-conta-imap-aparecem-no-outlook\/#primaryimage\"},\"thumbnailUrl\":\"https:\/\/ravel.com.br\/blog\/wp-content\/uploads\/2020\/08\/imap.jpg\",\"datePublished\":\"2020-08-20T22:13:47+00:00\",\"dateModified\":\"2021-06-05T21:46:30+00:00\",\"author\":{\"@id\":\"https:\/\/ravel.com.br\/blog\/#\/schema\/person\/c6c4fccd22816888d79b83a9a550cf7a\"},\"description\":\"Se quer escolher quais pastas IMAP ir\u00e3o aparecer no seu Outlook acesse este artigo\",\"breadcrumb\":{\"@id\":\"https:\/\/ravel.com.br\/blog\/escolher-pastas-de-conta-imap-aparecem-no-outlook\/#breadcrumb\"},\"inLanguage\":\"pt-BR\",\"potentialAction\":[{\"@type\":\"ReadAction\",\"target\":[\"https:\/\/ravel.com.br\/blog\/escolher-pastas-de-conta-imap-aparecem-no-outlook\/\"]}]},{\"@type\":\"ImageObject\",\"inLanguage\":\"pt-BR\",\"@id\":\"https:\/\/ravel.com.br\/blog\/escolher-pastas-de-conta-imap-aparecem-no-outlook\/#primaryimage\",\"url\":\"https:\/\/ravel.com.br\/blog\/wp-content\/uploads\/2020\/08\/imap.jpg\",\"contentUrl\":\"https:\/\/ravel.com.br\/blog\/wp-content\/uploads\/2020\/08\/imap.jpg\",\"width\":709,\"height\":350},{\"@type\":\"BreadcrumbList\",\"@id\":\"https:\/\/ravel.com.br\/blog\/escolher-pastas-de-conta-imap-aparecem-no-outlook\/#breadcrumb\",\"itemListElement\":[{\"@type\":\"ListItem\",\"position\":1,\"name\":\"In\u00edcio\",\"item\":\"https:\/\/ravel.com.br\/blog\/\"},{\"@type\":\"ListItem\",\"position\":2,\"name\":\"Escolher pastas de conta IMAP aparecem no Outlook\"}]},{\"@type\":\"WebSite\",\"@id\":\"https:\/\/ravel.com.br\/blog\/#website\",\"url\":\"https:\/\/ravel.com.br\/blog\/\",\"name\":\"Blog Tecnologia\",\"description\":\"Dicas e Artigos sobre Tecnologia\",\"potentialAction\":[{\"@type\":\"SearchAction\",\"target\":{\"@type\":\"EntryPoint\",\"urlTemplate\":\"https:\/\/ravel.com.br\/blog\/?s={search_term_string}\"},\"query-input\":{\"@type\":\"PropertyValueSpecification\",\"valueRequired\":true,\"valueName\":\"search_term_string\"}}],\"inLanguage\":\"pt-BR\"},{\"@type\":\"Person\",\"@id\":\"https:\/\/ravel.com.br\/blog\/#\/schema\/person\/c6c4fccd22816888d79b83a9a550cf7a\",\"name\":\"Wender Alves Valentim\",\"image\":{\"@type\":\"ImageObject\",\"inLanguage\":\"pt-BR\",\"@id\":\"https:\/\/ravel.com.br\/blog\/#\/schema\/person\/image\/\",\"url\":\"https:\/\/secure.gravatar.com\/avatar\/998521825289062d55f729e6e601a6b8?s=96&d=mm&r=g\",\"contentUrl\":\"https:\/\/secure.gravatar.com\/avatar\/998521825289062d55f729e6e601a6b8?s=96&d=mm&r=g\",\"caption\":\"Wender Alves Valentim\"},\"description\":\"Adora tecnologia, formado em an\u00e1lise e desenvolvimento de sistema. Atua no NOC gerenciando o backup e procurando proporcionar o m\u00e1ximo de seguran\u00e7a. Adora se encontrar com os amigos, jogar v\u00eddeo game, assistir animes, filmes e s\u00e9ries e principalmente viajar!\",\"url\":\"https:\/\/ravel.com.br\/blog\/author\/wender-alves-valentim\/\"}]}<\/script>\n<!-- \/ Yoast SEO plugin. -->","yoast_head_json":{"title":"Escolher pastas de conta IMAP aparecem no Outlook","description":"Se quer escolher quais pastas IMAP ir\u00e3o aparecer no seu Outlook acesse este artigo","robots":{"index":"index","follow":"follow","max-snippet":"max-snippet:-1","max-image-preview":"max-image-preview:large","max-video-preview":"max-video-preview:-1"},"canonical":"https:\/\/ravel.com.br\/blog\/escolher-pastas-de-conta-imap-aparecem-no-outlook\/","og_locale":"pt_BR","og_type":"article","og_title":"Escolher pastas de conta IMAP aparecem no Outlook","og_description":"Se quer escolher quais pastas IMAP ir\u00e3o aparecer no seu Outlook acesse este artigo","og_url":"https:\/\/ravel.com.br\/blog\/escolher-pastas-de-conta-imap-aparecem-no-outlook\/","og_site_name":"Blog Tecnologia","article_published_time":"2020-08-20T22:13:47+00:00","article_modified_time":"2021-06-05T21:46:30+00:00","og_image":[{"width":470,"height":506,"url":"https:\/\/ravel.com.br\/blog\/wp-content\/uploads\/2020\/08\/Ravel-Cadeado.jpg","type":"image\/jpeg"}],"author":"Wender Alves Valentim","twitter_card":"summary_large_image","twitter_title":"Escolher pastas de conta IMAP aparecem no Outlook","twitter_description":"Se quer escolher quais pastas IMAP ir\u00e3o aparecer no seu Outlook acesse este artigo","twitter_image":"https:\/\/ravel.com.br\/blog\/wp-content\/uploads\/2020\/08\/Ravel-Cadeado.jpg","twitter_misc":{"Escrito por":"Wender Alves Valentim","Est. tempo de leitura":"1 minuto"},"schema":{"@context":"https:\/\/schema.org","@graph":[{"@type":"WebPage","@id":"https:\/\/ravel.com.br\/blog\/escolher-pastas-de-conta-imap-aparecem-no-outlook\/","url":"https:\/\/ravel.com.br\/blog\/escolher-pastas-de-conta-imap-aparecem-no-outlook\/","name":"Escolher pastas de conta IMAP aparecem no Outlook","isPartOf":{"@id":"https:\/\/ravel.com.br\/blog\/#website"},"primaryImageOfPage":{"@id":"https:\/\/ravel.com.br\/blog\/escolher-pastas-de-conta-imap-aparecem-no-outlook\/#primaryimage"},"image":{"@id":"https:\/\/ravel.com.br\/blog\/escolher-pastas-de-conta-imap-aparecem-no-outlook\/#primaryimage"},"thumbnailUrl":"https:\/\/ravel.com.br\/blog\/wp-content\/uploads\/2020\/08\/imap.jpg","datePublished":"2020-08-20T22:13:47+00:00","dateModified":"2021-06-05T21:46:30+00:00","author":{"@id":"https:\/\/ravel.com.br\/blog\/#\/schema\/person\/c6c4fccd22816888d79b83a9a550cf7a"},"description":"Se quer escolher quais pastas IMAP ir\u00e3o aparecer no seu Outlook acesse este artigo","breadcrumb":{"@id":"https:\/\/ravel.com.br\/blog\/escolher-pastas-de-conta-imap-aparecem-no-outlook\/#breadcrumb"},"inLanguage":"pt-BR","potentialAction":[{"@type":"ReadAction","target":["https:\/\/ravel.com.br\/blog\/escolher-pastas-de-conta-imap-aparecem-no-outlook\/"]}]},{"@type":"ImageObject","inLanguage":"pt-BR","@id":"https:\/\/ravel.com.br\/blog\/escolher-pastas-de-conta-imap-aparecem-no-outlook\/#primaryimage","url":"https:\/\/ravel.com.br\/blog\/wp-content\/uploads\/2020\/08\/imap.jpg","contentUrl":"https:\/\/ravel.com.br\/blog\/wp-content\/uploads\/2020\/08\/imap.jpg","width":709,"height":350},{"@type":"BreadcrumbList","@id":"https:\/\/ravel.com.br\/blog\/escolher-pastas-de-conta-imap-aparecem-no-outlook\/#breadcrumb","itemListElement":[{"@type":"ListItem","position":1,"name":"In\u00edcio","item":"https:\/\/ravel.com.br\/blog\/"},{"@type":"ListItem","position":2,"name":"Escolher pastas de conta IMAP aparecem no Outlook"}]},{"@type":"WebSite","@id":"https:\/\/ravel.com.br\/blog\/#website","url":"https:\/\/ravel.com.br\/blog\/","name":"Blog Tecnologia","description":"Dicas e Artigos sobre Tecnologia","potentialAction":[{"@type":"SearchAction","target":{"@type":"EntryPoint","urlTemplate":"https:\/\/ravel.com.br\/blog\/?s={search_term_string}"},"query-input":{"@type":"PropertyValueSpecification","valueRequired":true,"valueName":"search_term_string"}}],"inLanguage":"pt-BR"},{"@type":"Person","@id":"https:\/\/ravel.com.br\/blog\/#\/schema\/person\/c6c4fccd22816888d79b83a9a550cf7a","name":"Wender Alves Valentim","image":{"@type":"ImageObject","inLanguage":"pt-BR","@id":"https:\/\/ravel.com.br\/blog\/#\/schema\/person\/image\/","url":"https:\/\/secure.gravatar.com\/avatar\/998521825289062d55f729e6e601a6b8?s=96&d=mm&r=g","contentUrl":"https:\/\/secure.gravatar.com\/avatar\/998521825289062d55f729e6e601a6b8?s=96&d=mm&r=g","caption":"Wender Alves Valentim"},"description":"Adora tecnologia, formado em an\u00e1lise e desenvolvimento de sistema. Atua no NOC gerenciando o backup e procurando proporcionar o m\u00e1ximo de seguran\u00e7a. Adora se encontrar com os amigos, jogar v\u00eddeo game, assistir animes, filmes e s\u00e9ries e principalmente viajar!","url":"https:\/\/ravel.com.br\/blog\/author\/wender-alves-valentim\/"}]}},"_links":{"self":[{"href":"https:\/\/ravel.com.br\/blog\/wp-json\/wp\/v2\/posts\/1881","targetHints":{"allow":["GET"]}}],"collection":[{"href":"https:\/\/ravel.com.br\/blog\/wp-json\/wp\/v2\/posts"}],"about":[{"href":"https:\/\/ravel.com.br\/blog\/wp-json\/wp\/v2\/types\/post"}],"author":[{"embeddable":true,"href":"https:\/\/ravel.com.br\/blog\/wp-json\/wp\/v2\/users\/21"}],"replies":[{"embeddable":true,"href":"https:\/\/ravel.com.br\/blog\/wp-json\/wp\/v2\/comments?post=1881"}],"version-history":[{"count":2,"href":"https:\/\/ravel.com.br\/blog\/wp-json\/wp\/v2\/posts\/1881\/revisions"}],"predecessor-version":[{"id":2416,"href":"https:\/\/ravel.com.br\/blog\/wp-json\/wp\/v2\/posts\/1881\/revisions\/2416"}],"wp:featuredmedia":[{"embeddable":true,"href":"https:\/\/ravel.com.br\/blog\/wp-json\/wp\/v2\/media\/1886"}],"wp:attachment":[{"href":"https:\/\/ravel.com.br\/blog\/wp-json\/wp\/v2\/media?parent=1881"}],"wp:term":[{"taxonomy":"category","embeddable":true,"href":"https:\/\/ravel.com.br\/blog\/wp-json\/wp\/v2\/categories?post=1881"},{"taxonomy":"post_tag","embeddable":true,"href":"https:\/\/ravel.com.br\/blog\/wp-json\/wp\/v2\/tags?post=1881"}],"curies":[{"name":"wp","href":"https:\/\/api.w.org\/{rel}","templated":true}]}}