{"id":1962,"date":"2020-08-24T17:25:52","date_gmt":"2020-08-24T20:25:52","guid":{"rendered":"https:\/\/ravel.com.br\/blog\/?p=1962"},"modified":"2022-01-26T08:18:00","modified_gmt":"2022-01-26T11:18:00","slug":"como-visualizar-o-tamanho-das-pastas-no-outlook","status":"publish","type":"post","link":"https:\/\/ravel.com.br\/blog\/como-visualizar-o-tamanho-das-pastas-no-outlook\/","title":{"rendered":"Como visualizar o tamanho das pastas no Outlook"},"content":{"rendered":"\n<p>Possa ser que em algum momento nos deparemos com a caixa de e-mail cheia e isso impossibilidade que enviemos e recebemos e-mails. Existem pessoas que apagam seus e-mails constantemente e outras que n\u00e3o, pois precisam arquiv\u00e1-los ou n\u00e3o podem perd\u00ea-los. Afim de n\u00e3o deixarmos isso acontecer ou at\u00e9 mesmo monitorarmos quais pastas est\u00e3o ocupando mais espa\u00e7o, podemos mostraremos como visualizar o tamanho das pastas no Outlook, seja conta POP, IMAP ou Exchange.<\/p>\n\n\n\n<ul class=\"wp-block-list\"><li>Abra o Outlook;<\/li><li>Clique em sua caixa de entrada;<\/li><\/ul>\n\n\n\n<div class=\"wp-block-image\"><figure class=\"aligncenter size-large\"><img loading=\"lazy\" decoding=\"async\" width=\"567\" height=\"187\" src=\"https:\/\/ravel.com.br\/blog\/wp-content\/uploads\/2020\/08\/image-100.png\" alt=\"\" class=\"wp-image-1963\" srcset=\"https:\/\/ravel.com.br\/blog\/wp-content\/uploads\/2020\/08\/image-100.png 567w, https:\/\/ravel.com.br\/blog\/wp-content\/uploads\/2020\/08\/image-100-300x99.png 300w\" sizes=\"(max-width: 567px) 100vw, 567px\" \/><\/figure><\/div>\n\n\n\n<ul class=\"wp-block-list\"><li>Clique em seguida na aba \u201cPasta\u201d que fica no canto superior da janela e depois em \u201cPropriedades da Pasta\u201d;<\/li><\/ul>\n\n\n\n<div class=\"wp-block-image\"><figure class=\"aligncenter size-large\"><img loading=\"lazy\" decoding=\"async\" width=\"567\" height=\"60\" src=\"https:\/\/ravel.com.br\/blog\/wp-content\/uploads\/2020\/08\/image-101.png\" alt=\"\" class=\"wp-image-1964\" srcset=\"https:\/\/ravel.com.br\/blog\/wp-content\/uploads\/2020\/08\/image-101.png 567w, https:\/\/ravel.com.br\/blog\/wp-content\/uploads\/2020\/08\/image-101-300x32.png 300w\" sizes=\"(max-width: 567px) 100vw, 567px\" \/><\/figure><\/div>\n\n\n\n<ul class=\"wp-block-list\"><li>Depois clique em \u201cTamanho da Pasta\u201d;<\/li><\/ul>\n\n\n\n<div class=\"wp-block-image\"><figure class=\"aligncenter size-large\"><img loading=\"lazy\" decoding=\"async\" width=\"307\" height=\"357\" src=\"https:\/\/ravel.com.br\/blog\/wp-content\/uploads\/2020\/08\/image-103.png\" alt=\"Como visualizar o tamanho das pastas no Outlook\" class=\"wp-image-1966\" srcset=\"https:\/\/ravel.com.br\/blog\/wp-content\/uploads\/2020\/08\/image-103.png 307w, https:\/\/ravel.com.br\/blog\/wp-content\/uploads\/2020\/08\/image-103-258x300.png 258w\" sizes=\"(max-width: 307px) 100vw, 307px\" \/><\/figure><\/div>\n\n\n\n<ul class=\"wp-block-list\"><li>Por fim, abrir\u00e1 uma janela com as informa\u00e7\u00f5es de cada pasta, onde voc\u00ea conseguir\u00e1 verificar o tamanho exato que cada pasta est\u00e1 consumindo de espa\u00e7o em seu e-mail.<\/li><\/ul>\n\n\n\n<p>As medidas informadas, s\u00e3o em kilobytes (KB), portanto para converter em megabytes (MB), utilize o link abaixo ou pesquise no Google um de sua prefer\u00eancia.<\/p>\n\n\n\n<figure class=\"wp-block-image size-large\"><a href=\"https:\/\/ravel.com.br\/seguranca-da-informacao\" target=\"_blank\" rel=\"noopener noreferrer\"><img loading=\"lazy\" decoding=\"async\" width=\"1024\" height=\"133\" src=\"https:\/\/ravel.com.br\/blog\/wp-content\/uploads\/2021\/01\/CTA7-2-1024x133.png\" alt=\"\" class=\"wp-image-2313\" srcset=\"https:\/\/ravel.com.br\/blog\/wp-content\/uploads\/2021\/01\/CTA7-2-1024x133.png 1024w, https:\/\/ravel.com.br\/blog\/wp-content\/uploads\/2021\/01\/CTA7-2-300x39.png 300w, https:\/\/ravel.com.br\/blog\/wp-content\/uploads\/2021\/01\/CTA7-2-768x100.png 768w, https:\/\/ravel.com.br\/blog\/wp-content\/uploads\/2021\/01\/CTA7-2-1536x199.png 1536w, https:\/\/ravel.com.br\/blog\/wp-content\/uploads\/2021\/01\/CTA7-2-2048x266.png 2048w, https:\/\/ravel.com.br\/blog\/wp-content\/uploads\/2021\/01\/CTA7-2-610x79.png 610w, https:\/\/ravel.com.br\/blog\/wp-content\/uploads\/2021\/01\/CTA7-2-1080x140.png 1080w\" sizes=\"(max-width: 1024px) 100vw, 1024px\" \/><\/a><\/figure>\n\n\n\n<p>Desta forma, voc\u00ea viu como visualizar o tamanho das pastas no Outlook.<\/p>\n\n\n\n<p>Link: <a href=\"https:\/\/convertlive.com\/pt\/u\/converter\/quilobytes\/em\/megabytes\">https:\/\/convertlive.com\/pt\/u\/converter\/quilobytes\/em\/megabytes<\/a><\/p>\n\n\n\n<p>E para mais dicas sobre o Oulook, acesse: <a href=\"https:\/\/ravel.com.br\/blog\/category\/dicas\/outlook\/\" target=\"_blank\" aria-label=\"undefined (opens in a new tab)\" rel=\"noreferrer noopener\">https:\/\/ravel.com.br\/blog\/category\/dicas\/outlook\/<\/a><\/p>\n","protected":false},"excerpt":{"rendered":"<p>Caso queira ver quais pastas do seu email est\u00e3o ocupando mais espa\u00e7o, podemos visualizar o tamanho das pastas no Outlook, seja conta POP, IMAP ou Exchange<\/p>\n","protected":false},"author":34,"featured_media":1968,"comment_status":"open","ping_status":"open","sticky":false,"template":"","format":"standard","meta":{"_et_pb_use_builder":"","_et_pb_old_content":"","_et_gb_content_width":"","footnotes":""},"categories":[60,83],"tags":[],"class_list":["post-1962","post","type-post","status-publish","format-standard","has-post-thumbnail","hentry","category-dicas","category-office","et-has-post-format-content","et_post_format-et-post-format-standard"],"yoast_head":"<!-- This site is optimized with the Yoast SEO plugin v24.1 - https:\/\/yoast.com\/wordpress\/plugins\/seo\/ -->\n<title>Como visualizar o tamanho das pastas no Outlook<\/title>\n<meta name=\"description\" content=\"Caso queira ver quais pastas do seu email est\u00e3o ocupando mais espa\u00e7o, podemos visualizar o tamanho das pastas no Outlook, seja conta POP, IMAP ou Exchange\" \/>\n<meta name=\"robots\" content=\"index, follow, max-snippet:-1, max-image-preview:large, max-video-preview:-1\" \/>\n<link rel=\"canonical\" href=\"https:\/\/ravel.com.br\/blog\/como-visualizar-o-tamanho-das-pastas-no-outlook\/\" \/>\n<meta property=\"og:locale\" content=\"pt_BR\" \/>\n<meta property=\"og:type\" content=\"article\" \/>\n<meta property=\"og:title\" content=\"Como visualizar o tamanho das pastas no Outlook\" \/>\n<meta property=\"og:description\" content=\"Caso queira ver quais pastas do seu email est\u00e3o ocupando mais espa\u00e7o, podemos visualizar o tamanho das pastas no Outlook, seja conta POP, IMAP ou Exchange\" \/>\n<meta property=\"og:url\" content=\"https:\/\/ravel.com.br\/blog\/como-visualizar-o-tamanho-das-pastas-no-outlook\/\" \/>\n<meta property=\"og:site_name\" content=\"Blog Tecnologia\" \/>\n<meta property=\"article:published_time\" content=\"2020-08-24T20:25:52+00:00\" \/>\n<meta property=\"article:modified_time\" content=\"2022-01-26T11:18:00+00:00\" \/>\n<meta property=\"og:image\" content=\"https:\/\/ravel.com.br\/blog\/wp-content\/uploads\/2020\/08\/Ravel-Cadeado.jpg\" \/>\n\t<meta property=\"og:image:width\" content=\"470\" \/>\n\t<meta property=\"og:image:height\" content=\"506\" \/>\n\t<meta property=\"og:image:type\" content=\"image\/jpeg\" \/>\n<meta name=\"author\" content=\"Ravel Tecnologia\" \/>\n<meta name=\"twitter:card\" content=\"summary_large_image\" \/>\n<meta name=\"twitter:title\" content=\"Como visualizar o tamanho das pastas no Outlook\" \/>\n<meta name=\"twitter:description\" content=\"Caso queira ver quais pastas do seu email est\u00e3o ocupando mais espa\u00e7o, podemos visualizar o tamanho das pastas no Outlook, seja conta POP, IMAP ou Exchange\" \/>\n<meta name=\"twitter:image\" content=\"https:\/\/ravel.com.br\/blog\/wp-content\/uploads\/2020\/08\/Ravel-Cadeado.jpg\" \/>\n<meta name=\"twitter:label1\" content=\"Escrito por\" \/>\n\t<meta name=\"twitter:data1\" content=\"Ravel Tecnologia\" \/>\n\t<meta name=\"twitter:label2\" content=\"Est. tempo de leitura\" \/>\n\t<meta name=\"twitter:data2\" content=\"1 minuto\" \/>\n<script type=\"application\/ld+json\" class=\"yoast-schema-graph\">{\"@context\":\"https:\/\/schema.org\",\"@graph\":[{\"@type\":\"WebPage\",\"@id\":\"https:\/\/ravel.com.br\/blog\/como-visualizar-o-tamanho-das-pastas-no-outlook\/\",\"url\":\"https:\/\/ravel.com.br\/blog\/como-visualizar-o-tamanho-das-pastas-no-outlook\/\",\"name\":\"Como visualizar o tamanho das pastas no Outlook\",\"isPartOf\":{\"@id\":\"https:\/\/ravel.com.br\/blog\/#website\"},\"primaryImageOfPage\":{\"@id\":\"https:\/\/ravel.com.br\/blog\/como-visualizar-o-tamanho-das-pastas-no-outlook\/#primaryimage\"},\"image\":{\"@id\":\"https:\/\/ravel.com.br\/blog\/como-visualizar-o-tamanho-das-pastas-no-outlook\/#primaryimage\"},\"thumbnailUrl\":\"https:\/\/ravel.com.br\/blog\/wp-content\/uploads\/2020\/08\/tamanho-pastas.jpg\",\"datePublished\":\"2020-08-24T20:25:52+00:00\",\"dateModified\":\"2022-01-26T11:18:00+00:00\",\"author\":{\"@id\":\"https:\/\/ravel.com.br\/blog\/#\/schema\/person\/77a79ccf728fc4a376654c3546e919f5\"},\"description\":\"Caso queira ver quais pastas do seu email est\u00e3o ocupando mais espa\u00e7o, podemos visualizar o tamanho das pastas no Outlook, seja conta POP, IMAP ou Exchange\",\"breadcrumb\":{\"@id\":\"https:\/\/ravel.com.br\/blog\/como-visualizar-o-tamanho-das-pastas-no-outlook\/#breadcrumb\"},\"inLanguage\":\"pt-BR\",\"potentialAction\":[{\"@type\":\"ReadAction\",\"target\":[\"https:\/\/ravel.com.br\/blog\/como-visualizar-o-tamanho-das-pastas-no-outlook\/\"]}]},{\"@type\":\"ImageObject\",\"inLanguage\":\"pt-BR\",\"@id\":\"https:\/\/ravel.com.br\/blog\/como-visualizar-o-tamanho-das-pastas-no-outlook\/#primaryimage\",\"url\":\"https:\/\/ravel.com.br\/blog\/wp-content\/uploads\/2020\/08\/tamanho-pastas.jpg\",\"contentUrl\":\"https:\/\/ravel.com.br\/blog\/wp-content\/uploads\/2020\/08\/tamanho-pastas.jpg\",\"width\":2323,\"height\":1291},{\"@type\":\"BreadcrumbList\",\"@id\":\"https:\/\/ravel.com.br\/blog\/como-visualizar-o-tamanho-das-pastas-no-outlook\/#breadcrumb\",\"itemListElement\":[{\"@type\":\"ListItem\",\"position\":1,\"name\":\"In\u00edcio\",\"item\":\"https:\/\/ravel.com.br\/blog\/\"},{\"@type\":\"ListItem\",\"position\":2,\"name\":\"Como visualizar o tamanho das pastas no Outlook\"}]},{\"@type\":\"WebSite\",\"@id\":\"https:\/\/ravel.com.br\/blog\/#website\",\"url\":\"https:\/\/ravel.com.br\/blog\/\",\"name\":\"Blog Tecnologia\",\"description\":\"Dicas e Artigos sobre Tecnologia\",\"potentialAction\":[{\"@type\":\"SearchAction\",\"target\":{\"@type\":\"EntryPoint\",\"urlTemplate\":\"https:\/\/ravel.com.br\/blog\/?s={search_term_string}\"},\"query-input\":{\"@type\":\"PropertyValueSpecification\",\"valueRequired\":true,\"valueName\":\"search_term_string\"}}],\"inLanguage\":\"pt-BR\"},{\"@type\":\"Person\",\"@id\":\"https:\/\/ravel.com.br\/blog\/#\/schema\/person\/77a79ccf728fc4a376654c3546e919f5\",\"name\":\"Ravel Tecnologia\",\"image\":{\"@type\":\"ImageObject\",\"inLanguage\":\"pt-BR\",\"@id\":\"https:\/\/ravel.com.br\/blog\/#\/schema\/person\/image\/\",\"url\":\"https:\/\/secure.gravatar.com\/avatar\/449267afe4e5fadbd121b8790fd528f6?s=96&d=mm&r=g\",\"contentUrl\":\"https:\/\/secure.gravatar.com\/avatar\/449267afe4e5fadbd121b8790fd528f6?s=96&d=mm&r=g\",\"caption\":\"Ravel Tecnologia\"},\"description\":\"Oferecemos servi\u00e7os de TI para garantir que a tecnologia trabalhe como forte aliada na conquista de resultados e se reflita de forma direta na produtividade e no crescimento das empresas.\",\"url\":\"https:\/\/ravel.com.br\/blog\/author\/ravel-tecnologia\/\"}]}<\/script>\n<!-- \/ Yoast SEO plugin. -->","yoast_head_json":{"title":"Como visualizar o tamanho das pastas no Outlook","description":"Caso queira ver quais pastas do seu email est\u00e3o ocupando mais espa\u00e7o, podemos visualizar o tamanho das pastas no Outlook, seja conta POP, IMAP ou Exchange","robots":{"index":"index","follow":"follow","max-snippet":"max-snippet:-1","max-image-preview":"max-image-preview:large","max-video-preview":"max-video-preview:-1"},"canonical":"https:\/\/ravel.com.br\/blog\/como-visualizar-o-tamanho-das-pastas-no-outlook\/","og_locale":"pt_BR","og_type":"article","og_title":"Como visualizar o tamanho das pastas no Outlook","og_description":"Caso queira ver quais pastas do seu email est\u00e3o ocupando mais espa\u00e7o, podemos visualizar o tamanho das pastas no Outlook, seja conta POP, IMAP ou Exchange","og_url":"https:\/\/ravel.com.br\/blog\/como-visualizar-o-tamanho-das-pastas-no-outlook\/","og_site_name":"Blog Tecnologia","article_published_time":"2020-08-24T20:25:52+00:00","article_modified_time":"2022-01-26T11:18:00+00:00","og_image":[{"width":470,"height":506,"url":"https:\/\/ravel.com.br\/blog\/wp-content\/uploads\/2020\/08\/Ravel-Cadeado.jpg","type":"image\/jpeg"}],"author":"Ravel Tecnologia","twitter_card":"summary_large_image","twitter_title":"Como visualizar o tamanho das pastas no Outlook","twitter_description":"Caso queira ver quais pastas do seu email est\u00e3o ocupando mais espa\u00e7o, podemos visualizar o tamanho das pastas no Outlook, seja conta POP, IMAP ou Exchange","twitter_image":"https:\/\/ravel.com.br\/blog\/wp-content\/uploads\/2020\/08\/Ravel-Cadeado.jpg","twitter_misc":{"Escrito por":"Ravel Tecnologia","Est. tempo de leitura":"1 minuto"},"schema":{"@context":"https:\/\/schema.org","@graph":[{"@type":"WebPage","@id":"https:\/\/ravel.com.br\/blog\/como-visualizar-o-tamanho-das-pastas-no-outlook\/","url":"https:\/\/ravel.com.br\/blog\/como-visualizar-o-tamanho-das-pastas-no-outlook\/","name":"Como visualizar o tamanho das pastas no Outlook","isPartOf":{"@id":"https:\/\/ravel.com.br\/blog\/#website"},"primaryImageOfPage":{"@id":"https:\/\/ravel.com.br\/blog\/como-visualizar-o-tamanho-das-pastas-no-outlook\/#primaryimage"},"image":{"@id":"https:\/\/ravel.com.br\/blog\/como-visualizar-o-tamanho-das-pastas-no-outlook\/#primaryimage"},"thumbnailUrl":"https:\/\/ravel.com.br\/blog\/wp-content\/uploads\/2020\/08\/tamanho-pastas.jpg","datePublished":"2020-08-24T20:25:52+00:00","dateModified":"2022-01-26T11:18:00+00:00","author":{"@id":"https:\/\/ravel.com.br\/blog\/#\/schema\/person\/77a79ccf728fc4a376654c3546e919f5"},"description":"Caso queira ver quais pastas do seu email est\u00e3o ocupando mais espa\u00e7o, podemos visualizar o tamanho das pastas no Outlook, seja conta POP, IMAP ou Exchange","breadcrumb":{"@id":"https:\/\/ravel.com.br\/blog\/como-visualizar-o-tamanho-das-pastas-no-outlook\/#breadcrumb"},"inLanguage":"pt-BR","potentialAction":[{"@type":"ReadAction","target":["https:\/\/ravel.com.br\/blog\/como-visualizar-o-tamanho-das-pastas-no-outlook\/"]}]},{"@type":"ImageObject","inLanguage":"pt-BR","@id":"https:\/\/ravel.com.br\/blog\/como-visualizar-o-tamanho-das-pastas-no-outlook\/#primaryimage","url":"https:\/\/ravel.com.br\/blog\/wp-content\/uploads\/2020\/08\/tamanho-pastas.jpg","contentUrl":"https:\/\/ravel.com.br\/blog\/wp-content\/uploads\/2020\/08\/tamanho-pastas.jpg","width":2323,"height":1291},{"@type":"BreadcrumbList","@id":"https:\/\/ravel.com.br\/blog\/como-visualizar-o-tamanho-das-pastas-no-outlook\/#breadcrumb","itemListElement":[{"@type":"ListItem","position":1,"name":"In\u00edcio","item":"https:\/\/ravel.com.br\/blog\/"},{"@type":"ListItem","position":2,"name":"Como visualizar o tamanho das pastas no Outlook"}]},{"@type":"WebSite","@id":"https:\/\/ravel.com.br\/blog\/#website","url":"https:\/\/ravel.com.br\/blog\/","name":"Blog Tecnologia","description":"Dicas e Artigos sobre Tecnologia","potentialAction":[{"@type":"SearchAction","target":{"@type":"EntryPoint","urlTemplate":"https:\/\/ravel.com.br\/blog\/?s={search_term_string}"},"query-input":{"@type":"PropertyValueSpecification","valueRequired":true,"valueName":"search_term_string"}}],"inLanguage":"pt-BR"},{"@type":"Person","@id":"https:\/\/ravel.com.br\/blog\/#\/schema\/person\/77a79ccf728fc4a376654c3546e919f5","name":"Ravel Tecnologia","image":{"@type":"ImageObject","inLanguage":"pt-BR","@id":"https:\/\/ravel.com.br\/blog\/#\/schema\/person\/image\/","url":"https:\/\/secure.gravatar.com\/avatar\/449267afe4e5fadbd121b8790fd528f6?s=96&d=mm&r=g","contentUrl":"https:\/\/secure.gravatar.com\/avatar\/449267afe4e5fadbd121b8790fd528f6?s=96&d=mm&r=g","caption":"Ravel Tecnologia"},"description":"Oferecemos servi\u00e7os de TI para garantir que a tecnologia trabalhe como forte aliada na conquista de resultados e se reflita de forma direta na produtividade e no crescimento das empresas.","url":"https:\/\/ravel.com.br\/blog\/author\/ravel-tecnologia\/"}]}},"_links":{"self":[{"href":"https:\/\/ravel.com.br\/blog\/wp-json\/wp\/v2\/posts\/1962","targetHints":{"allow":["GET"]}}],"collection":[{"href":"https:\/\/ravel.com.br\/blog\/wp-json\/wp\/v2\/posts"}],"about":[{"href":"https:\/\/ravel.com.br\/blog\/wp-json\/wp\/v2\/types\/post"}],"author":[{"embeddable":true,"href":"https:\/\/ravel.com.br\/blog\/wp-json\/wp\/v2\/users\/34"}],"replies":[{"embeddable":true,"href":"https:\/\/ravel.com.br\/blog\/wp-json\/wp\/v2\/comments?post=1962"}],"version-history":[{"count":2,"href":"https:\/\/ravel.com.br\/blog\/wp-json\/wp\/v2\/posts\/1962\/revisions"}],"predecessor-version":[{"id":2421,"href":"https:\/\/ravel.com.br\/blog\/wp-json\/wp\/v2\/posts\/1962\/revisions\/2421"}],"wp:featuredmedia":[{"embeddable":true,"href":"https:\/\/ravel.com.br\/blog\/wp-json\/wp\/v2\/media\/1968"}],"wp:attachment":[{"href":"https:\/\/ravel.com.br\/blog\/wp-json\/wp\/v2\/media?parent=1962"}],"wp:term":[{"taxonomy":"category","embeddable":true,"href":"https:\/\/ravel.com.br\/blog\/wp-json\/wp\/v2\/categories?post=1962"},{"taxonomy":"post_tag","embeddable":true,"href":"https:\/\/ravel.com.br\/blog\/wp-json\/wp\/v2\/tags?post=1962"}],"curies":[{"name":"wp","href":"https:\/\/api.w.org\/{rel}","templated":true}]}}