{"id":2041,"date":"2020-09-02T19:17:22","date_gmt":"2020-09-02T22:17:22","guid":{"rendered":"https:\/\/ravel.com.br\/blog\/?p=2041"},"modified":"2024-01-03T17:49:55","modified_gmt":"2024-01-03T20:49:55","slug":"erro-nao-foi-possivel-carregar-o-arquivo-xfrxlib-fil-sage-fiscal","status":"publish","type":"post","link":"https:\/\/ravel.com.br\/blog\/erro-nao-foi-possivel-carregar-o-arquivo-xfrxlib-fil-sage-fiscal\/","title":{"rendered":"Erro: N\u00e3o foi poss\u00edvel carregar o arquivo xfrxlib.fil \u2013 Sage Fiscal"},"content":{"rendered":"\n<p>Ao se deparar com o erro: N\u00e3o foi poss\u00edvel carregar o arquivo xfrxlib.fil no sistema SAGE &#8211; Office \/  Fiscal, n\u00e3o se desespere! Abaixo um procedimento para tentar resolver.<\/p>\n\n\n\n<p>O motivo deste problema s\u00e3o as faltas de componentes do Windows.<\/p>\n\n\n\n<p>Mas quando isso ocorrer fa\u00e7a o seguinte:<\/p>\n\n\n\n<ul class=\"wp-block-list\" type=\"1\"><li>Verifique se o seu Windows \u00e9 32 ou 64 bits. Para isso, clique no Meu Computador com o bot\u00e3o direto do mouse e escolha a op\u00e7\u00e3o Propriedades. Vai te apresentar uma tela com algumas informa\u00e7\u00f5es, dentre elas estar\u00e1 a informa\u00e7\u00e3o abaixo:<\/li><\/ul>\n\n\n\n<div class=\"wp-block-image\"><figure class=\"aligncenter size-large\"><img loading=\"lazy\" decoding=\"async\" width=\"718\" height=\"113\" src=\"https:\/\/ravel.com.br\/blog\/wp-content\/uploads\/2020\/09\/sage_1.png\" alt=\"Erro: N\u00e3o foi poss\u00edvel carregar o arquivo xfrxlib.fil \u2013 Sage Fiscal\" class=\"wp-image-2042\" srcset=\"https:\/\/ravel.com.br\/blog\/wp-content\/uploads\/2020\/09\/sage_1.png 718w, https:\/\/ravel.com.br\/blog\/wp-content\/uploads\/2020\/09\/sage_1-300x47.png 300w, https:\/\/ravel.com.br\/blog\/wp-content\/uploads\/2020\/09\/sage_1-610x96.png 610w\" sizes=\"(max-width: 718px) 100vw, 718px\" \/><\/figure><\/div>\n\n\n\n<ul class=\"wp-block-list\"><li>Baixe os arquivos MSVCP71.dll e MSVCR71.dll neste link: <a aria-label=\"undefined (opens in a new tab)\" href=\"http:\/\/www.officeservice.com.br\/Arq_TalkMatic\/Arquivos\/01-03-2016_msvcp71.zip\" target=\"_blank\" rel=\"noreferrer noopener\">http:\/\/www.officeservice.com.br\/Arq_TalkMatic\/Arquivos\/01-03-2016_msvcp71.zip<\/a><\/li><\/ul>\n\n\n\n<ul class=\"wp-block-list\" type=\"1\"><li>Depois que o download concluir fa\u00e7a a descompacta\u00e7\u00e3o da pasta.<ul><li>Se a sua m\u00e1quina for 32 bits, coloque os arquivos em <em>C:\\Windows\\System32<\/em><\/li><li>Se a sua m\u00e1quina for 64 bits, coloque os arquivos em <em>C:\\Windows\\SysWow64<\/em><\/li><\/ul><\/li><\/ul>\n\n\n\n<ul class=\"wp-block-list\"><li>Reinicie a m\u00e1quina, acesse o sistema e gere o arquivo que voc\u00ea precisa.<\/li><\/ul>\n\n\n\n<p>O erro: N\u00e3o foi poss\u00edvel carregar o arquivo xfrxlib.fil no Sage Fiscal n\u00e3o deve mais aparecer.<\/p>\n\n\n\n<p>Para mais dicas, acesse: <a href=\"https:\/\/ravel.com.br\/blog\/category\/dicas\/\" target=\"_blank\" aria-label=\"undefined (opens in a new tab)\" rel=\"noreferrer noopener\">https:\/\/ravel.com.br\/blog\/category\/dicas\/<\/a><\/p>\n","protected":false},"excerpt":{"rendered":"<p>Ao se deparar com o erro: N\u00e3o foi poss\u00edvel carregar o arquivo xfrxlib.fil abaixo no sistema SAGE &#8211; Office Fiscal, n\u00e3o se desespere! Abaixo um procedimento para tentar resolver<\/p>\n","protected":false},"author":34,"featured_media":2044,"comment_status":"open","ping_status":"open","sticky":false,"template":"","format":"standard","meta":{"_et_pb_use_builder":"","_et_pb_old_content":"","_et_gb_content_width":"","footnotes":""},"categories":[67],"tags":[],"class_list":["post-2041","post","type-post","status-publish","format-standard","has-post-thumbnail","hentry","category-espaco-tecnico","et-has-post-format-content","et_post_format-et-post-format-standard"],"yoast_head":"<!-- This site is optimized with the Yoast SEO plugin v24.1 - https:\/\/yoast.com\/wordpress\/plugins\/seo\/ -->\n<title>Erro: N\u00e3o foi poss\u00edvel carregar o arquivo xfrxlib.fil\/Sage - Blog<\/title>\n<meta name=\"description\" content=\"Ao se deparar com o erro: N\u00e3o foi poss\u00edvel carregar o arquivo xfrxlib.fil no sistema SAGE Fiscal, veja procedimento para tentar resolver\" \/>\n<meta name=\"robots\" content=\"index, follow, max-snippet:-1, max-image-preview:large, max-video-preview:-1\" \/>\n<link rel=\"canonical\" href=\"https:\/\/ravel.com.br\/blog\/erro-nao-foi-possivel-carregar-o-arquivo-xfrxlib-fil-sage-fiscal\/\" \/>\n<meta property=\"og:locale\" content=\"pt_BR\" \/>\n<meta property=\"og:type\" content=\"article\" \/>\n<meta property=\"og:title\" content=\"Erro: N\u00e3o foi poss\u00edvel carregar o arquivo xfrxlib.fil \u2013 Sage\" \/>\n<meta property=\"og:description\" content=\"Ao se deparar com o erro: N\u00e3o foi poss\u00edvel carregar o arquivo xfrxlib.fil no sistema SAGE Fiscal, veja procedimento para tentar resolver\" \/>\n<meta property=\"og:url\" content=\"https:\/\/ravel.com.br\/blog\/erro-nao-foi-possivel-carregar-o-arquivo-xfrxlib-fil-sage-fiscal\/\" \/>\n<meta property=\"og:site_name\" content=\"Blog Tecnologia\" \/>\n<meta property=\"article:published_time\" content=\"2020-09-02T22:17:22+00:00\" \/>\n<meta property=\"article:modified_time\" content=\"2024-01-03T20:49:55+00:00\" \/>\n<meta property=\"og:image\" content=\"https:\/\/ravel.com.br\/blog\/wp-content\/uploads\/2020\/08\/Ravel-Cadeado.jpg\" \/>\n\t<meta property=\"og:image:width\" content=\"470\" \/>\n\t<meta property=\"og:image:height\" content=\"506\" \/>\n\t<meta property=\"og:image:type\" content=\"image\/jpeg\" \/>\n<meta name=\"author\" content=\"Ravel Tecnologia\" \/>\n<meta name=\"twitter:card\" content=\"summary_large_image\" \/>\n<meta name=\"twitter:title\" content=\"Erro: N\u00e3o foi poss\u00edvel carregar o arquivo xfrxlib.fil \u2013 Sage\" \/>\n<meta name=\"twitter:description\" content=\"Ao se deparar com o erro: N\u00e3o foi poss\u00edvel carregar o arquivo xfrxlib.fil no sistema SAGE Fiscal, veja procedimento para tentar resolver\" \/>\n<meta name=\"twitter:image\" content=\"https:\/\/ravel.com.br\/blog\/wp-content\/uploads\/2020\/08\/Ravel-Cadeado.jpg\" \/>\n<meta name=\"twitter:label1\" content=\"Escrito por\" \/>\n\t<meta name=\"twitter:data1\" content=\"Ravel Tecnologia\" \/>\n\t<meta name=\"twitter:label2\" content=\"Est. tempo de leitura\" \/>\n\t<meta name=\"twitter:data2\" content=\"1 minuto\" \/>\n<script type=\"application\/ld+json\" class=\"yoast-schema-graph\">{\"@context\":\"https:\/\/schema.org\",\"@graph\":[{\"@type\":\"WebPage\",\"@id\":\"https:\/\/ravel.com.br\/blog\/erro-nao-foi-possivel-carregar-o-arquivo-xfrxlib-fil-sage-fiscal\/\",\"url\":\"https:\/\/ravel.com.br\/blog\/erro-nao-foi-possivel-carregar-o-arquivo-xfrxlib-fil-sage-fiscal\/\",\"name\":\"Erro: N\u00e3o foi poss\u00edvel carregar o arquivo xfrxlib.fil\/Sage - Blog\",\"isPartOf\":{\"@id\":\"https:\/\/ravel.com.br\/blog\/#website\"},\"primaryImageOfPage\":{\"@id\":\"https:\/\/ravel.com.br\/blog\/erro-nao-foi-possivel-carregar-o-arquivo-xfrxlib-fil-sage-fiscal\/#primaryimage\"},\"image\":{\"@id\":\"https:\/\/ravel.com.br\/blog\/erro-nao-foi-possivel-carregar-o-arquivo-xfrxlib-fil-sage-fiscal\/#primaryimage\"},\"thumbnailUrl\":\"https:\/\/ravel.com.br\/blog\/wp-content\/uploads\/2020\/09\/sage_banner.png\",\"datePublished\":\"2020-09-02T22:17:22+00:00\",\"dateModified\":\"2024-01-03T20:49:55+00:00\",\"author\":{\"@id\":\"https:\/\/ravel.com.br\/blog\/#\/schema\/person\/77a79ccf728fc4a376654c3546e919f5\"},\"description\":\"Ao se deparar com o erro: N\u00e3o foi poss\u00edvel carregar o arquivo xfrxlib.fil no sistema SAGE Fiscal, veja procedimento para tentar resolver\",\"breadcrumb\":{\"@id\":\"https:\/\/ravel.com.br\/blog\/erro-nao-foi-possivel-carregar-o-arquivo-xfrxlib-fil-sage-fiscal\/#breadcrumb\"},\"inLanguage\":\"pt-BR\",\"potentialAction\":[{\"@type\":\"ReadAction\",\"target\":[\"https:\/\/ravel.com.br\/blog\/erro-nao-foi-possivel-carregar-o-arquivo-xfrxlib-fil-sage-fiscal\/\"]}]},{\"@type\":\"ImageObject\",\"inLanguage\":\"pt-BR\",\"@id\":\"https:\/\/ravel.com.br\/blog\/erro-nao-foi-possivel-carregar-o-arquivo-xfrxlib-fil-sage-fiscal\/#primaryimage\",\"url\":\"https:\/\/ravel.com.br\/blog\/wp-content\/uploads\/2020\/09\/sage_banner.png\",\"contentUrl\":\"https:\/\/ravel.com.br\/blog\/wp-content\/uploads\/2020\/09\/sage_banner.png\",\"width\":594,\"height\":439},{\"@type\":\"BreadcrumbList\",\"@id\":\"https:\/\/ravel.com.br\/blog\/erro-nao-foi-possivel-carregar-o-arquivo-xfrxlib-fil-sage-fiscal\/#breadcrumb\",\"itemListElement\":[{\"@type\":\"ListItem\",\"position\":1,\"name\":\"In\u00edcio\",\"item\":\"https:\/\/ravel.com.br\/blog\/\"},{\"@type\":\"ListItem\",\"position\":2,\"name\":\"Erro: N\u00e3o foi poss\u00edvel carregar o arquivo xfrxlib.fil \u2013 Sage Fiscal\"}]},{\"@type\":\"WebSite\",\"@id\":\"https:\/\/ravel.com.br\/blog\/#website\",\"url\":\"https:\/\/ravel.com.br\/blog\/\",\"name\":\"Blog Tecnologia\",\"description\":\"Dicas e Artigos sobre Tecnologia\",\"potentialAction\":[{\"@type\":\"SearchAction\",\"target\":{\"@type\":\"EntryPoint\",\"urlTemplate\":\"https:\/\/ravel.com.br\/blog\/?s={search_term_string}\"},\"query-input\":{\"@type\":\"PropertyValueSpecification\",\"valueRequired\":true,\"valueName\":\"search_term_string\"}}],\"inLanguage\":\"pt-BR\"},{\"@type\":\"Person\",\"@id\":\"https:\/\/ravel.com.br\/blog\/#\/schema\/person\/77a79ccf728fc4a376654c3546e919f5\",\"name\":\"Ravel Tecnologia\",\"image\":{\"@type\":\"ImageObject\",\"inLanguage\":\"pt-BR\",\"@id\":\"https:\/\/ravel.com.br\/blog\/#\/schema\/person\/image\/\",\"url\":\"https:\/\/secure.gravatar.com\/avatar\/449267afe4e5fadbd121b8790fd528f6?s=96&d=mm&r=g\",\"contentUrl\":\"https:\/\/secure.gravatar.com\/avatar\/449267afe4e5fadbd121b8790fd528f6?s=96&d=mm&r=g\",\"caption\":\"Ravel Tecnologia\"},\"description\":\"Oferecemos servi\u00e7os de TI para garantir que a tecnologia trabalhe como forte aliada na conquista de resultados e se reflita de forma direta na produtividade e no crescimento das empresas.\",\"url\":\"https:\/\/ravel.com.br\/blog\/author\/ravel-tecnologia\/\"}]}<\/script>\n<!-- \/ Yoast SEO plugin. -->","yoast_head_json":{"title":"Erro: N\u00e3o foi poss\u00edvel carregar o arquivo xfrxlib.fil\/Sage - Blog","description":"Ao se deparar com o erro: N\u00e3o foi poss\u00edvel carregar o arquivo xfrxlib.fil no sistema SAGE Fiscal, veja procedimento para tentar resolver","robots":{"index":"index","follow":"follow","max-snippet":"max-snippet:-1","max-image-preview":"max-image-preview:large","max-video-preview":"max-video-preview:-1"},"canonical":"https:\/\/ravel.com.br\/blog\/erro-nao-foi-possivel-carregar-o-arquivo-xfrxlib-fil-sage-fiscal\/","og_locale":"pt_BR","og_type":"article","og_title":"Erro: N\u00e3o foi poss\u00edvel carregar o arquivo xfrxlib.fil \u2013 Sage","og_description":"Ao se deparar com o erro: N\u00e3o foi poss\u00edvel carregar o arquivo xfrxlib.fil no sistema SAGE Fiscal, veja procedimento para tentar resolver","og_url":"https:\/\/ravel.com.br\/blog\/erro-nao-foi-possivel-carregar-o-arquivo-xfrxlib-fil-sage-fiscal\/","og_site_name":"Blog Tecnologia","article_published_time":"2020-09-02T22:17:22+00:00","article_modified_time":"2024-01-03T20:49:55+00:00","og_image":[{"width":470,"height":506,"url":"https:\/\/ravel.com.br\/blog\/wp-content\/uploads\/2020\/08\/Ravel-Cadeado.jpg","type":"image\/jpeg"}],"author":"Ravel Tecnologia","twitter_card":"summary_large_image","twitter_title":"Erro: N\u00e3o foi poss\u00edvel carregar o arquivo xfrxlib.fil \u2013 Sage","twitter_description":"Ao se deparar com o erro: N\u00e3o foi poss\u00edvel carregar o arquivo xfrxlib.fil no sistema SAGE Fiscal, veja procedimento para tentar resolver","twitter_image":"https:\/\/ravel.com.br\/blog\/wp-content\/uploads\/2020\/08\/Ravel-Cadeado.jpg","twitter_misc":{"Escrito por":"Ravel Tecnologia","Est. tempo de leitura":"1 minuto"},"schema":{"@context":"https:\/\/schema.org","@graph":[{"@type":"WebPage","@id":"https:\/\/ravel.com.br\/blog\/erro-nao-foi-possivel-carregar-o-arquivo-xfrxlib-fil-sage-fiscal\/","url":"https:\/\/ravel.com.br\/blog\/erro-nao-foi-possivel-carregar-o-arquivo-xfrxlib-fil-sage-fiscal\/","name":"Erro: N\u00e3o foi poss\u00edvel carregar o arquivo xfrxlib.fil\/Sage - Blog","isPartOf":{"@id":"https:\/\/ravel.com.br\/blog\/#website"},"primaryImageOfPage":{"@id":"https:\/\/ravel.com.br\/blog\/erro-nao-foi-possivel-carregar-o-arquivo-xfrxlib-fil-sage-fiscal\/#primaryimage"},"image":{"@id":"https:\/\/ravel.com.br\/blog\/erro-nao-foi-possivel-carregar-o-arquivo-xfrxlib-fil-sage-fiscal\/#primaryimage"},"thumbnailUrl":"https:\/\/ravel.com.br\/blog\/wp-content\/uploads\/2020\/09\/sage_banner.png","datePublished":"2020-09-02T22:17:22+00:00","dateModified":"2024-01-03T20:49:55+00:00","author":{"@id":"https:\/\/ravel.com.br\/blog\/#\/schema\/person\/77a79ccf728fc4a376654c3546e919f5"},"description":"Ao se deparar com o erro: N\u00e3o foi poss\u00edvel carregar o arquivo xfrxlib.fil no sistema SAGE Fiscal, veja procedimento para tentar resolver","breadcrumb":{"@id":"https:\/\/ravel.com.br\/blog\/erro-nao-foi-possivel-carregar-o-arquivo-xfrxlib-fil-sage-fiscal\/#breadcrumb"},"inLanguage":"pt-BR","potentialAction":[{"@type":"ReadAction","target":["https:\/\/ravel.com.br\/blog\/erro-nao-foi-possivel-carregar-o-arquivo-xfrxlib-fil-sage-fiscal\/"]}]},{"@type":"ImageObject","inLanguage":"pt-BR","@id":"https:\/\/ravel.com.br\/blog\/erro-nao-foi-possivel-carregar-o-arquivo-xfrxlib-fil-sage-fiscal\/#primaryimage","url":"https:\/\/ravel.com.br\/blog\/wp-content\/uploads\/2020\/09\/sage_banner.png","contentUrl":"https:\/\/ravel.com.br\/blog\/wp-content\/uploads\/2020\/09\/sage_banner.png","width":594,"height":439},{"@type":"BreadcrumbList","@id":"https:\/\/ravel.com.br\/blog\/erro-nao-foi-possivel-carregar-o-arquivo-xfrxlib-fil-sage-fiscal\/#breadcrumb","itemListElement":[{"@type":"ListItem","position":1,"name":"In\u00edcio","item":"https:\/\/ravel.com.br\/blog\/"},{"@type":"ListItem","position":2,"name":"Erro: N\u00e3o foi poss\u00edvel carregar o arquivo xfrxlib.fil \u2013 Sage Fiscal"}]},{"@type":"WebSite","@id":"https:\/\/ravel.com.br\/blog\/#website","url":"https:\/\/ravel.com.br\/blog\/","name":"Blog Tecnologia","description":"Dicas e Artigos sobre Tecnologia","potentialAction":[{"@type":"SearchAction","target":{"@type":"EntryPoint","urlTemplate":"https:\/\/ravel.com.br\/blog\/?s={search_term_string}"},"query-input":{"@type":"PropertyValueSpecification","valueRequired":true,"valueName":"search_term_string"}}],"inLanguage":"pt-BR"},{"@type":"Person","@id":"https:\/\/ravel.com.br\/blog\/#\/schema\/person\/77a79ccf728fc4a376654c3546e919f5","name":"Ravel Tecnologia","image":{"@type":"ImageObject","inLanguage":"pt-BR","@id":"https:\/\/ravel.com.br\/blog\/#\/schema\/person\/image\/","url":"https:\/\/secure.gravatar.com\/avatar\/449267afe4e5fadbd121b8790fd528f6?s=96&d=mm&r=g","contentUrl":"https:\/\/secure.gravatar.com\/avatar\/449267afe4e5fadbd121b8790fd528f6?s=96&d=mm&r=g","caption":"Ravel Tecnologia"},"description":"Oferecemos servi\u00e7os de TI para garantir que a tecnologia trabalhe como forte aliada na conquista de resultados e se reflita de forma direta na produtividade e no crescimento das empresas.","url":"https:\/\/ravel.com.br\/blog\/author\/ravel-tecnologia\/"}]}},"_links":{"self":[{"href":"https:\/\/ravel.com.br\/blog\/wp-json\/wp\/v2\/posts\/2041","targetHints":{"allow":["GET"]}}],"collection":[{"href":"https:\/\/ravel.com.br\/blog\/wp-json\/wp\/v2\/posts"}],"about":[{"href":"https:\/\/ravel.com.br\/blog\/wp-json\/wp\/v2\/types\/post"}],"author":[{"embeddable":true,"href":"https:\/\/ravel.com.br\/blog\/wp-json\/wp\/v2\/users\/34"}],"replies":[{"embeddable":true,"href":"https:\/\/ravel.com.br\/blog\/wp-json\/wp\/v2\/comments?post=2041"}],"version-history":[{"count":2,"href":"https:\/\/ravel.com.br\/blog\/wp-json\/wp\/v2\/posts\/2041\/revisions"}],"predecessor-version":[{"id":2046,"href":"https:\/\/ravel.com.br\/blog\/wp-json\/wp\/v2\/posts\/2041\/revisions\/2046"}],"wp:featuredmedia":[{"embeddable":true,"href":"https:\/\/ravel.com.br\/blog\/wp-json\/wp\/v2\/media\/2044"}],"wp:attachment":[{"href":"https:\/\/ravel.com.br\/blog\/wp-json\/wp\/v2\/media?parent=2041"}],"wp:term":[{"taxonomy":"category","embeddable":true,"href":"https:\/\/ravel.com.br\/blog\/wp-json\/wp\/v2\/categories?post=2041"},{"taxonomy":"post_tag","embeddable":true,"href":"https:\/\/ravel.com.br\/blog\/wp-json\/wp\/v2\/tags?post=2041"}],"curies":[{"name":"wp","href":"https:\/\/api.w.org\/{rel}","templated":true}]}}