{"id":2138,"date":"2020-10-19T17:10:44","date_gmt":"2020-10-19T20:10:44","guid":{"rendered":"https:\/\/ravel.com.br\/blog\/?p=2138"},"modified":"2021-06-06T10:47:41","modified_gmt":"2021-06-06T13:47:41","slug":"maturidade-digital-aprendizados-e-oportunidades","status":"publish","type":"post","link":"https:\/\/ravel.com.br\/blog\/maturidade-digital-aprendizados-e-oportunidades\/","title":{"rendered":"Maturidade Digital: Aprendizados e oportunidades"},"content":{"rendered":"\n<p>A pandemia fez com que muitas empresas adotassem rapidamente solu\u00e7\u00f5es voltadas para transforma\u00e7\u00e3o digital. Vimos crescer projetos de virtualiza\u00e7\u00e3o, acessos seguros, comunica\u00e7\u00e3o unificada, entre outros. Foi a oportunidades de boa parte delas vivenciarem seus benef\u00edcios. Agora o desafio \u00e9 fazer com que essa jornada rumo a uma maturidade digital mantenha um ritmo adequado e principalmente n\u00e3o pare.<\/p>\n\n\n\n<figure class=\"wp-block-image size-large\"><img loading=\"lazy\" decoding=\"async\" width=\"1024\" height=\"193\" src=\"https:\/\/ravel.com.br\/blog\/wp-content\/uploads\/2020\/10\/Maturidade-digital-Banner-1024x193.jpg\" alt=\"Maturidade Digital\" class=\"wp-image-2139\" srcset=\"https:\/\/ravel.com.br\/blog\/wp-content\/uploads\/2020\/10\/Maturidade-digital-Banner-1024x193.jpg 1024w, https:\/\/ravel.com.br\/blog\/wp-content\/uploads\/2020\/10\/Maturidade-digital-Banner-300x56.jpg 300w, https:\/\/ravel.com.br\/blog\/wp-content\/uploads\/2020\/10\/Maturidade-digital-Banner-768x145.jpg 768w, https:\/\/ravel.com.br\/blog\/wp-content\/uploads\/2020\/10\/Maturidade-digital-Banner-610x115.jpg 610w, https:\/\/ravel.com.br\/blog\/wp-content\/uploads\/2020\/10\/Maturidade-digital-Banner-1080x203.jpg 1080w, https:\/\/ravel.com.br\/blog\/wp-content\/uploads\/2020\/10\/Maturidade-digital-Banner.jpg 1169w\" sizes=\"(max-width: 1024px) 100vw, 1024px\" \/><\/figure>\n\n\n\n<h2 class=\"wp-block-heading\">Insights sobre a maturidade digital<\/h2>\n\n\n\n<p>A <a href=\"https:\/\/www.mckinsey.com\/br\/~\/media\/McKinsey\/Locations\/South%20America\/Brazil\/Our%20Insights\/Transformacoes%20digitais%20no%20Brasil\/Transformacao-digital-no-brasil.pdf\">Mckinsey<\/a> fez uma pesquisa sobre maturidade digital no Brasil, deste estudo chegaram a algumas conclus\u00f5es interessantes:<\/p>\n\n\n\n<h4 class=\"wp-block-heading\">Os l\u00edderes em maturidade digital tamb\u00e9m apresentam melhores resultados financeiros<\/h4>\n\n\n\n<p>As taxas de crescimento nestas empresas s\u00e3o at\u00e9 3 vezes maiores. Este valor tende a ser maior, pois a pesquisa identificou que no per\u00edodo apurado muitas empresas fizeram investimentos adicionais para ganhar efici\u00eancia e melhorar a experi\u00eancia do usu\u00e1rio.<\/p>\n\n\n\n<h4 class=\"wp-block-heading\">Temos uma grande disparidade entre as empresas l\u00edderes e a m\u00e9dia das demais<\/h4>\n\n\n\n<p>Percebe-se que os l\u00edderes em maturidade digital est\u00e3o muito a frente da m\u00e9dia das demais empresas. E como tendem a ser mais r\u00e1pidos e consistentes para continuar na evolu\u00e7\u00e3o deste caminho, a diferen\u00e7a vai se ampliando.<\/p>\n\n\n\n<div style=\"height:30px\" aria-hidden=\"true\" class=\"wp-block-spacer\"><\/div>\n\n\n\n<figure class=\"wp-block-image size-full\"><img loading=\"lazy\" decoding=\"async\" width=\"858\" height=\"112\" src=\"https:\/\/ravel.com.br\/blog\/wp-content\/uploads\/2023\/07\/banner-blog-ravel.png\" alt=\"\" class=\"wp-image-4960\" srcset=\"https:\/\/ravel.com.br\/blog\/wp-content\/uploads\/2023\/07\/banner-blog-ravel.png 858w, https:\/\/ravel.com.br\/blog\/wp-content\/uploads\/2023\/07\/banner-blog-ravel-300x39.png 300w, https:\/\/ravel.com.br\/blog\/wp-content\/uploads\/2023\/07\/banner-blog-ravel-768x100.png 768w, https:\/\/ravel.com.br\/blog\/wp-content\/uploads\/2023\/07\/banner-blog-ravel-610x80.png 610w\" sizes=\"(max-width: 858px) 100vw, 858px\" \/><\/figure>\n\n\n\n<h4 class=\"wp-block-heading\">Empresas l\u00edderes desenvolvem pr\u00e1ticas conjuntas e complementares da transforma\u00e7\u00e3o digital<\/h4>\n\n\n\n<p>Olhando sob a \u00f3ptica da transforma\u00e7\u00e3o digital, os l\u00edderes desenvolvem a\u00e7\u00f5es integradas e cont\u00ednuas, trabalhando tamb\u00e9m pontos de grande desafio, como: Estrutura organizacional, experimenta\u00e7\u00e3o e jornada do cliente. De outro lado, as demais empresas, na m\u00e9dia, adotam a\u00e7\u00f5es isoladas e pontuais.<\/p>\n\n\n\n<h4 class=\"wp-block-heading\">Desafios comuns a boa parte das empresas<\/h4>\n\n\n\n<p>Naturalmente alguns itens s\u00e3o desafiadores para boa parte das empresas, at\u00e9 mesmo para as l\u00edderes. Destacam-se neste aspecto a reten\u00e7\u00e3o de talentos e a estrutura\u00e7\u00e3o e integra\u00e7\u00e3o dos dados e a execu\u00e7\u00e3o de um roadmap alinhado nos diferentes n\u00edveis da empresa.<\/p>\n\n\n\n<h2 class=\"wp-block-heading\">A maturidade digital em cada dimens\u00e3o<\/h2>\n\n\n\n<ul class=\"wp-block-list\"><li>Estrat\u00e9gia &#8211; As empresas em geral, mesmo aquelas com maturidade digital menos desenvolvida, t\u00eam consci\u00eancia da relev\u00e2ncia e do potencial de disrup\u00e7\u00e3o do Digital.<\/li><\/ul>\n\n\n\n<ul class=\"wp-block-list\"><li>Capacidades &#8211; As empresas investem em marketing digital e na melhoria da jornada do cliente em geral, mas as capacidades anal\u00edticas ainda s\u00e3o um desafio<\/li><\/ul>\n\n\n\n<ul class=\"wp-block-list\"><li>Organiza\u00e7\u00e3o &#8211; As empresas de maior destaque t\u00eam estrutura e governan\u00e7a eficazes para implementar a transforma\u00e7\u00e3o digital \u2013 talentos e dissemina\u00e7\u00e3o do conhecimento ainda s\u00e3o desafios<\/li><\/ul>\n\n\n\n<ul class=\"wp-block-list\"><li>Cultura &#8211; Empresas que adotam desenvolvimento \u00e1gil, aliado a um maior apetite por inova\u00e7\u00e3o, tendem a apresentar melhor desempenho em cultura digital<\/li><\/ul>\n\n\n\n<div style=\"height:30px\" aria-hidden=\"true\" class=\"wp-block-spacer\"><\/div>\n\n\n\n<figure class=\"wp-block-image\"><a href=\"https:\/\/ravel.com.br\/contato\" target=\"_blank\" rel=\"noreferrer noopener\"><img loading=\"lazy\" decoding=\"async\" width=\"1024\" height=\"133\" src=\"https:\/\/ravel.com.br\/blog\/wp-content\/uploads\/2019\/11\/CTA1-1024x133.png\" alt=\"\" class=\"wp-image-806\" srcset=\"https:\/\/ravel.com.br\/blog\/wp-content\/uploads\/2019\/11\/CTA1-1024x133.png 1024w, https:\/\/ravel.com.br\/blog\/wp-content\/uploads\/2019\/11\/CTA1-300x39.png 300w, https:\/\/ravel.com.br\/blog\/wp-content\/uploads\/2019\/11\/CTA1-768x100.png 768w, https:\/\/ravel.com.br\/blog\/wp-content\/uploads\/2019\/11\/CTA1-610x79.png 610w, https:\/\/ravel.com.br\/blog\/wp-content\/uploads\/2019\/11\/CTA1-1080x140.png 1080w\" sizes=\"(max-width: 1024px) 100vw, 1024px\" \/><\/a><\/figure>\n\n\n\n<p>A pesquisa apresentou dados que muitos vivenciaram na pr\u00e1tica. Quem estava mais preparado neste universo de transforma\u00e7\u00e3o digital se saiu melhor. Acreditamos que o momento \u00e9 de aprendizado e de continuar este movimento de evolu\u00e7\u00e3o permanente e consistente na maturidade digital.<\/p>\n\n\n\n<p>A Ravel Tecnologia pode te ajudar nos pilares de tecnologia com solu\u00e7\u00f5es e apoio estrat\u00e9gico. <a href=\"https:\/\/ravel.com.br\/gestao-de-ti\">Saiba mais<\/a>.<\/p>\n","protected":false},"excerpt":{"rendered":"<p>Quem est\u00e1 mais preparado se sai melhor. Acreditamos que o momento \u00e9 de aprendizado e de continuar o movimento de evolu\u00e7\u00e3o na maturidade digital <\/p>\n","protected":false},"author":7,"featured_media":2142,"comment_status":"open","ping_status":"open","sticky":false,"template":"","format":"standard","meta":{"_et_pb_use_builder":"","_et_pb_old_content":"","_et_gb_content_width":"","footnotes":""},"categories":[103,6],"tags":[],"class_list":["post-2138","post","type-post","status-publish","format-standard","has-post-thumbnail","hentry","category-gestao","category-tecnologia","et-has-post-format-content","et_post_format-et-post-format-standard"],"yoast_head":"<!-- This site is optimized with the Yoast SEO plugin v24.1 - https:\/\/yoast.com\/wordpress\/plugins\/seo\/ -->\n<title>Maturidade Digital: Oportunidades - Ravel Tecnologia<\/title>\n<meta name=\"description\" content=\"Quem est\u00e1 mais preparado se sai melhor. O momento \u00e9 de aprendizado e de continuar o movimento de evolu\u00e7\u00e3o na maturidade digital\" \/>\n<meta name=\"robots\" content=\"index, follow, max-snippet:-1, max-image-preview:large, max-video-preview:-1\" \/>\n<link rel=\"canonical\" href=\"https:\/\/ravel.com.br\/blog\/maturidade-digital-aprendizados-e-oportunidades\/\" \/>\n<meta property=\"og:locale\" content=\"pt_BR\" \/>\n<meta property=\"og:type\" content=\"article\" \/>\n<meta property=\"og:title\" content=\"Maturidade Digital: Aprendizados e oportunidades\" \/>\n<meta property=\"og:description\" content=\"Quem est\u00e1 mais preparado se sai melhor. Acreditamos que o momento \u00e9 de aprendizado e de continuar o movimento de evolu\u00e7\u00e3o na maturidade digital\" \/>\n<meta property=\"og:url\" content=\"https:\/\/ravel.com.br\/blog\/maturidade-digital-aprendizados-e-oportunidades\/\" \/>\n<meta property=\"og:site_name\" content=\"Blog Tecnologia\" \/>\n<meta property=\"article:author\" content=\"https:\/\/www.facebook.com\/raveltecnologia\/\" \/>\n<meta property=\"article:published_time\" content=\"2020-10-19T20:10:44+00:00\" \/>\n<meta property=\"article:modified_time\" content=\"2021-06-06T13:47:41+00:00\" \/>\n<meta property=\"og:image\" content=\"https:\/\/ravel.com.br\/blog\/wp-content\/uploads\/2020\/10\/Maturidade-Digital.jpg\" \/>\n\t<meta property=\"og:image:width\" content=\"1200\" \/>\n\t<meta property=\"og:image:height\" content=\"630\" \/>\n\t<meta property=\"og:image:type\" content=\"image\/jpeg\" \/>\n<meta name=\"author\" content=\"Nelson Corr\u00eaa Leite J\u00fanior\" \/>\n<meta name=\"twitter:card\" content=\"summary_large_image\" \/>\n<meta name=\"twitter:title\" content=\"Maturidade Digital: Aprendizados e oportunidades\" \/>\n<meta name=\"twitter:description\" content=\"Quem est\u00e1 mais preparado se sai melhor. Acreditamos que o momento \u00e9 de aprendizado e de continuar o movimento de evolu\u00e7\u00e3o na maturidade digital\" \/>\n<meta name=\"twitter:label1\" content=\"Escrito por\" \/>\n\t<meta name=\"twitter:data1\" content=\"Nelson Corr\u00eaa Leite J\u00fanior\" \/>\n\t<meta name=\"twitter:label2\" content=\"Est. tempo de leitura\" \/>\n\t<meta name=\"twitter:data2\" content=\"2 minutos\" \/>\n<script type=\"application\/ld+json\" class=\"yoast-schema-graph\">{\"@context\":\"https:\/\/schema.org\",\"@graph\":[{\"@type\":\"WebPage\",\"@id\":\"https:\/\/ravel.com.br\/blog\/maturidade-digital-aprendizados-e-oportunidades\/\",\"url\":\"https:\/\/ravel.com.br\/blog\/maturidade-digital-aprendizados-e-oportunidades\/\",\"name\":\"Maturidade Digital: Oportunidades - Ravel Tecnologia\",\"isPartOf\":{\"@id\":\"https:\/\/ravel.com.br\/blog\/#website\"},\"primaryImageOfPage\":{\"@id\":\"https:\/\/ravel.com.br\/blog\/maturidade-digital-aprendizados-e-oportunidades\/#primaryimage\"},\"image\":{\"@id\":\"https:\/\/ravel.com.br\/blog\/maturidade-digital-aprendizados-e-oportunidades\/#primaryimage\"},\"thumbnailUrl\":\"https:\/\/ravel.com.br\/blog\/wp-content\/uploads\/2020\/10\/Maturidade-Digital.jpg\",\"datePublished\":\"2020-10-19T20:10:44+00:00\",\"dateModified\":\"2021-06-06T13:47:41+00:00\",\"author\":{\"@id\":\"https:\/\/ravel.com.br\/blog\/#\/schema\/person\/5809fbed911cb14566b16220749d3dcc\"},\"description\":\"Quem est\u00e1 mais preparado se sai melhor. O momento \u00e9 de aprendizado e de continuar o movimento de evolu\u00e7\u00e3o na maturidade digital\",\"breadcrumb\":{\"@id\":\"https:\/\/ravel.com.br\/blog\/maturidade-digital-aprendizados-e-oportunidades\/#breadcrumb\"},\"inLanguage\":\"pt-BR\",\"potentialAction\":[{\"@type\":\"ReadAction\",\"target\":[\"https:\/\/ravel.com.br\/blog\/maturidade-digital-aprendizados-e-oportunidades\/\"]}]},{\"@type\":\"ImageObject\",\"inLanguage\":\"pt-BR\",\"@id\":\"https:\/\/ravel.com.br\/blog\/maturidade-digital-aprendizados-e-oportunidades\/#primaryimage\",\"url\":\"https:\/\/ravel.com.br\/blog\/wp-content\/uploads\/2020\/10\/Maturidade-Digital.jpg\",\"contentUrl\":\"https:\/\/ravel.com.br\/blog\/wp-content\/uploads\/2020\/10\/Maturidade-Digital.jpg\",\"width\":1200,\"height\":630},{\"@type\":\"BreadcrumbList\",\"@id\":\"https:\/\/ravel.com.br\/blog\/maturidade-digital-aprendizados-e-oportunidades\/#breadcrumb\",\"itemListElement\":[{\"@type\":\"ListItem\",\"position\":1,\"name\":\"In\u00edcio\",\"item\":\"https:\/\/ravel.com.br\/blog\/\"},{\"@type\":\"ListItem\",\"position\":2,\"name\":\"Maturidade Digital: Aprendizados e oportunidades\"}]},{\"@type\":\"WebSite\",\"@id\":\"https:\/\/ravel.com.br\/blog\/#website\",\"url\":\"https:\/\/ravel.com.br\/blog\/\",\"name\":\"Blog Tecnologia\",\"description\":\"Dicas e Artigos sobre Tecnologia\",\"potentialAction\":[{\"@type\":\"SearchAction\",\"target\":{\"@type\":\"EntryPoint\",\"urlTemplate\":\"https:\/\/ravel.com.br\/blog\/?s={search_term_string}\"},\"query-input\":{\"@type\":\"PropertyValueSpecification\",\"valueRequired\":true,\"valueName\":\"search_term_string\"}}],\"inLanguage\":\"pt-BR\"},{\"@type\":\"Person\",\"@id\":\"https:\/\/ravel.com.br\/blog\/#\/schema\/person\/5809fbed911cb14566b16220749d3dcc\",\"name\":\"Nelson Corr\u00eaa Leite J\u00fanior\",\"image\":{\"@type\":\"ImageObject\",\"inLanguage\":\"pt-BR\",\"@id\":\"https:\/\/ravel.com.br\/blog\/#\/schema\/person\/image\/\",\"url\":\"https:\/\/secure.gravatar.com\/avatar\/4eeb3b5606c8a9b5aded280058cd2a1f?s=96&d=mm&r=g\",\"contentUrl\":\"https:\/\/secure.gravatar.com\/avatar\/4eeb3b5606c8a9b5aded280058cd2a1f?s=96&d=mm&r=g\",\"caption\":\"Nelson Corr\u00eaa Leite J\u00fanior\"},\"description\":\"Empres\u00e1rio desde 1997, onde \u00e9 Co-founder da Ravel Tecnologia, atuando como CEO na coordena\u00e7\u00e3o, gest\u00e3o da lideran\u00e7a e desenvolvimento estrat\u00e9gico. Especializado em Seguran\u00e7a da Informa\u00e7\u00e3o e solu\u00e7\u00f5es em nuvem. S\u00f3cio da ag\u00eancia de Marketing Digital Incandescente, com atua\u00e7\u00e3o na gest\u00e3o administrativa, financeira e estrat\u00e9gica. Busca por evoluir o uso da tecnologia aplicada aos neg\u00f3cios e as pessoas, buscando uma vis\u00e3o sist\u00eamica para fomentar e potencializar a inova\u00e7\u00e3o e crescimento. Pai de 2 lindos filhos e apreciador de uma boa cerveja.\",\"sameAs\":[\"http:\/\/ravel.com.br\",\"https:\/\/www.facebook.com\/raveltecnologia\/\",\"https:\/\/www.linkedin.com\/in\/nelson-corr\u00eaa-leite-j\u00fanior-337631160\/\"],\"url\":\"https:\/\/ravel.com.br\/blog\/author\/nelson\/\"}]}<\/script>\n<!-- \/ Yoast SEO plugin. -->","yoast_head_json":{"title":"Maturidade Digital: Oportunidades - Ravel Tecnologia","description":"Quem est\u00e1 mais preparado se sai melhor. O momento \u00e9 de aprendizado e de continuar o movimento de evolu\u00e7\u00e3o na maturidade digital","robots":{"index":"index","follow":"follow","max-snippet":"max-snippet:-1","max-image-preview":"max-image-preview:large","max-video-preview":"max-video-preview:-1"},"canonical":"https:\/\/ravel.com.br\/blog\/maturidade-digital-aprendizados-e-oportunidades\/","og_locale":"pt_BR","og_type":"article","og_title":"Maturidade Digital: Aprendizados e oportunidades","og_description":"Quem est\u00e1 mais preparado se sai melhor. Acreditamos que o momento \u00e9 de aprendizado e de continuar o movimento de evolu\u00e7\u00e3o na maturidade digital","og_url":"https:\/\/ravel.com.br\/blog\/maturidade-digital-aprendizados-e-oportunidades\/","og_site_name":"Blog Tecnologia","article_author":"https:\/\/www.facebook.com\/raveltecnologia\/","article_published_time":"2020-10-19T20:10:44+00:00","article_modified_time":"2021-06-06T13:47:41+00:00","og_image":[{"width":1200,"height":630,"url":"https:\/\/ravel.com.br\/blog\/wp-content\/uploads\/2020\/10\/Maturidade-Digital.jpg","type":"image\/jpeg"}],"author":"Nelson Corr\u00eaa Leite J\u00fanior","twitter_card":"summary_large_image","twitter_title":"Maturidade Digital: Aprendizados e oportunidades","twitter_description":"Quem est\u00e1 mais preparado se sai melhor. Acreditamos que o momento \u00e9 de aprendizado e de continuar o movimento de evolu\u00e7\u00e3o na maturidade digital","twitter_misc":{"Escrito por":"Nelson Corr\u00eaa Leite J\u00fanior","Est. tempo de leitura":"2 minutos"},"schema":{"@context":"https:\/\/schema.org","@graph":[{"@type":"WebPage","@id":"https:\/\/ravel.com.br\/blog\/maturidade-digital-aprendizados-e-oportunidades\/","url":"https:\/\/ravel.com.br\/blog\/maturidade-digital-aprendizados-e-oportunidades\/","name":"Maturidade Digital: Oportunidades - Ravel Tecnologia","isPartOf":{"@id":"https:\/\/ravel.com.br\/blog\/#website"},"primaryImageOfPage":{"@id":"https:\/\/ravel.com.br\/blog\/maturidade-digital-aprendizados-e-oportunidades\/#primaryimage"},"image":{"@id":"https:\/\/ravel.com.br\/blog\/maturidade-digital-aprendizados-e-oportunidades\/#primaryimage"},"thumbnailUrl":"https:\/\/ravel.com.br\/blog\/wp-content\/uploads\/2020\/10\/Maturidade-Digital.jpg","datePublished":"2020-10-19T20:10:44+00:00","dateModified":"2021-06-06T13:47:41+00:00","author":{"@id":"https:\/\/ravel.com.br\/blog\/#\/schema\/person\/5809fbed911cb14566b16220749d3dcc"},"description":"Quem est\u00e1 mais preparado se sai melhor. O momento \u00e9 de aprendizado e de continuar o movimento de evolu\u00e7\u00e3o na maturidade digital","breadcrumb":{"@id":"https:\/\/ravel.com.br\/blog\/maturidade-digital-aprendizados-e-oportunidades\/#breadcrumb"},"inLanguage":"pt-BR","potentialAction":[{"@type":"ReadAction","target":["https:\/\/ravel.com.br\/blog\/maturidade-digital-aprendizados-e-oportunidades\/"]}]},{"@type":"ImageObject","inLanguage":"pt-BR","@id":"https:\/\/ravel.com.br\/blog\/maturidade-digital-aprendizados-e-oportunidades\/#primaryimage","url":"https:\/\/ravel.com.br\/blog\/wp-content\/uploads\/2020\/10\/Maturidade-Digital.jpg","contentUrl":"https:\/\/ravel.com.br\/blog\/wp-content\/uploads\/2020\/10\/Maturidade-Digital.jpg","width":1200,"height":630},{"@type":"BreadcrumbList","@id":"https:\/\/ravel.com.br\/blog\/maturidade-digital-aprendizados-e-oportunidades\/#breadcrumb","itemListElement":[{"@type":"ListItem","position":1,"name":"In\u00edcio","item":"https:\/\/ravel.com.br\/blog\/"},{"@type":"ListItem","position":2,"name":"Maturidade Digital: Aprendizados e oportunidades"}]},{"@type":"WebSite","@id":"https:\/\/ravel.com.br\/blog\/#website","url":"https:\/\/ravel.com.br\/blog\/","name":"Blog Tecnologia","description":"Dicas e Artigos sobre Tecnologia","potentialAction":[{"@type":"SearchAction","target":{"@type":"EntryPoint","urlTemplate":"https:\/\/ravel.com.br\/blog\/?s={search_term_string}"},"query-input":{"@type":"PropertyValueSpecification","valueRequired":true,"valueName":"search_term_string"}}],"inLanguage":"pt-BR"},{"@type":"Person","@id":"https:\/\/ravel.com.br\/blog\/#\/schema\/person\/5809fbed911cb14566b16220749d3dcc","name":"Nelson Corr\u00eaa Leite J\u00fanior","image":{"@type":"ImageObject","inLanguage":"pt-BR","@id":"https:\/\/ravel.com.br\/blog\/#\/schema\/person\/image\/","url":"https:\/\/secure.gravatar.com\/avatar\/4eeb3b5606c8a9b5aded280058cd2a1f?s=96&d=mm&r=g","contentUrl":"https:\/\/secure.gravatar.com\/avatar\/4eeb3b5606c8a9b5aded280058cd2a1f?s=96&d=mm&r=g","caption":"Nelson Corr\u00eaa Leite J\u00fanior"},"description":"Empres\u00e1rio desde 1997, onde \u00e9 Co-founder da Ravel Tecnologia, atuando como CEO na coordena\u00e7\u00e3o, gest\u00e3o da lideran\u00e7a e desenvolvimento estrat\u00e9gico. Especializado em Seguran\u00e7a da Informa\u00e7\u00e3o e solu\u00e7\u00f5es em nuvem. S\u00f3cio da ag\u00eancia de Marketing Digital Incandescente, com atua\u00e7\u00e3o na gest\u00e3o administrativa, financeira e estrat\u00e9gica. Busca por evoluir o uso da tecnologia aplicada aos neg\u00f3cios e as pessoas, buscando uma vis\u00e3o sist\u00eamica para fomentar e potencializar a inova\u00e7\u00e3o e crescimento. Pai de 2 lindos filhos e apreciador de uma boa cerveja.","sameAs":["http:\/\/ravel.com.br","https:\/\/www.facebook.com\/raveltecnologia\/","https:\/\/www.linkedin.com\/in\/nelson-corr\u00eaa-leite-j\u00fanior-337631160\/"],"url":"https:\/\/ravel.com.br\/blog\/author\/nelson\/"}]}},"_links":{"self":[{"href":"https:\/\/ravel.com.br\/blog\/wp-json\/wp\/v2\/posts\/2138","targetHints":{"allow":["GET"]}}],"collection":[{"href":"https:\/\/ravel.com.br\/blog\/wp-json\/wp\/v2\/posts"}],"about":[{"href":"https:\/\/ravel.com.br\/blog\/wp-json\/wp\/v2\/types\/post"}],"author":[{"embeddable":true,"href":"https:\/\/ravel.com.br\/blog\/wp-json\/wp\/v2\/users\/7"}],"replies":[{"embeddable":true,"href":"https:\/\/ravel.com.br\/blog\/wp-json\/wp\/v2\/comments?post=2138"}],"version-history":[{"count":3,"href":"https:\/\/ravel.com.br\/blog\/wp-json\/wp\/v2\/posts\/2138\/revisions"}],"predecessor-version":[{"id":2513,"href":"https:\/\/ravel.com.br\/blog\/wp-json\/wp\/v2\/posts\/2138\/revisions\/2513"}],"wp:featuredmedia":[{"embeddable":true,"href":"https:\/\/ravel.com.br\/blog\/wp-json\/wp\/v2\/media\/2142"}],"wp:attachment":[{"href":"https:\/\/ravel.com.br\/blog\/wp-json\/wp\/v2\/media?parent=2138"}],"wp:term":[{"taxonomy":"category","embeddable":true,"href":"https:\/\/ravel.com.br\/blog\/wp-json\/wp\/v2\/categories?post=2138"},{"taxonomy":"post_tag","embeddable":true,"href":"https:\/\/ravel.com.br\/blog\/wp-json\/wp\/v2\/tags?post=2138"}],"curies":[{"name":"wp","href":"https:\/\/api.w.org\/{rel}","templated":true}]}}