{"id":2159,"date":"2020-10-26T16:19:41","date_gmt":"2020-10-26T19:19:41","guid":{"rendered":"https:\/\/ravel.com.br\/blog\/?p=2159"},"modified":"2024-01-03T17:52:28","modified_gmt":"2024-01-03T20:52:28","slug":"como-resolver-a-tela-preto-e-branco-no-windows-10","status":"publish","type":"post","link":"https:\/\/ravel.com.br\/blog\/como-resolver-a-tela-preto-e-branco-no-windows-10\/","title":{"rendered":"Como resolver a tela preto e branco no Windows 10"},"content":{"rendered":"\n<p>O Windows 10 oferece um recurso de filtro de cor que coloca a tela em preto e branco e tem como objetivo ajudar a visualizar os itens na tela. Por\u00e9m, o problema \u00e9 que esse recurso pode ser ativado acidentalmente. Ent\u00e3o vamos mostrar como resolver a tela preto e branco no Windows 10.<\/p>\n\n\n\n<p>Siga o passo a passo abaixo:<\/p>\n\n\n\n<ul class=\"wp-block-list\"><li>Primeiramente, vamos acessar as configura\u00e7\u00f5es do Windows, basta clicar no bot\u00e3o iniciar, e no canto esquerdo, ter\u00e1 um \u00edcone com uma engrenagem:<\/li><\/ul>\n\n\n\n<div class=\"wp-block-image\"><figure class=\"aligncenter size-large\"><img loading=\"lazy\" decoding=\"async\" width=\"367\" height=\"380\" src=\"https:\/\/ravel.com.br\/blog\/wp-content\/uploads\/2020\/10\/configuracoes.png\" alt=\"\" class=\"wp-image-2161\" srcset=\"https:\/\/ravel.com.br\/blog\/wp-content\/uploads\/2020\/10\/configuracoes.png 367w, https:\/\/ravel.com.br\/blog\/wp-content\/uploads\/2020\/10\/configuracoes-290x300.png 290w\" sizes=\"(max-width: 367px) 100vw, 367px\" \/><\/figure><\/div>\n\n\n\n<ul class=\"wp-block-list\"><li>Selecionar a op\u00e7\u00e3o \u201cFacilidade de Acesso &gt; Cor e Alto Contraste\u201d e desativar a op\u00e7\u00e3o \u201cAplicar filtro de cor\u201d.<\/li><\/ul>\n\n\n\n<div class=\"wp-block-image\"><figure class=\"aligncenter size-large\"><img loading=\"lazy\" decoding=\"async\" width=\"471\" height=\"294\" src=\"https:\/\/ravel.com.br\/blog\/wp-content\/uploads\/2020\/10\/image-34.png\" alt=\"Como resolver a tela preto e branco no Windows 10\" class=\"wp-image-2160\" srcset=\"https:\/\/ravel.com.br\/blog\/wp-content\/uploads\/2020\/10\/image-34.png 471w, https:\/\/ravel.com.br\/blog\/wp-content\/uploads\/2020\/10\/image-34-300x187.png 300w, https:\/\/ravel.com.br\/blog\/wp-content\/uploads\/2020\/10\/image-34-400x250.png 400w\" sizes=\"(max-width: 471px) 100vw, 471px\" \/><\/figure><\/div>\n\n\n\n<p>Pronto! Mostramos como resolver a tela preto e branco no Windows 10<\/p>\n\n\n\n<figure class=\"wp-block-image size-full\"><a href=\"https:\/\/ravel.com.br\/servidor-em-nuvem\" target=\"_blank\" rel=\"noopener noreferrer\"><img loading=\"lazy\" decoding=\"async\" width=\"858\" height=\"112\" src=\"https:\/\/ravel.com.br\/blog\/wp-content\/uploads\/2023\/07\/banner-blog-nuvem-1.png\" alt=\"\" class=\"wp-image-4956\" srcset=\"https:\/\/ravel.com.br\/blog\/wp-content\/uploads\/2023\/07\/banner-blog-nuvem-1.png 858w, https:\/\/ravel.com.br\/blog\/wp-content\/uploads\/2023\/07\/banner-blog-nuvem-1-300x39.png 300w, https:\/\/ravel.com.br\/blog\/wp-content\/uploads\/2023\/07\/banner-blog-nuvem-1-768x100.png 768w, https:\/\/ravel.com.br\/blog\/wp-content\/uploads\/2023\/07\/banner-blog-nuvem-1-610x80.png 610w\" sizes=\"(max-width: 858px) 100vw, 858px\" \/><\/a><\/figure>\n\n\n\n<p>Para mais dicas sobre o Windows, acesse: <a href=\"https:\/\/ravel.com.br\/blog\/category\/dicas\/windows\/\" target=\"_blank\" aria-label=\"undefined (opens in a new tab)\" rel=\"noreferrer noopener\">https:\/\/ravel.com.br\/blog\/category\/dicas\/windows\/<\/a><\/p>\n","protected":false},"excerpt":{"rendered":"<p>Vamos mostrar como resolver a tela preto e branco no Windows 10, caso voc\u00ea queira desativar este recurso<\/p>\n","protected":false},"author":34,"featured_media":2163,"comment_status":"open","ping_status":"open","sticky":false,"template":"","format":"standard","meta":{"_et_pb_use_builder":"","_et_pb_old_content":"","_et_gb_content_width":"","footnotes":""},"categories":[60,88],"tags":[],"class_list":["post-2159","post","type-post","status-publish","format-standard","has-post-thumbnail","hentry","category-dicas","category-windows","et-has-post-format-content","et_post_format-et-post-format-standard"],"yoast_head":"<!-- This site is optimized with the Yoast SEO plugin v24.1 - https:\/\/yoast.com\/wordpress\/plugins\/seo\/ -->\n<title>Como resolver a tela preto e branco no Windows 10 - Blog<\/title>\n<meta name=\"description\" content=\"Veja um passo para a passo para resolver a tela preto e branco no Windows 10, caso voc\u00ea queira desativar este recurso nativo do sistema\" \/>\n<meta name=\"robots\" content=\"index, follow, max-snippet:-1, max-image-preview:large, max-video-preview:-1\" \/>\n<link rel=\"canonical\" href=\"https:\/\/ravel.com.br\/blog\/como-resolver-a-tela-preto-e-branco-no-windows-10\/\" \/>\n<meta property=\"og:locale\" content=\"pt_BR\" \/>\n<meta property=\"og:type\" content=\"article\" \/>\n<meta property=\"og:title\" content=\"Como resolver a tela preto e branco no Windows 10\" \/>\n<meta property=\"og:description\" content=\"Vamos mostrar como resolver a tela preto e branco no Windows 10, caso voc\u00ea queira desativar este recurso\" \/>\n<meta property=\"og:url\" content=\"https:\/\/ravel.com.br\/blog\/como-resolver-a-tela-preto-e-branco-no-windows-10\/\" \/>\n<meta property=\"og:site_name\" content=\"Blog Tecnologia\" \/>\n<meta property=\"article:published_time\" content=\"2020-10-26T19:19:41+00:00\" \/>\n<meta property=\"article:modified_time\" content=\"2024-01-03T20:52:28+00:00\" \/>\n<meta property=\"og:image\" content=\"https:\/\/ravel.com.br\/blog\/wp-content\/uploads\/2020\/10\/tela-preto-e-branco.png\" \/>\n\t<meta property=\"og:image:width\" content=\"650\" \/>\n\t<meta property=\"og:image:height\" content=\"366\" \/>\n\t<meta property=\"og:image:type\" content=\"image\/png\" \/>\n<meta name=\"author\" content=\"Ravel Tecnologia\" \/>\n<meta name=\"twitter:card\" content=\"summary_large_image\" \/>\n<meta name=\"twitter:title\" content=\"Como resolver a tela preto e branco no Windows 10\" \/>\n<meta name=\"twitter:description\" content=\"Vamos mostrar como resolver a tela preto e branco no Windows 10, caso voc\u00ea queira desativar este recurso\" \/>\n<meta name=\"twitter:image\" content=\"https:\/\/ravel.com.br\/blog\/wp-content\/uploads\/2020\/10\/tela-preto-e-branco.png\" \/>\n<meta name=\"twitter:label1\" content=\"Escrito por\" \/>\n\t<meta name=\"twitter:data1\" content=\"Ravel Tecnologia\" \/>\n\t<meta name=\"twitter:label2\" content=\"Est. tempo de leitura\" \/>\n\t<meta name=\"twitter:data2\" content=\"1 minuto\" \/>\n<script type=\"application\/ld+json\" class=\"yoast-schema-graph\">{\"@context\":\"https:\/\/schema.org\",\"@graph\":[{\"@type\":\"WebPage\",\"@id\":\"https:\/\/ravel.com.br\/blog\/como-resolver-a-tela-preto-e-branco-no-windows-10\/\",\"url\":\"https:\/\/ravel.com.br\/blog\/como-resolver-a-tela-preto-e-branco-no-windows-10\/\",\"name\":\"Como resolver a tela preto e branco no Windows 10 - Blog\",\"isPartOf\":{\"@id\":\"https:\/\/ravel.com.br\/blog\/#website\"},\"primaryImageOfPage\":{\"@id\":\"https:\/\/ravel.com.br\/blog\/como-resolver-a-tela-preto-e-branco-no-windows-10\/#primaryimage\"},\"image\":{\"@id\":\"https:\/\/ravel.com.br\/blog\/como-resolver-a-tela-preto-e-branco-no-windows-10\/#primaryimage\"},\"thumbnailUrl\":\"https:\/\/ravel.com.br\/blog\/wp-content\/uploads\/2020\/10\/tela-preto-e-branco.png\",\"datePublished\":\"2020-10-26T19:19:41+00:00\",\"dateModified\":\"2024-01-03T20:52:28+00:00\",\"author\":{\"@id\":\"https:\/\/ravel.com.br\/blog\/#\/schema\/person\/77a79ccf728fc4a376654c3546e919f5\"},\"description\":\"Veja um passo para a passo para resolver a tela preto e branco no Windows 10, caso voc\u00ea queira desativar este recurso nativo do sistema\",\"breadcrumb\":{\"@id\":\"https:\/\/ravel.com.br\/blog\/como-resolver-a-tela-preto-e-branco-no-windows-10\/#breadcrumb\"},\"inLanguage\":\"pt-BR\",\"potentialAction\":[{\"@type\":\"ReadAction\",\"target\":[\"https:\/\/ravel.com.br\/blog\/como-resolver-a-tela-preto-e-branco-no-windows-10\/\"]}]},{\"@type\":\"ImageObject\",\"inLanguage\":\"pt-BR\",\"@id\":\"https:\/\/ravel.com.br\/blog\/como-resolver-a-tela-preto-e-branco-no-windows-10\/#primaryimage\",\"url\":\"https:\/\/ravel.com.br\/blog\/wp-content\/uploads\/2020\/10\/tela-preto-e-branco.png\",\"contentUrl\":\"https:\/\/ravel.com.br\/blog\/wp-content\/uploads\/2020\/10\/tela-preto-e-branco.png\",\"width\":650,\"height\":366},{\"@type\":\"BreadcrumbList\",\"@id\":\"https:\/\/ravel.com.br\/blog\/como-resolver-a-tela-preto-e-branco-no-windows-10\/#breadcrumb\",\"itemListElement\":[{\"@type\":\"ListItem\",\"position\":1,\"name\":\"In\u00edcio\",\"item\":\"https:\/\/ravel.com.br\/blog\/\"},{\"@type\":\"ListItem\",\"position\":2,\"name\":\"Como resolver a tela preto e branco no Windows 10\"}]},{\"@type\":\"WebSite\",\"@id\":\"https:\/\/ravel.com.br\/blog\/#website\",\"url\":\"https:\/\/ravel.com.br\/blog\/\",\"name\":\"Blog Tecnologia\",\"description\":\"Dicas e Artigos sobre Tecnologia\",\"potentialAction\":[{\"@type\":\"SearchAction\",\"target\":{\"@type\":\"EntryPoint\",\"urlTemplate\":\"https:\/\/ravel.com.br\/blog\/?s={search_term_string}\"},\"query-input\":{\"@type\":\"PropertyValueSpecification\",\"valueRequired\":true,\"valueName\":\"search_term_string\"}}],\"inLanguage\":\"pt-BR\"},{\"@type\":\"Person\",\"@id\":\"https:\/\/ravel.com.br\/blog\/#\/schema\/person\/77a79ccf728fc4a376654c3546e919f5\",\"name\":\"Ravel Tecnologia\",\"image\":{\"@type\":\"ImageObject\",\"inLanguage\":\"pt-BR\",\"@id\":\"https:\/\/ravel.com.br\/blog\/#\/schema\/person\/image\/\",\"url\":\"https:\/\/secure.gravatar.com\/avatar\/449267afe4e5fadbd121b8790fd528f6?s=96&d=mm&r=g\",\"contentUrl\":\"https:\/\/secure.gravatar.com\/avatar\/449267afe4e5fadbd121b8790fd528f6?s=96&d=mm&r=g\",\"caption\":\"Ravel Tecnologia\"},\"description\":\"Oferecemos servi\u00e7os de TI para garantir que a tecnologia trabalhe como forte aliada na conquista de resultados e se reflita de forma direta na produtividade e no crescimento das empresas.\",\"url\":\"https:\/\/ravel.com.br\/blog\/author\/ravel-tecnologia\/\"}]}<\/script>\n<!-- \/ Yoast SEO plugin. -->","yoast_head_json":{"title":"Como resolver a tela preto e branco no Windows 10 - Blog","description":"Veja um passo para a passo para resolver a tela preto e branco no Windows 10, caso voc\u00ea queira desativar este recurso nativo do sistema","robots":{"index":"index","follow":"follow","max-snippet":"max-snippet:-1","max-image-preview":"max-image-preview:large","max-video-preview":"max-video-preview:-1"},"canonical":"https:\/\/ravel.com.br\/blog\/como-resolver-a-tela-preto-e-branco-no-windows-10\/","og_locale":"pt_BR","og_type":"article","og_title":"Como resolver a tela preto e branco no Windows 10","og_description":"Vamos mostrar como resolver a tela preto e branco no Windows 10, caso voc\u00ea queira desativar este recurso","og_url":"https:\/\/ravel.com.br\/blog\/como-resolver-a-tela-preto-e-branco-no-windows-10\/","og_site_name":"Blog Tecnologia","article_published_time":"2020-10-26T19:19:41+00:00","article_modified_time":"2024-01-03T20:52:28+00:00","og_image":[{"width":650,"height":366,"url":"https:\/\/ravel.com.br\/blog\/wp-content\/uploads\/2020\/10\/tela-preto-e-branco.png","type":"image\/png"}],"author":"Ravel Tecnologia","twitter_card":"summary_large_image","twitter_title":"Como resolver a tela preto e branco no Windows 10","twitter_description":"Vamos mostrar como resolver a tela preto e branco no Windows 10, caso voc\u00ea queira desativar este recurso","twitter_image":"https:\/\/ravel.com.br\/blog\/wp-content\/uploads\/2020\/10\/tela-preto-e-branco.png","twitter_misc":{"Escrito por":"Ravel Tecnologia","Est. tempo de leitura":"1 minuto"},"schema":{"@context":"https:\/\/schema.org","@graph":[{"@type":"WebPage","@id":"https:\/\/ravel.com.br\/blog\/como-resolver-a-tela-preto-e-branco-no-windows-10\/","url":"https:\/\/ravel.com.br\/blog\/como-resolver-a-tela-preto-e-branco-no-windows-10\/","name":"Como resolver a tela preto e branco no Windows 10 - Blog","isPartOf":{"@id":"https:\/\/ravel.com.br\/blog\/#website"},"primaryImageOfPage":{"@id":"https:\/\/ravel.com.br\/blog\/como-resolver-a-tela-preto-e-branco-no-windows-10\/#primaryimage"},"image":{"@id":"https:\/\/ravel.com.br\/blog\/como-resolver-a-tela-preto-e-branco-no-windows-10\/#primaryimage"},"thumbnailUrl":"https:\/\/ravel.com.br\/blog\/wp-content\/uploads\/2020\/10\/tela-preto-e-branco.png","datePublished":"2020-10-26T19:19:41+00:00","dateModified":"2024-01-03T20:52:28+00:00","author":{"@id":"https:\/\/ravel.com.br\/blog\/#\/schema\/person\/77a79ccf728fc4a376654c3546e919f5"},"description":"Veja um passo para a passo para resolver a tela preto e branco no Windows 10, caso voc\u00ea queira desativar este recurso nativo do sistema","breadcrumb":{"@id":"https:\/\/ravel.com.br\/blog\/como-resolver-a-tela-preto-e-branco-no-windows-10\/#breadcrumb"},"inLanguage":"pt-BR","potentialAction":[{"@type":"ReadAction","target":["https:\/\/ravel.com.br\/blog\/como-resolver-a-tela-preto-e-branco-no-windows-10\/"]}]},{"@type":"ImageObject","inLanguage":"pt-BR","@id":"https:\/\/ravel.com.br\/blog\/como-resolver-a-tela-preto-e-branco-no-windows-10\/#primaryimage","url":"https:\/\/ravel.com.br\/blog\/wp-content\/uploads\/2020\/10\/tela-preto-e-branco.png","contentUrl":"https:\/\/ravel.com.br\/blog\/wp-content\/uploads\/2020\/10\/tela-preto-e-branco.png","width":650,"height":366},{"@type":"BreadcrumbList","@id":"https:\/\/ravel.com.br\/blog\/como-resolver-a-tela-preto-e-branco-no-windows-10\/#breadcrumb","itemListElement":[{"@type":"ListItem","position":1,"name":"In\u00edcio","item":"https:\/\/ravel.com.br\/blog\/"},{"@type":"ListItem","position":2,"name":"Como resolver a tela preto e branco no Windows 10"}]},{"@type":"WebSite","@id":"https:\/\/ravel.com.br\/blog\/#website","url":"https:\/\/ravel.com.br\/blog\/","name":"Blog Tecnologia","description":"Dicas e Artigos sobre Tecnologia","potentialAction":[{"@type":"SearchAction","target":{"@type":"EntryPoint","urlTemplate":"https:\/\/ravel.com.br\/blog\/?s={search_term_string}"},"query-input":{"@type":"PropertyValueSpecification","valueRequired":true,"valueName":"search_term_string"}}],"inLanguage":"pt-BR"},{"@type":"Person","@id":"https:\/\/ravel.com.br\/blog\/#\/schema\/person\/77a79ccf728fc4a376654c3546e919f5","name":"Ravel Tecnologia","image":{"@type":"ImageObject","inLanguage":"pt-BR","@id":"https:\/\/ravel.com.br\/blog\/#\/schema\/person\/image\/","url":"https:\/\/secure.gravatar.com\/avatar\/449267afe4e5fadbd121b8790fd528f6?s=96&d=mm&r=g","contentUrl":"https:\/\/secure.gravatar.com\/avatar\/449267afe4e5fadbd121b8790fd528f6?s=96&d=mm&r=g","caption":"Ravel Tecnologia"},"description":"Oferecemos servi\u00e7os de TI para garantir que a tecnologia trabalhe como forte aliada na conquista de resultados e se reflita de forma direta na produtividade e no crescimento das empresas.","url":"https:\/\/ravel.com.br\/blog\/author\/ravel-tecnologia\/"}]}},"_links":{"self":[{"href":"https:\/\/ravel.com.br\/blog\/wp-json\/wp\/v2\/posts\/2159","targetHints":{"allow":["GET"]}}],"collection":[{"href":"https:\/\/ravel.com.br\/blog\/wp-json\/wp\/v2\/posts"}],"about":[{"href":"https:\/\/ravel.com.br\/blog\/wp-json\/wp\/v2\/types\/post"}],"author":[{"embeddable":true,"href":"https:\/\/ravel.com.br\/blog\/wp-json\/wp\/v2\/users\/34"}],"replies":[{"embeddable":true,"href":"https:\/\/ravel.com.br\/blog\/wp-json\/wp\/v2\/comments?post=2159"}],"version-history":[{"count":3,"href":"https:\/\/ravel.com.br\/blog\/wp-json\/wp\/v2\/posts\/2159\/revisions"}],"predecessor-version":[{"id":2431,"href":"https:\/\/ravel.com.br\/blog\/wp-json\/wp\/v2\/posts\/2159\/revisions\/2431"}],"wp:featuredmedia":[{"embeddable":true,"href":"https:\/\/ravel.com.br\/blog\/wp-json\/wp\/v2\/media\/2163"}],"wp:attachment":[{"href":"https:\/\/ravel.com.br\/blog\/wp-json\/wp\/v2\/media?parent=2159"}],"wp:term":[{"taxonomy":"category","embeddable":true,"href":"https:\/\/ravel.com.br\/blog\/wp-json\/wp\/v2\/categories?post=2159"},{"taxonomy":"post_tag","embeddable":true,"href":"https:\/\/ravel.com.br\/blog\/wp-json\/wp\/v2\/tags?post=2159"}],"curies":[{"name":"wp","href":"https:\/\/api.w.org\/{rel}","templated":true}]}}