{"id":2242,"date":"2020-12-29T17:46:07","date_gmt":"2020-12-29T20:46:07","guid":{"rendered":"https:\/\/ravel.com.br\/blog\/?p=2242"},"modified":"2021-06-06T10:47:28","modified_gmt":"2021-06-06T13:47:28","slug":"tendencias-de-tecnologia-para-2021","status":"publish","type":"post","link":"https:\/\/ravel.com.br\/blog\/tendencias-de-tecnologia-para-2021\/","title":{"rendered":"Tend\u00eancias de Tecnologia para 2021"},"content":{"rendered":"\n<p>Diante de muitos desafios e aprendizados, vimos a import\u00e2ncia de estarmos em sintonia com novas formas de trabalho e colabora\u00e7\u00e3o. Para isso, gostar\u00edamos de colaborar trazendo um olhar sobre as tend\u00eancias de tecnologia para 2021.<\/p>\n\n\n\n<h2 class=\"wp-block-heading\">5G<\/h2>\n\n\n\n<p>J\u00e1 em fase de testes em algumas cidades, teremos em 2021 o leil\u00e3o para implementa\u00e7\u00e3o da tecnologia em todo o Brasil. Essa tecnologia trar\u00e1 mais velocidade de conex\u00e3o e, principalmente, menor tempo de resposta dos dispositivos conectados na internet. Isso ser\u00e1 um salto para a massifica\u00e7\u00e3o do uso de IoT (Internet das Coisas).<\/p>\n\n\n\n<p>N\u00e3o teremos essa tecnologia implementada em grande escala em 2021, mas \u00e9 importante entender esses benef\u00edcios e analisar como o seu neg\u00f3cio pode se beneficiar desta tecnologia.<\/p>\n\n\n\n<h2 class=\"wp-block-heading\">Privacidade em foco<\/h2>\n\n\n\n<p>Iniciamos o ano com a LGPD esquentando. O amadurecimento quanto ao seu entendimento e sua jornada de implementa\u00e7\u00e3o tende a movimentar o uso de tecnologias e adequa\u00e7\u00f5es em processos que foquem na privacidade dos dados. Ser\u00e1 n\u00e3o apenas uma tend\u00eancia de tecnologia para 2021, mas envolver\u00e1 pessoas e procedimentos.<\/p>\n\n\n\n<h4 class=\"wp-block-heading\">Veremos tanto como usu\u00e1rios, quanto como fornecedores ou empresas um reflexo positivo quanto a este tema.<\/h4>\n\n\n\n<div style=\"height:30px\" aria-hidden=\"true\" class=\"wp-block-spacer\"><\/div>\n\n\n\n<figure class=\"wp-block-image size-large\"><a href=\"https:\/\/conteudo.ravel.com.br\/lgpd-como-comecar\" target=\"_blank\" rel=\"noopener noreferrer\"><img loading=\"lazy\" decoding=\"async\" width=\"1024\" height=\"133\" src=\"https:\/\/ravel.com.br\/blog\/wp-content\/uploads\/2021\/03\/CTA9-1024x133.png\" alt=\"\" class=\"wp-image-2603\" srcset=\"https:\/\/ravel.com.br\/blog\/wp-content\/uploads\/2021\/03\/CTA9-1024x133.png 1024w, https:\/\/ravel.com.br\/blog\/wp-content\/uploads\/2021\/03\/CTA9-300x39.png 300w, https:\/\/ravel.com.br\/blog\/wp-content\/uploads\/2021\/03\/CTA9-768x100.png 768w, https:\/\/ravel.com.br\/blog\/wp-content\/uploads\/2021\/03\/CTA9-1536x199.png 1536w, https:\/\/ravel.com.br\/blog\/wp-content\/uploads\/2021\/03\/CTA9-2048x266.png 2048w, https:\/\/ravel.com.br\/blog\/wp-content\/uploads\/2021\/03\/CTA9-610x79.png 610w, https:\/\/ravel.com.br\/blog\/wp-content\/uploads\/2021\/03\/CTA9-1080x140.png 1080w\" sizes=\"(max-width: 1024px) 100vw, 1024px\" \/><\/a><\/figure>\n\n\n\n<p>Como empresas, precisamos come\u00e7ar o quanto antes, evitando o \u00f4nus de tomar a\u00e7\u00f5es tardias frente a lei (que j\u00e1 est\u00e1 em vigor). Veremos muito a aplica\u00e7\u00e3o de recursos como criptografia, gest\u00e3o de acesso, DLP, entre outros.<\/p>\n\n\n\n<p>veja mais sobre LGPD: <a href=\"https:\/\/ravel.com.br\/lgpd-o-que-e-como-comecar\">LGPD O que \u00e9 e como come\u00e7ar | Ravel Tecnologia<\/a><\/p>\n\n\n\n<div class=\"wp-block-image\"><figure class=\"aligncenter size-large\"><img loading=\"lazy\" decoding=\"async\" width=\"800\" height=\"400\" src=\"https:\/\/ravel.com.br\/blog\/wp-content\/uploads\/2020\/12\/privacidade-em-foco.jpg\" alt=\"Tend\u00eancias de Tecnologia\" class=\"wp-image-2244\" srcset=\"https:\/\/ravel.com.br\/blog\/wp-content\/uploads\/2020\/12\/privacidade-em-foco.jpg 800w, https:\/\/ravel.com.br\/blog\/wp-content\/uploads\/2020\/12\/privacidade-em-foco-300x150.jpg 300w, https:\/\/ravel.com.br\/blog\/wp-content\/uploads\/2020\/12\/privacidade-em-foco-768x384.jpg 768w, https:\/\/ravel.com.br\/blog\/wp-content\/uploads\/2020\/12\/privacidade-em-foco-610x305.jpg 610w\" sizes=\"(max-width: 800px) 100vw, 800px\" \/><\/figure><\/div>\n\n\n\n<h2 class=\"wp-block-heading\">Intelig\u00eancia Artificial<\/h2>\n\n\n\n<p>Otimizar processos para ganhar tempo, produtividade e recursos s\u00e3o alguns dos benef\u00edcios do uso de intelig\u00eancia artificial. Buscar o entendimento de onde usar e aplicar esta tend\u00eancia de tecnologia \u00e9 muito importante.<\/p>\n\n\n\n<p>\u00c9 poss\u00edvel utilizar, por exemplo, para prevenir o tempo de paradas de equipamentos, onde a intelig\u00eancia artificial atuar\u00e1 de maneira corretiva, preventiva e preditiva. Existem ferramentas conhecidas como <a href=\"https:\/\/en.wikipedia.org\/wiki\/Remote_monitoring_and_management\" target=\"_blank\" rel=\"noreferrer noopener\">RMM <\/a>(Monitoramento e gerenciamento remoto) que possuem estes recursos aplicados na <a href=\"https:\/\/ravel.com.br\/gestao-de-ti\" target=\"_blank\" rel=\"noreferrer noopener\">gest\u00e3o da TI<\/a>.<\/p>\n\n\n\n<p>Tamb\u00e9m \u00e9 poss\u00edvel aplicar esta tend\u00eancia de tecnologia para 2021 no atendimento. Tanto interno quanto de clientes. Ele n\u00e3o substitui 100% do atendimento humano, mas em conjunto com o mesmo, traz ganhos de relacionamento e velocidade que s\u00e3o interessantes.<\/p>\n\n\n\n<h2 class=\"wp-block-heading\">Uso da nuvem<\/h2>\n\n\n\n<p>Projetos de uso da nuvem tendem a crescer significativamente. As empresas perceberam ganhos do trabalho remoto. E n\u00e3o depender de um ponto focal na empresa para disponibilizar documentos, sistemas e telefonia traz vantagens significativas.<\/p>\n\n\n\n<p>Saiba mais dos desafios da migra\u00e7\u00e3o para nuvem em: <a href=\"https:\/\/ravel.com.br\/blog\/migracao-para-nuvem-fases-e-desafios\/\">Migra\u00e7\u00e3o para nuvem \u2013 Fases e Desafios &#8211; Ravel Tecnologia<\/a><\/p>\n\n\n\n<div class=\"wp-block-image\"><figure class=\"aligncenter size-large\"><img loading=\"lazy\" decoding=\"async\" width=\"1024\" height=\"390\" src=\"https:\/\/ravel.com.br\/blog\/wp-content\/uploads\/2020\/11\/migra\u00e7\u00e3o-para-nuvem-I-1024x390.jpg\" alt=\"\" class=\"wp-image-2208\" srcset=\"https:\/\/ravel.com.br\/blog\/wp-content\/uploads\/2020\/11\/migra\u00e7\u00e3o-para-nuvem-I-1024x390.jpg 1024w, https:\/\/ravel.com.br\/blog\/wp-content\/uploads\/2020\/11\/migra\u00e7\u00e3o-para-nuvem-I-300x114.jpg 300w, https:\/\/ravel.com.br\/blog\/wp-content\/uploads\/2020\/11\/migra\u00e7\u00e3o-para-nuvem-I-768x293.jpg 768w, https:\/\/ravel.com.br\/blog\/wp-content\/uploads\/2020\/11\/migra\u00e7\u00e3o-para-nuvem-I-1536x585.jpg 1536w, https:\/\/ravel.com.br\/blog\/wp-content\/uploads\/2020\/11\/migra\u00e7\u00e3o-para-nuvem-I-610x233.jpg 610w, https:\/\/ravel.com.br\/blog\/wp-content\/uploads\/2020\/11\/migra\u00e7\u00e3o-para-nuvem-I-1080x412.jpg 1080w, https:\/\/ravel.com.br\/blog\/wp-content\/uploads\/2020\/11\/migra\u00e7\u00e3o-para-nuvem-I.jpg 1540w\" sizes=\"(max-width: 1024px) 100vw, 1024px\" \/><\/figure><\/div>\n\n\n\n<h2 class=\"wp-block-heading\">Seguran\u00e7a na base das tend\u00eancias de tecnologia<\/h2>\n\n\n\n<p>Todas as tend\u00eancias de tecnologia para 2021 tamb\u00e9m ter\u00e3o na sua base a preocupa\u00e7\u00e3o com a seguran\u00e7a. Os projetos precisar\u00e3o ser avaliados com essa premissa.<\/p>\n\n\n\n<p>\u00c9 super aconselhado esse olhar. Buscar na origem otimizar\u00e1 retrabalho e diminuir\u00e1 riscos. Desta forma, algumas solu\u00e7\u00f5es trazem op\u00e7\u00f5es que ajudam uma evolu\u00e7\u00e3o na implementa\u00e7\u00e3o de novos recursos \u00e0 medida que a necessidade vai surgindo. Destacamos, como exemplo, o uso do Microsoft 365 ou de recursos do Azure.<\/p>\n\n\n\n<div style=\"height:30px\" aria-hidden=\"true\" class=\"wp-block-spacer\"><\/div>\n\n\n\n<figure class=\"wp-block-image\"><a href=\"https:\/\/ravel.com.br\/contato\" target=\"_blank\" rel=\"noreferrer noopener\"><img loading=\"lazy\" decoding=\"async\" width=\"1024\" height=\"133\" src=\"https:\/\/ravel.com.br\/blog\/wp-content\/uploads\/2019\/11\/CTA1-1024x133.png\" alt=\"\" class=\"wp-image-806\" srcset=\"https:\/\/ravel.com.br\/blog\/wp-content\/uploads\/2019\/11\/CTA1-1024x133.png 1024w, https:\/\/ravel.com.br\/blog\/wp-content\/uploads\/2019\/11\/CTA1-300x39.png 300w, https:\/\/ravel.com.br\/blog\/wp-content\/uploads\/2019\/11\/CTA1-768x100.png 768w, https:\/\/ravel.com.br\/blog\/wp-content\/uploads\/2019\/11\/CTA1-610x79.png 610w, https:\/\/ravel.com.br\/blog\/wp-content\/uploads\/2019\/11\/CTA1-1080x140.png 1080w\" sizes=\"(max-width: 1024px) 100vw, 1024px\" \/><\/a><\/figure>\n\n\n\n<p>Esses s\u00e3o alguns pontos para que possamos estar mais preparados e atentos para as r\u00e1pidas mudan\u00e7as que a tecnologia nos desafia. Conte com a Ravel nesta jornada.<\/p>\n","protected":false},"excerpt":{"rendered":"<p>Trazendo um olhar sobre as tend\u00eancias de tecnologia para 2021, visando estarmos mais preparados e atentos para os desafios que vir\u00e3o<\/p>\n","protected":false},"author":7,"featured_media":2245,"comment_status":"open","ping_status":"open","sticky":false,"template":"","format":"standard","meta":{"_et_pb_use_builder":"","_et_pb_old_content":"","_et_gb_content_width":"","footnotes":""},"categories":[103,6],"tags":[],"class_list":["post-2242","post","type-post","status-publish","format-standard","has-post-thumbnail","hentry","category-gestao","category-tecnologia","et-has-post-format-content","et_post_format-et-post-format-standard"],"yoast_head":"<!-- This site is optimized with the Yoast SEO plugin v24.1 - https:\/\/yoast.com\/wordpress\/plugins\/seo\/ -->\n<title>Tend\u00eancias de Tecnologia para 2021 - Blog - Ravel Tecnologia<\/title>\n<meta name=\"description\" content=\"Trazendo um olhar sobre as tend\u00eancias de tecnologia para 2021, visando estarmos mais preparados e atentos para os desafios que vir\u00e3o\" \/>\n<meta name=\"robots\" content=\"index, follow, max-snippet:-1, max-image-preview:large, max-video-preview:-1\" \/>\n<link rel=\"canonical\" href=\"https:\/\/ravel.com.br\/blog\/tendencias-de-tecnologia-para-2021\/\" \/>\n<meta property=\"og:locale\" content=\"pt_BR\" \/>\n<meta property=\"og:type\" content=\"article\" \/>\n<meta property=\"og:title\" content=\"Tend\u00eancias de tecnologia para 2021\" \/>\n<meta property=\"og:description\" content=\"Trazendo um olhar sobre as tend\u00eancias de tecnologia para 2021, visando estarmos mais preparados e atentos paa os desafios que vir\u00e3o\" \/>\n<meta property=\"og:url\" content=\"https:\/\/ravel.com.br\/blog\/tendencias-de-tecnologia-para-2021\/\" \/>\n<meta property=\"og:site_name\" content=\"Blog Tecnologia\" \/>\n<meta property=\"article:author\" content=\"https:\/\/www.facebook.com\/raveltecnologia\/\" \/>\n<meta property=\"article:published_time\" content=\"2020-12-29T20:46:07+00:00\" \/>\n<meta property=\"article:modified_time\" content=\"2021-06-06T13:47:28+00:00\" \/>\n<meta property=\"og:image\" content=\"https:\/\/ravel.com.br\/blog\/wp-content\/uploads\/2020\/12\/tendencias-tecnologia-2021.jpg\" \/>\n\t<meta property=\"og:image:width\" content=\"1140\" \/>\n\t<meta property=\"og:image:height\" content=\"600\" \/>\n\t<meta property=\"og:image:type\" content=\"image\/jpeg\" \/>\n<meta name=\"author\" content=\"Nelson Corr\u00eaa Leite J\u00fanior\" \/>\n<meta name=\"twitter:card\" content=\"summary_large_image\" \/>\n<meta name=\"twitter:title\" content=\"Tend\u00eancias de tecnologia para 2021\" \/>\n<meta name=\"twitter:description\" content=\"Trazendo um olhar sobre as tend\u00eancias de tecnologia para 2021, visando estarmos mais preparados e atentos paa os desafios que vir\u00e3o\" \/>\n<meta name=\"twitter:label1\" content=\"Escrito por\" \/>\n\t<meta name=\"twitter:data1\" content=\"Nelson Corr\u00eaa Leite J\u00fanior\" \/>\n\t<meta name=\"twitter:label2\" content=\"Est. tempo de leitura\" \/>\n\t<meta name=\"twitter:data2\" content=\"3 minutos\" \/>\n<script type=\"application\/ld+json\" class=\"yoast-schema-graph\">{\"@context\":\"https:\/\/schema.org\",\"@graph\":[{\"@type\":\"WebPage\",\"@id\":\"https:\/\/ravel.com.br\/blog\/tendencias-de-tecnologia-para-2021\/\",\"url\":\"https:\/\/ravel.com.br\/blog\/tendencias-de-tecnologia-para-2021\/\",\"name\":\"Tend\u00eancias de Tecnologia para 2021 - Blog - Ravel Tecnologia\",\"isPartOf\":{\"@id\":\"https:\/\/ravel.com.br\/blog\/#website\"},\"primaryImageOfPage\":{\"@id\":\"https:\/\/ravel.com.br\/blog\/tendencias-de-tecnologia-para-2021\/#primaryimage\"},\"image\":{\"@id\":\"https:\/\/ravel.com.br\/blog\/tendencias-de-tecnologia-para-2021\/#primaryimage\"},\"thumbnailUrl\":\"https:\/\/ravel.com.br\/blog\/wp-content\/uploads\/2020\/12\/tendencias-tecnologia-2021.jpg\",\"datePublished\":\"2020-12-29T20:46:07+00:00\",\"dateModified\":\"2021-06-06T13:47:28+00:00\",\"author\":{\"@id\":\"https:\/\/ravel.com.br\/blog\/#\/schema\/person\/5809fbed911cb14566b16220749d3dcc\"},\"description\":\"Trazendo um olhar sobre as tend\u00eancias de tecnologia para 2021, visando estarmos mais preparados e atentos para os desafios que vir\u00e3o\",\"breadcrumb\":{\"@id\":\"https:\/\/ravel.com.br\/blog\/tendencias-de-tecnologia-para-2021\/#breadcrumb\"},\"inLanguage\":\"pt-BR\",\"potentialAction\":[{\"@type\":\"ReadAction\",\"target\":[\"https:\/\/ravel.com.br\/blog\/tendencias-de-tecnologia-para-2021\/\"]}]},{\"@type\":\"ImageObject\",\"inLanguage\":\"pt-BR\",\"@id\":\"https:\/\/ravel.com.br\/blog\/tendencias-de-tecnologia-para-2021\/#primaryimage\",\"url\":\"https:\/\/ravel.com.br\/blog\/wp-content\/uploads\/2020\/12\/tendencias-tecnologia-2021.jpg\",\"contentUrl\":\"https:\/\/ravel.com.br\/blog\/wp-content\/uploads\/2020\/12\/tendencias-tecnologia-2021.jpg\",\"width\":1140,\"height\":600},{\"@type\":\"BreadcrumbList\",\"@id\":\"https:\/\/ravel.com.br\/blog\/tendencias-de-tecnologia-para-2021\/#breadcrumb\",\"itemListElement\":[{\"@type\":\"ListItem\",\"position\":1,\"name\":\"In\u00edcio\",\"item\":\"https:\/\/ravel.com.br\/blog\/\"},{\"@type\":\"ListItem\",\"position\":2,\"name\":\"Tend\u00eancias de Tecnologia para 2021\"}]},{\"@type\":\"WebSite\",\"@id\":\"https:\/\/ravel.com.br\/blog\/#website\",\"url\":\"https:\/\/ravel.com.br\/blog\/\",\"name\":\"Blog Tecnologia\",\"description\":\"Dicas e Artigos sobre Tecnologia\",\"potentialAction\":[{\"@type\":\"SearchAction\",\"target\":{\"@type\":\"EntryPoint\",\"urlTemplate\":\"https:\/\/ravel.com.br\/blog\/?s={search_term_string}\"},\"query-input\":{\"@type\":\"PropertyValueSpecification\",\"valueRequired\":true,\"valueName\":\"search_term_string\"}}],\"inLanguage\":\"pt-BR\"},{\"@type\":\"Person\",\"@id\":\"https:\/\/ravel.com.br\/blog\/#\/schema\/person\/5809fbed911cb14566b16220749d3dcc\",\"name\":\"Nelson Corr\u00eaa Leite J\u00fanior\",\"image\":{\"@type\":\"ImageObject\",\"inLanguage\":\"pt-BR\",\"@id\":\"https:\/\/ravel.com.br\/blog\/#\/schema\/person\/image\/\",\"url\":\"https:\/\/secure.gravatar.com\/avatar\/4eeb3b5606c8a9b5aded280058cd2a1f?s=96&d=mm&r=g\",\"contentUrl\":\"https:\/\/secure.gravatar.com\/avatar\/4eeb3b5606c8a9b5aded280058cd2a1f?s=96&d=mm&r=g\",\"caption\":\"Nelson Corr\u00eaa Leite J\u00fanior\"},\"description\":\"Empres\u00e1rio desde 1997, onde \u00e9 Co-founder da Ravel Tecnologia, atuando como CEO na coordena\u00e7\u00e3o, gest\u00e3o da lideran\u00e7a e desenvolvimento estrat\u00e9gico. Especializado em Seguran\u00e7a da Informa\u00e7\u00e3o e solu\u00e7\u00f5es em nuvem. S\u00f3cio da ag\u00eancia de Marketing Digital Incandescente, com atua\u00e7\u00e3o na gest\u00e3o administrativa, financeira e estrat\u00e9gica. Busca por evoluir o uso da tecnologia aplicada aos neg\u00f3cios e as pessoas, buscando uma vis\u00e3o sist\u00eamica para fomentar e potencializar a inova\u00e7\u00e3o e crescimento. Pai de 2 lindos filhos e apreciador de uma boa cerveja.\",\"sameAs\":[\"http:\/\/ravel.com.br\",\"https:\/\/www.facebook.com\/raveltecnologia\/\",\"https:\/\/www.linkedin.com\/in\/nelson-corr\u00eaa-leite-j\u00fanior-337631160\/\"],\"url\":\"https:\/\/ravel.com.br\/blog\/author\/nelson\/\"}]}<\/script>\n<!-- \/ Yoast SEO plugin. -->","yoast_head_json":{"title":"Tend\u00eancias de Tecnologia para 2021 - Blog - Ravel Tecnologia","description":"Trazendo um olhar sobre as tend\u00eancias de tecnologia para 2021, visando estarmos mais preparados e atentos para os desafios que vir\u00e3o","robots":{"index":"index","follow":"follow","max-snippet":"max-snippet:-1","max-image-preview":"max-image-preview:large","max-video-preview":"max-video-preview:-1"},"canonical":"https:\/\/ravel.com.br\/blog\/tendencias-de-tecnologia-para-2021\/","og_locale":"pt_BR","og_type":"article","og_title":"Tend\u00eancias de tecnologia para 2021","og_description":"Trazendo um olhar sobre as tend\u00eancias de tecnologia para 2021, visando estarmos mais preparados e atentos paa os desafios que vir\u00e3o","og_url":"https:\/\/ravel.com.br\/blog\/tendencias-de-tecnologia-para-2021\/","og_site_name":"Blog Tecnologia","article_author":"https:\/\/www.facebook.com\/raveltecnologia\/","article_published_time":"2020-12-29T20:46:07+00:00","article_modified_time":"2021-06-06T13:47:28+00:00","og_image":[{"width":1140,"height":600,"url":"https:\/\/ravel.com.br\/blog\/wp-content\/uploads\/2020\/12\/tendencias-tecnologia-2021.jpg","type":"image\/jpeg"}],"author":"Nelson Corr\u00eaa Leite J\u00fanior","twitter_card":"summary_large_image","twitter_title":"Tend\u00eancias de tecnologia para 2021","twitter_description":"Trazendo um olhar sobre as tend\u00eancias de tecnologia para 2021, visando estarmos mais preparados e atentos paa os desafios que vir\u00e3o","twitter_misc":{"Escrito por":"Nelson Corr\u00eaa Leite J\u00fanior","Est. tempo de leitura":"3 minutos"},"schema":{"@context":"https:\/\/schema.org","@graph":[{"@type":"WebPage","@id":"https:\/\/ravel.com.br\/blog\/tendencias-de-tecnologia-para-2021\/","url":"https:\/\/ravel.com.br\/blog\/tendencias-de-tecnologia-para-2021\/","name":"Tend\u00eancias de Tecnologia para 2021 - Blog - Ravel Tecnologia","isPartOf":{"@id":"https:\/\/ravel.com.br\/blog\/#website"},"primaryImageOfPage":{"@id":"https:\/\/ravel.com.br\/blog\/tendencias-de-tecnologia-para-2021\/#primaryimage"},"image":{"@id":"https:\/\/ravel.com.br\/blog\/tendencias-de-tecnologia-para-2021\/#primaryimage"},"thumbnailUrl":"https:\/\/ravel.com.br\/blog\/wp-content\/uploads\/2020\/12\/tendencias-tecnologia-2021.jpg","datePublished":"2020-12-29T20:46:07+00:00","dateModified":"2021-06-06T13:47:28+00:00","author":{"@id":"https:\/\/ravel.com.br\/blog\/#\/schema\/person\/5809fbed911cb14566b16220749d3dcc"},"description":"Trazendo um olhar sobre as tend\u00eancias de tecnologia para 2021, visando estarmos mais preparados e atentos para os desafios que vir\u00e3o","breadcrumb":{"@id":"https:\/\/ravel.com.br\/blog\/tendencias-de-tecnologia-para-2021\/#breadcrumb"},"inLanguage":"pt-BR","potentialAction":[{"@type":"ReadAction","target":["https:\/\/ravel.com.br\/blog\/tendencias-de-tecnologia-para-2021\/"]}]},{"@type":"ImageObject","inLanguage":"pt-BR","@id":"https:\/\/ravel.com.br\/blog\/tendencias-de-tecnologia-para-2021\/#primaryimage","url":"https:\/\/ravel.com.br\/blog\/wp-content\/uploads\/2020\/12\/tendencias-tecnologia-2021.jpg","contentUrl":"https:\/\/ravel.com.br\/blog\/wp-content\/uploads\/2020\/12\/tendencias-tecnologia-2021.jpg","width":1140,"height":600},{"@type":"BreadcrumbList","@id":"https:\/\/ravel.com.br\/blog\/tendencias-de-tecnologia-para-2021\/#breadcrumb","itemListElement":[{"@type":"ListItem","position":1,"name":"In\u00edcio","item":"https:\/\/ravel.com.br\/blog\/"},{"@type":"ListItem","position":2,"name":"Tend\u00eancias de Tecnologia para 2021"}]},{"@type":"WebSite","@id":"https:\/\/ravel.com.br\/blog\/#website","url":"https:\/\/ravel.com.br\/blog\/","name":"Blog Tecnologia","description":"Dicas e Artigos sobre Tecnologia","potentialAction":[{"@type":"SearchAction","target":{"@type":"EntryPoint","urlTemplate":"https:\/\/ravel.com.br\/blog\/?s={search_term_string}"},"query-input":{"@type":"PropertyValueSpecification","valueRequired":true,"valueName":"search_term_string"}}],"inLanguage":"pt-BR"},{"@type":"Person","@id":"https:\/\/ravel.com.br\/blog\/#\/schema\/person\/5809fbed911cb14566b16220749d3dcc","name":"Nelson Corr\u00eaa Leite J\u00fanior","image":{"@type":"ImageObject","inLanguage":"pt-BR","@id":"https:\/\/ravel.com.br\/blog\/#\/schema\/person\/image\/","url":"https:\/\/secure.gravatar.com\/avatar\/4eeb3b5606c8a9b5aded280058cd2a1f?s=96&d=mm&r=g","contentUrl":"https:\/\/secure.gravatar.com\/avatar\/4eeb3b5606c8a9b5aded280058cd2a1f?s=96&d=mm&r=g","caption":"Nelson Corr\u00eaa Leite J\u00fanior"},"description":"Empres\u00e1rio desde 1997, onde \u00e9 Co-founder da Ravel Tecnologia, atuando como CEO na coordena\u00e7\u00e3o, gest\u00e3o da lideran\u00e7a e desenvolvimento estrat\u00e9gico. Especializado em Seguran\u00e7a da Informa\u00e7\u00e3o e solu\u00e7\u00f5es em nuvem. S\u00f3cio da ag\u00eancia de Marketing Digital Incandescente, com atua\u00e7\u00e3o na gest\u00e3o administrativa, financeira e estrat\u00e9gica. Busca por evoluir o uso da tecnologia aplicada aos neg\u00f3cios e as pessoas, buscando uma vis\u00e3o sist\u00eamica para fomentar e potencializar a inova\u00e7\u00e3o e crescimento. Pai de 2 lindos filhos e apreciador de uma boa cerveja.","sameAs":["http:\/\/ravel.com.br","https:\/\/www.facebook.com\/raveltecnologia\/","https:\/\/www.linkedin.com\/in\/nelson-corr\u00eaa-leite-j\u00fanior-337631160\/"],"url":"https:\/\/ravel.com.br\/blog\/author\/nelson\/"}]}},"_links":{"self":[{"href":"https:\/\/ravel.com.br\/blog\/wp-json\/wp\/v2\/posts\/2242","targetHints":{"allow":["GET"]}}],"collection":[{"href":"https:\/\/ravel.com.br\/blog\/wp-json\/wp\/v2\/posts"}],"about":[{"href":"https:\/\/ravel.com.br\/blog\/wp-json\/wp\/v2\/types\/post"}],"author":[{"embeddable":true,"href":"https:\/\/ravel.com.br\/blog\/wp-json\/wp\/v2\/users\/7"}],"replies":[{"embeddable":true,"href":"https:\/\/ravel.com.br\/blog\/wp-json\/wp\/v2\/comments?post=2242"}],"version-history":[{"count":6,"href":"https:\/\/ravel.com.br\/blog\/wp-json\/wp\/v2\/posts\/2242\/revisions"}],"predecessor-version":[{"id":2904,"href":"https:\/\/ravel.com.br\/blog\/wp-json\/wp\/v2\/posts\/2242\/revisions\/2904"}],"wp:featuredmedia":[{"embeddable":true,"href":"https:\/\/ravel.com.br\/blog\/wp-json\/wp\/v2\/media\/2245"}],"wp:attachment":[{"href":"https:\/\/ravel.com.br\/blog\/wp-json\/wp\/v2\/media?parent=2242"}],"wp:term":[{"taxonomy":"category","embeddable":true,"href":"https:\/\/ravel.com.br\/blog\/wp-json\/wp\/v2\/categories?post=2242"},{"taxonomy":"post_tag","embeddable":true,"href":"https:\/\/ravel.com.br\/blog\/wp-json\/wp\/v2\/tags?post=2242"}],"curies":[{"name":"wp","href":"https:\/\/api.w.org\/{rel}","templated":true}]}}