{"id":2684,"date":"2021-03-28T18:00:42","date_gmt":"2021-03-28T21:00:42","guid":{"rendered":"https:\/\/ravel.com.br\/blog\/?p=2684"},"modified":"2021-06-06T10:46:44","modified_gmt":"2021-06-06T13:46:44","slug":"plano-de-nuvem-elementos-estrategicos","status":"publish","type":"post","link":"https:\/\/ravel.com.br\/blog\/plano-de-nuvem-elementos-estrategicos\/","title":{"rendered":"Plano de nuvem \u2013 Elementos estrat\u00e9gicos"},"content":{"rendered":"\n<p>O uso de servi\u00e7os em nuvem continua a crescer no ambiente corporativo. Maior disponibilidade, flexibilidade e seguran\u00e7a est\u00e3o fazendo as organiza\u00e7\u00f5es ampliarem projetos neste sentido. Naturalmente \u00e9 importante planejamento. Ter um plano de nuvem \u00e9 essencial. Segundo Raj Bala, diretor de pesquisa s\u00eanior do Gartner, uma migra\u00e7\u00e3o sem estrat\u00e9gia, pode resultar em custos mais altos, gerenciamento desarticulado, vulnerabilidades e insatisfa\u00e7\u00e3o com os resultados.<\/p>\n\n\n\n<p>Segundo o <a href=\"https:\/\/www.gartner.com\/en\" target=\"_blank\" rel=\"noreferrer noopener\">Gartner<\/a>, existem elementos fundamentais para a formula\u00e7\u00e3o de uma estrat\u00e9gia de nuvem. Vamos comentar os principais.<\/p>\n\n\n\n<h2 class=\"wp-block-heading\">Plano de nuvem e estrat\u00e9gia de neg\u00f3cios<\/h2>\n\n\n\n<p>\u00c9 crucial que os l\u00edderes das empresas garantam que a estrat\u00e9gia para a nuvem esteja alinhada com a estrat\u00e9gia do neg\u00f3cio. Para isso, a equipe de TI precisa entender os objetivos estrat\u00e9gicos de cada corpora\u00e7\u00e3o para planejar o plano de nuvem. N\u00e3o podemos considerar que um \u00fanico plano ser\u00e1 aplic\u00e1vel igualmente a todas as empresas.<\/p>\n\n\n\n<h2 class=\"wp-block-heading\">Avalia\u00e7\u00e3o dos riscos<\/h2>\n\n\n\n<p>Um planejamento consistente deve avaliar eventuais riscos relacionados \u00e0 nuvem. Destacam-se: risco de disponibilidade, risco de agilidade, risco de seguran\u00e7a, risco do fornecedor e risco de conformidade. Tudo deve ser pesado.<\/p>\n\n\n\n<p>Veja mais sobre as fase e desafios de um projeto de migra\u00e7\u00e3o para a nuvem: <a href=\"https:\/\/ravel.com.br\/blog\/migracao-para-nuvem-fases-e-desafios\/\">Migra\u00e7\u00e3o para nuvem \u2013 Fases e Desafios &#8211; Ravel Tecnologia<\/a><\/p>\n\n\n\n<h2 class=\"wp-block-heading\">Redu\u00e7\u00e3o de custo \u00e9 fundamental?<\/h2>\n\n\n\n<p>Segundo o Gartner, uma das perguntas mais frequentes \u00e9 se a nuvem realmente \u00e9 mais barata. Esse n\u00e3o deve ser um objetivo isolado a ser alcan\u00e7ado em um plano de nuvem. Em muitos casos percebe-se um investimento maior que o cen\u00e1rio anterior, mas os ganhos em disponibilidade, velocidade, entre outros acabam sendo de maior impacto do que o custo isoladamente.<\/p>\n\n\n\n<figure class=\"wp-block-image size-large\"><img loading=\"lazy\" decoding=\"async\" width=\"1024\" height=\"301\" src=\"https:\/\/ravel.com.br\/blog\/wp-content\/uploads\/2021\/03\/plano-de-nuvem-banner-1024x301.jpg\" alt=\"plano de nuvem\" class=\"wp-image-2687\" srcset=\"https:\/\/ravel.com.br\/blog\/wp-content\/uploads\/2021\/03\/plano-de-nuvem-banner-1024x301.jpg 1024w, https:\/\/ravel.com.br\/blog\/wp-content\/uploads\/2021\/03\/plano-de-nuvem-banner-300x88.jpg 300w, https:\/\/ravel.com.br\/blog\/wp-content\/uploads\/2021\/03\/plano-de-nuvem-banner-768x226.jpg 768w, https:\/\/ravel.com.br\/blog\/wp-content\/uploads\/2021\/03\/plano-de-nuvem-banner-610x179.jpg 610w, https:\/\/ravel.com.br\/blog\/wp-content\/uploads\/2021\/03\/plano-de-nuvem-banner-1080x317.jpg 1080w, https:\/\/ravel.com.br\/blog\/wp-content\/uploads\/2021\/03\/plano-de-nuvem-banner.jpg 1151w\" sizes=\"(max-width: 1024px) 100vw, 1024px\" \/><\/figure>\n\n\n\n<h2 class=\"wp-block-heading\">Responsabilidade compartilhada<\/h2>\n\n\n\n<p>Com a utiliza\u00e7\u00e3o da nuvem, temos um novo conceito que \u00e9 o da responsabilidade compartilhada. Isso porque temos obriga\u00e7\u00f5es que o provedor do servi\u00e7o precisa entregar e a empresa precisa avaliar prazos para resolu\u00e7\u00f5es de problemas, canais de contato, conting\u00eancias entre outros fatores que possam afetar o servi\u00e7o.<\/p>\n\n\n\n<h2 class=\"wp-block-heading\">TI estrat\u00e9gico<\/h2>\n\n\n\n<p>Tenha a equipe de TI como membro atualizada de decis\u00f5es estrat\u00e9gicas da empresa. Ela precisa entender o caminho que a empresa pretende trilhar para organizar os estudos e planejamentos para ir na mesma dire\u00e7\u00e3o. Desta forma, a \u00e1rea de Gest\u00e3o de TI precisa estar capacitada para entender este contexto para agregar valor.<\/p>\n\n\n\n<p>Segundo o diretor do Gartner, com o tempo, o departamento de TI pode adotar uma fun\u00e7\u00e3o em rela\u00e7\u00e3o aos servi\u00e7os em nuvem, compar\u00e1vel \u00e0 do departamento de RH em rela\u00e7\u00e3o aos recursos humanos. &#8220;A TI pode facilitar cada vez mais os departamentos de neg\u00f3cios com experi\u00eancia digital para selecionar e aproveitar os servi\u00e7os de nuvem certos&#8221;, diz Bala.<\/p>\n\n\n\n<figure class=\"wp-block-image size-large\"><a href=\"https:\/\/ravel.com.br\/servicos-em-nuvem\" target=\"_blank\" rel=\"noopener noreferrer\"><img loading=\"lazy\" decoding=\"async\" width=\"1024\" height=\"133\" src=\"https:\/\/ravel.com.br\/blog\/wp-content\/uploads\/2021\/01\/CTA6-1024x133.png\" alt=\"\" class=\"wp-image-2302\" srcset=\"https:\/\/ravel.com.br\/blog\/wp-content\/uploads\/2021\/01\/CTA6-1024x133.png 1024w, https:\/\/ravel.com.br\/blog\/wp-content\/uploads\/2021\/01\/CTA6-300x39.png 300w, https:\/\/ravel.com.br\/blog\/wp-content\/uploads\/2021\/01\/CTA6-768x100.png 768w, https:\/\/ravel.com.br\/blog\/wp-content\/uploads\/2021\/01\/CTA6-1536x199.png 1536w, https:\/\/ravel.com.br\/blog\/wp-content\/uploads\/2021\/01\/CTA6-2048x266.png 2048w, https:\/\/ravel.com.br\/blog\/wp-content\/uploads\/2021\/01\/CTA6-610x79.png 610w, https:\/\/ravel.com.br\/blog\/wp-content\/uploads\/2021\/01\/CTA6-1080x140.png 1080w\" sizes=\"(max-width: 1024px) 100vw, 1024px\" \/><\/a><\/figure>\n","protected":false},"excerpt":{"rendered":"<p>Plano de nuvem: Maior disponibilidade, flexibilidade e seguran\u00e7a est\u00e3o fazendo as organiza\u00e7\u00f5es ampliarem projetos neste sentido.<\/p>\n","protected":false},"author":7,"featured_media":2686,"comment_status":"open","ping_status":"open","sticky":false,"template":"","format":"standard","meta":{"_et_pb_use_builder":"","_et_pb_old_content":"","_et_gb_content_width":"","footnotes":""},"categories":[102,6],"tags":[],"class_list":["post-2684","post","type-post","status-publish","format-standard","has-post-thumbnail","hentry","category-cloud","category-tecnologia","et-has-post-format-content","et_post_format-et-post-format-standard"],"yoast_head":"<!-- This site is optimized with the Yoast SEO plugin v24.1 - https:\/\/yoast.com\/wordpress\/plugins\/seo\/ -->\n<title>Plano de nuvem \u2013 Elementos estrat\u00e9gicos - Blog - Ravel Tecnologia<\/title>\n<meta name=\"description\" content=\"Plano de nuvem: Maior disponibilidade, flexibilidade e seguran\u00e7a est\u00e3o fazendo as organiza\u00e7\u00f5es ampliarem projetos neste sentido.\" \/>\n<meta name=\"robots\" content=\"index, follow, max-snippet:-1, max-image-preview:large, max-video-preview:-1\" \/>\n<link rel=\"canonical\" href=\"https:\/\/ravel.com.br\/blog\/plano-de-nuvem-elementos-estrategicos\/\" \/>\n<meta property=\"og:locale\" content=\"pt_BR\" \/>\n<meta property=\"og:type\" content=\"article\" \/>\n<meta property=\"og:title\" content=\"Plano de nuvem \u2013 Elementos estrat\u00e9gicos - Blog - Ravel Tecnologia\" \/>\n<meta property=\"og:description\" content=\"Plano de nuvem: Maior disponibilidade, flexibilidade e seguran\u00e7a est\u00e3o fazendo as organiza\u00e7\u00f5es ampliarem projetos neste sentido.\" \/>\n<meta property=\"og:url\" content=\"https:\/\/ravel.com.br\/blog\/plano-de-nuvem-elementos-estrategicos\/\" \/>\n<meta property=\"og:site_name\" content=\"Blog Tecnologia\" \/>\n<meta property=\"article:author\" content=\"https:\/\/www.facebook.com\/raveltecnologia\/\" \/>\n<meta property=\"article:published_time\" content=\"2021-03-28T21:00:42+00:00\" \/>\n<meta property=\"article:modified_time\" content=\"2021-06-06T13:46:44+00:00\" \/>\n<meta property=\"og:image\" content=\"https:\/\/ravel.com.br\/blog\/wp-content\/uploads\/2021\/03\/plano-de-nuvem-capa.png\" \/>\n\t<meta property=\"og:image:width\" content=\"700\" \/>\n\t<meta property=\"og:image:height\" content=\"370\" \/>\n\t<meta property=\"og:image:type\" content=\"image\/png\" \/>\n<meta name=\"author\" content=\"Nelson Corr\u00eaa Leite J\u00fanior\" \/>\n<meta name=\"twitter:card\" content=\"summary_large_image\" \/>\n<meta name=\"twitter:label1\" content=\"Escrito por\" \/>\n\t<meta name=\"twitter:data1\" content=\"Nelson Corr\u00eaa Leite J\u00fanior\" \/>\n\t<meta name=\"twitter:label2\" content=\"Est. tempo de leitura\" \/>\n\t<meta name=\"twitter:data2\" content=\"2 minutos\" \/>\n<script type=\"application\/ld+json\" class=\"yoast-schema-graph\">{\"@context\":\"https:\/\/schema.org\",\"@graph\":[{\"@type\":\"WebPage\",\"@id\":\"https:\/\/ravel.com.br\/blog\/plano-de-nuvem-elementos-estrategicos\/\",\"url\":\"https:\/\/ravel.com.br\/blog\/plano-de-nuvem-elementos-estrategicos\/\",\"name\":\"Plano de nuvem \u2013 Elementos estrat\u00e9gicos - Blog - Ravel Tecnologia\",\"isPartOf\":{\"@id\":\"https:\/\/ravel.com.br\/blog\/#website\"},\"primaryImageOfPage\":{\"@id\":\"https:\/\/ravel.com.br\/blog\/plano-de-nuvem-elementos-estrategicos\/#primaryimage\"},\"image\":{\"@id\":\"https:\/\/ravel.com.br\/blog\/plano-de-nuvem-elementos-estrategicos\/#primaryimage\"},\"thumbnailUrl\":\"https:\/\/ravel.com.br\/blog\/wp-content\/uploads\/2021\/03\/plano-de-nuvem-capa.png\",\"datePublished\":\"2021-03-28T21:00:42+00:00\",\"dateModified\":\"2021-06-06T13:46:44+00:00\",\"author\":{\"@id\":\"https:\/\/ravel.com.br\/blog\/#\/schema\/person\/5809fbed911cb14566b16220749d3dcc\"},\"description\":\"Plano de nuvem: Maior disponibilidade, flexibilidade e seguran\u00e7a est\u00e3o fazendo as organiza\u00e7\u00f5es ampliarem projetos neste sentido.\",\"breadcrumb\":{\"@id\":\"https:\/\/ravel.com.br\/blog\/plano-de-nuvem-elementos-estrategicos\/#breadcrumb\"},\"inLanguage\":\"pt-BR\",\"potentialAction\":[{\"@type\":\"ReadAction\",\"target\":[\"https:\/\/ravel.com.br\/blog\/plano-de-nuvem-elementos-estrategicos\/\"]}]},{\"@type\":\"ImageObject\",\"inLanguage\":\"pt-BR\",\"@id\":\"https:\/\/ravel.com.br\/blog\/plano-de-nuvem-elementos-estrategicos\/#primaryimage\",\"url\":\"https:\/\/ravel.com.br\/blog\/wp-content\/uploads\/2021\/03\/plano-de-nuvem-capa.png\",\"contentUrl\":\"https:\/\/ravel.com.br\/blog\/wp-content\/uploads\/2021\/03\/plano-de-nuvem-capa.png\",\"width\":700,\"height\":370},{\"@type\":\"BreadcrumbList\",\"@id\":\"https:\/\/ravel.com.br\/blog\/plano-de-nuvem-elementos-estrategicos\/#breadcrumb\",\"itemListElement\":[{\"@type\":\"ListItem\",\"position\":1,\"name\":\"In\u00edcio\",\"item\":\"https:\/\/ravel.com.br\/blog\/\"},{\"@type\":\"ListItem\",\"position\":2,\"name\":\"Plano de nuvem \u2013 Elementos estrat\u00e9gicos\"}]},{\"@type\":\"WebSite\",\"@id\":\"https:\/\/ravel.com.br\/blog\/#website\",\"url\":\"https:\/\/ravel.com.br\/blog\/\",\"name\":\"Blog Tecnologia\",\"description\":\"Dicas e Artigos sobre Tecnologia\",\"potentialAction\":[{\"@type\":\"SearchAction\",\"target\":{\"@type\":\"EntryPoint\",\"urlTemplate\":\"https:\/\/ravel.com.br\/blog\/?s={search_term_string}\"},\"query-input\":{\"@type\":\"PropertyValueSpecification\",\"valueRequired\":true,\"valueName\":\"search_term_string\"}}],\"inLanguage\":\"pt-BR\"},{\"@type\":\"Person\",\"@id\":\"https:\/\/ravel.com.br\/blog\/#\/schema\/person\/5809fbed911cb14566b16220749d3dcc\",\"name\":\"Nelson Corr\u00eaa Leite J\u00fanior\",\"image\":{\"@type\":\"ImageObject\",\"inLanguage\":\"pt-BR\",\"@id\":\"https:\/\/ravel.com.br\/blog\/#\/schema\/person\/image\/\",\"url\":\"https:\/\/secure.gravatar.com\/avatar\/4eeb3b5606c8a9b5aded280058cd2a1f?s=96&d=mm&r=g\",\"contentUrl\":\"https:\/\/secure.gravatar.com\/avatar\/4eeb3b5606c8a9b5aded280058cd2a1f?s=96&d=mm&r=g\",\"caption\":\"Nelson Corr\u00eaa Leite J\u00fanior\"},\"description\":\"Empres\u00e1rio desde 1997, onde \u00e9 Co-founder da Ravel Tecnologia, atuando como CEO na coordena\u00e7\u00e3o, gest\u00e3o da lideran\u00e7a e desenvolvimento estrat\u00e9gico. Especializado em Seguran\u00e7a da Informa\u00e7\u00e3o e solu\u00e7\u00f5es em nuvem. S\u00f3cio da ag\u00eancia de Marketing Digital Incandescente, com atua\u00e7\u00e3o na gest\u00e3o administrativa, financeira e estrat\u00e9gica. Busca por evoluir o uso da tecnologia aplicada aos neg\u00f3cios e as pessoas, buscando uma vis\u00e3o sist\u00eamica para fomentar e potencializar a inova\u00e7\u00e3o e crescimento. Pai de 2 lindos filhos e apreciador de uma boa cerveja.\",\"sameAs\":[\"http:\/\/ravel.com.br\",\"https:\/\/www.facebook.com\/raveltecnologia\/\",\"https:\/\/www.linkedin.com\/in\/nelson-corr\u00eaa-leite-j\u00fanior-337631160\/\"],\"url\":\"https:\/\/ravel.com.br\/blog\/author\/nelson\/\"}]}<\/script>\n<!-- \/ Yoast SEO plugin. -->","yoast_head_json":{"title":"Plano de nuvem \u2013 Elementos estrat\u00e9gicos - Blog - Ravel Tecnologia","description":"Plano de nuvem: Maior disponibilidade, flexibilidade e seguran\u00e7a est\u00e3o fazendo as organiza\u00e7\u00f5es ampliarem projetos neste sentido.","robots":{"index":"index","follow":"follow","max-snippet":"max-snippet:-1","max-image-preview":"max-image-preview:large","max-video-preview":"max-video-preview:-1"},"canonical":"https:\/\/ravel.com.br\/blog\/plano-de-nuvem-elementos-estrategicos\/","og_locale":"pt_BR","og_type":"article","og_title":"Plano de nuvem \u2013 Elementos estrat\u00e9gicos - Blog - Ravel Tecnologia","og_description":"Plano de nuvem: Maior disponibilidade, flexibilidade e seguran\u00e7a est\u00e3o fazendo as organiza\u00e7\u00f5es ampliarem projetos neste sentido.","og_url":"https:\/\/ravel.com.br\/blog\/plano-de-nuvem-elementos-estrategicos\/","og_site_name":"Blog Tecnologia","article_author":"https:\/\/www.facebook.com\/raveltecnologia\/","article_published_time":"2021-03-28T21:00:42+00:00","article_modified_time":"2021-06-06T13:46:44+00:00","og_image":[{"width":700,"height":370,"url":"https:\/\/ravel.com.br\/blog\/wp-content\/uploads\/2021\/03\/plano-de-nuvem-capa.png","type":"image\/png"}],"author":"Nelson Corr\u00eaa Leite J\u00fanior","twitter_card":"summary_large_image","twitter_misc":{"Escrito por":"Nelson Corr\u00eaa Leite J\u00fanior","Est. tempo de leitura":"2 minutos"},"schema":{"@context":"https:\/\/schema.org","@graph":[{"@type":"WebPage","@id":"https:\/\/ravel.com.br\/blog\/plano-de-nuvem-elementos-estrategicos\/","url":"https:\/\/ravel.com.br\/blog\/plano-de-nuvem-elementos-estrategicos\/","name":"Plano de nuvem \u2013 Elementos estrat\u00e9gicos - Blog - Ravel Tecnologia","isPartOf":{"@id":"https:\/\/ravel.com.br\/blog\/#website"},"primaryImageOfPage":{"@id":"https:\/\/ravel.com.br\/blog\/plano-de-nuvem-elementos-estrategicos\/#primaryimage"},"image":{"@id":"https:\/\/ravel.com.br\/blog\/plano-de-nuvem-elementos-estrategicos\/#primaryimage"},"thumbnailUrl":"https:\/\/ravel.com.br\/blog\/wp-content\/uploads\/2021\/03\/plano-de-nuvem-capa.png","datePublished":"2021-03-28T21:00:42+00:00","dateModified":"2021-06-06T13:46:44+00:00","author":{"@id":"https:\/\/ravel.com.br\/blog\/#\/schema\/person\/5809fbed911cb14566b16220749d3dcc"},"description":"Plano de nuvem: Maior disponibilidade, flexibilidade e seguran\u00e7a est\u00e3o fazendo as organiza\u00e7\u00f5es ampliarem projetos neste sentido.","breadcrumb":{"@id":"https:\/\/ravel.com.br\/blog\/plano-de-nuvem-elementos-estrategicos\/#breadcrumb"},"inLanguage":"pt-BR","potentialAction":[{"@type":"ReadAction","target":["https:\/\/ravel.com.br\/blog\/plano-de-nuvem-elementos-estrategicos\/"]}]},{"@type":"ImageObject","inLanguage":"pt-BR","@id":"https:\/\/ravel.com.br\/blog\/plano-de-nuvem-elementos-estrategicos\/#primaryimage","url":"https:\/\/ravel.com.br\/blog\/wp-content\/uploads\/2021\/03\/plano-de-nuvem-capa.png","contentUrl":"https:\/\/ravel.com.br\/blog\/wp-content\/uploads\/2021\/03\/plano-de-nuvem-capa.png","width":700,"height":370},{"@type":"BreadcrumbList","@id":"https:\/\/ravel.com.br\/blog\/plano-de-nuvem-elementos-estrategicos\/#breadcrumb","itemListElement":[{"@type":"ListItem","position":1,"name":"In\u00edcio","item":"https:\/\/ravel.com.br\/blog\/"},{"@type":"ListItem","position":2,"name":"Plano de nuvem \u2013 Elementos estrat\u00e9gicos"}]},{"@type":"WebSite","@id":"https:\/\/ravel.com.br\/blog\/#website","url":"https:\/\/ravel.com.br\/blog\/","name":"Blog Tecnologia","description":"Dicas e Artigos sobre Tecnologia","potentialAction":[{"@type":"SearchAction","target":{"@type":"EntryPoint","urlTemplate":"https:\/\/ravel.com.br\/blog\/?s={search_term_string}"},"query-input":{"@type":"PropertyValueSpecification","valueRequired":true,"valueName":"search_term_string"}}],"inLanguage":"pt-BR"},{"@type":"Person","@id":"https:\/\/ravel.com.br\/blog\/#\/schema\/person\/5809fbed911cb14566b16220749d3dcc","name":"Nelson Corr\u00eaa Leite J\u00fanior","image":{"@type":"ImageObject","inLanguage":"pt-BR","@id":"https:\/\/ravel.com.br\/blog\/#\/schema\/person\/image\/","url":"https:\/\/secure.gravatar.com\/avatar\/4eeb3b5606c8a9b5aded280058cd2a1f?s=96&d=mm&r=g","contentUrl":"https:\/\/secure.gravatar.com\/avatar\/4eeb3b5606c8a9b5aded280058cd2a1f?s=96&d=mm&r=g","caption":"Nelson Corr\u00eaa Leite J\u00fanior"},"description":"Empres\u00e1rio desde 1997, onde \u00e9 Co-founder da Ravel Tecnologia, atuando como CEO na coordena\u00e7\u00e3o, gest\u00e3o da lideran\u00e7a e desenvolvimento estrat\u00e9gico. Especializado em Seguran\u00e7a da Informa\u00e7\u00e3o e solu\u00e7\u00f5es em nuvem. S\u00f3cio da ag\u00eancia de Marketing Digital Incandescente, com atua\u00e7\u00e3o na gest\u00e3o administrativa, financeira e estrat\u00e9gica. Busca por evoluir o uso da tecnologia aplicada aos neg\u00f3cios e as pessoas, buscando uma vis\u00e3o sist\u00eamica para fomentar e potencializar a inova\u00e7\u00e3o e crescimento. Pai de 2 lindos filhos e apreciador de uma boa cerveja.","sameAs":["http:\/\/ravel.com.br","https:\/\/www.facebook.com\/raveltecnologia\/","https:\/\/www.linkedin.com\/in\/nelson-corr\u00eaa-leite-j\u00fanior-337631160\/"],"url":"https:\/\/ravel.com.br\/blog\/author\/nelson\/"}]}},"_links":{"self":[{"href":"https:\/\/ravel.com.br\/blog\/wp-json\/wp\/v2\/posts\/2684","targetHints":{"allow":["GET"]}}],"collection":[{"href":"https:\/\/ravel.com.br\/blog\/wp-json\/wp\/v2\/posts"}],"about":[{"href":"https:\/\/ravel.com.br\/blog\/wp-json\/wp\/v2\/types\/post"}],"author":[{"embeddable":true,"href":"https:\/\/ravel.com.br\/blog\/wp-json\/wp\/v2\/users\/7"}],"replies":[{"embeddable":true,"href":"https:\/\/ravel.com.br\/blog\/wp-json\/wp\/v2\/comments?post=2684"}],"version-history":[{"count":2,"href":"https:\/\/ravel.com.br\/blog\/wp-json\/wp\/v2\/posts\/2684\/revisions"}],"predecessor-version":[{"id":2688,"href":"https:\/\/ravel.com.br\/blog\/wp-json\/wp\/v2\/posts\/2684\/revisions\/2688"}],"wp:featuredmedia":[{"embeddable":true,"href":"https:\/\/ravel.com.br\/blog\/wp-json\/wp\/v2\/media\/2686"}],"wp:attachment":[{"href":"https:\/\/ravel.com.br\/blog\/wp-json\/wp\/v2\/media?parent=2684"}],"wp:term":[{"taxonomy":"category","embeddable":true,"href":"https:\/\/ravel.com.br\/blog\/wp-json\/wp\/v2\/categories?post=2684"},{"taxonomy":"post_tag","embeddable":true,"href":"https:\/\/ravel.com.br\/blog\/wp-json\/wp\/v2\/tags?post=2684"}],"curies":[{"name":"wp","href":"https:\/\/api.w.org\/{rel}","templated":true}]}}