{"id":2890,"date":"2021-05-27T17:13:27","date_gmt":"2021-05-27T20:13:27","guid":{"rendered":"https:\/\/ravel.com.br\/blog\/?p=2890"},"modified":"2021-06-05T18:45:48","modified_gmt":"2021-06-05T21:45:48","slug":"outlook-fecha-ao-minimizar","status":"publish","type":"post","link":"https:\/\/ravel.com.br\/blog\/outlook-fecha-ao-minimizar\/","title":{"rendered":"Outlook fecha ao minimizar"},"content":{"rendered":"\n<p>Se o Outlook fecha ao minimizar na sua m\u00e1quina, saiba que a op\u00e7\u00e3o <em>Ocultar ao Minimizar <\/em>pode estar ativada, e para desabilitar isso \u00e9 bem simples:<\/p>\n\n\n\n<ul class=\"wp-block-list\" type=\"1\"><li>Abra o Outlook normalmente e na barra de tarefas do Windows encontre o \u00edcone pequeno do Outlook que fica pr\u00f3ximo os \u00edcones do rel\u00f3gio:<\/li><\/ul>\n\n\n\n<div class=\"wp-block-image\"><figure class=\"aligncenter size-large\"><img loading=\"lazy\" decoding=\"async\" width=\"278\" height=\"160\" src=\"https:\/\/ravel.com.br\/blog\/wp-content\/uploads\/2021\/05\/image-19.png\" alt=\"outlook minimizando\" class=\"wp-image-2891\"\/><\/figure><\/div>\n\n\n\n<ul class=\"wp-block-list\" type=\"1\"><li>No \u00edcone clique com o bot\u00e3o direito do mouse e encontre a op\u00e7\u00e3o que diz <em>Ocultar ao Minimizar:<\/em><\/li><\/ul>\n\n\n\n<div class=\"wp-block-image\"><figure class=\"aligncenter size-large\"><img loading=\"lazy\" decoding=\"async\" width=\"353\" height=\"191\" src=\"https:\/\/ravel.com.br\/blog\/wp-content\/uploads\/2021\/05\/image-20.png\" alt=\"Outlook fecha ao minimizar dica\" class=\"wp-image-2892\" srcset=\"https:\/\/ravel.com.br\/blog\/wp-content\/uploads\/2021\/05\/image-20.png 353w, https:\/\/ravel.com.br\/blog\/wp-content\/uploads\/2021\/05\/image-20-300x162.png 300w\" sizes=\"(max-width: 353px) 100vw, 353px\" \/><\/figure><\/div>\n\n\n\n<ul class=\"wp-block-list\" type=\"1\"><li>Clique na op\u00e7\u00e3o para desativ\u00e1-la, clique com o bot\u00e3o direito novamente e ver\u00e1 que n\u00e3o estar\u00e1 mais ativada:<\/li><\/ul>\n\n\n\n<div class=\"wp-block-image\"><figure class=\"aligncenter size-large\"><img loading=\"lazy\" decoding=\"async\" width=\"353\" height=\"191\" src=\"https:\/\/ravel.com.br\/blog\/wp-content\/uploads\/2021\/05\/image-21.png\" alt=\"\" class=\"wp-image-2893\" srcset=\"https:\/\/ravel.com.br\/blog\/wp-content\/uploads\/2021\/05\/image-21.png 353w, https:\/\/ravel.com.br\/blog\/wp-content\/uploads\/2021\/05\/image-21-300x162.png 300w\" sizes=\"(max-width: 353px) 100vw, 353px\" \/><\/figure><\/div>\n\n\n\n<p>Desta forma o problema: O Outlook fecha ao minimizar n\u00e3o ir\u00e1 mais acontecer.<\/p>\n\n\n\n<p>Para mais dicas sobre o Outlook, acesse: <a href=\"https:\/\/ravel.com.br\/blog\/category\/dicas\/outlook\/\">Dicas sobre Outlook &#8211; Blog Tecnologia (ravel.com.br)<\/a><\/p>\n\n\n\n<figure class=\"wp-block-image size-large\"><a href=\"https:\/\/ravel.com.br\/\" target=\"_blank\" rel=\"noopener noreferrer\"><img loading=\"lazy\" decoding=\"async\" width=\"1024\" height=\"133\" src=\"https:\/\/ravel.com.br\/blog\/wp-content\/uploads\/2018\/10\/CTA2_Solu\u00e7\u00f5es-Completas-1024x133.png\" alt=\"\" class=\"wp-image-376\" srcset=\"https:\/\/ravel.com.br\/blog\/wp-content\/uploads\/2018\/10\/CTA2_Solu\u00e7\u00f5es-Completas-1024x133.png 1024w, https:\/\/ravel.com.br\/blog\/wp-content\/uploads\/2018\/10\/CTA2_Solu\u00e7\u00f5es-Completas-300x39.png 300w, https:\/\/ravel.com.br\/blog\/wp-content\/uploads\/2018\/10\/CTA2_Solu\u00e7\u00f5es-Completas-768x100.png 768w, https:\/\/ravel.com.br\/blog\/wp-content\/uploads\/2018\/10\/CTA2_Solu\u00e7\u00f5es-Completas-1080x140.png 1080w, https:\/\/ravel.com.br\/blog\/wp-content\/uploads\/2018\/10\/CTA2_Solu\u00e7\u00f5es-Completas-610x79.png 610w\" sizes=\"(max-width: 1024px) 100vw, 1024px\" \/><\/a><\/figure>\n","protected":false},"excerpt":{"rendered":"<p>Se o Outlook fecha ao minimizar na sua m\u00e1quina, apresentaremos um passo a passo simples que pode resolver esta situa\u00e7\u00e3o<\/p>\n","protected":false},"author":11,"featured_media":2896,"comment_status":"open","ping_status":"open","sticky":false,"template":"","format":"standard","meta":{"_et_pb_use_builder":"","_et_pb_old_content":"","_et_gb_content_width":"","footnotes":""},"categories":[60,83],"tags":[],"class_list":["post-2890","post","type-post","status-publish","format-standard","has-post-thumbnail","hentry","category-dicas","category-office","et-has-post-format-content","et_post_format-et-post-format-standard"],"yoast_head":"<!-- This site is optimized with the Yoast SEO plugin v24.1 - https:\/\/yoast.com\/wordpress\/plugins\/seo\/ -->\n<title>Outlook fecha ao minimizar - Blog - Ravel Tecnologia<\/title>\n<meta name=\"description\" content=\"Se o Outlook fecha ao minimizar na sua m\u00e1quina, apresentaremos um passo a passo simples que pode resolver esta situa\u00e7\u00e3o\" \/>\n<meta name=\"robots\" content=\"index, follow, max-snippet:-1, max-image-preview:large, max-video-preview:-1\" \/>\n<link rel=\"canonical\" href=\"https:\/\/ravel.com.br\/blog\/outlook-fecha-ao-minimizar\/\" \/>\n<meta property=\"og:locale\" content=\"pt_BR\" \/>\n<meta property=\"og:type\" content=\"article\" \/>\n<meta property=\"og:title\" content=\"Outlook fecha ao minimizar\" \/>\n<meta property=\"og:description\" content=\"Se o Outlook fecha ao minimizar na sua m\u00e1quina, apresentaremos um passo a passo simples que pode resolver esta situa\u00e7\u00e3o\" \/>\n<meta property=\"og:url\" content=\"https:\/\/ravel.com.br\/blog\/outlook-fecha-ao-minimizar\/\" \/>\n<meta property=\"og:site_name\" content=\"Blog Tecnologia\" \/>\n<meta property=\"article:published_time\" content=\"2021-05-27T20:13:27+00:00\" \/>\n<meta property=\"article:modified_time\" content=\"2021-06-05T21:45:48+00:00\" \/>\n<meta property=\"og:image\" content=\"https:\/\/ravel.com.br\/blog\/wp-content\/uploads\/2021\/05\/Outlook-minimiza-capa.png\" \/>\n\t<meta property=\"og:image:width\" content=\"1200\" \/>\n\t<meta property=\"og:image:height\" content=\"630\" \/>\n\t<meta property=\"og:image:type\" content=\"image\/png\" \/>\n<meta name=\"author\" content=\"Rammys\u00e9s Miranda\" \/>\n<meta name=\"twitter:card\" content=\"summary_large_image\" \/>\n<meta name=\"twitter:title\" content=\"Outlook fecha ao minimizar\" \/>\n<meta name=\"twitter:description\" content=\"Se o Outlook fecha ao minimizar na sua m\u00e1quina, apresentaremos um passo a passo simples que pode resolver esta situa\u00e7\u00e3o\" \/>\n<meta name=\"twitter:label1\" content=\"Escrito por\" \/>\n\t<meta name=\"twitter:data1\" content=\"Rammys\u00e9s Miranda\" \/>\n\t<meta name=\"twitter:label2\" content=\"Est. tempo de leitura\" \/>\n\t<meta name=\"twitter:data2\" content=\"1 minuto\" \/>\n<script type=\"application\/ld+json\" class=\"yoast-schema-graph\">{\"@context\":\"https:\/\/schema.org\",\"@graph\":[{\"@type\":\"WebPage\",\"@id\":\"https:\/\/ravel.com.br\/blog\/outlook-fecha-ao-minimizar\/\",\"url\":\"https:\/\/ravel.com.br\/blog\/outlook-fecha-ao-minimizar\/\",\"name\":\"Outlook fecha ao minimizar - Blog - Ravel Tecnologia\",\"isPartOf\":{\"@id\":\"https:\/\/ravel.com.br\/blog\/#website\"},\"primaryImageOfPage\":{\"@id\":\"https:\/\/ravel.com.br\/blog\/outlook-fecha-ao-minimizar\/#primaryimage\"},\"image\":{\"@id\":\"https:\/\/ravel.com.br\/blog\/outlook-fecha-ao-minimizar\/#primaryimage\"},\"thumbnailUrl\":\"https:\/\/ravel.com.br\/blog\/wp-content\/uploads\/2021\/05\/Outlook-minimiza-capa.png\",\"datePublished\":\"2021-05-27T20:13:27+00:00\",\"dateModified\":\"2021-06-05T21:45:48+00:00\",\"author\":{\"@id\":\"https:\/\/ravel.com.br\/blog\/#\/schema\/person\/2a46c0dbf1bff619ced08fee2f8414fa\"},\"description\":\"Se o Outlook fecha ao minimizar na sua m\u00e1quina, apresentaremos um passo a passo simples que pode resolver esta situa\u00e7\u00e3o\",\"breadcrumb\":{\"@id\":\"https:\/\/ravel.com.br\/blog\/outlook-fecha-ao-minimizar\/#breadcrumb\"},\"inLanguage\":\"pt-BR\",\"potentialAction\":[{\"@type\":\"ReadAction\",\"target\":[\"https:\/\/ravel.com.br\/blog\/outlook-fecha-ao-minimizar\/\"]}]},{\"@type\":\"ImageObject\",\"inLanguage\":\"pt-BR\",\"@id\":\"https:\/\/ravel.com.br\/blog\/outlook-fecha-ao-minimizar\/#primaryimage\",\"url\":\"https:\/\/ravel.com.br\/blog\/wp-content\/uploads\/2021\/05\/Outlook-minimiza-capa.png\",\"contentUrl\":\"https:\/\/ravel.com.br\/blog\/wp-content\/uploads\/2021\/05\/Outlook-minimiza-capa.png\",\"width\":1200,\"height\":630},{\"@type\":\"BreadcrumbList\",\"@id\":\"https:\/\/ravel.com.br\/blog\/outlook-fecha-ao-minimizar\/#breadcrumb\",\"itemListElement\":[{\"@type\":\"ListItem\",\"position\":1,\"name\":\"In\u00edcio\",\"item\":\"https:\/\/ravel.com.br\/blog\/\"},{\"@type\":\"ListItem\",\"position\":2,\"name\":\"Outlook fecha ao minimizar\"}]},{\"@type\":\"WebSite\",\"@id\":\"https:\/\/ravel.com.br\/blog\/#website\",\"url\":\"https:\/\/ravel.com.br\/blog\/\",\"name\":\"Blog Tecnologia\",\"description\":\"Dicas e Artigos sobre Tecnologia\",\"potentialAction\":[{\"@type\":\"SearchAction\",\"target\":{\"@type\":\"EntryPoint\",\"urlTemplate\":\"https:\/\/ravel.com.br\/blog\/?s={search_term_string}\"},\"query-input\":{\"@type\":\"PropertyValueSpecification\",\"valueRequired\":true,\"valueName\":\"search_term_string\"}}],\"inLanguage\":\"pt-BR\"},{\"@type\":\"Person\",\"@id\":\"https:\/\/ravel.com.br\/blog\/#\/schema\/person\/2a46c0dbf1bff619ced08fee2f8414fa\",\"name\":\"Rammys\u00e9s Miranda\",\"image\":{\"@type\":\"ImageObject\",\"inLanguage\":\"pt-BR\",\"@id\":\"https:\/\/ravel.com.br\/blog\/#\/schema\/person\/image\/\",\"url\":\"https:\/\/secure.gravatar.com\/avatar\/2bfbff8e23ebc1d476317c672eaa8545?s=96&d=mm&r=g\",\"contentUrl\":\"https:\/\/secure.gravatar.com\/avatar\/2bfbff8e23ebc1d476317c672eaa8545?s=96&d=mm&r=g\",\"caption\":\"Rammys\u00e9s Miranda\"},\"description\":\"Com forma\u00e7\u00e3o em Tecnologia em An\u00e1lise e Desenvolvimento de Sistemas. Atua no time de suporte aos clientes buscando sempre o melhor atendimento e resolu\u00e7\u00e3o para os usu\u00e1rios. Adora ir ao cinema, ouvir m\u00fasicas, cozinhar e comer.\",\"url\":\"https:\/\/ravel.com.br\/blog\/author\/rammyses-miranda\/\"}]}<\/script>\n<!-- \/ Yoast SEO plugin. -->","yoast_head_json":{"title":"Outlook fecha ao minimizar - Blog - Ravel Tecnologia","description":"Se o Outlook fecha ao minimizar na sua m\u00e1quina, apresentaremos um passo a passo simples que pode resolver esta situa\u00e7\u00e3o","robots":{"index":"index","follow":"follow","max-snippet":"max-snippet:-1","max-image-preview":"max-image-preview:large","max-video-preview":"max-video-preview:-1"},"canonical":"https:\/\/ravel.com.br\/blog\/outlook-fecha-ao-minimizar\/","og_locale":"pt_BR","og_type":"article","og_title":"Outlook fecha ao minimizar","og_description":"Se o Outlook fecha ao minimizar na sua m\u00e1quina, apresentaremos um passo a passo simples que pode resolver esta situa\u00e7\u00e3o","og_url":"https:\/\/ravel.com.br\/blog\/outlook-fecha-ao-minimizar\/","og_site_name":"Blog Tecnologia","article_published_time":"2021-05-27T20:13:27+00:00","article_modified_time":"2021-06-05T21:45:48+00:00","og_image":[{"width":1200,"height":630,"url":"https:\/\/ravel.com.br\/blog\/wp-content\/uploads\/2021\/05\/Outlook-minimiza-capa.png","type":"image\/png"}],"author":"Rammys\u00e9s Miranda","twitter_card":"summary_large_image","twitter_title":"Outlook fecha ao minimizar","twitter_description":"Se o Outlook fecha ao minimizar na sua m\u00e1quina, apresentaremos um passo a passo simples que pode resolver esta situa\u00e7\u00e3o","twitter_misc":{"Escrito por":"Rammys\u00e9s Miranda","Est. tempo de leitura":"1 minuto"},"schema":{"@context":"https:\/\/schema.org","@graph":[{"@type":"WebPage","@id":"https:\/\/ravel.com.br\/blog\/outlook-fecha-ao-minimizar\/","url":"https:\/\/ravel.com.br\/blog\/outlook-fecha-ao-minimizar\/","name":"Outlook fecha ao minimizar - Blog - Ravel Tecnologia","isPartOf":{"@id":"https:\/\/ravel.com.br\/blog\/#website"},"primaryImageOfPage":{"@id":"https:\/\/ravel.com.br\/blog\/outlook-fecha-ao-minimizar\/#primaryimage"},"image":{"@id":"https:\/\/ravel.com.br\/blog\/outlook-fecha-ao-minimizar\/#primaryimage"},"thumbnailUrl":"https:\/\/ravel.com.br\/blog\/wp-content\/uploads\/2021\/05\/Outlook-minimiza-capa.png","datePublished":"2021-05-27T20:13:27+00:00","dateModified":"2021-06-05T21:45:48+00:00","author":{"@id":"https:\/\/ravel.com.br\/blog\/#\/schema\/person\/2a46c0dbf1bff619ced08fee2f8414fa"},"description":"Se o Outlook fecha ao minimizar na sua m\u00e1quina, apresentaremos um passo a passo simples que pode resolver esta situa\u00e7\u00e3o","breadcrumb":{"@id":"https:\/\/ravel.com.br\/blog\/outlook-fecha-ao-minimizar\/#breadcrumb"},"inLanguage":"pt-BR","potentialAction":[{"@type":"ReadAction","target":["https:\/\/ravel.com.br\/blog\/outlook-fecha-ao-minimizar\/"]}]},{"@type":"ImageObject","inLanguage":"pt-BR","@id":"https:\/\/ravel.com.br\/blog\/outlook-fecha-ao-minimizar\/#primaryimage","url":"https:\/\/ravel.com.br\/blog\/wp-content\/uploads\/2021\/05\/Outlook-minimiza-capa.png","contentUrl":"https:\/\/ravel.com.br\/blog\/wp-content\/uploads\/2021\/05\/Outlook-minimiza-capa.png","width":1200,"height":630},{"@type":"BreadcrumbList","@id":"https:\/\/ravel.com.br\/blog\/outlook-fecha-ao-minimizar\/#breadcrumb","itemListElement":[{"@type":"ListItem","position":1,"name":"In\u00edcio","item":"https:\/\/ravel.com.br\/blog\/"},{"@type":"ListItem","position":2,"name":"Outlook fecha ao minimizar"}]},{"@type":"WebSite","@id":"https:\/\/ravel.com.br\/blog\/#website","url":"https:\/\/ravel.com.br\/blog\/","name":"Blog Tecnologia","description":"Dicas e Artigos sobre Tecnologia","potentialAction":[{"@type":"SearchAction","target":{"@type":"EntryPoint","urlTemplate":"https:\/\/ravel.com.br\/blog\/?s={search_term_string}"},"query-input":{"@type":"PropertyValueSpecification","valueRequired":true,"valueName":"search_term_string"}}],"inLanguage":"pt-BR"},{"@type":"Person","@id":"https:\/\/ravel.com.br\/blog\/#\/schema\/person\/2a46c0dbf1bff619ced08fee2f8414fa","name":"Rammys\u00e9s Miranda","image":{"@type":"ImageObject","inLanguage":"pt-BR","@id":"https:\/\/ravel.com.br\/blog\/#\/schema\/person\/image\/","url":"https:\/\/secure.gravatar.com\/avatar\/2bfbff8e23ebc1d476317c672eaa8545?s=96&d=mm&r=g","contentUrl":"https:\/\/secure.gravatar.com\/avatar\/2bfbff8e23ebc1d476317c672eaa8545?s=96&d=mm&r=g","caption":"Rammys\u00e9s Miranda"},"description":"Com forma\u00e7\u00e3o em Tecnologia em An\u00e1lise e Desenvolvimento de Sistemas. Atua no time de suporte aos clientes buscando sempre o melhor atendimento e resolu\u00e7\u00e3o para os usu\u00e1rios. Adora ir ao cinema, ouvir m\u00fasicas, cozinhar e comer.","url":"https:\/\/ravel.com.br\/blog\/author\/rammyses-miranda\/"}]}},"_links":{"self":[{"href":"https:\/\/ravel.com.br\/blog\/wp-json\/wp\/v2\/posts\/2890","targetHints":{"allow":["GET"]}}],"collection":[{"href":"https:\/\/ravel.com.br\/blog\/wp-json\/wp\/v2\/posts"}],"about":[{"href":"https:\/\/ravel.com.br\/blog\/wp-json\/wp\/v2\/types\/post"}],"author":[{"embeddable":true,"href":"https:\/\/ravel.com.br\/blog\/wp-json\/wp\/v2\/users\/11"}],"replies":[{"embeddable":true,"href":"https:\/\/ravel.com.br\/blog\/wp-json\/wp\/v2\/comments?post=2890"}],"version-history":[{"count":2,"href":"https:\/\/ravel.com.br\/blog\/wp-json\/wp\/v2\/posts\/2890\/revisions"}],"predecessor-version":[{"id":2897,"href":"https:\/\/ravel.com.br\/blog\/wp-json\/wp\/v2\/posts\/2890\/revisions\/2897"}],"wp:featuredmedia":[{"embeddable":true,"href":"https:\/\/ravel.com.br\/blog\/wp-json\/wp\/v2\/media\/2896"}],"wp:attachment":[{"href":"https:\/\/ravel.com.br\/blog\/wp-json\/wp\/v2\/media?parent=2890"}],"wp:term":[{"taxonomy":"category","embeddable":true,"href":"https:\/\/ravel.com.br\/blog\/wp-json\/wp\/v2\/categories?post=2890"},{"taxonomy":"post_tag","embeddable":true,"href":"https:\/\/ravel.com.br\/blog\/wp-json\/wp\/v2\/tags?post=2890"}],"curies":[{"name":"wp","href":"https:\/\/api.w.org\/{rel}","templated":true}]}}