{"id":291,"date":"2018-05-03T15:41:46","date_gmt":"2018-05-03T18:41:46","guid":{"rendered":"http:\/\/ravel.com.br\/blog\/?p=291"},"modified":"2025-12-26T09:40:57","modified_gmt":"2025-12-26T12:40:57","slug":"produtividade-na-internet-como-utilizar-com-qualidade","status":"publish","type":"post","link":"https:\/\/ravel.com.br\/blog\/produtividade-na-internet-como-utilizar-com-qualidade\/","title":{"rendered":"Produtividade na internet \u2013 Como utilizar com qualidade?"},"content":{"rendered":"\n<!--more-->\n\n\n\n<h2 class=\"wp-block-heading\"><strong>Produtividade na internet \u2013 Como utilizar com qualidade?<\/strong><\/h2>\n\n\n\n<p>\u00c9 incontest\u00e1vel os benef\u00edcios que o acesso \u00e0 internet traz tanto para a vida pessoal quanto para o mercado corporativo. Indiv\u00edduos e empresas t\u00eam o mundo ao seu alcance nos celulares, tablets e computadores. Mas a produtividade na internet? Como \u00e9?<\/p>\n\n\n\n<p>Neste contexto, a produtividade na internet \u00e9 um grande desafio, principalmente dentro das empresas. Colaboradores e gestores precisam lidar com este mar de informa\u00e7\u00f5es conciliando com a melhor utiliza\u00e7\u00e3o do tempo.<\/p>\n\n\n\n<!--more-->\n\n\n\n<h2 class=\"wp-block-heading\">Produtividade na internet \u2013 Quando utilizar as redes sociais?<\/h2>\n\n\n\n<p>Muitas pessoas tendem a acessar as redes sociais em alguns momentos, enquanto outros acessam o tempo inteiro, por\u00e9m, dentro do hor\u00e1rio de trabalho, isto afeta fortemente a produtividade.<\/p>\n\n\n\n<p>Muitos gestores orientam o uso equilibrado de redes sociais, mas costumam frequentemente flagrar os colaboradores acessando de maneira exagerada estes recursos.<\/p>\n\n\n\n<p>A d\u00favida que costuma ficar \u00e9 a seguinte \u201ccomo mensurar o tempo gasto com este tipo de navega\u00e7\u00e3o?\u201d. Para isto, \u00e9 importante contar com relat\u00f3rios que apresentem uma vis\u00e3o geral de consumo dentro desta categoria, e a partir dos dados coletados \u00e9 poss\u00edvel orientar quem anda abusando na utiliza\u00e7\u00e3o destes sites e servi\u00e7os.<\/p>\n\n\n\n<h2 class=\"wp-block-heading\">Hor\u00e1rios flex\u00edveis<\/h2>\n\n\n\n<p>Al\u00e9m das redes sociais, existem outros vil\u00f5es do tempo que afetam a produtividade na internet. Podemos por exemplo acessar a s\u00e9ries, filmes e m\u00fasicas a qualquer momento. Naturalmente temos o Youtube como o principal fornecedor deste conte\u00fado.<\/p>\n\n\n\n<p>E al\u00e9m de afetar a produtividade, alguns conte\u00fados podem n\u00e3o ser apropriados ao ambiente de trabalho. Para acesso a portais como este, \u00e9 importante aplicar pol\u00edticas de acesso, por exemplo, fazer a utiliza\u00e7\u00e3o somente em hor\u00e1rios espec\u00edficos onde n\u00e3o impacte na produtividade e qualidade dos servi\u00e7os oferecidos pela empresa.<\/p>\n\n\n\n<p><span style=\"font-weight: 400;\">A libera\u00e7\u00e3o de acessos \u00e0 servi\u00e7os como estes durante o dia acabam comprometendo a velocidade da Internet nas empresas, gerando extrema lentid\u00e3o e causando atrasos na entrega de servi\u00e7os importantes, o controle de banda poder\u00e1 trabalhar em conjunto garantindo a velocidade de Internet para setores importantes da empresa e minimizando a utiliza\u00e7\u00e3o destes portais sem comprometer a disponibilidade dos servi\u00e7os essenciais nas empresas.<\/span><\/p>\n\n\n\n<figure class=\"wp-block-image\"><a href=\"https:\/\/ravel.com.br\/contato\" target=\"_blank\" rel=\"noreferrer noopener\"><img loading=\"lazy\" decoding=\"async\" width=\"1024\" height=\"133\" src=\"https:\/\/ravel.com.br\/blog\/wp-content\/uploads\/2019\/11\/CTA1-1024x133.png\" alt=\"\" class=\"wp-image-806\" srcset=\"https:\/\/ravel.com.br\/blog\/wp-content\/uploads\/2019\/11\/CTA1-1024x133.png 1024w, https:\/\/ravel.com.br\/blog\/wp-content\/uploads\/2019\/11\/CTA1-300x39.png 300w, https:\/\/ravel.com.br\/blog\/wp-content\/uploads\/2019\/11\/CTA1-768x100.png 768w, https:\/\/ravel.com.br\/blog\/wp-content\/uploads\/2019\/11\/CTA1-610x79.png 610w, https:\/\/ravel.com.br\/blog\/wp-content\/uploads\/2019\/11\/CTA1-1080x140.png 1080w\" sizes=\"(max-width: 1024px) 100vw, 1024px\" \/><\/a><\/figure>\n\n\n\n<h2 class=\"wp-block-heading\">Sites para nunca acessarmos<\/h2>\n\n\n\n<p>Temos ainda certas categorias de sites que podem causar problemas aos computadores e as redes das empresas por conter v\u00edrus. E essa quest\u00e3o pode afetar diretamente a produtividade na internet.<\/p>\n\n\n\n<p>Muitos destes sites induzem quem est\u00e1 navegando a acess\u00e1-lo por meio de informa\u00e7\u00f5es e links falsos ou at\u00e9 mesmo induzindo a\u00e7\u00f5es de instala\u00e7\u00f5es.<\/p>\n\n\n\n<p>Desta forma, ter as categorias de alto risco j\u00e1 previamente bloqueadas, evitar\u00e1 que de boa-f\u00e9 sejamos direcionados para este ambiente.<\/p>\n\n\n\n<p><em>Leia tamb\u00e9m <a href=\"http:\/\/ravel.com.br\/blog\/2018\/03\/27\/o-que-e-controle-de-banda-de-internet\/\">O que \u00e9 controle de banda de internet?<\/a><\/em><\/p>\n\n\n\n<h2 class=\"wp-block-heading\">Qual a solu\u00e7\u00e3o para manter a produtividade na internet?<\/h2>\n\n\n\n<p><span style=\"font-weight: 400;\">A gest\u00e3o da produtividade na internet costuma ser um desafio para os gestores. S\u00e3o tantas tarefas de alta relev\u00e2ncia, que muitas vezes falta tempo para o assunto. Por\u00e9m, \u00e9 poss\u00edvel criar um ambiente onde se exige pouca intera\u00e7\u00e3o, com alto grau de seguran\u00e7a. <\/span><\/p>\n\n\n\n<p><span style=\"font-weight: 400;\">Estamos \u00e0 disposi\u00e7\u00e3o para entender cada cen\u00e1rio e montar um projeto de acordo com a necessidade.<\/span><\/p>\n\n\n\n<div style=\"height:30px\" aria-hidden=\"true\" class=\"wp-block-spacer\"><\/div>\n\n\n\n<figure class=\"wp-block-image size-full\"><img loading=\"lazy\" decoding=\"async\" width=\"858\" height=\"112\" src=\"https:\/\/ravel.com.br\/blog\/wp-content\/uploads\/2023\/07\/banner-blog-ravel.png\" alt=\"\" class=\"wp-image-4960\" srcset=\"https:\/\/ravel.com.br\/blog\/wp-content\/uploads\/2023\/07\/banner-blog-ravel.png 858w, https:\/\/ravel.com.br\/blog\/wp-content\/uploads\/2023\/07\/banner-blog-ravel-300x39.png 300w, https:\/\/ravel.com.br\/blog\/wp-content\/uploads\/2023\/07\/banner-blog-ravel-768x100.png 768w, https:\/\/ravel.com.br\/blog\/wp-content\/uploads\/2023\/07\/banner-blog-ravel-610x80.png 610w\" sizes=\"(max-width: 858px) 100vw, 858px\" \/><\/figure>\n\n\n\n<p><\/p>\n","protected":false},"excerpt":{"rendered":"","protected":false},"author":4,"featured_media":292,"comment_status":"open","ping_status":"open","sticky":false,"template":"","format":"standard","meta":{"_et_pb_use_builder":"off","_et_pb_old_content":"<p>\u00c9 incontest\u00e1vel os benef\u00edcios que o acesso \u00e0 internet traz tanto para a vida pessoal quanto para o mercado corporativo. Indiv\u00edduos e empresas t\u00eam o mundo ao seu alcance nos celulares, tablets e computadores. Mas a produtividade na internet? Como \u00e9?<\/p><p>Neste contexto, a produtividade na internet \u00e9 um grande desafio, principalmente dentro das empresas. Colaboradores e gestores precisam lidar com este mar de informa\u00e7\u00f5es conciliando com a melhor utiliza\u00e7\u00e3o do tempo.<!--more--><\/p><h2>Produtividade na internet \u2013 Quando utilizar as redes sociais?<\/h2><p>Muitas pessoas tendem a acessar as redes sociais em alguns momentos, enquanto outros acessam o tempo inteiro, por\u00e9m, dentro do hor\u00e1rio de trabalho, isto afeta fortemente a produtividade.<\/p><p>Muitos gestores orientam o uso equilibrado de redes sociais, mas costumam frequentemente flagrar os colaboradores acessando de maneira exagerada estes recursos.<\/p><p>A d\u00favida que costuma ficar \u00e9 a seguinte \u201ccomo mensurar o tempo gasto com este tipo de navega\u00e7\u00e3o?\u201d. Para isto, \u00e9 importante contar com relat\u00f3rios que apresentem uma vis\u00e3o geral de consumo dentro desta categoria, e a partir dos dados coletados \u00e9 poss\u00edvel orientar quem anda abusando na utiliza\u00e7\u00e3o destes sites e servi\u00e7os.<\/p><h2>Hor\u00e1rios flex\u00edveis<\/h2><p>Al\u00e9m das redes sociais, existem outros vil\u00f5es do tempo que afetam a produtividade na internet. Podemos por exemplo acessar a s\u00e9ries, filmes e m\u00fasicas a qualquer momento. Naturalmente temos o Youtube como o principal fornecedor deste conte\u00fado.<\/p><p>E al\u00e9m de afetar a produtividade, alguns conte\u00fados podem n\u00e3o ser apropriados ao ambiente de trabalho. Para acesso a portais como este, \u00e9 importante aplicar pol\u00edticas de acesso, por exemplo, fazer a utiliza\u00e7\u00e3o somente em hor\u00e1rios espec\u00edficos onde n\u00e3o impacte na produtividade e qualidade dos servi\u00e7os oferecidos pela empresa.<\/p><h2>Sites para nunca acessarmos<\/h2><p>Temos ainda certas categorias de sites que podem causar problemas aos computadores e as redes das empresas por conter v\u00edrus. E essa quest\u00e3o pode afetar diretamente a produtividade na internet.<\/p><p>Muitos destes sites induzem quem est\u00e1 navegando a acess\u00e1-lo por meio de informa\u00e7\u00f5es e links falsos ou at\u00e9 mesmo induzindo a\u00e7\u00f5es de instala\u00e7\u00f5es.<\/p><p>Desta forma, ter as categorias de alto risco j\u00e1 previamente bloqueadas, evitar\u00e1 que de boa-f\u00e9 sejamos direcionados para este ambiente.<\/p><p><em>Leia tamb\u00e9m <a href=\"http:\/\/ravel.com.br\/blog\/2018\/03\/27\/o-que-e-controle-de-banda-de-internet\/\">O que \u00e9 controle de banda de internet?<\/a><\/em><\/p><h2>Qual a solu\u00e7\u00e3o para manter a produtividade na internet?<\/h2><p>A gest\u00e3o da produtividade na internet costuma ser um desafio para os gestores. S\u00e3o tantas tarefas de alta relev\u00e2ncia que, muitas vezes, falta tempo para o assunto. Por\u00e9m, \u00e9 poss\u00edvel criar um ambiente onde se exige pouca intera\u00e7\u00e3o, com alto grau de seguran\u00e7a. Para isso, estamos \u00e0 disposi\u00e7\u00e3o para entender cada cen\u00e1rio e montar um projeto de acordo com a sua necessidade.<\/p>","_et_gb_content_width":"","footnotes":""},"categories":[103,6],"tags":[],"class_list":["post-291","post","type-post","status-publish","format-standard","has-post-thumbnail","hentry","category-gestao","category-tecnologia","et-has-post-format-content","et_post_format-et-post-format-standard"],"yoast_head":"<!-- This site is optimized with the Yoast SEO plugin v24.1 - https:\/\/yoast.com\/wordpress\/plugins\/seo\/ -->\n<title>Produtividade na internet \u2013 Blog - Ravel Tecnologia<\/title>\n<meta name=\"description\" content=\"Indiv\u00edduos e empresas t\u00eam o mundo ao seu alcance nos celulares, tablets e computadores. Mas como n\u00e3o diminuir a produtividade na internet?\" \/>\n<meta name=\"robots\" content=\"index, follow, max-snippet:-1, max-image-preview:large, max-video-preview:-1\" \/>\n<link rel=\"canonical\" href=\"https:\/\/ravel.com.br\/blog\/produtividade-na-internet-como-utilizar-com-qualidade\/\" \/>\n<meta property=\"og:locale\" content=\"pt_BR\" \/>\n<meta property=\"og:type\" content=\"article\" \/>\n<meta property=\"og:title\" content=\"Produtividade na internet \u2013 Blog - Ravel Tecnologia\" \/>\n<meta property=\"og:description\" content=\"Indiv\u00edduos e empresas t\u00eam o mundo ao seu alcance nos celulares, tablets e computadores. Mas como n\u00e3o diminuir a produtividade na internet?\" \/>\n<meta property=\"og:url\" content=\"https:\/\/ravel.com.br\/blog\/produtividade-na-internet-como-utilizar-com-qualidade\/\" \/>\n<meta property=\"og:site_name\" content=\"Blog Tecnologia\" \/>\n<meta property=\"article:published_time\" content=\"2018-05-03T18:41:46+00:00\" \/>\n<meta property=\"article:modified_time\" content=\"2025-12-26T12:40:57+00:00\" \/>\n<meta property=\"og:image\" content=\"https:\/\/ravel.com.br\/blog\/wp-content\/uploads\/2018\/05\/Produtividade-na-internet.jpg\" \/>\n\t<meta property=\"og:image:width\" content=\"1269\" \/>\n\t<meta property=\"og:image:height\" content=\"647\" \/>\n\t<meta property=\"og:image:type\" content=\"image\/jpeg\" \/>\n<meta name=\"author\" content=\"Marcelo Oliveira - Gestor T\u00e9cnico Ravel Tecnologia\" \/>\n<meta name=\"twitter:card\" content=\"summary_large_image\" \/>\n<meta name=\"twitter:label1\" content=\"Escrito por\" \/>\n\t<meta name=\"twitter:data1\" content=\"Marcelo Oliveira - Gestor T\u00e9cnico Ravel Tecnologia\" \/>\n\t<meta name=\"twitter:label2\" content=\"Est. tempo de leitura\" \/>\n\t<meta name=\"twitter:data2\" content=\"9 minutos\" \/>\n<script type=\"application\/ld+json\" class=\"yoast-schema-graph\">{\"@context\":\"https:\/\/schema.org\",\"@graph\":[{\"@type\":\"WebPage\",\"@id\":\"https:\/\/ravel.com.br\/blog\/produtividade-na-internet-como-utilizar-com-qualidade\/\",\"url\":\"https:\/\/ravel.com.br\/blog\/produtividade-na-internet-como-utilizar-com-qualidade\/\",\"name\":\"Produtividade na internet \u2013 Blog - Ravel Tecnologia\",\"isPartOf\":{\"@id\":\"https:\/\/ravel.com.br\/blog\/#website\"},\"primaryImageOfPage\":{\"@id\":\"https:\/\/ravel.com.br\/blog\/produtividade-na-internet-como-utilizar-com-qualidade\/#primaryimage\"},\"image\":{\"@id\":\"https:\/\/ravel.com.br\/blog\/produtividade-na-internet-como-utilizar-com-qualidade\/#primaryimage\"},\"thumbnailUrl\":\"https:\/\/ravel.com.br\/blog\/wp-content\/uploads\/2018\/05\/Produtividade-na-internet.jpg\",\"datePublished\":\"2018-05-03T18:41:46+00:00\",\"dateModified\":\"2025-12-26T12:40:57+00:00\",\"author\":{\"@id\":\"https:\/\/ravel.com.br\/blog\/#\/schema\/person\/93e2b9cd7d85f2c5759ec05421dbe4ed\"},\"description\":\"Indiv\u00edduos e empresas t\u00eam o mundo ao seu alcance nos celulares, tablets e computadores. Mas como n\u00e3o diminuir a produtividade na internet?\",\"breadcrumb\":{\"@id\":\"https:\/\/ravel.com.br\/blog\/produtividade-na-internet-como-utilizar-com-qualidade\/#breadcrumb\"},\"inLanguage\":\"pt-BR\",\"potentialAction\":[{\"@type\":\"ReadAction\",\"target\":[\"https:\/\/ravel.com.br\/blog\/produtividade-na-internet-como-utilizar-com-qualidade\/\"]}]},{\"@type\":\"ImageObject\",\"inLanguage\":\"pt-BR\",\"@id\":\"https:\/\/ravel.com.br\/blog\/produtividade-na-internet-como-utilizar-com-qualidade\/#primaryimage\",\"url\":\"https:\/\/ravel.com.br\/blog\/wp-content\/uploads\/2018\/05\/Produtividade-na-internet.jpg\",\"contentUrl\":\"https:\/\/ravel.com.br\/blog\/wp-content\/uploads\/2018\/05\/Produtividade-na-internet.jpg\",\"width\":1269,\"height\":647,\"caption\":\"Produtividade na internet\"},{\"@type\":\"BreadcrumbList\",\"@id\":\"https:\/\/ravel.com.br\/blog\/produtividade-na-internet-como-utilizar-com-qualidade\/#breadcrumb\",\"itemListElement\":[{\"@type\":\"ListItem\",\"position\":1,\"name\":\"In\u00edcio\",\"item\":\"https:\/\/ravel.com.br\/blog\/\"},{\"@type\":\"ListItem\",\"position\":2,\"name\":\"Produtividade na internet \u2013 Como utilizar com qualidade?\"}]},{\"@type\":\"WebSite\",\"@id\":\"https:\/\/ravel.com.br\/blog\/#website\",\"url\":\"https:\/\/ravel.com.br\/blog\/\",\"name\":\"Blog Tecnologia\",\"description\":\"Dicas e Artigos sobre Tecnologia\",\"potentialAction\":[{\"@type\":\"SearchAction\",\"target\":{\"@type\":\"EntryPoint\",\"urlTemplate\":\"https:\/\/ravel.com.br\/blog\/?s={search_term_string}\"},\"query-input\":{\"@type\":\"PropertyValueSpecification\",\"valueRequired\":true,\"valueName\":\"search_term_string\"}}],\"inLanguage\":\"pt-BR\"},{\"@type\":\"Person\",\"@id\":\"https:\/\/ravel.com.br\/blog\/#\/schema\/person\/93e2b9cd7d85f2c5759ec05421dbe4ed\",\"name\":\"Marcelo Oliveira - Gestor T\u00e9cnico Ravel Tecnologia\",\"image\":{\"@type\":\"ImageObject\",\"inLanguage\":\"pt-BR\",\"@id\":\"https:\/\/ravel.com.br\/blog\/#\/schema\/person\/image\/\",\"url\":\"https:\/\/secure.gravatar.com\/avatar\/3fc2f7c7bd9ad1c0956d14ce2b130820?s=96&d=mm&r=g\",\"contentUrl\":\"https:\/\/secure.gravatar.com\/avatar\/3fc2f7c7bd9ad1c0956d14ce2b130820?s=96&d=mm&r=g\",\"caption\":\"Marcelo Oliveira - Gestor T\u00e9cnico Ravel Tecnologia\"},\"description\":\"Gestor T\u00e9cnico, com forma\u00e7\u00e3o em Processamento de Dados e Eletr\u00f4nica. Apaixonado por corridas de rua, adora tecnologia, atua na gest\u00e3o e nos projetos do grupo Ravel, principalmente relacionados a \u00e1rea de conectividade e seguran\u00e7a da informa\u00e7\u00e3o. Busca ajudar as pessoas na utiliza\u00e7\u00e3o de novas tecnologias para que melhore suas vidas.\",\"sameAs\":[\"http:\/\/www.ravel.com.br\"],\"url\":\"https:\/\/ravel.com.br\/blog\/author\/marcelo\/\"}]}<\/script>\n<!-- \/ Yoast SEO plugin. -->","yoast_head_json":{"title":"Produtividade na internet \u2013 Blog - Ravel Tecnologia","description":"Indiv\u00edduos e empresas t\u00eam o mundo ao seu alcance nos celulares, tablets e computadores. Mas como n\u00e3o diminuir a produtividade na internet?","robots":{"index":"index","follow":"follow","max-snippet":"max-snippet:-1","max-image-preview":"max-image-preview:large","max-video-preview":"max-video-preview:-1"},"canonical":"https:\/\/ravel.com.br\/blog\/produtividade-na-internet-como-utilizar-com-qualidade\/","og_locale":"pt_BR","og_type":"article","og_title":"Produtividade na internet \u2013 Blog - Ravel Tecnologia","og_description":"Indiv\u00edduos e empresas t\u00eam o mundo ao seu alcance nos celulares, tablets e computadores. Mas como n\u00e3o diminuir a produtividade na internet?","og_url":"https:\/\/ravel.com.br\/blog\/produtividade-na-internet-como-utilizar-com-qualidade\/","og_site_name":"Blog Tecnologia","article_published_time":"2018-05-03T18:41:46+00:00","article_modified_time":"2025-12-26T12:40:57+00:00","og_image":[{"width":1269,"height":647,"url":"https:\/\/ravel.com.br\/blog\/wp-content\/uploads\/2018\/05\/Produtividade-na-internet.jpg","type":"image\/jpeg"}],"author":"Marcelo Oliveira - Gestor T\u00e9cnico Ravel Tecnologia","twitter_card":"summary_large_image","twitter_misc":{"Escrito por":"Marcelo Oliveira - Gestor T\u00e9cnico Ravel Tecnologia","Est. tempo de leitura":"9 minutos"},"schema":{"@context":"https:\/\/schema.org","@graph":[{"@type":"WebPage","@id":"https:\/\/ravel.com.br\/blog\/produtividade-na-internet-como-utilizar-com-qualidade\/","url":"https:\/\/ravel.com.br\/blog\/produtividade-na-internet-como-utilizar-com-qualidade\/","name":"Produtividade na internet \u2013 Blog - Ravel Tecnologia","isPartOf":{"@id":"https:\/\/ravel.com.br\/blog\/#website"},"primaryImageOfPage":{"@id":"https:\/\/ravel.com.br\/blog\/produtividade-na-internet-como-utilizar-com-qualidade\/#primaryimage"},"image":{"@id":"https:\/\/ravel.com.br\/blog\/produtividade-na-internet-como-utilizar-com-qualidade\/#primaryimage"},"thumbnailUrl":"https:\/\/ravel.com.br\/blog\/wp-content\/uploads\/2018\/05\/Produtividade-na-internet.jpg","datePublished":"2018-05-03T18:41:46+00:00","dateModified":"2025-12-26T12:40:57+00:00","author":{"@id":"https:\/\/ravel.com.br\/blog\/#\/schema\/person\/93e2b9cd7d85f2c5759ec05421dbe4ed"},"description":"Indiv\u00edduos e empresas t\u00eam o mundo ao seu alcance nos celulares, tablets e computadores. Mas como n\u00e3o diminuir a produtividade na internet?","breadcrumb":{"@id":"https:\/\/ravel.com.br\/blog\/produtividade-na-internet-como-utilizar-com-qualidade\/#breadcrumb"},"inLanguage":"pt-BR","potentialAction":[{"@type":"ReadAction","target":["https:\/\/ravel.com.br\/blog\/produtividade-na-internet-como-utilizar-com-qualidade\/"]}]},{"@type":"ImageObject","inLanguage":"pt-BR","@id":"https:\/\/ravel.com.br\/blog\/produtividade-na-internet-como-utilizar-com-qualidade\/#primaryimage","url":"https:\/\/ravel.com.br\/blog\/wp-content\/uploads\/2018\/05\/Produtividade-na-internet.jpg","contentUrl":"https:\/\/ravel.com.br\/blog\/wp-content\/uploads\/2018\/05\/Produtividade-na-internet.jpg","width":1269,"height":647,"caption":"Produtividade na internet"},{"@type":"BreadcrumbList","@id":"https:\/\/ravel.com.br\/blog\/produtividade-na-internet-como-utilizar-com-qualidade\/#breadcrumb","itemListElement":[{"@type":"ListItem","position":1,"name":"In\u00edcio","item":"https:\/\/ravel.com.br\/blog\/"},{"@type":"ListItem","position":2,"name":"Produtividade na internet \u2013 Como utilizar com qualidade?"}]},{"@type":"WebSite","@id":"https:\/\/ravel.com.br\/blog\/#website","url":"https:\/\/ravel.com.br\/blog\/","name":"Blog Tecnologia","description":"Dicas e Artigos sobre Tecnologia","potentialAction":[{"@type":"SearchAction","target":{"@type":"EntryPoint","urlTemplate":"https:\/\/ravel.com.br\/blog\/?s={search_term_string}"},"query-input":{"@type":"PropertyValueSpecification","valueRequired":true,"valueName":"search_term_string"}}],"inLanguage":"pt-BR"},{"@type":"Person","@id":"https:\/\/ravel.com.br\/blog\/#\/schema\/person\/93e2b9cd7d85f2c5759ec05421dbe4ed","name":"Marcelo Oliveira - Gestor T\u00e9cnico Ravel Tecnologia","image":{"@type":"ImageObject","inLanguage":"pt-BR","@id":"https:\/\/ravel.com.br\/blog\/#\/schema\/person\/image\/","url":"https:\/\/secure.gravatar.com\/avatar\/3fc2f7c7bd9ad1c0956d14ce2b130820?s=96&d=mm&r=g","contentUrl":"https:\/\/secure.gravatar.com\/avatar\/3fc2f7c7bd9ad1c0956d14ce2b130820?s=96&d=mm&r=g","caption":"Marcelo Oliveira - Gestor T\u00e9cnico Ravel Tecnologia"},"description":"Gestor T\u00e9cnico, com forma\u00e7\u00e3o em Processamento de Dados e Eletr\u00f4nica. Apaixonado por corridas de rua, adora tecnologia, atua na gest\u00e3o e nos projetos do grupo Ravel, principalmente relacionados a \u00e1rea de conectividade e seguran\u00e7a da informa\u00e7\u00e3o. Busca ajudar as pessoas na utiliza\u00e7\u00e3o de novas tecnologias para que melhore suas vidas.","sameAs":["http:\/\/www.ravel.com.br"],"url":"https:\/\/ravel.com.br\/blog\/author\/marcelo\/"}]}},"_links":{"self":[{"href":"https:\/\/ravel.com.br\/blog\/wp-json\/wp\/v2\/posts\/291","targetHints":{"allow":["GET"]}}],"collection":[{"href":"https:\/\/ravel.com.br\/blog\/wp-json\/wp\/v2\/posts"}],"about":[{"href":"https:\/\/ravel.com.br\/blog\/wp-json\/wp\/v2\/types\/post"}],"author":[{"embeddable":true,"href":"https:\/\/ravel.com.br\/blog\/wp-json\/wp\/v2\/users\/4"}],"replies":[{"embeddable":true,"href":"https:\/\/ravel.com.br\/blog\/wp-json\/wp\/v2\/comments?post=291"}],"version-history":[{"count":11,"href":"https:\/\/ravel.com.br\/blog\/wp-json\/wp\/v2\/posts\/291\/revisions"}],"predecessor-version":[{"id":2462,"href":"https:\/\/ravel.com.br\/blog\/wp-json\/wp\/v2\/posts\/291\/revisions\/2462"}],"wp:featuredmedia":[{"embeddable":true,"href":"https:\/\/ravel.com.br\/blog\/wp-json\/wp\/v2\/media\/292"}],"wp:attachment":[{"href":"https:\/\/ravel.com.br\/blog\/wp-json\/wp\/v2\/media?parent=291"}],"wp:term":[{"taxonomy":"category","embeddable":true,"href":"https:\/\/ravel.com.br\/blog\/wp-json\/wp\/v2\/categories?post=291"},{"taxonomy":"post_tag","embeddable":true,"href":"https:\/\/ravel.com.br\/blog\/wp-json\/wp\/v2\/tags?post=291"}],"curies":[{"name":"wp","href":"https:\/\/api.w.org\/{rel}","templated":true}]}}