{"id":2997,"date":"2021-08-10T16:20:25","date_gmt":"2021-08-10T19:20:25","guid":{"rendered":"https:\/\/ravel.com.br\/blog\/?p=2997"},"modified":"2021-09-06T14:50:48","modified_gmt":"2021-09-06T17:50:48","slug":"boas-praticas-para-o-byod","status":"publish","type":"post","link":"https:\/\/ravel.com.br\/blog\/boas-praticas-para-o-byod\/","title":{"rendered":"Boas pr\u00e1ticas para o BYOD"},"content":{"rendered":"\n<p>Inicialmente \u00e9 bom conceituarmos o que \u00e9 o BYOD. \u00c9 uma sigla que vem da frase em ingl\u00eas: <em>Bring Your Own Device<\/em>, que traduzindo significa: Traga seu Pr\u00f3prio Dispositivo. \u00c9 uma pr\u00e1tica adotada por muitas empresas, onde os colaboradores trabalham com o equipamento particular para executar as atividades corporativas. Seja em home office ou no pr\u00f3prio escrit\u00f3rio.<\/p>\n\n\n\n<p>Essa pr\u00e1tica pode ser boa para a empresa, que n\u00e3o ter\u00e1 o investimento de aquisi\u00e7\u00e3o\/atualiza\u00e7\u00e3o de hardwares e para o colaborador, que provavelmente trabalhar\u00e1 com um equipamento de boa qualidade, sem precisar ter um equipamento para demandas pessoais e outro para as de trabalho.<\/p>\n\n\n\n<h2 class=\"wp-block-heading\">Riscos do BYOD<\/h2>\n\n\n\n<p>Esse benef\u00edcio de usar o mesmo equipamento para demandas particulares e corporativas tamb\u00e9m traz riscos que precisam ser entendidos e mitigados. Abaixo destacamos:<\/p>\n\n\n\n<ul class=\"wp-block-list\"><li>Perda ou roubo dos dispositivos: Imagina-se que o usu\u00e1rio poder\u00e1 ter mais deslocamentos com o equipamento. J\u00e1 que poder\u00e1 levar e trazer da empresa, para reuni\u00f5es externas, e tamb\u00e9m pode lev\u00e1-lo nas f\u00e9rias ou eventos sociais particulares. Desta forma, o risco de uma perda ou roubo acaba sendo maior.<\/li><li>Equipamentos sem gerenciamento: Imagina se o equipamento est\u00e1 sem antiv\u00edrus ou sem atualiza\u00e7\u00f5es? Voc\u00ea poder\u00e1 estar expondo dados da sua empresa. Sendo equipamentos particulares, o risco de perder a gest\u00e3o destes equipamentos \u00e9 maior.<\/li><li>Organiza\u00e7\u00e3o da jornada de trabalho: Quando o usu\u00e1rio estar\u00e1 trabalhando e quando estar\u00e1 usando por lazer?<\/li><\/ul>\n\n\n\n<div class=\"wp-block-image\"><figure class=\"aligncenter size-large is-resized\"><img loading=\"lazy\" decoding=\"async\" src=\"https:\/\/ravel.com.br\/blog\/wp-content\/uploads\/2021\/08\/BYOD-Banner-1.png\" alt=\"Boas pr\u00e1ticas para o BYOD\" class=\"wp-image-2998\" width=\"807\" height=\"313\" srcset=\"https:\/\/ravel.com.br\/blog\/wp-content\/uploads\/2021\/08\/BYOD-Banner-1.png 687w, https:\/\/ravel.com.br\/blog\/wp-content\/uploads\/2021\/08\/BYOD-Banner-1-300x117.png 300w, https:\/\/ravel.com.br\/blog\/wp-content\/uploads\/2021\/08\/BYOD-Banner-1-610x237.png 610w\" sizes=\"(max-width: 807px) 100vw, 807px\" \/><\/figure><\/div>\n\n\n\n<h2 class=\"wp-block-heading\">Boas pr\u00e1ticas de seguran\u00e7a <\/h2>\n\n\n\n<p>Focaremos em apresentar sugest\u00f5es para minimizar riscos de seguran\u00e7a. Ressaltamos ser importante consultar sua contabilidade e departamento jur\u00eddico para a implementa\u00e7\u00e3o correta desta rela\u00e7\u00e3o de trabalho.<\/p>\n\n\n\n<p>Aqui v\u00e3o alguns pontos relevantes:<\/p>\n\n\n\n<ul class=\"wp-block-list\"><li><strong>Acesso restrito ao equipamento<\/strong> \u2013 Aplique uma senha \u00fanica, com complexidade para logar no equipamento. Tamb\u00e9m se recomenda a ativa\u00e7\u00e3o do recurso de criptografia do disco, para evitar que removam o disco r\u00edgido do equipamento, pluguem em outro e tenham acesso aos dados.<\/li><\/ul>\n\n\n\n<p>Para mais informa\u00e7\u00f5es sobre a cria\u00e7\u00e3o de senhas mais seguras, veja esse artigo:&nbsp;<a href=\"https:\/\/ravel.com.br\/blog\/erros-que-podemos-evitar-ao-criar-uma-senha\/\">Erros que podemos evitar ao criar uma senha \u2013 Blog \u2013 Ravel Tecnologia<\/a><\/p>\n\n\n\n<ul class=\"wp-block-list\"><li><strong>Autentica\u00e7\u00e3o para acesso corporativo<\/strong> \u2013 Al\u00e9m da autentica\u00e7\u00e3o do equipamento mencionada acima, tenha outro processo de valida\u00e7\u00e3o para o acesso aos dados corporativos. Se poss\u00edvel, at\u00e9 tenha esse processo com dupla autentica\u00e7\u00e3o (uso de MFA).<\/li><\/ul>\n\n\n\n<ul class=\"wp-block-list\"><li><strong>Restri\u00e7\u00e3o do acesso<\/strong> \u2013 Analise as informa\u00e7\u00f5es que precisar\u00e3o ser acessadas e configure para que somente elas estejam dispon\u00edveis. Ou seja, evite dar acesso ao que n\u00e3o \u00e9 necess\u00e1rio.<\/li><li><strong>Programas atualizados<\/strong> \u2013 Utilize programas originais e os mantenha sempre com a \u00faltima vers\u00e3o aplicada. Uma das fun\u00e7\u00f5es das atualiza\u00e7\u00f5es \u00e9 aplicar corre\u00e7\u00f5es para falhas de seguran\u00e7a.<\/li><li><strong>Proteja-se<\/strong> \u2013 Disponibilize um <a href=\"https:\/\/pt.wikipedia.org\/wiki\/Antiv%C3%ADrus\">antiv\u00ed<\/a><a rel=\"noreferrer noopener\" href=\"https:\/\/pt.wikipedia.org\/wiki\/Antiv%C3%ADrus\" target=\"_blank\">r<\/a><a href=\"https:\/\/pt.wikipedia.org\/wiki\/Antiv%C3%ADrus\">us <\/a>corporativo, com gerenciamento sendo feito pela equipe de TI da empresa.<\/li><li><strong>Tenha backup<\/strong> \u2013 Mesmo com toda a prote\u00e7\u00e3o e ado\u00e7\u00e3o de boas pr\u00e1ticas, sempre tenha uma programa\u00e7\u00e3o de backup autom\u00e1tica ativa.<\/li><li><strong>Conscientiza\u00e7\u00e3o <\/strong>\u2013 Forne\u00e7a materiais educativos para a equipe usar com a ado\u00e7\u00e3o de boas pr\u00e1ticas o equipamento.<\/li><\/ul>\n\n\n\n<p>Para saber mais sobre bons h\u00e1bitos digitais, acesse: <a href=\"https:\/\/ravel.com.br\/blog\/habitos-digitais-e-seguranca\/\">H\u00e1bitos Digitais e Seguran\u00e7a &#8211; Blog &#8211; Ravel Tecnologia<\/a><\/p>\n\n\n\n<p>Pode parecer complexo o gerenciamento seguro de uma estrutura com a utiliza\u00e7\u00e3o do BYOD, mas existem ferramentas que centralizam e facilitam essa miss\u00e3o. Esse \u00e9 um dos recursos que o contrato de Gest\u00e3o de TI que a Ravel proporciona para as empresas. Gerenciamento centralizado de antiv\u00edrus, atualiza\u00e7\u00f5es, softwares, entre outros pontos dos equipamentos.<\/p>\n\n\n\n<figure class=\"wp-block-image size-large\"><a href=\"https:\/\/ravel.com.br\/gestao-de-ti\" target=\"_blank\" rel=\"noopener noreferrer\"><img loading=\"lazy\" decoding=\"async\" width=\"1024\" height=\"133\" src=\"https:\/\/ravel.com.br\/blog\/wp-content\/uploads\/2018\/10\/CTA2_Solu\u00e7\u00f5es-Completas-1024x133.png\" alt=\"\" class=\"wp-image-376\" srcset=\"https:\/\/ravel.com.br\/blog\/wp-content\/uploads\/2018\/10\/CTA2_Solu\u00e7\u00f5es-Completas-1024x133.png 1024w, https:\/\/ravel.com.br\/blog\/wp-content\/uploads\/2018\/10\/CTA2_Solu\u00e7\u00f5es-Completas-300x39.png 300w, https:\/\/ravel.com.br\/blog\/wp-content\/uploads\/2018\/10\/CTA2_Solu\u00e7\u00f5es-Completas-768x100.png 768w, https:\/\/ravel.com.br\/blog\/wp-content\/uploads\/2018\/10\/CTA2_Solu\u00e7\u00f5es-Completas-1080x140.png 1080w, https:\/\/ravel.com.br\/blog\/wp-content\/uploads\/2018\/10\/CTA2_Solu\u00e7\u00f5es-Completas-610x79.png 610w\" sizes=\"(max-width: 1024px) 100vw, 1024px\" \/><\/a><\/figure>\n","protected":false},"excerpt":{"rendered":"<p>Apresentamos os riscos e sugest\u00f5es de boas pr\u00e1ticas de seguran\u00e7a para a utiliza\u00e7\u00e3o do BYOD nas empresas<\/p>\n","protected":false},"author":7,"featured_media":2999,"comment_status":"open","ping_status":"open","sticky":false,"template":"","format":"standard","meta":{"_et_pb_use_builder":"","_et_pb_old_content":"","_et_gb_content_width":"","footnotes":""},"categories":[103,101,6],"tags":[],"class_list":["post-2997","post","type-post","status-publish","format-standard","has-post-thumbnail","hentry","category-gestao","category-security","category-tecnologia","et-has-post-format-content","et_post_format-et-post-format-standard"],"yoast_head":"<!-- This site is optimized with the Yoast SEO plugin v24.1 - https:\/\/yoast.com\/wordpress\/plugins\/seo\/ -->\n<title>Boas pr\u00e1ticas para o BYOD - Blog - Ravel Tecnologia<\/title>\n<meta name=\"description\" content=\"Apresentamos os riscos e sugest\u00f5es de boas pr\u00e1ticas de seguran\u00e7a para a utiliza\u00e7\u00e3o do BYOD nas empresas - Blog Tecnologia\" \/>\n<meta name=\"robots\" content=\"index, follow, max-snippet:-1, max-image-preview:large, max-video-preview:-1\" \/>\n<link rel=\"canonical\" href=\"https:\/\/ravel.com.br\/blog\/boas-praticas-para-o-byod\/\" \/>\n<meta property=\"og:locale\" content=\"pt_BR\" \/>\n<meta property=\"og:type\" content=\"article\" \/>\n<meta property=\"og:title\" content=\"Boas pr\u00e1ticas do BYOD\" \/>\n<meta property=\"og:description\" content=\"Apresentamos os riscos e sugest\u00f5es de boas pr\u00e1ticas de seguran\u00e7a para a utiliza\u00e7\u00e3o do BYOD nas empresas - Blog Tecnologia\" \/>\n<meta property=\"og:url\" content=\"https:\/\/ravel.com.br\/blog\/boas-praticas-para-o-byod\/\" \/>\n<meta property=\"og:site_name\" content=\"Blog Tecnologia\" \/>\n<meta property=\"article:author\" content=\"https:\/\/www.facebook.com\/raveltecnologia\/\" \/>\n<meta property=\"article:published_time\" content=\"2021-08-10T19:20:25+00:00\" \/>\n<meta property=\"article:modified_time\" content=\"2021-09-06T17:50:48+00:00\" \/>\n<meta property=\"og:image\" content=\"https:\/\/ravel.com.br\/blog\/wp-content\/uploads\/2021\/08\/BYOD-Capa.jpg\" \/>\n\t<meta property=\"og:image:width\" content=\"940\" \/>\n\t<meta property=\"og:image:height\" content=\"392\" \/>\n\t<meta property=\"og:image:type\" content=\"image\/jpeg\" \/>\n<meta name=\"author\" content=\"Nelson Corr\u00eaa Leite J\u00fanior\" \/>\n<meta name=\"twitter:card\" content=\"summary_large_image\" \/>\n<meta name=\"twitter:title\" content=\"Boas pr\u00e1ticas do BYOD\" \/>\n<meta name=\"twitter:description\" content=\"Apresentamos os riscos e sugest\u00f5es de boas pr\u00e1ticas de seguran\u00e7a para a utiliza\u00e7\u00e3o do BYOD nas empresas - Blog Tecnologia\" \/>\n<meta name=\"twitter:label1\" content=\"Escrito por\" \/>\n\t<meta name=\"twitter:data1\" content=\"Nelson Corr\u00eaa Leite J\u00fanior\" \/>\n\t<meta name=\"twitter:label2\" content=\"Est. tempo de leitura\" \/>\n\t<meta name=\"twitter:data2\" content=\"3 minutos\" \/>\n<script type=\"application\/ld+json\" class=\"yoast-schema-graph\">{\"@context\":\"https:\/\/schema.org\",\"@graph\":[{\"@type\":\"WebPage\",\"@id\":\"https:\/\/ravel.com.br\/blog\/boas-praticas-para-o-byod\/\",\"url\":\"https:\/\/ravel.com.br\/blog\/boas-praticas-para-o-byod\/\",\"name\":\"Boas pr\u00e1ticas para o BYOD - Blog - Ravel Tecnologia\",\"isPartOf\":{\"@id\":\"https:\/\/ravel.com.br\/blog\/#website\"},\"primaryImageOfPage\":{\"@id\":\"https:\/\/ravel.com.br\/blog\/boas-praticas-para-o-byod\/#primaryimage\"},\"image\":{\"@id\":\"https:\/\/ravel.com.br\/blog\/boas-praticas-para-o-byod\/#primaryimage\"},\"thumbnailUrl\":\"https:\/\/ravel.com.br\/blog\/wp-content\/uploads\/2021\/08\/BYOD-Capa.jpg\",\"datePublished\":\"2021-08-10T19:20:25+00:00\",\"dateModified\":\"2021-09-06T17:50:48+00:00\",\"author\":{\"@id\":\"https:\/\/ravel.com.br\/blog\/#\/schema\/person\/5809fbed911cb14566b16220749d3dcc\"},\"description\":\"Apresentamos os riscos e sugest\u00f5es de boas pr\u00e1ticas de seguran\u00e7a para a utiliza\u00e7\u00e3o do BYOD nas empresas - Blog Tecnologia\",\"breadcrumb\":{\"@id\":\"https:\/\/ravel.com.br\/blog\/boas-praticas-para-o-byod\/#breadcrumb\"},\"inLanguage\":\"pt-BR\",\"potentialAction\":[{\"@type\":\"ReadAction\",\"target\":[\"https:\/\/ravel.com.br\/blog\/boas-praticas-para-o-byod\/\"]}]},{\"@type\":\"ImageObject\",\"inLanguage\":\"pt-BR\",\"@id\":\"https:\/\/ravel.com.br\/blog\/boas-praticas-para-o-byod\/#primaryimage\",\"url\":\"https:\/\/ravel.com.br\/blog\/wp-content\/uploads\/2021\/08\/BYOD-Capa.jpg\",\"contentUrl\":\"https:\/\/ravel.com.br\/blog\/wp-content\/uploads\/2021\/08\/BYOD-Capa.jpg\",\"width\":940,\"height\":392},{\"@type\":\"BreadcrumbList\",\"@id\":\"https:\/\/ravel.com.br\/blog\/boas-praticas-para-o-byod\/#breadcrumb\",\"itemListElement\":[{\"@type\":\"ListItem\",\"position\":1,\"name\":\"In\u00edcio\",\"item\":\"https:\/\/ravel.com.br\/blog\/\"},{\"@type\":\"ListItem\",\"position\":2,\"name\":\"Boas pr\u00e1ticas para o BYOD\"}]},{\"@type\":\"WebSite\",\"@id\":\"https:\/\/ravel.com.br\/blog\/#website\",\"url\":\"https:\/\/ravel.com.br\/blog\/\",\"name\":\"Blog Tecnologia\",\"description\":\"Dicas e Artigos sobre Tecnologia\",\"potentialAction\":[{\"@type\":\"SearchAction\",\"target\":{\"@type\":\"EntryPoint\",\"urlTemplate\":\"https:\/\/ravel.com.br\/blog\/?s={search_term_string}\"},\"query-input\":{\"@type\":\"PropertyValueSpecification\",\"valueRequired\":true,\"valueName\":\"search_term_string\"}}],\"inLanguage\":\"pt-BR\"},{\"@type\":\"Person\",\"@id\":\"https:\/\/ravel.com.br\/blog\/#\/schema\/person\/5809fbed911cb14566b16220749d3dcc\",\"name\":\"Nelson Corr\u00eaa Leite J\u00fanior\",\"image\":{\"@type\":\"ImageObject\",\"inLanguage\":\"pt-BR\",\"@id\":\"https:\/\/ravel.com.br\/blog\/#\/schema\/person\/image\/\",\"url\":\"https:\/\/secure.gravatar.com\/avatar\/4eeb3b5606c8a9b5aded280058cd2a1f?s=96&d=mm&r=g\",\"contentUrl\":\"https:\/\/secure.gravatar.com\/avatar\/4eeb3b5606c8a9b5aded280058cd2a1f?s=96&d=mm&r=g\",\"caption\":\"Nelson Corr\u00eaa Leite J\u00fanior\"},\"description\":\"Empres\u00e1rio desde 1997, onde \u00e9 Co-founder da Ravel Tecnologia, atuando como CEO na coordena\u00e7\u00e3o, gest\u00e3o da lideran\u00e7a e desenvolvimento estrat\u00e9gico. Especializado em Seguran\u00e7a da Informa\u00e7\u00e3o e solu\u00e7\u00f5es em nuvem. S\u00f3cio da ag\u00eancia de Marketing Digital Incandescente, com atua\u00e7\u00e3o na gest\u00e3o administrativa, financeira e estrat\u00e9gica. Busca por evoluir o uso da tecnologia aplicada aos neg\u00f3cios e as pessoas, buscando uma vis\u00e3o sist\u00eamica para fomentar e potencializar a inova\u00e7\u00e3o e crescimento. Pai de 2 lindos filhos e apreciador de uma boa cerveja.\",\"sameAs\":[\"http:\/\/ravel.com.br\",\"https:\/\/www.facebook.com\/raveltecnologia\/\",\"https:\/\/www.linkedin.com\/in\/nelson-corr\u00eaa-leite-j\u00fanior-337631160\/\"],\"url\":\"https:\/\/ravel.com.br\/blog\/author\/nelson\/\"}]}<\/script>\n<!-- \/ Yoast SEO plugin. -->","yoast_head_json":{"title":"Boas pr\u00e1ticas para o BYOD - Blog - Ravel Tecnologia","description":"Apresentamos os riscos e sugest\u00f5es de boas pr\u00e1ticas de seguran\u00e7a para a utiliza\u00e7\u00e3o do BYOD nas empresas - Blog Tecnologia","robots":{"index":"index","follow":"follow","max-snippet":"max-snippet:-1","max-image-preview":"max-image-preview:large","max-video-preview":"max-video-preview:-1"},"canonical":"https:\/\/ravel.com.br\/blog\/boas-praticas-para-o-byod\/","og_locale":"pt_BR","og_type":"article","og_title":"Boas pr\u00e1ticas do BYOD","og_description":"Apresentamos os riscos e sugest\u00f5es de boas pr\u00e1ticas de seguran\u00e7a para a utiliza\u00e7\u00e3o do BYOD nas empresas - Blog Tecnologia","og_url":"https:\/\/ravel.com.br\/blog\/boas-praticas-para-o-byod\/","og_site_name":"Blog Tecnologia","article_author":"https:\/\/www.facebook.com\/raveltecnologia\/","article_published_time":"2021-08-10T19:20:25+00:00","article_modified_time":"2021-09-06T17:50:48+00:00","og_image":[{"width":940,"height":392,"url":"https:\/\/ravel.com.br\/blog\/wp-content\/uploads\/2021\/08\/BYOD-Capa.jpg","type":"image\/jpeg"}],"author":"Nelson Corr\u00eaa Leite J\u00fanior","twitter_card":"summary_large_image","twitter_title":"Boas pr\u00e1ticas do BYOD","twitter_description":"Apresentamos os riscos e sugest\u00f5es de boas pr\u00e1ticas de seguran\u00e7a para a utiliza\u00e7\u00e3o do BYOD nas empresas - Blog Tecnologia","twitter_misc":{"Escrito por":"Nelson Corr\u00eaa Leite J\u00fanior","Est. tempo de leitura":"3 minutos"},"schema":{"@context":"https:\/\/schema.org","@graph":[{"@type":"WebPage","@id":"https:\/\/ravel.com.br\/blog\/boas-praticas-para-o-byod\/","url":"https:\/\/ravel.com.br\/blog\/boas-praticas-para-o-byod\/","name":"Boas pr\u00e1ticas para o BYOD - Blog - Ravel Tecnologia","isPartOf":{"@id":"https:\/\/ravel.com.br\/blog\/#website"},"primaryImageOfPage":{"@id":"https:\/\/ravel.com.br\/blog\/boas-praticas-para-o-byod\/#primaryimage"},"image":{"@id":"https:\/\/ravel.com.br\/blog\/boas-praticas-para-o-byod\/#primaryimage"},"thumbnailUrl":"https:\/\/ravel.com.br\/blog\/wp-content\/uploads\/2021\/08\/BYOD-Capa.jpg","datePublished":"2021-08-10T19:20:25+00:00","dateModified":"2021-09-06T17:50:48+00:00","author":{"@id":"https:\/\/ravel.com.br\/blog\/#\/schema\/person\/5809fbed911cb14566b16220749d3dcc"},"description":"Apresentamos os riscos e sugest\u00f5es de boas pr\u00e1ticas de seguran\u00e7a para a utiliza\u00e7\u00e3o do BYOD nas empresas - Blog Tecnologia","breadcrumb":{"@id":"https:\/\/ravel.com.br\/blog\/boas-praticas-para-o-byod\/#breadcrumb"},"inLanguage":"pt-BR","potentialAction":[{"@type":"ReadAction","target":["https:\/\/ravel.com.br\/blog\/boas-praticas-para-o-byod\/"]}]},{"@type":"ImageObject","inLanguage":"pt-BR","@id":"https:\/\/ravel.com.br\/blog\/boas-praticas-para-o-byod\/#primaryimage","url":"https:\/\/ravel.com.br\/blog\/wp-content\/uploads\/2021\/08\/BYOD-Capa.jpg","contentUrl":"https:\/\/ravel.com.br\/blog\/wp-content\/uploads\/2021\/08\/BYOD-Capa.jpg","width":940,"height":392},{"@type":"BreadcrumbList","@id":"https:\/\/ravel.com.br\/blog\/boas-praticas-para-o-byod\/#breadcrumb","itemListElement":[{"@type":"ListItem","position":1,"name":"In\u00edcio","item":"https:\/\/ravel.com.br\/blog\/"},{"@type":"ListItem","position":2,"name":"Boas pr\u00e1ticas para o BYOD"}]},{"@type":"WebSite","@id":"https:\/\/ravel.com.br\/blog\/#website","url":"https:\/\/ravel.com.br\/blog\/","name":"Blog Tecnologia","description":"Dicas e Artigos sobre Tecnologia","potentialAction":[{"@type":"SearchAction","target":{"@type":"EntryPoint","urlTemplate":"https:\/\/ravel.com.br\/blog\/?s={search_term_string}"},"query-input":{"@type":"PropertyValueSpecification","valueRequired":true,"valueName":"search_term_string"}}],"inLanguage":"pt-BR"},{"@type":"Person","@id":"https:\/\/ravel.com.br\/blog\/#\/schema\/person\/5809fbed911cb14566b16220749d3dcc","name":"Nelson Corr\u00eaa Leite J\u00fanior","image":{"@type":"ImageObject","inLanguage":"pt-BR","@id":"https:\/\/ravel.com.br\/blog\/#\/schema\/person\/image\/","url":"https:\/\/secure.gravatar.com\/avatar\/4eeb3b5606c8a9b5aded280058cd2a1f?s=96&d=mm&r=g","contentUrl":"https:\/\/secure.gravatar.com\/avatar\/4eeb3b5606c8a9b5aded280058cd2a1f?s=96&d=mm&r=g","caption":"Nelson Corr\u00eaa Leite J\u00fanior"},"description":"Empres\u00e1rio desde 1997, onde \u00e9 Co-founder da Ravel Tecnologia, atuando como CEO na coordena\u00e7\u00e3o, gest\u00e3o da lideran\u00e7a e desenvolvimento estrat\u00e9gico. Especializado em Seguran\u00e7a da Informa\u00e7\u00e3o e solu\u00e7\u00f5es em nuvem. S\u00f3cio da ag\u00eancia de Marketing Digital Incandescente, com atua\u00e7\u00e3o na gest\u00e3o administrativa, financeira e estrat\u00e9gica. Busca por evoluir o uso da tecnologia aplicada aos neg\u00f3cios e as pessoas, buscando uma vis\u00e3o sist\u00eamica para fomentar e potencializar a inova\u00e7\u00e3o e crescimento. Pai de 2 lindos filhos e apreciador de uma boa cerveja.","sameAs":["http:\/\/ravel.com.br","https:\/\/www.facebook.com\/raveltecnologia\/","https:\/\/www.linkedin.com\/in\/nelson-corr\u00eaa-leite-j\u00fanior-337631160\/"],"url":"https:\/\/ravel.com.br\/blog\/author\/nelson\/"}]}},"_links":{"self":[{"href":"https:\/\/ravel.com.br\/blog\/wp-json\/wp\/v2\/posts\/2997","targetHints":{"allow":["GET"]}}],"collection":[{"href":"https:\/\/ravel.com.br\/blog\/wp-json\/wp\/v2\/posts"}],"about":[{"href":"https:\/\/ravel.com.br\/blog\/wp-json\/wp\/v2\/types\/post"}],"author":[{"embeddable":true,"href":"https:\/\/ravel.com.br\/blog\/wp-json\/wp\/v2\/users\/7"}],"replies":[{"embeddable":true,"href":"https:\/\/ravel.com.br\/blog\/wp-json\/wp\/v2\/comments?post=2997"}],"version-history":[{"count":5,"href":"https:\/\/ravel.com.br\/blog\/wp-json\/wp\/v2\/posts\/2997\/revisions"}],"predecessor-version":[{"id":3173,"href":"https:\/\/ravel.com.br\/blog\/wp-json\/wp\/v2\/posts\/2997\/revisions\/3173"}],"wp:featuredmedia":[{"embeddable":true,"href":"https:\/\/ravel.com.br\/blog\/wp-json\/wp\/v2\/media\/2999"}],"wp:attachment":[{"href":"https:\/\/ravel.com.br\/blog\/wp-json\/wp\/v2\/media?parent=2997"}],"wp:term":[{"taxonomy":"category","embeddable":true,"href":"https:\/\/ravel.com.br\/blog\/wp-json\/wp\/v2\/categories?post=2997"},{"taxonomy":"post_tag","embeddable":true,"href":"https:\/\/ravel.com.br\/blog\/wp-json\/wp\/v2\/tags?post=2997"}],"curies":[{"name":"wp","href":"https:\/\/api.w.org\/{rel}","templated":true}]}}