{"id":3040,"date":"2021-08-17T09:20:00","date_gmt":"2021-08-17T12:20:00","guid":{"rendered":"https:\/\/ravel.com.br\/blog\/?p=3040"},"modified":"2021-08-17T09:33:11","modified_gmt":"2021-08-17T12:33:11","slug":"como-definir-o-word-como-programa-padrao","status":"publish","type":"post","link":"https:\/\/ravel.com.br\/blog\/como-definir-o-word-como-programa-padrao\/","title":{"rendered":"Como definir o Word como programa padr\u00e3o"},"content":{"rendered":"\n<p>Nesta dica explicaremos como definir o Word como programa padr\u00e3o para visualiza\u00e7\u00e3o dos arquivos de texto.&nbsp;<\/p>\n\n\n\n<ul class=\"wp-block-list\"><li>Para iniciarmos o processo, precisamos acessar o Menu de Configura\u00e7\u00f5es do Windows, clicando no Menu Iniciar, em seguida selecione&nbsp;Configura\u00e7\u00f5es, ou&nbsp;pressione&nbsp;as teclas Windows + I.&nbsp;<\/li><\/ul>\n\n\n\n<div class=\"wp-block-image\"><figure class=\"aligncenter size-large\"><img loading=\"lazy\" decoding=\"async\" width=\"300\" height=\"320\" src=\"https:\/\/ravel.com.br\/blog\/wp-content\/uploads\/2021\/08\/definir-o-word-item-1-v-2.png\" alt=\"\" class=\"wp-image-3044\" srcset=\"https:\/\/ravel.com.br\/blog\/wp-content\/uploads\/2021\/08\/definir-o-word-item-1-v-2.png 300w, https:\/\/ravel.com.br\/blog\/wp-content\/uploads\/2021\/08\/definir-o-word-item-1-v-2-281x300.png 281w\" sizes=\"(max-width: 300px) 100vw, 300px\" \/><\/figure><\/div>\n\n\n\n<ul class=\"wp-block-list\"><li>Ao clicar no menu Configura\u00e7\u00f5es, selecione&nbsp;a op\u00e7\u00e3o Aplicativos:<\/li><\/ul>\n\n\n\n<div class=\"wp-block-image\"><figure class=\"aligncenter size-large\"><img loading=\"lazy\" decoding=\"async\" width=\"1024\" height=\"456\" src=\"https:\/\/ravel.com.br\/blog\/wp-content\/uploads\/2021\/08\/image-18-1024x456.png\" alt=\"\" class=\"wp-image-3045\" srcset=\"https:\/\/ravel.com.br\/blog\/wp-content\/uploads\/2021\/08\/image-18-1024x456.png 1024w, https:\/\/ravel.com.br\/blog\/wp-content\/uploads\/2021\/08\/image-18-300x133.png 300w, https:\/\/ravel.com.br\/blog\/wp-content\/uploads\/2021\/08\/image-18-768x342.png 768w, https:\/\/ravel.com.br\/blog\/wp-content\/uploads\/2021\/08\/image-18-610x271.png 610w, https:\/\/ravel.com.br\/blog\/wp-content\/uploads\/2021\/08\/image-18-1080x481.png 1080w, https:\/\/ravel.com.br\/blog\/wp-content\/uploads\/2021\/08\/image-18.png 1436w\" sizes=\"(max-width: 1024px) 100vw, 1024px\" \/><\/figure><\/div>\n\n\n\n<ul class=\"wp-block-list\"><li>Ap\u00f3s abrir a op\u00e7\u00e3o de Aplicativos, selecione&nbsp;a op\u00e7\u00e3o \u201cAplicativos Padr\u00e3o\u201d e em&nbsp;seguida acesse&nbsp;a op\u00e7\u00e3o&nbsp;\u201cDefinir&nbsp;padr\u00f5es por&nbsp;aplicativo\u201d, que se encontra bem no final da p\u00e1gina:&nbsp;<\/li><\/ul>\n\n\n\n<div class=\"wp-block-image\"><figure class=\"aligncenter size-large\"><img loading=\"lazy\" decoding=\"async\" width=\"1024\" height=\"605\" src=\"https:\/\/ravel.com.br\/blog\/wp-content\/uploads\/2021\/08\/image-19-1024x605.png\" alt=\"programa padr\u00e3o\" class=\"wp-image-3046\" srcset=\"https:\/\/ravel.com.br\/blog\/wp-content\/uploads\/2021\/08\/image-19-1024x605.png 1024w, https:\/\/ravel.com.br\/blog\/wp-content\/uploads\/2021\/08\/image-19-300x177.png 300w, https:\/\/ravel.com.br\/blog\/wp-content\/uploads\/2021\/08\/image-19-768x454.png 768w, https:\/\/ravel.com.br\/blog\/wp-content\/uploads\/2021\/08\/image-19-610x360.png 610w, https:\/\/ravel.com.br\/blog\/wp-content\/uploads\/2021\/08\/image-19-1080x638.png 1080w, https:\/\/ravel.com.br\/blog\/wp-content\/uploads\/2021\/08\/image-19.png 1437w\" sizes=\"(max-width: 1024px) 100vw, 1024px\" \/><\/figure><\/div>\n\n\n\n<ul class=\"wp-block-list\"><li>Na&nbsp;p\u00e1gina&nbsp;\u201cDefinir&nbsp;padr\u00f5es por&nbsp;aplicativo\u201d, procure pelo Word, selecione e clique em&nbsp;<strong>Gerenciar<\/strong>.&nbsp;<\/li><\/ul>\n\n\n\n<div class=\"wp-block-image\"><figure class=\"aligncenter size-large is-resized\"><img loading=\"lazy\" decoding=\"async\" src=\"https:\/\/ravel.com.br\/blog\/wp-content\/uploads\/2021\/08\/image-20.png\" alt=\"definir o Word como programa padr\u00e3o\" class=\"wp-image-3047\" width=\"308\" height=\"409\" srcset=\"https:\/\/ravel.com.br\/blog\/wp-content\/uploads\/2021\/08\/image-20.png 468w, https:\/\/ravel.com.br\/blog\/wp-content\/uploads\/2021\/08\/image-20-226x300.png 226w\" sizes=\"(max-width: 308px) 100vw, 308px\" \/><\/figure><\/div>\n\n\n\n<ul class=\"wp-block-list\"><li>Ao selecionar a op\u00e7\u00e3o \u201cGerenciar\u201d, entraremos&nbsp;na tela de gerenciamento do aplicativo Word, para alterar o&nbsp;padr\u00e3o de abertura&nbsp;basta clicar no tipo de documento e selecionar o&nbsp;programa desejado.&nbsp;&nbsp;<\/li><\/ul>\n\n\n\n<div class=\"wp-block-image\"><figure class=\"aligncenter size-large\"><img loading=\"lazy\" decoding=\"async\" width=\"1024\" height=\"613\" src=\"https:\/\/ravel.com.br\/blog\/wp-content\/uploads\/2021\/08\/image-22-1024x613.png\" alt=\"Como definir o Word como programa padr\u00e3o\" class=\"wp-image-3049\" srcset=\"https:\/\/ravel.com.br\/blog\/wp-content\/uploads\/2021\/08\/image-22-1024x613.png 1024w, https:\/\/ravel.com.br\/blog\/wp-content\/uploads\/2021\/08\/image-22-300x180.png 300w, https:\/\/ravel.com.br\/blog\/wp-content\/uploads\/2021\/08\/image-22-768x460.png 768w, https:\/\/ravel.com.br\/blog\/wp-content\/uploads\/2021\/08\/image-22-610x365.png 610w, https:\/\/ravel.com.br\/blog\/wp-content\/uploads\/2021\/08\/image-22-1080x647.png 1080w, https:\/\/ravel.com.br\/blog\/wp-content\/uploads\/2021\/08\/image-22-1280x768.png 1280w, https:\/\/ravel.com.br\/blog\/wp-content\/uploads\/2021\/08\/image-22-627x376.png 627w, https:\/\/ravel.com.br\/blog\/wp-content\/uploads\/2021\/08\/image-22-440x264.png 440w, https:\/\/ravel.com.br\/blog\/wp-content\/uploads\/2021\/08\/image-22.png 1440w\" sizes=\"(max-width: 1024px) 100vw, 1024px\" \/><\/figure><\/div>\n\n\n\n<ul class=\"wp-block-list\"><li>Neste caso&nbsp;da imagem&nbsp;o&nbsp;WordPad&nbsp;est\u00e1 como padr\u00e3o para abertura de arquivos&nbsp;<strong>.docx<\/strong>,&nbsp;selecionaremos este arquivo, e alteraremos para&nbsp;o&nbsp;Word.&nbsp;&nbsp;<\/li><\/ul>\n\n\n\n<p>Neste exemplo utilizamos o tipo de arquivo&nbsp;<strong>.docx,&nbsp;<\/strong>mas, caso em seu computador os outros tipos de arquivos estejam fora do padr\u00e3o, basta realizar o mesmo procedimento, que o <a href=\"https:\/\/www.microsoft.com\/pt-br\/microsoft-365\/word\" target=\"_blank\" rel=\"noreferrer noopener\">Word <\/a>ser\u00e1 respons\u00e1vel pela abertura.&nbsp;Lembrando que este passo a passo foi realizado no sistema Windows 10.&nbsp;<\/p>\n\n\n\n<p>Ap\u00f3s realizar estas a\u00e7\u00f5es, voc\u00ea viu como definir o Word como programa padr\u00e3o<\/p>\n\n\n\n<p>Para mais dicas sobre o Office, acesse: <a href=\"https:\/\/ravel.com.br\/blog\/category\/dicas\/office\/\">Dicas sobre Office &#8211; Blog Tecnologia (ravel.com.br)<\/a><\/p>\n\n\n\n<figure class=\"wp-block-image size-large\"><a href=\"https:\/\/ravel.com.br\/\" target=\"_blank\" rel=\"noopener noreferrer\"><img loading=\"lazy\" decoding=\"async\" width=\"1024\" height=\"133\" src=\"https:\/\/ravel.com.br\/blog\/wp-content\/uploads\/2021\/01\/CTA2-1024x133.png\" alt=\"\" class=\"wp-image-2448\" srcset=\"https:\/\/ravel.com.br\/blog\/wp-content\/uploads\/2021\/01\/CTA2-1024x133.png 1024w, https:\/\/ravel.com.br\/blog\/wp-content\/uploads\/2021\/01\/CTA2-300x39.png 300w, https:\/\/ravel.com.br\/blog\/wp-content\/uploads\/2021\/01\/CTA2-768x100.png 768w, https:\/\/ravel.com.br\/blog\/wp-content\/uploads\/2021\/01\/CTA2-1536x199.png 1536w, https:\/\/ravel.com.br\/blog\/wp-content\/uploads\/2021\/01\/CTA2-2048x266.png 2048w, https:\/\/ravel.com.br\/blog\/wp-content\/uploads\/2021\/01\/CTA2-610x79.png 610w, https:\/\/ravel.com.br\/blog\/wp-content\/uploads\/2021\/01\/CTA2-1080x140.png 1080w\" sizes=\"(max-width: 1024px) 100vw, 1024px\" \/><\/a><\/figure>\n\n\n\n<p><\/p>\n","protected":false},"excerpt":{"rendered":"<p>Nesta dica explicaremos como definir o Word como programa padr\u00e3o para visualiza\u00e7\u00e3o dos arquivos de texto<\/p>\n","protected":false},"author":30,"featured_media":3052,"comment_status":"open","ping_status":"open","sticky":false,"template":"","format":"standard","meta":{"_et_pb_use_builder":"","_et_pb_old_content":"","_et_gb_content_width":"","footnotes":""},"categories":[60,83,88],"tags":[],"class_list":["post-3040","post","type-post","status-publish","format-standard","has-post-thumbnail","hentry","category-dicas","category-office","category-windows","et-has-post-format-content","et_post_format-et-post-format-standard"],"yoast_head":"<!-- This site is optimized with the Yoast SEO plugin v24.1 - https:\/\/yoast.com\/wordpress\/plugins\/seo\/ -->\n<title>Como definir o Word como programa padr\u00e3o - Blog - Ravel Tecnologia<\/title>\n<meta name=\"description\" content=\"Nesta dica explicaremos como definir o Word como programa padr\u00e3o para visualiza\u00e7\u00e3o dos arquivos de texto - Blog Tecnologia\" \/>\n<meta name=\"robots\" content=\"index, follow, max-snippet:-1, max-image-preview:large, max-video-preview:-1\" \/>\n<link rel=\"canonical\" href=\"https:\/\/ravel.com.br\/blog\/como-definir-o-word-como-programa-padrao\/\" \/>\n<meta property=\"og:locale\" content=\"pt_BR\" \/>\n<meta property=\"og:type\" content=\"article\" \/>\n<meta property=\"og:title\" content=\"Como definir o Word como programa padr\u00e3o - Blog - Ravel Tecnologia\" \/>\n<meta property=\"og:description\" content=\"Nesta dica explicaremos como definir o Word como programa padr\u00e3o para visualiza\u00e7\u00e3o dos arquivos de texto - Blog Tecnologia\" \/>\n<meta property=\"og:url\" content=\"https:\/\/ravel.com.br\/blog\/como-definir-o-word-como-programa-padrao\/\" \/>\n<meta property=\"og:site_name\" content=\"Blog Tecnologia\" \/>\n<meta property=\"article:published_time\" content=\"2021-08-17T12:20:00+00:00\" \/>\n<meta property=\"article:modified_time\" content=\"2021-08-17T12:33:11+00:00\" \/>\n<meta property=\"og:image\" content=\"https:\/\/ravel.com.br\/blog\/wp-content\/uploads\/2021\/08\/definir-word-como-padrao-capa.jpg\" \/>\n\t<meta property=\"og:image:width\" content=\"738\" \/>\n\t<meta property=\"og:image:height\" content=\"320\" \/>\n\t<meta property=\"og:image:type\" content=\"image\/jpeg\" \/>\n<meta name=\"author\" content=\"Vinicius Garcia\" \/>\n<meta name=\"twitter:card\" content=\"summary_large_image\" \/>\n<meta name=\"twitter:label1\" content=\"Escrito por\" \/>\n\t<meta name=\"twitter:data1\" content=\"Vinicius Garcia\" \/>\n\t<meta name=\"twitter:label2\" content=\"Est. tempo de leitura\" \/>\n\t<meta name=\"twitter:data2\" content=\"1 minuto\" \/>\n<script type=\"application\/ld+json\" class=\"yoast-schema-graph\">{\"@context\":\"https:\/\/schema.org\",\"@graph\":[{\"@type\":\"WebPage\",\"@id\":\"https:\/\/ravel.com.br\/blog\/como-definir-o-word-como-programa-padrao\/\",\"url\":\"https:\/\/ravel.com.br\/blog\/como-definir-o-word-como-programa-padrao\/\",\"name\":\"Como definir o Word como programa padr\u00e3o - Blog - Ravel Tecnologia\",\"isPartOf\":{\"@id\":\"https:\/\/ravel.com.br\/blog\/#website\"},\"primaryImageOfPage\":{\"@id\":\"https:\/\/ravel.com.br\/blog\/como-definir-o-word-como-programa-padrao\/#primaryimage\"},\"image\":{\"@id\":\"https:\/\/ravel.com.br\/blog\/como-definir-o-word-como-programa-padrao\/#primaryimage\"},\"thumbnailUrl\":\"https:\/\/ravel.com.br\/blog\/wp-content\/uploads\/2021\/08\/definir-word-como-padrao-capa.jpg\",\"datePublished\":\"2021-08-17T12:20:00+00:00\",\"dateModified\":\"2021-08-17T12:33:11+00:00\",\"author\":{\"@id\":\"https:\/\/ravel.com.br\/blog\/#\/schema\/person\/3ee6c10fe77178b8d29963ee0ceb1d5c\"},\"description\":\"Nesta dica explicaremos como definir o Word como programa padr\u00e3o para visualiza\u00e7\u00e3o dos arquivos de texto - Blog Tecnologia\",\"breadcrumb\":{\"@id\":\"https:\/\/ravel.com.br\/blog\/como-definir-o-word-como-programa-padrao\/#breadcrumb\"},\"inLanguage\":\"pt-BR\",\"potentialAction\":[{\"@type\":\"ReadAction\",\"target\":[\"https:\/\/ravel.com.br\/blog\/como-definir-o-word-como-programa-padrao\/\"]}]},{\"@type\":\"ImageObject\",\"inLanguage\":\"pt-BR\",\"@id\":\"https:\/\/ravel.com.br\/blog\/como-definir-o-word-como-programa-padrao\/#primaryimage\",\"url\":\"https:\/\/ravel.com.br\/blog\/wp-content\/uploads\/2021\/08\/definir-word-como-padrao-capa.jpg\",\"contentUrl\":\"https:\/\/ravel.com.br\/blog\/wp-content\/uploads\/2021\/08\/definir-word-como-padrao-capa.jpg\",\"width\":738,\"height\":320},{\"@type\":\"BreadcrumbList\",\"@id\":\"https:\/\/ravel.com.br\/blog\/como-definir-o-word-como-programa-padrao\/#breadcrumb\",\"itemListElement\":[{\"@type\":\"ListItem\",\"position\":1,\"name\":\"In\u00edcio\",\"item\":\"https:\/\/ravel.com.br\/blog\/\"},{\"@type\":\"ListItem\",\"position\":2,\"name\":\"Como definir o Word como programa padr\u00e3o\"}]},{\"@type\":\"WebSite\",\"@id\":\"https:\/\/ravel.com.br\/blog\/#website\",\"url\":\"https:\/\/ravel.com.br\/blog\/\",\"name\":\"Blog Tecnologia\",\"description\":\"Dicas e Artigos sobre Tecnologia\",\"potentialAction\":[{\"@type\":\"SearchAction\",\"target\":{\"@type\":\"EntryPoint\",\"urlTemplate\":\"https:\/\/ravel.com.br\/blog\/?s={search_term_string}\"},\"query-input\":{\"@type\":\"PropertyValueSpecification\",\"valueRequired\":true,\"valueName\":\"search_term_string\"}}],\"inLanguage\":\"pt-BR\"},{\"@type\":\"Person\",\"@id\":\"https:\/\/ravel.com.br\/blog\/#\/schema\/person\/3ee6c10fe77178b8d29963ee0ceb1d5c\",\"name\":\"Vinicius Garcia\",\"image\":{\"@type\":\"ImageObject\",\"inLanguage\":\"pt-BR\",\"@id\":\"https:\/\/ravel.com.br\/blog\/#\/schema\/person\/image\/\",\"url\":\"https:\/\/secure.gravatar.com\/avatar\/0e9d878148d8b624205542b0438acc56?s=96&d=mm&r=g\",\"contentUrl\":\"https:\/\/secure.gravatar.com\/avatar\/0e9d878148d8b624205542b0438acc56?s=96&d=mm&r=g\",\"caption\":\"Vinicius Garcia\"},\"description\":\"Cursando Redes de Computadores. Buscando sempre estar atualizado, para proporcionar a melhor experi\u00eancia para o cliente. Adora ensinar, ouvir um bom rock e tomar uma boa cerveja.\",\"url\":\"https:\/\/ravel.com.br\/blog\/author\/vinicius-garcia\/\"}]}<\/script>\n<!-- \/ Yoast SEO plugin. -->","yoast_head_json":{"title":"Como definir o Word como programa padr\u00e3o - Blog - Ravel Tecnologia","description":"Nesta dica explicaremos como definir o Word como programa padr\u00e3o para visualiza\u00e7\u00e3o dos arquivos de texto - Blog Tecnologia","robots":{"index":"index","follow":"follow","max-snippet":"max-snippet:-1","max-image-preview":"max-image-preview:large","max-video-preview":"max-video-preview:-1"},"canonical":"https:\/\/ravel.com.br\/blog\/como-definir-o-word-como-programa-padrao\/","og_locale":"pt_BR","og_type":"article","og_title":"Como definir o Word como programa padr\u00e3o - Blog - Ravel Tecnologia","og_description":"Nesta dica explicaremos como definir o Word como programa padr\u00e3o para visualiza\u00e7\u00e3o dos arquivos de texto - Blog Tecnologia","og_url":"https:\/\/ravel.com.br\/blog\/como-definir-o-word-como-programa-padrao\/","og_site_name":"Blog Tecnologia","article_published_time":"2021-08-17T12:20:00+00:00","article_modified_time":"2021-08-17T12:33:11+00:00","og_image":[{"width":738,"height":320,"url":"https:\/\/ravel.com.br\/blog\/wp-content\/uploads\/2021\/08\/definir-word-como-padrao-capa.jpg","type":"image\/jpeg"}],"author":"Vinicius Garcia","twitter_card":"summary_large_image","twitter_misc":{"Escrito por":"Vinicius Garcia","Est. tempo de leitura":"1 minuto"},"schema":{"@context":"https:\/\/schema.org","@graph":[{"@type":"WebPage","@id":"https:\/\/ravel.com.br\/blog\/como-definir-o-word-como-programa-padrao\/","url":"https:\/\/ravel.com.br\/blog\/como-definir-o-word-como-programa-padrao\/","name":"Como definir o Word como programa padr\u00e3o - Blog - Ravel Tecnologia","isPartOf":{"@id":"https:\/\/ravel.com.br\/blog\/#website"},"primaryImageOfPage":{"@id":"https:\/\/ravel.com.br\/blog\/como-definir-o-word-como-programa-padrao\/#primaryimage"},"image":{"@id":"https:\/\/ravel.com.br\/blog\/como-definir-o-word-como-programa-padrao\/#primaryimage"},"thumbnailUrl":"https:\/\/ravel.com.br\/blog\/wp-content\/uploads\/2021\/08\/definir-word-como-padrao-capa.jpg","datePublished":"2021-08-17T12:20:00+00:00","dateModified":"2021-08-17T12:33:11+00:00","author":{"@id":"https:\/\/ravel.com.br\/blog\/#\/schema\/person\/3ee6c10fe77178b8d29963ee0ceb1d5c"},"description":"Nesta dica explicaremos como definir o Word como programa padr\u00e3o para visualiza\u00e7\u00e3o dos arquivos de texto - Blog Tecnologia","breadcrumb":{"@id":"https:\/\/ravel.com.br\/blog\/como-definir-o-word-como-programa-padrao\/#breadcrumb"},"inLanguage":"pt-BR","potentialAction":[{"@type":"ReadAction","target":["https:\/\/ravel.com.br\/blog\/como-definir-o-word-como-programa-padrao\/"]}]},{"@type":"ImageObject","inLanguage":"pt-BR","@id":"https:\/\/ravel.com.br\/blog\/como-definir-o-word-como-programa-padrao\/#primaryimage","url":"https:\/\/ravel.com.br\/blog\/wp-content\/uploads\/2021\/08\/definir-word-como-padrao-capa.jpg","contentUrl":"https:\/\/ravel.com.br\/blog\/wp-content\/uploads\/2021\/08\/definir-word-como-padrao-capa.jpg","width":738,"height":320},{"@type":"BreadcrumbList","@id":"https:\/\/ravel.com.br\/blog\/como-definir-o-word-como-programa-padrao\/#breadcrumb","itemListElement":[{"@type":"ListItem","position":1,"name":"In\u00edcio","item":"https:\/\/ravel.com.br\/blog\/"},{"@type":"ListItem","position":2,"name":"Como definir o Word como programa padr\u00e3o"}]},{"@type":"WebSite","@id":"https:\/\/ravel.com.br\/blog\/#website","url":"https:\/\/ravel.com.br\/blog\/","name":"Blog Tecnologia","description":"Dicas e Artigos sobre Tecnologia","potentialAction":[{"@type":"SearchAction","target":{"@type":"EntryPoint","urlTemplate":"https:\/\/ravel.com.br\/blog\/?s={search_term_string}"},"query-input":{"@type":"PropertyValueSpecification","valueRequired":true,"valueName":"search_term_string"}}],"inLanguage":"pt-BR"},{"@type":"Person","@id":"https:\/\/ravel.com.br\/blog\/#\/schema\/person\/3ee6c10fe77178b8d29963ee0ceb1d5c","name":"Vinicius Garcia","image":{"@type":"ImageObject","inLanguage":"pt-BR","@id":"https:\/\/ravel.com.br\/blog\/#\/schema\/person\/image\/","url":"https:\/\/secure.gravatar.com\/avatar\/0e9d878148d8b624205542b0438acc56?s=96&d=mm&r=g","contentUrl":"https:\/\/secure.gravatar.com\/avatar\/0e9d878148d8b624205542b0438acc56?s=96&d=mm&r=g","caption":"Vinicius Garcia"},"description":"Cursando Redes de Computadores. Buscando sempre estar atualizado, para proporcionar a melhor experi\u00eancia para o cliente. Adora ensinar, ouvir um bom rock e tomar uma boa cerveja.","url":"https:\/\/ravel.com.br\/blog\/author\/vinicius-garcia\/"}]}},"_links":{"self":[{"href":"https:\/\/ravel.com.br\/blog\/wp-json\/wp\/v2\/posts\/3040","targetHints":{"allow":["GET"]}}],"collection":[{"href":"https:\/\/ravel.com.br\/blog\/wp-json\/wp\/v2\/posts"}],"about":[{"href":"https:\/\/ravel.com.br\/blog\/wp-json\/wp\/v2\/types\/post"}],"author":[{"embeddable":true,"href":"https:\/\/ravel.com.br\/blog\/wp-json\/wp\/v2\/users\/30"}],"replies":[{"embeddable":true,"href":"https:\/\/ravel.com.br\/blog\/wp-json\/wp\/v2\/comments?post=3040"}],"version-history":[{"count":3,"href":"https:\/\/ravel.com.br\/blog\/wp-json\/wp\/v2\/posts\/3040\/revisions"}],"predecessor-version":[{"id":3053,"href":"https:\/\/ravel.com.br\/blog\/wp-json\/wp\/v2\/posts\/3040\/revisions\/3053"}],"wp:featuredmedia":[{"embeddable":true,"href":"https:\/\/ravel.com.br\/blog\/wp-json\/wp\/v2\/media\/3052"}],"wp:attachment":[{"href":"https:\/\/ravel.com.br\/blog\/wp-json\/wp\/v2\/media?parent=3040"}],"wp:term":[{"taxonomy":"category","embeddable":true,"href":"https:\/\/ravel.com.br\/blog\/wp-json\/wp\/v2\/categories?post=3040"},{"taxonomy":"post_tag","embeddable":true,"href":"https:\/\/ravel.com.br\/blog\/wp-json\/wp\/v2\/tags?post=3040"}],"curies":[{"name":"wp","href":"https:\/\/api.w.org\/{rel}","templated":true}]}}