{"id":3225,"date":"2021-09-28T14:39:53","date_gmt":"2021-09-28T17:39:53","guid":{"rendered":"https:\/\/ravel.com.br\/blog\/?p=3225"},"modified":"2025-08-21T13:58:10","modified_gmt":"2025-08-21T16:58:10","slug":"como-abrir-os-arquivos-no-adobe-reader-em-janelas-ao-inves-de-abas","status":"publish","type":"post","link":"https:\/\/ravel.com.br\/blog\/como-abrir-os-arquivos-no-adobe-reader-em-janelas-ao-inves-de-abas\/","title":{"rendered":"Como abrir os arquivos no Adobe Reader em janelas ao inv\u00e9s de abas"},"content":{"rendered":"\n<p>Como padr\u00e3o, a vers\u00e3o mais recente do Adobe Reader costuma abrir os arquivos em abas, ao inv\u00e9s de janelas separadas, como era o padr\u00e3o nas vers\u00f5es mais antigas.&nbsp;Para que os arquivos sejam exibidos em janelas separadas \u00e9 necess\u00e1rio:&nbsp;<\/p>\n\n\n\n<ul class=\"wp-block-list\">\n<li>Abrir o Adobe Reader\u00a0por meio do atalho\u00a0localizado na \u00e1rea de trabalho, no menu iniciar\u00a0ou de algum arquivo em PDF;\u00a0<\/li>\n<\/ul>\n\n\n\n<ul class=\"wp-block-list\">\n<li>No menu superior, clicar na op\u00e7\u00e3o \u201c<strong>Editar<\/strong>\u201d e depois em \u201c<strong>Prefer\u00eancias&#8230;<\/strong>\u201d, conforme imagem abaixo:\u00a0<\/li>\n<\/ul>\n\n\n\n<figure class=\"wp-block-image aligncenter size-large\"><img loading=\"lazy\" decoding=\"async\" width=\"438\" height=\"494\" src=\"https:\/\/ravel.com.br\/blog\/wp-content\/uploads\/2021\/09\/image-17.png\" alt=\"abrir os arquivos no Adobe Reader em janelas\" class=\"wp-image-3226\" srcset=\"https:\/\/ravel.com.br\/blog\/wp-content\/uploads\/2021\/09\/image-17.png 438w, https:\/\/ravel.com.br\/blog\/wp-content\/uploads\/2021\/09\/image-17-266x300.png 266w\" sizes=\"(max-width: 438px) 100vw, 438px\" \/><\/figure>\n\n\n\n<ul class=\"wp-block-list\">\n<li>Na janela que ser\u00e1 aberta, em \u201c<strong>Geral<\/strong>\u201d,\u00a0<strong>DESMARCAR<\/strong>\u00a0a op\u00e7\u00e3o \u201c<strong>Abrir documentos como novas guias na mesma janela (requer reinicializa\u00e7\u00e3o)<\/strong>\u201d, descer a barra de rolagem e clicar em \u201c<strong>OK<\/strong>\u201d;\u00a0<\/li>\n<\/ul>\n\n\n\n<figure class=\"wp-block-image aligncenter size-large\"><img loading=\"lazy\" decoding=\"async\" width=\"1024\" height=\"622\" src=\"https:\/\/ravel.com.br\/blog\/wp-content\/uploads\/2021\/09\/image-19-1024x622.png\" alt=\"Como abrir os arquivos no Adobe Reader em janelas\" class=\"wp-image-3228\" srcset=\"https:\/\/ravel.com.br\/blog\/wp-content\/uploads\/2021\/09\/image-19-1024x622.png 1024w, https:\/\/ravel.com.br\/blog\/wp-content\/uploads\/2021\/09\/image-19-300x182.png 300w, https:\/\/ravel.com.br\/blog\/wp-content\/uploads\/2021\/09\/image-19-768x466.png 768w, https:\/\/ravel.com.br\/blog\/wp-content\/uploads\/2021\/09\/image-19-610x370.png 610w, https:\/\/ravel.com.br\/blog\/wp-content\/uploads\/2021\/09\/image-19-1080x656.png 1080w, https:\/\/ravel.com.br\/blog\/wp-content\/uploads\/2021\/09\/image-19.png 1140w\" sizes=\"(max-width: 1024px) 100vw, 1024px\" \/><\/figure>\n\n\n\n<ul class=\"wp-block-list\">\n<li>Ap\u00f3s, fechar\u00a0o Adobe e qualquer arquivo PDF que esteja aberto<\/li>\n<\/ul>\n\n\n\n<p>Pronto! Voc\u00ea viu como abrir os arquivos no <a href=\"https:\/\/get.adobe.com\/br\/reader\/\" target=\"_blank\" rel=\"noreferrer noopener\">Adobe Reader<\/a> em janelas, ao inv\u00e9s de abas.<\/p>\n\n\n\n<p>Para mais dicas, acesse: <a href=\"https:\/\/ravel.com.br\/blog\/category\/dicas\/\">Dicas e boas pr\u00e1ticas &#8211; Blog Tecnologia &#8211; Ravel<\/a><\/p>\n\n\n\n<figure class=\"wp-block-image size-large\"><a href=\"https:\/\/ravel.com.br\/\" target=\"_blank\" rel=\"noopener noreferrer\"><img loading=\"lazy\" decoding=\"async\" width=\"1024\" height=\"133\" src=\"https:\/\/ravel.com.br\/blog\/wp-content\/uploads\/2021\/01\/CTA2-1024x133.png\" alt=\"\" class=\"wp-image-2448\" srcset=\"https:\/\/ravel.com.br\/blog\/wp-content\/uploads\/2021\/01\/CTA2-1024x133.png 1024w, https:\/\/ravel.com.br\/blog\/wp-content\/uploads\/2021\/01\/CTA2-300x39.png 300w, https:\/\/ravel.com.br\/blog\/wp-content\/uploads\/2021\/01\/CTA2-768x100.png 768w, https:\/\/ravel.com.br\/blog\/wp-content\/uploads\/2021\/01\/CTA2-1536x199.png 1536w, https:\/\/ravel.com.br\/blog\/wp-content\/uploads\/2021\/01\/CTA2-2048x266.png 2048w, https:\/\/ravel.com.br\/blog\/wp-content\/uploads\/2021\/01\/CTA2-610x79.png 610w, https:\/\/ravel.com.br\/blog\/wp-content\/uploads\/2021\/01\/CTA2-1080x140.png 1080w\" sizes=\"(max-width: 1024px) 100vw, 1024px\" \/><\/a><\/figure>\n\n\n\n<p>Buscamos fazer com que a Tecnologia seja direcionada para Produtividade e Seguran\u00e7a das Empresas. Fazemos isso atrav\u00e9s de Solu\u00e7\u00f5es em Nuvem, Servi\u00e7os de Seguran\u00e7a e Suporte Inteligente.<\/p>\n\n\n\n<p>Somos uma empresa de TI com mais de 26 anos de experi\u00eancia e uma equipe de mais de 50 especialistas, somos o parceiro estrat\u00e9gico do seu neg\u00f3cio, da sua lideran\u00e7a, da sua TI.<\/p>\n\n\n\n<p>Consultoria de TI | Servi\u00e7os de Seguran\u00e7a | Solu\u00e7\u00f5es em Nuvem | Suporte T\u00e9cnico Inteligente | Gest\u00e3o de TI | Servi\u00e7os Gerenciados de TI (MSPs)<\/p>\n\n\n\n<p>Qual \u00e9 o seu momento? Entre em contato para criarmos juntos uma solu\u00e7\u00e3o que atenda \u00e0s suas necessidades.<\/p>\n","protected":false},"excerpt":{"rendered":"<p>Como padr\u00e3o, a vers\u00e3o mais recente do Adobe Reader costuma abrir os arquivos em abas, veja como alterar e abrir em janelas<\/p>\n","protected":false},"author":29,"featured_media":3230,"comment_status":"open","ping_status":"open","sticky":false,"template":"","format":"standard","meta":{"_et_pb_use_builder":"","_et_pb_old_content":"","_et_gb_content_width":"","footnotes":""},"categories":[60],"tags":[],"class_list":["post-3225","post","type-post","status-publish","format-standard","has-post-thumbnail","hentry","category-dicas","et-has-post-format-content","et_post_format-et-post-format-standard"],"yoast_head":"<!-- This site is optimized with the Yoast SEO plugin v24.1 - https:\/\/yoast.com\/wordpress\/plugins\/seo\/ -->\n<title>Como abrir arquivos no Adobe Reader em janelas - Blog Ravel<\/title>\n<meta name=\"description\" content=\"Como padr\u00e3o, a vers\u00e3o mais recente do Adobe Reader costuma abrir os arquivos em abas, veja como alterar e abrir em janelas\" \/>\n<meta name=\"robots\" content=\"index, follow, max-snippet:-1, max-image-preview:large, max-video-preview:-1\" \/>\n<link rel=\"canonical\" href=\"https:\/\/ravel.com.br\/blog\/como-abrir-os-arquivos-no-adobe-reader-em-janelas-ao-inves-de-abas\/\" \/>\n<meta property=\"og:locale\" content=\"pt_BR\" \/>\n<meta property=\"og:type\" content=\"article\" \/>\n<meta property=\"og:title\" content=\"Como abrir arquivos no Adobe Reader em janelas - Blog Ravel\" \/>\n<meta property=\"og:description\" content=\"Como padr\u00e3o, a vers\u00e3o mais recente do Adobe Reader costuma abrir os arquivos em abas, veja como alterar e abrir em janelas\" \/>\n<meta property=\"og:url\" content=\"https:\/\/ravel.com.br\/blog\/como-abrir-os-arquivos-no-adobe-reader-em-janelas-ao-inves-de-abas\/\" \/>\n<meta property=\"og:site_name\" content=\"Blog Tecnologia\" \/>\n<meta property=\"article:published_time\" content=\"2021-09-28T17:39:53+00:00\" \/>\n<meta property=\"article:modified_time\" content=\"2025-08-21T16:58:10+00:00\" \/>\n<meta property=\"og:image\" content=\"https:\/\/ravel.com.br\/blog\/wp-content\/uploads\/2021\/09\/adobe-reader-em-janelas-capa.jpg\" \/>\n\t<meta property=\"og:image:width\" content=\"1920\" \/>\n\t<meta property=\"og:image:height\" content=\"1080\" \/>\n\t<meta property=\"og:image:type\" content=\"image\/jpeg\" \/>\n<meta name=\"author\" content=\"Mayara Polli\" \/>\n<meta name=\"twitter:card\" content=\"summary_large_image\" \/>\n<meta name=\"twitter:label1\" content=\"Escrito por\" \/>\n\t<meta name=\"twitter:data1\" content=\"Mayara Polli\" \/>\n\t<meta name=\"twitter:label2\" content=\"Est. tempo de leitura\" \/>\n\t<meta name=\"twitter:data2\" content=\"3 minutos\" \/>\n<script type=\"application\/ld+json\" class=\"yoast-schema-graph\">{\"@context\":\"https:\/\/schema.org\",\"@graph\":[{\"@type\":\"WebPage\",\"@id\":\"https:\/\/ravel.com.br\/blog\/como-abrir-os-arquivos-no-adobe-reader-em-janelas-ao-inves-de-abas\/\",\"url\":\"https:\/\/ravel.com.br\/blog\/como-abrir-os-arquivos-no-adobe-reader-em-janelas-ao-inves-de-abas\/\",\"name\":\"Como abrir arquivos no Adobe Reader em janelas - Blog Ravel\",\"isPartOf\":{\"@id\":\"https:\/\/ravel.com.br\/blog\/#website\"},\"primaryImageOfPage\":{\"@id\":\"https:\/\/ravel.com.br\/blog\/como-abrir-os-arquivos-no-adobe-reader-em-janelas-ao-inves-de-abas\/#primaryimage\"},\"image\":{\"@id\":\"https:\/\/ravel.com.br\/blog\/como-abrir-os-arquivos-no-adobe-reader-em-janelas-ao-inves-de-abas\/#primaryimage\"},\"thumbnailUrl\":\"https:\/\/ravel.com.br\/blog\/wp-content\/uploads\/2021\/09\/adobe-reader-em-janelas-capa.jpg\",\"datePublished\":\"2021-09-28T17:39:53+00:00\",\"dateModified\":\"2025-08-21T16:58:10+00:00\",\"author\":{\"@id\":\"https:\/\/ravel.com.br\/blog\/#\/schema\/person\/97cbe924f514498c43ac9f71b9ab0482\"},\"description\":\"Como padr\u00e3o, a vers\u00e3o mais recente do Adobe Reader costuma abrir os arquivos em abas, veja como alterar e abrir em janelas\",\"breadcrumb\":{\"@id\":\"https:\/\/ravel.com.br\/blog\/como-abrir-os-arquivos-no-adobe-reader-em-janelas-ao-inves-de-abas\/#breadcrumb\"},\"inLanguage\":\"pt-BR\",\"potentialAction\":[{\"@type\":\"ReadAction\",\"target\":[\"https:\/\/ravel.com.br\/blog\/como-abrir-os-arquivos-no-adobe-reader-em-janelas-ao-inves-de-abas\/\"]}]},{\"@type\":\"ImageObject\",\"inLanguage\":\"pt-BR\",\"@id\":\"https:\/\/ravel.com.br\/blog\/como-abrir-os-arquivos-no-adobe-reader-em-janelas-ao-inves-de-abas\/#primaryimage\",\"url\":\"https:\/\/ravel.com.br\/blog\/wp-content\/uploads\/2021\/09\/adobe-reader-em-janelas-capa.jpg\",\"contentUrl\":\"https:\/\/ravel.com.br\/blog\/wp-content\/uploads\/2021\/09\/adobe-reader-em-janelas-capa.jpg\",\"width\":1920,\"height\":1080},{\"@type\":\"BreadcrumbList\",\"@id\":\"https:\/\/ravel.com.br\/blog\/como-abrir-os-arquivos-no-adobe-reader-em-janelas-ao-inves-de-abas\/#breadcrumb\",\"itemListElement\":[{\"@type\":\"ListItem\",\"position\":1,\"name\":\"In\u00edcio\",\"item\":\"https:\/\/ravel.com.br\/blog\/\"},{\"@type\":\"ListItem\",\"position\":2,\"name\":\"Como abrir os arquivos no Adobe Reader em janelas ao inv\u00e9s de abas\"}]},{\"@type\":\"WebSite\",\"@id\":\"https:\/\/ravel.com.br\/blog\/#website\",\"url\":\"https:\/\/ravel.com.br\/blog\/\",\"name\":\"Blog Tecnologia\",\"description\":\"Dicas e Artigos sobre Tecnologia\",\"potentialAction\":[{\"@type\":\"SearchAction\",\"target\":{\"@type\":\"EntryPoint\",\"urlTemplate\":\"https:\/\/ravel.com.br\/blog\/?s={search_term_string}\"},\"query-input\":{\"@type\":\"PropertyValueSpecification\",\"valueRequired\":true,\"valueName\":\"search_term_string\"}}],\"inLanguage\":\"pt-BR\"},{\"@type\":\"Person\",\"@id\":\"https:\/\/ravel.com.br\/blog\/#\/schema\/person\/97cbe924f514498c43ac9f71b9ab0482\",\"name\":\"Mayara Polli\",\"image\":{\"@type\":\"ImageObject\",\"inLanguage\":\"pt-BR\",\"@id\":\"https:\/\/ravel.com.br\/blog\/#\/schema\/person\/image\/\",\"url\":\"https:\/\/secure.gravatar.com\/avatar\/93b8d804c131d618faa89e8f4767222e?s=96&d=mm&r=g\",\"contentUrl\":\"https:\/\/secure.gravatar.com\/avatar\/93b8d804c131d618faa89e8f4767222e?s=96&d=mm&r=g\",\"caption\":\"Mayara Polli\"},\"description\":\"Tecn\u00f3loga formada em Seguran\u00e7a da Informa\u00e7\u00e3o. Atuo no time de suporte aos clientes, buscando constante aprendizado e sempre o melhor atendimento para a resolu\u00e7\u00e3o das demandas dos usu\u00e1rios. Gosto de cozinhar, assistir s\u00e9ries e sair para conversar com os amigos\",\"url\":\"https:\/\/ravel.com.br\/blog\/author\/mayara-polli\/\"}]}<\/script>\n<!-- \/ Yoast SEO plugin. -->","yoast_head_json":{"title":"Como abrir arquivos no Adobe Reader em janelas - Blog Ravel","description":"Como padr\u00e3o, a vers\u00e3o mais recente do Adobe Reader costuma abrir os arquivos em abas, veja como alterar e abrir em janelas","robots":{"index":"index","follow":"follow","max-snippet":"max-snippet:-1","max-image-preview":"max-image-preview:large","max-video-preview":"max-video-preview:-1"},"canonical":"https:\/\/ravel.com.br\/blog\/como-abrir-os-arquivos-no-adobe-reader-em-janelas-ao-inves-de-abas\/","og_locale":"pt_BR","og_type":"article","og_title":"Como abrir arquivos no Adobe Reader em janelas - Blog Ravel","og_description":"Como padr\u00e3o, a vers\u00e3o mais recente do Adobe Reader costuma abrir os arquivos em abas, veja como alterar e abrir em janelas","og_url":"https:\/\/ravel.com.br\/blog\/como-abrir-os-arquivos-no-adobe-reader-em-janelas-ao-inves-de-abas\/","og_site_name":"Blog Tecnologia","article_published_time":"2021-09-28T17:39:53+00:00","article_modified_time":"2025-08-21T16:58:10+00:00","og_image":[{"width":1920,"height":1080,"url":"https:\/\/ravel.com.br\/blog\/wp-content\/uploads\/2021\/09\/adobe-reader-em-janelas-capa.jpg","type":"image\/jpeg"}],"author":"Mayara Polli","twitter_card":"summary_large_image","twitter_misc":{"Escrito por":"Mayara Polli","Est. tempo de leitura":"3 minutos"},"schema":{"@context":"https:\/\/schema.org","@graph":[{"@type":"WebPage","@id":"https:\/\/ravel.com.br\/blog\/como-abrir-os-arquivos-no-adobe-reader-em-janelas-ao-inves-de-abas\/","url":"https:\/\/ravel.com.br\/blog\/como-abrir-os-arquivos-no-adobe-reader-em-janelas-ao-inves-de-abas\/","name":"Como abrir arquivos no Adobe Reader em janelas - Blog Ravel","isPartOf":{"@id":"https:\/\/ravel.com.br\/blog\/#website"},"primaryImageOfPage":{"@id":"https:\/\/ravel.com.br\/blog\/como-abrir-os-arquivos-no-adobe-reader-em-janelas-ao-inves-de-abas\/#primaryimage"},"image":{"@id":"https:\/\/ravel.com.br\/blog\/como-abrir-os-arquivos-no-adobe-reader-em-janelas-ao-inves-de-abas\/#primaryimage"},"thumbnailUrl":"https:\/\/ravel.com.br\/blog\/wp-content\/uploads\/2021\/09\/adobe-reader-em-janelas-capa.jpg","datePublished":"2021-09-28T17:39:53+00:00","dateModified":"2025-08-21T16:58:10+00:00","author":{"@id":"https:\/\/ravel.com.br\/blog\/#\/schema\/person\/97cbe924f514498c43ac9f71b9ab0482"},"description":"Como padr\u00e3o, a vers\u00e3o mais recente do Adobe Reader costuma abrir os arquivos em abas, veja como alterar e abrir em janelas","breadcrumb":{"@id":"https:\/\/ravel.com.br\/blog\/como-abrir-os-arquivos-no-adobe-reader-em-janelas-ao-inves-de-abas\/#breadcrumb"},"inLanguage":"pt-BR","potentialAction":[{"@type":"ReadAction","target":["https:\/\/ravel.com.br\/blog\/como-abrir-os-arquivos-no-adobe-reader-em-janelas-ao-inves-de-abas\/"]}]},{"@type":"ImageObject","inLanguage":"pt-BR","@id":"https:\/\/ravel.com.br\/blog\/como-abrir-os-arquivos-no-adobe-reader-em-janelas-ao-inves-de-abas\/#primaryimage","url":"https:\/\/ravel.com.br\/blog\/wp-content\/uploads\/2021\/09\/adobe-reader-em-janelas-capa.jpg","contentUrl":"https:\/\/ravel.com.br\/blog\/wp-content\/uploads\/2021\/09\/adobe-reader-em-janelas-capa.jpg","width":1920,"height":1080},{"@type":"BreadcrumbList","@id":"https:\/\/ravel.com.br\/blog\/como-abrir-os-arquivos-no-adobe-reader-em-janelas-ao-inves-de-abas\/#breadcrumb","itemListElement":[{"@type":"ListItem","position":1,"name":"In\u00edcio","item":"https:\/\/ravel.com.br\/blog\/"},{"@type":"ListItem","position":2,"name":"Como abrir os arquivos no Adobe Reader em janelas ao inv\u00e9s de abas"}]},{"@type":"WebSite","@id":"https:\/\/ravel.com.br\/blog\/#website","url":"https:\/\/ravel.com.br\/blog\/","name":"Blog Tecnologia","description":"Dicas e Artigos sobre Tecnologia","potentialAction":[{"@type":"SearchAction","target":{"@type":"EntryPoint","urlTemplate":"https:\/\/ravel.com.br\/blog\/?s={search_term_string}"},"query-input":{"@type":"PropertyValueSpecification","valueRequired":true,"valueName":"search_term_string"}}],"inLanguage":"pt-BR"},{"@type":"Person","@id":"https:\/\/ravel.com.br\/blog\/#\/schema\/person\/97cbe924f514498c43ac9f71b9ab0482","name":"Mayara Polli","image":{"@type":"ImageObject","inLanguage":"pt-BR","@id":"https:\/\/ravel.com.br\/blog\/#\/schema\/person\/image\/","url":"https:\/\/secure.gravatar.com\/avatar\/93b8d804c131d618faa89e8f4767222e?s=96&d=mm&r=g","contentUrl":"https:\/\/secure.gravatar.com\/avatar\/93b8d804c131d618faa89e8f4767222e?s=96&d=mm&r=g","caption":"Mayara Polli"},"description":"Tecn\u00f3loga formada em Seguran\u00e7a da Informa\u00e7\u00e3o. Atuo no time de suporte aos clientes, buscando constante aprendizado e sempre o melhor atendimento para a resolu\u00e7\u00e3o das demandas dos usu\u00e1rios. Gosto de cozinhar, assistir s\u00e9ries e sair para conversar com os amigos","url":"https:\/\/ravel.com.br\/blog\/author\/mayara-polli\/"}]}},"_links":{"self":[{"href":"https:\/\/ravel.com.br\/blog\/wp-json\/wp\/v2\/posts\/3225","targetHints":{"allow":["GET"]}}],"collection":[{"href":"https:\/\/ravel.com.br\/blog\/wp-json\/wp\/v2\/posts"}],"about":[{"href":"https:\/\/ravel.com.br\/blog\/wp-json\/wp\/v2\/types\/post"}],"author":[{"embeddable":true,"href":"https:\/\/ravel.com.br\/blog\/wp-json\/wp\/v2\/users\/29"}],"replies":[{"embeddable":true,"href":"https:\/\/ravel.com.br\/blog\/wp-json\/wp\/v2\/comments?post=3225"}],"version-history":[{"count":3,"href":"https:\/\/ravel.com.br\/blog\/wp-json\/wp\/v2\/posts\/3225\/revisions"}],"predecessor-version":[{"id":6440,"href":"https:\/\/ravel.com.br\/blog\/wp-json\/wp\/v2\/posts\/3225\/revisions\/6440"}],"wp:featuredmedia":[{"embeddable":true,"href":"https:\/\/ravel.com.br\/blog\/wp-json\/wp\/v2\/media\/3230"}],"wp:attachment":[{"href":"https:\/\/ravel.com.br\/blog\/wp-json\/wp\/v2\/media?parent=3225"}],"wp:term":[{"taxonomy":"category","embeddable":true,"href":"https:\/\/ravel.com.br\/blog\/wp-json\/wp\/v2\/categories?post=3225"},{"taxonomy":"post_tag","embeddable":true,"href":"https:\/\/ravel.com.br\/blog\/wp-json\/wp\/v2\/tags?post=3225"}],"curies":[{"name":"wp","href":"https:\/\/api.w.org\/{rel}","templated":true}]}}