{"id":3232,"date":"2021-10-03T16:52:16","date_gmt":"2021-10-03T19:52:16","guid":{"rendered":"https:\/\/ravel.com.br\/blog\/?p=3232"},"modified":"2021-10-03T17:26:25","modified_gmt":"2021-10-03T20:26:25","slug":"sera-que-o-sms-realmente-ressuscitou","status":"publish","type":"post","link":"https:\/\/ravel.com.br\/blog\/sera-que-o-sms-realmente-ressuscitou\/","title":{"rendered":"Ser\u00e1 que o SMS realmente ressuscitou?"},"content":{"rendered":"\n<p>Era uma ter\u00e7a feira nublada como \u00e9 bastante comum para quem mora em S\u00e3o Paulo no per\u00edodo de inverno. Eu fazia aquela pausa de descanso de n\u00e3o mais que dez minutos para oxigenar o c\u00e9rebro e rapidamente consumir um pouco das redes sociais.<\/p>\n\n\n\n<p>Ao abrir a tela do meu computador, fui surpreendido com o n\u00famero de SMS que eu havia recebido em n\u00e3o mais que duas horas.<\/p>\n\n\n\n<p>Dez mensagens inundavam meu celular por SMS. Tinha de tudo. Confirma\u00e7\u00e3o de compra, banco vendendo algo, aviso do plano de sa\u00fade e dois SMS que desconfie serem golpes.<\/p>\n\n\n\n<p>Senti um leve frio na barriga pensando como seria se meu Pai recebesse aquela quantidade de SMS. Muitos tinham como objetivo roubar dados ou senhas.<\/p>\n\n\n\n<p>Isso despertou em mim uma enorme preocupa\u00e7\u00e3o. O SMS n\u00e3o \u00e9 nada novo, mas como praticamente renasceu, fiquei muito preocupado com isso.<\/p>\n\n\n\n<p>Se por um lado o SMS tem sido exaustivamente usado para golpes, por que n\u00e3o utiliz\u00e1-lo como estrat\u00e9gia?<\/p>\n\n\n\n<h2 class=\"wp-block-heading\"><strong>ANTIGAS TECNOLOGIAS S\u00c3O RESGATADAS COMO ESTRAT\u00c9GIA DE CONTATO<\/strong><\/h2>\n\n\n\n<p>Logo que comecei a empreender, eram as malas diretas que dominavam nossa caixa de correspond\u00eancia f\u00edsica.<\/p>\n\n\n\n<p>Talvez voc\u00ea n\u00e3o saiba o que \u00e9, mas receb\u00edamos tudo por carta. Mala direta era um modelo padr\u00e3o de promo\u00e7\u00e3o ou informa\u00e7\u00e3o enviado a centenas de pessoas com o objetivo de oferecer algo.<\/p>\n\n\n\n<p>Assim como os folders de apartamentos que recebemos nos far\u00f3is, as malas diretas chegavam as dezenas dia ap\u00f3s dia.<\/p>\n\n\n\n<p>O SMS est\u00e1 neste campo. Ele foi resgatado, mas em um passado n\u00e3o muito distante, era a forma de mensagem mais comum. Claro que depois da inven\u00e7\u00e3o do Whatsapp tudo mudou.<\/p>\n\n\n\n<p>Nos EUA no entanto o SMS continua sendo a maior forma de envio de mensagens. O Whatsapp por l\u00e1 nunca passou de 20% dos usu\u00e1rios.<\/p>\n\n\n\n<p>Por aqui, ele tem sido retomado tanto por empresas para oferecer seus produtos ou mesmo melhorar a comunica\u00e7\u00e3o com eles. O interessante \u00e9 que por SMS, mais de 80% dos usu\u00e1rios no m\u00ednimo veem as mensagens, o que cai drasticamente em rela\u00e7\u00e3o ao email que \u00e9 menos de 2% de abertura.<\/p>\n\n\n\n<div class=\"wp-block-image\"><figure class=\"aligncenter size-large\"><img loading=\"lazy\" decoding=\"async\" width=\"739\" height=\"453\" src=\"https:\/\/ravel.com.br\/blog\/wp-content\/uploads\/2021\/10\/SMS-Banner-1.jpg\" alt=\"sms\" class=\"wp-image-3241\" srcset=\"https:\/\/ravel.com.br\/blog\/wp-content\/uploads\/2021\/10\/SMS-Banner-1.jpg 739w, https:\/\/ravel.com.br\/blog\/wp-content\/uploads\/2021\/10\/SMS-Banner-1-300x184.jpg 300w, https:\/\/ravel.com.br\/blog\/wp-content\/uploads\/2021\/10\/SMS-Banner-1-610x374.jpg 610w\" sizes=\"(max-width: 739px) 100vw, 739px\" \/><\/figure><\/div>\n\n\n\n<h2 class=\"wp-block-heading\"><strong>J\u00c1 IMAGINOU VOC\u00ca ENVIAR AO SEU CLIENTE NO DIA DO ANIVERS\u00c1RIO DELE UMA CARTA?<\/strong><\/h2>\n\n\n\n<p>Anos atr\u00e1s, fizemos uma a\u00e7\u00e3o na <a href=\"https:\/\/ravel.com.br\/\">Ravel <\/a>enviando uma carta a cada colaborador escrita \u00e0 m\u00e3o em uma data especial.<\/p>\n\n\n\n<p>Imagine voc\u00ea receber uma carta escrita a m\u00e3o nos dias de hoje? Voc\u00ea pode at\u00e9 pensar que \u00e9 algo estranho uma carta, por\u00e9m talvez n\u00e3o imagine o impacto que faz.<\/p>\n\n\n\n<p>A quest\u00e3o central \u00e9 que queremos ser especiais. Cansamos dos modelos de comunica\u00e7\u00e3o de massa. Segmentar seus clientes e enviar algo diferenciado a ele pode fazer uma enorme diferen\u00e7a.<\/p>\n\n\n\n<p>Pense em sua pr\u00f3xima campanha de comunica\u00e7\u00e3o e tente entender qual modelo seria poss\u00edvel criar uma maior conex\u00e3o com seu objetivo.<\/p>\n\n\n\n<h2 class=\"wp-block-heading\"><strong>NO MUNDO ATUAL O QUE ERA ANTIGO SE TRANSFORMOU EM COOL!<\/strong><\/h2>\n\n\n\n<p>Nos dias de hoje, olhar para o passado \u00e9 estrat\u00e9gico. N\u00e3o se iluda nem tudo que \u00e9 moderno faz sentido para sua necessidade.<\/p>\n\n\n\n<p>Estamos envolvidos com a tecnologia e consumimos muita coisa sem sentido. Acumulamos equipamentos, m\u00e1quinas usadas e sistemas que jamais usaremos.<\/p>\n\n\n\n<p>Mesmo em nossos celulares usamos menos de 10% dos Apps que baixamos. O sentimento de estar em conex\u00e3o com o moderno estressa e cansa quase que ao mesmo tempo que acreditamos estar \u201catualizados\u201d.<\/p>\n\n\n\n<p>Consumir o que realmente precisamos \u00e9 o mais sensato. Desta maneira, uma boa consultoria de tecnologia \u00e9 essencial.<\/p>\n\n\n\n<p>Estar atento \u00e0s novidades \u00e9 importante at\u00e9 porque muita coisa boa vale a pena usarmos, mas sempre \u00e9 bom tomar cuidado com o excesso de vari\u00e1veis.<\/p>\n\n\n\n<p>O conceito de paradoxo da escolha foi pensado pelo psic\u00f3logo americano Barry Schwartz e demonstra como nosso comportamento \u00e9 afetado pela liberdade e as escolhas. Segundo o autor, nossa sociedade vive um paradigma onde a liberdade de escolha \u00e9 central.<\/p>\n\n\n\n<p>A liberdade de escolha com tantas op\u00e7\u00f5es paralisa. A paralisia da escolha refere-se \u00e0 o pensamento de que quanto mais escolhas temos, mais dif\u00edcil ser\u00e1 decidir por algo.<\/p>\n\n\n\n<p>O fato \u00e9 que se voc\u00ea est\u00e1 em uma situa\u00e7\u00e3o hoje, tudo \u00e9 resultado de escolhas feitas no seu passado que ajudaram voc\u00ea a chegar aonde voc\u00ea est\u00e1 hoje.<\/p>\n\n\n\n<p>Pense bem em suas pr\u00f3ximas a\u00e7\u00f5es, lembre-se que voc\u00ea pode usar outros canais de comunica\u00e7\u00e3o, mas, n\u00e3o exagere pois o paradoxo da escolha est\u00e1 a\u00ed para n\u00e3o nos deixar confus\u00e3o.<\/p>\n\n\n\n<p><a href=\"https:\/\/ravel.com.br\/blog\/category\/viver-com-tecnologia\/\">Viver com Tecnologia &#8211; Blog Tecnologia &#8211; Ravel Tecnologia<\/a><\/p>\n","protected":false},"excerpt":{"rendered":"<p>Ser\u00e1 que o SMS realmente ressuscitou? Tenho feito esta pergunta cada vez mais dia ap\u00f3s dia. Como temos sido inundados por tanta mensagem por SMS. Mas afinal o que est\u00e1 acontecendo<\/p>\n","protected":false},"author":19,"featured_media":3236,"comment_status":"open","ping_status":"open","sticky":false,"template":"","format":"standard","meta":{"_et_pb_use_builder":"","_et_pb_old_content":"","_et_gb_content_width":"","footnotes":""},"categories":[105],"tags":[],"class_list":["post-3232","post","type-post","status-publish","format-standard","has-post-thumbnail","hentry","category-viver-com-tecnologia","et-has-post-format-content","et_post_format-et-post-format-standard"],"yoast_head":"<!-- This site is optimized with the Yoast SEO plugin v24.1 - https:\/\/yoast.com\/wordpress\/plugins\/seo\/ -->\n<title>Ser\u00e1 que o SMS realmente ressuscitou? - Blog - Ravel Tecnologia<\/title>\n<meta name=\"description\" content=\"Ser\u00e1 que o SMS ressuscitou? Tenho feito esta pergunta cada vez mais dia ap\u00f3s dia. Como temos sido inundados por tanta mensagem por SMS\" \/>\n<meta name=\"robots\" content=\"index, follow, max-snippet:-1, max-image-preview:large, max-video-preview:-1\" \/>\n<link rel=\"canonical\" href=\"https:\/\/ravel.com.br\/blog\/sera-que-o-sms-realmente-ressuscitou\/\" \/>\n<meta property=\"og:locale\" content=\"pt_BR\" \/>\n<meta property=\"og:type\" content=\"article\" \/>\n<meta property=\"og:title\" content=\"Ser\u00e1 que o SMS realmente ressuscitou? - Blog - Ravel Tecnologia\" \/>\n<meta property=\"og:description\" content=\"Ser\u00e1 que o SMS ressuscitou? Tenho feito esta pergunta cada vez mais dia ap\u00f3s dia. Como temos sido inundados por tanta mensagem por SMS\" \/>\n<meta property=\"og:url\" content=\"https:\/\/ravel.com.br\/blog\/sera-que-o-sms-realmente-ressuscitou\/\" \/>\n<meta property=\"og:site_name\" content=\"Blog Tecnologia\" \/>\n<meta property=\"article:published_time\" content=\"2021-10-03T19:52:16+00:00\" \/>\n<meta property=\"article:modified_time\" content=\"2021-10-03T20:26:25+00:00\" \/>\n<meta property=\"og:image\" content=\"https:\/\/ravel.com.br\/blog\/wp-content\/uploads\/2021\/10\/sms-capa.jpg\" \/>\n\t<meta property=\"og:image:width\" content=\"1599\" \/>\n\t<meta property=\"og:image:height\" content=\"681\" \/>\n\t<meta property=\"og:image:type\" content=\"image\/jpeg\" \/>\n<meta name=\"author\" content=\"Benicio Filho\" \/>\n<meta name=\"twitter:card\" content=\"summary_large_image\" \/>\n<meta name=\"twitter:label1\" content=\"Escrito por\" \/>\n\t<meta name=\"twitter:data1\" content=\"Benicio Filho\" \/>\n\t<meta name=\"twitter:label2\" content=\"Est. tempo de leitura\" \/>\n\t<meta name=\"twitter:data2\" content=\"4 minutos\" \/>\n<script type=\"application\/ld+json\" class=\"yoast-schema-graph\">{\"@context\":\"https:\/\/schema.org\",\"@graph\":[{\"@type\":\"WebPage\",\"@id\":\"https:\/\/ravel.com.br\/blog\/sera-que-o-sms-realmente-ressuscitou\/\",\"url\":\"https:\/\/ravel.com.br\/blog\/sera-que-o-sms-realmente-ressuscitou\/\",\"name\":\"Ser\u00e1 que o SMS realmente ressuscitou? - Blog - Ravel Tecnologia\",\"isPartOf\":{\"@id\":\"https:\/\/ravel.com.br\/blog\/#website\"},\"primaryImageOfPage\":{\"@id\":\"https:\/\/ravel.com.br\/blog\/sera-que-o-sms-realmente-ressuscitou\/#primaryimage\"},\"image\":{\"@id\":\"https:\/\/ravel.com.br\/blog\/sera-que-o-sms-realmente-ressuscitou\/#primaryimage\"},\"thumbnailUrl\":\"https:\/\/ravel.com.br\/blog\/wp-content\/uploads\/2021\/10\/sms-capa.jpg\",\"datePublished\":\"2021-10-03T19:52:16+00:00\",\"dateModified\":\"2021-10-03T20:26:25+00:00\",\"author\":{\"@id\":\"https:\/\/ravel.com.br\/blog\/#\/schema\/person\/8c1b896e660c50b7e048edbf136fd3df\"},\"description\":\"Ser\u00e1 que o SMS ressuscitou? Tenho feito esta pergunta cada vez mais dia ap\u00f3s dia. Como temos sido inundados por tanta mensagem por SMS\",\"breadcrumb\":{\"@id\":\"https:\/\/ravel.com.br\/blog\/sera-que-o-sms-realmente-ressuscitou\/#breadcrumb\"},\"inLanguage\":\"pt-BR\",\"potentialAction\":[{\"@type\":\"ReadAction\",\"target\":[\"https:\/\/ravel.com.br\/blog\/sera-que-o-sms-realmente-ressuscitou\/\"]}]},{\"@type\":\"ImageObject\",\"inLanguage\":\"pt-BR\",\"@id\":\"https:\/\/ravel.com.br\/blog\/sera-que-o-sms-realmente-ressuscitou\/#primaryimage\",\"url\":\"https:\/\/ravel.com.br\/blog\/wp-content\/uploads\/2021\/10\/sms-capa.jpg\",\"contentUrl\":\"https:\/\/ravel.com.br\/blog\/wp-content\/uploads\/2021\/10\/sms-capa.jpg\",\"width\":1599,\"height\":681},{\"@type\":\"BreadcrumbList\",\"@id\":\"https:\/\/ravel.com.br\/blog\/sera-que-o-sms-realmente-ressuscitou\/#breadcrumb\",\"itemListElement\":[{\"@type\":\"ListItem\",\"position\":1,\"name\":\"In\u00edcio\",\"item\":\"https:\/\/ravel.com.br\/blog\/\"},{\"@type\":\"ListItem\",\"position\":2,\"name\":\"Ser\u00e1 que o SMS realmente ressuscitou?\"}]},{\"@type\":\"WebSite\",\"@id\":\"https:\/\/ravel.com.br\/blog\/#website\",\"url\":\"https:\/\/ravel.com.br\/blog\/\",\"name\":\"Blog Tecnologia\",\"description\":\"Dicas e Artigos sobre Tecnologia\",\"potentialAction\":[{\"@type\":\"SearchAction\",\"target\":{\"@type\":\"EntryPoint\",\"urlTemplate\":\"https:\/\/ravel.com.br\/blog\/?s={search_term_string}\"},\"query-input\":{\"@type\":\"PropertyValueSpecification\",\"valueRequired\":true,\"valueName\":\"search_term_string\"}}],\"inLanguage\":\"pt-BR\"},{\"@type\":\"Person\",\"@id\":\"https:\/\/ravel.com.br\/blog\/#\/schema\/person\/8c1b896e660c50b7e048edbf136fd3df\",\"name\":\"Benicio Filho\",\"image\":{\"@type\":\"ImageObject\",\"inLanguage\":\"pt-BR\",\"@id\":\"https:\/\/ravel.com.br\/blog\/#\/schema\/person\/image\/\",\"url\":\"https:\/\/secure.gravatar.com\/avatar\/90039d3db9064a83ee426386617b9797?s=96&d=mm&r=g\",\"contentUrl\":\"https:\/\/secure.gravatar.com\/avatar\/90039d3db9064a83ee426386617b9797?s=96&d=mm&r=g\",\"caption\":\"Benicio Filho\"},\"description\":\"Formado em eletr\u00f4nica, graduado em Teologia pela PUC SP, e Filosofia pela universidade Dom Bosco, Mestre pela Universidade Metodista de S\u00e3o Paulo na \u00e1rea de Educa\u00e7\u00e3o, MBA pela FGV em Gest\u00e3o Estrat\u00e9gica e Econ\u00f4mica de Neg\u00f3cios, p\u00f3s-graduado em Psican\u00e1lise pelo Instituto Kadmon de Psican\u00e1lise. Atua no mercado de tecnologia desde 1998. Fundador do Grupo Ravel de Tecnologia, S\u00f3cio da Core Angels Atlantic (Fundo de Investimento Internacional para Startups), s\u00f3cio fundador da Ag\u00eancia Incandescente, e s\u00f3cio fundador da Atlantic Hub e do Conex\u00e3o Europa Im\u00f3veis ambos em Portugal, atua como empres\u00e1rio, escritor e pesquisador das \u00e1reas de empreendedorismo, mentoring, lideran\u00e7a, inova\u00e7\u00e3o e internacionaliza\u00e7\u00e3o. Em dezembro de 2019, lan\u00e7ou o seu primeiro livro \u201cVidas Ressignificadas\\\", em dezembro de 2020 seu segundo \u201cDo Caos ao Recome\u00e7o\u201d, e em janeiro de 2022 o \u00faltimo publicado \u201cMetamorfose Empreendedora\u201d.\",\"url\":\"https:\/\/ravel.com.br\/blog\/author\/benicio-filho\/\"}]}<\/script>\n<!-- \/ Yoast SEO plugin. -->","yoast_head_json":{"title":"Ser\u00e1 que o SMS realmente ressuscitou? - Blog - Ravel Tecnologia","description":"Ser\u00e1 que o SMS ressuscitou? Tenho feito esta pergunta cada vez mais dia ap\u00f3s dia. Como temos sido inundados por tanta mensagem por SMS","robots":{"index":"index","follow":"follow","max-snippet":"max-snippet:-1","max-image-preview":"max-image-preview:large","max-video-preview":"max-video-preview:-1"},"canonical":"https:\/\/ravel.com.br\/blog\/sera-que-o-sms-realmente-ressuscitou\/","og_locale":"pt_BR","og_type":"article","og_title":"Ser\u00e1 que o SMS realmente ressuscitou? - Blog - Ravel Tecnologia","og_description":"Ser\u00e1 que o SMS ressuscitou? Tenho feito esta pergunta cada vez mais dia ap\u00f3s dia. Como temos sido inundados por tanta mensagem por SMS","og_url":"https:\/\/ravel.com.br\/blog\/sera-que-o-sms-realmente-ressuscitou\/","og_site_name":"Blog Tecnologia","article_published_time":"2021-10-03T19:52:16+00:00","article_modified_time":"2021-10-03T20:26:25+00:00","og_image":[{"width":1599,"height":681,"url":"https:\/\/ravel.com.br\/blog\/wp-content\/uploads\/2021\/10\/sms-capa.jpg","type":"image\/jpeg"}],"author":"Benicio Filho","twitter_card":"summary_large_image","twitter_misc":{"Escrito por":"Benicio Filho","Est. tempo de leitura":"4 minutos"},"schema":{"@context":"https:\/\/schema.org","@graph":[{"@type":"WebPage","@id":"https:\/\/ravel.com.br\/blog\/sera-que-o-sms-realmente-ressuscitou\/","url":"https:\/\/ravel.com.br\/blog\/sera-que-o-sms-realmente-ressuscitou\/","name":"Ser\u00e1 que o SMS realmente ressuscitou? - Blog - Ravel Tecnologia","isPartOf":{"@id":"https:\/\/ravel.com.br\/blog\/#website"},"primaryImageOfPage":{"@id":"https:\/\/ravel.com.br\/blog\/sera-que-o-sms-realmente-ressuscitou\/#primaryimage"},"image":{"@id":"https:\/\/ravel.com.br\/blog\/sera-que-o-sms-realmente-ressuscitou\/#primaryimage"},"thumbnailUrl":"https:\/\/ravel.com.br\/blog\/wp-content\/uploads\/2021\/10\/sms-capa.jpg","datePublished":"2021-10-03T19:52:16+00:00","dateModified":"2021-10-03T20:26:25+00:00","author":{"@id":"https:\/\/ravel.com.br\/blog\/#\/schema\/person\/8c1b896e660c50b7e048edbf136fd3df"},"description":"Ser\u00e1 que o SMS ressuscitou? Tenho feito esta pergunta cada vez mais dia ap\u00f3s dia. Como temos sido inundados por tanta mensagem por SMS","breadcrumb":{"@id":"https:\/\/ravel.com.br\/blog\/sera-que-o-sms-realmente-ressuscitou\/#breadcrumb"},"inLanguage":"pt-BR","potentialAction":[{"@type":"ReadAction","target":["https:\/\/ravel.com.br\/blog\/sera-que-o-sms-realmente-ressuscitou\/"]}]},{"@type":"ImageObject","inLanguage":"pt-BR","@id":"https:\/\/ravel.com.br\/blog\/sera-que-o-sms-realmente-ressuscitou\/#primaryimage","url":"https:\/\/ravel.com.br\/blog\/wp-content\/uploads\/2021\/10\/sms-capa.jpg","contentUrl":"https:\/\/ravel.com.br\/blog\/wp-content\/uploads\/2021\/10\/sms-capa.jpg","width":1599,"height":681},{"@type":"BreadcrumbList","@id":"https:\/\/ravel.com.br\/blog\/sera-que-o-sms-realmente-ressuscitou\/#breadcrumb","itemListElement":[{"@type":"ListItem","position":1,"name":"In\u00edcio","item":"https:\/\/ravel.com.br\/blog\/"},{"@type":"ListItem","position":2,"name":"Ser\u00e1 que o SMS realmente ressuscitou?"}]},{"@type":"WebSite","@id":"https:\/\/ravel.com.br\/blog\/#website","url":"https:\/\/ravel.com.br\/blog\/","name":"Blog Tecnologia","description":"Dicas e Artigos sobre Tecnologia","potentialAction":[{"@type":"SearchAction","target":{"@type":"EntryPoint","urlTemplate":"https:\/\/ravel.com.br\/blog\/?s={search_term_string}"},"query-input":{"@type":"PropertyValueSpecification","valueRequired":true,"valueName":"search_term_string"}}],"inLanguage":"pt-BR"},{"@type":"Person","@id":"https:\/\/ravel.com.br\/blog\/#\/schema\/person\/8c1b896e660c50b7e048edbf136fd3df","name":"Benicio Filho","image":{"@type":"ImageObject","inLanguage":"pt-BR","@id":"https:\/\/ravel.com.br\/blog\/#\/schema\/person\/image\/","url":"https:\/\/secure.gravatar.com\/avatar\/90039d3db9064a83ee426386617b9797?s=96&d=mm&r=g","contentUrl":"https:\/\/secure.gravatar.com\/avatar\/90039d3db9064a83ee426386617b9797?s=96&d=mm&r=g","caption":"Benicio Filho"},"description":"Formado em eletr\u00f4nica, graduado em Teologia pela PUC SP, e Filosofia pela universidade Dom Bosco, Mestre pela Universidade Metodista de S\u00e3o Paulo na \u00e1rea de Educa\u00e7\u00e3o, MBA pela FGV em Gest\u00e3o Estrat\u00e9gica e Econ\u00f4mica de Neg\u00f3cios, p\u00f3s-graduado em Psican\u00e1lise pelo Instituto Kadmon de Psican\u00e1lise. Atua no mercado de tecnologia desde 1998. Fundador do Grupo Ravel de Tecnologia, S\u00f3cio da Core Angels Atlantic (Fundo de Investimento Internacional para Startups), s\u00f3cio fundador da Ag\u00eancia Incandescente, e s\u00f3cio fundador da Atlantic Hub e do Conex\u00e3o Europa Im\u00f3veis ambos em Portugal, atua como empres\u00e1rio, escritor e pesquisador das \u00e1reas de empreendedorismo, mentoring, lideran\u00e7a, inova\u00e7\u00e3o e internacionaliza\u00e7\u00e3o. Em dezembro de 2019, lan\u00e7ou o seu primeiro livro \u201cVidas Ressignificadas\", em dezembro de 2020 seu segundo \u201cDo Caos ao Recome\u00e7o\u201d, e em janeiro de 2022 o \u00faltimo publicado \u201cMetamorfose Empreendedora\u201d.","url":"https:\/\/ravel.com.br\/blog\/author\/benicio-filho\/"}]}},"_links":{"self":[{"href":"https:\/\/ravel.com.br\/blog\/wp-json\/wp\/v2\/posts\/3232","targetHints":{"allow":["GET"]}}],"collection":[{"href":"https:\/\/ravel.com.br\/blog\/wp-json\/wp\/v2\/posts"}],"about":[{"href":"https:\/\/ravel.com.br\/blog\/wp-json\/wp\/v2\/types\/post"}],"author":[{"embeddable":true,"href":"https:\/\/ravel.com.br\/blog\/wp-json\/wp\/v2\/users\/19"}],"replies":[{"embeddable":true,"href":"https:\/\/ravel.com.br\/blog\/wp-json\/wp\/v2\/comments?post=3232"}],"version-history":[{"count":3,"href":"https:\/\/ravel.com.br\/blog\/wp-json\/wp\/v2\/posts\/3232\/revisions"}],"predecessor-version":[{"id":3242,"href":"https:\/\/ravel.com.br\/blog\/wp-json\/wp\/v2\/posts\/3232\/revisions\/3242"}],"wp:featuredmedia":[{"embeddable":true,"href":"https:\/\/ravel.com.br\/blog\/wp-json\/wp\/v2\/media\/3236"}],"wp:attachment":[{"href":"https:\/\/ravel.com.br\/blog\/wp-json\/wp\/v2\/media?parent=3232"}],"wp:term":[{"taxonomy":"category","embeddable":true,"href":"https:\/\/ravel.com.br\/blog\/wp-json\/wp\/v2\/categories?post=3232"},{"taxonomy":"post_tag","embeddable":true,"href":"https:\/\/ravel.com.br\/blog\/wp-json\/wp\/v2\/tags?post=3232"}],"curies":[{"name":"wp","href":"https:\/\/api.w.org\/{rel}","templated":true}]}}