{"id":326,"date":"2018-06-20T09:10:28","date_gmt":"2018-06-20T12:10:28","guid":{"rendered":"http:\/\/ravel.com.br\/blog\/?p=326"},"modified":"2021-06-06T10:53:31","modified_gmt":"2021-06-06T13:53:31","slug":"seguranca-da-informacao","status":"publish","type":"post","link":"https:\/\/ravel.com.br\/blog\/seguranca-da-informacao\/","title":{"rendered":"Seguran\u00e7a da informa\u00e7\u00e3o"},"content":{"rendered":"\n<p><span style=\"font-weight: 400;\">Possivelmente voc\u00ea j\u00e1 ouviu falar em invas\u00e3o ou perda de dados na rede, certo? Esta \u00e9 uma quest\u00e3o deve ser analisada com cautela por todas as empresas, pois, existe um risco real da sua rede ser invadida devido a falha do sistema da seguran\u00e7a da informa\u00e7\u00e3o nas empresas.<\/span><\/p>\n\n\n\n<h2 class=\"wp-block-heading\"><strong>TENHO RISCO DE SER INVADIDO? MINHA REDE EST\u00c1 SEGURA?<\/strong><\/h2>\n\n\n\n<p><span style=\"font-weight: 400;\">Nos \u00faltimos anos no Brasil, a seguran\u00e7a da informa\u00e7\u00e3o se tornou uma das grandes preocupa\u00e7\u00f5es dos administradores de TI das empresas. E isso n\u00e3o \u00e9 o mais preocupante, segundo pesquisas, muitas dessas empresas n\u00e3o t\u00eam o devido conhecimento do assunto e est\u00e3o cada vez mais vulner\u00e1veis.<\/span><\/p>\n\n\n\n<p><span style=\"font-weight: 400;\">Um ponto importante que tenho notado, \u00e9 que muitos empreendedores e donos de neg\u00f3cio tem consci\u00eancia dos problemas causados pela m\u00e1 administra\u00e7\u00e3o da seguran\u00e7a da informa\u00e7\u00e3o, mas muitos ainda n\u00e3o querem saber de se proteger e quando acontece um problema j\u00e1 \u00e9 tarde demais. <\/span><\/p>\n\n\n\n<p><span style=\"font-weight: 400;\">Arquivos corrompidos, senhas e arquivos roubados geram um preju\u00edzo muito maior para tentar uma recupera\u00e7\u00e3o do que o cliente pagaria para elaborar uma seguran\u00e7a da informa\u00e7\u00e3o eficaz.<\/span><\/p>\n\n\n\n<h2 class=\"wp-block-heading\"><strong>FERRAMENTAS IMPORTANTES NA SEGURAN\u00c7A DA INFORMA\u00c7\u00c3O NAS EMPRESAS<\/strong><\/h2>\n\n\n\n<p><span style=\"font-weight: 400;\">Antes de planejar uma seguran\u00e7a da informa\u00e7\u00e3o \u00e9 preciso identificar junto a sua equipe &nbsp;de TI que tipo de pol\u00edtica \u00e9 mais recomendada para sua empresa, bem como:<\/span><\/p>\n\n\n\n<p><span style=\"font-weight: 400;\">&#8211; Implementar Antiv\u00edrus Corporativo, levando em considera\u00e7\u00e3o o n\u00famero de computadores;<\/span><\/p>\n\n\n\n<p><span style=\"font-weight: 400;\">&#8211; Mapear e implantar as pol\u00edticas de acessos dos usu\u00e1rios;<\/span><\/p>\n\n\n\n<p><span style=\"font-weight: 400;\">&#8211; Implanta\u00e7\u00e3o de um firewall* eficiente;<\/span><\/p>\n\n\n\n<p><span style=\"font-weight: 400;\">&#8211; Identificar os sites que ser\u00e3o permitidos e proibidos;<\/span><\/p>\n\n\n\n<p><span style=\"font-weight: 400;\">&#8211; Implementar pol\u00edtica de Updade de Softwares e Sistemas Operacionais.<\/span><\/p>\n\n\n\n<p><span style=\"font-weight: 400;\">Para que essas tecnologias da seguran\u00e7a da informa\u00e7\u00e3o sejam eficazes, ser\u00e1 necess\u00e1rio que gerem relat\u00f3rios di\u00e1rios ou semanais para identificar poss\u00edveis desvios ou ataques de dentro ou fora da organiza\u00e7\u00e3o.<\/span><\/p>\n\n\n\n<p><span style=\"font-weight: 400;\">*<\/span><i><span style=\"font-weight: 400;\">O Firewall \u00e9 um sistema desenvolvido para prevenir e gerenciar os acessos de uma rede. A tarefa b\u00e1sica do Firewall \u00e9 controlar o tr\u00e1fego entre redes de computadores com diferentes n\u00edveis de seguran\u00e7a, mais informa\u00e7\u00f5es, entrem em contato conosco..<\/span><\/i><\/p>\n\n\n\n<h2 class=\"wp-block-heading\"><strong>A IMPORT\u00c2NCIA DA POL\u00cdTICA DE ACESSO DE USU\u00c1RIOS<\/strong><\/h2>\n\n\n\n<p><span style=\"font-weight: 400;\">Nos dias de hoje, a necessidade de controlar a utiliza\u00e7\u00e3o de internet nas em empresas est\u00e1 crescendo cada vez mais. O dever de implementar uma pol\u00edtica de acesso cresce cada dia mais, pois os aplicativos m\u00f3veis e a nuvem est\u00e3o na palma da m\u00e3o dos funcion\u00e1rios, mas tamb\u00e9m est\u00e3o expondo dados e informa\u00e7\u00f5es que podem ser vitais para o uso corporativo.<\/span><\/p>\n\n\n\n<p><span style=\"font-weight: 400;\">A pol\u00edtica de acesso em toda a empresa na maioria das vezes \u00e9 iniciada pela equipe de TI e Diretoria da empresa, elaborando documento com orienta\u00e7\u00f5es de boas pr\u00e1ticas de utiliza\u00e7\u00e3o, informando os limites para o uso de acordo com as permiss\u00f5es concedidas.<\/span><\/p>\n\n\n\n<p><span style=\"font-weight: 400;\">Leia tamb\u00e9m <\/span><i><span style=\"font-weight: 400;\">seguran\u00e7a da informa\u00e7\u00e3o nas empresas \u2013 como os colaboradores usam a internet?<\/span><\/i><\/p>\n\n\n\n<div style=\"height:30px\" aria-hidden=\"true\" class=\"wp-block-spacer\"><\/div>\n\n\n\n<figure class=\"wp-block-image size-full\"><img loading=\"lazy\" decoding=\"async\" width=\"858\" height=\"112\" src=\"https:\/\/ravel.com.br\/blog\/wp-content\/uploads\/2023\/07\/banner-blog-ravel.png\" alt=\"\" class=\"wp-image-4960\" srcset=\"https:\/\/ravel.com.br\/blog\/wp-content\/uploads\/2023\/07\/banner-blog-ravel.png 858w, https:\/\/ravel.com.br\/blog\/wp-content\/uploads\/2023\/07\/banner-blog-ravel-300x39.png 300w, https:\/\/ravel.com.br\/blog\/wp-content\/uploads\/2023\/07\/banner-blog-ravel-768x100.png 768w, https:\/\/ravel.com.br\/blog\/wp-content\/uploads\/2023\/07\/banner-blog-ravel-610x80.png 610w\" sizes=\"(max-width: 858px) 100vw, 858px\" \/><\/figure>\n\n\n\n<h2 class=\"wp-block-heading\"><strong>A IMPORT\u00c2NCIA DE MANTER SERVIDORES ATUALIZADOS<\/strong><\/h2>\n\n\n\n<p><span style=\"font-weight: 400;\">Este \u00e9 o principal ponto para justificarmos a atualiza\u00e7\u00e3o mais frequente da infraestrutura de TI, principalmente os servidores. Muitas empresas n\u00e3o se preocupam com as brechas deixadas por softwares desatualizados e se esquecem do risco potencial causado por equipamentos defasados.<\/span><\/p>\n\n\n\n<p><span style=\"font-weight: 400;\">Recentemente foram descobertas duas falhas graves de seguran\u00e7a presente em processadores, causando instabilidades no sistema em alguns computadores, como travamentos, reinicializa\u00e7\u00f5es inesperadas. A Microsoft come\u00e7ou a liberar uma atualiza\u00e7\u00e3o para Windows com o objetivo de corrigir estes problemas.<\/span><\/p>\n\n\n\n<p><span style=\"font-weight: 400;\">Atualmente algumas empresas ainda s\u00e3o dependentes do Windows Server 2003, Windows XP e Softwares sem suporte, ou seja, n\u00e3o recebem pacotes de atualiza\u00e7\u00e3o e n\u00e3o possuem muitas das caracter\u00edsticas de seguran\u00e7a dos lan\u00e7amentos adicionados em sistemas mais modernos. Mesmo que as tecnologias antigas rodem completamente em um ambiente privado, isso n\u00e3o significa que d\u00e1 para ignorar os riscos para a estrutura. Se o servidor n\u00e3o \u00e9 publicamente exposto \u00e0 internet, os riscos permanecem presentes e as medidas de seguran\u00e7a n\u00e3o s\u00e3o mais suficientes.<\/span><\/p>\n\n\n\n<p><span style=\"font-weight: 400;\">N\u00e3o podemos deixar de pensar no risco para a estrutura quando utilizamos sistemas e softwares desatualizados, estas aplica\u00e7\u00f5es geram vulnerabilidades ao sistema podendo comprometer o sigilo dos dados armazenados no equipamento, gerando grandes riscos de invas\u00e3o e perda de informa\u00e7\u00f5es.<\/span><\/p>\n\n\n\n<h2 class=\"wp-block-heading\"><strong>SEGURAN\u00c7A DA INFORMA\u00c7\u00c3O<\/strong><\/h2>\n\n\n\n<p><span style=\"font-weight: 400;\">\u00c9 extremamente importante garantir um ambiente de trabalho seguro para sua empresa. Utilizando softwares e aplicativos atualizados, \u00e9 poss\u00edvel minimizar as vulnerabilidades e oferecer &nbsp;aos usu\u00e1rios da rede e a empresa como um todo, seguran\u00e7a e tranquilidade no decorrer do trabalho, garantindo a Seguran\u00e7a da Informa\u00e7\u00e3o nas empresas.<\/span><\/p>\n\n\n\n<p><span style=\"font-weight: 400;\">Se houverem d\u00favidas sobre como est\u00e1 o n\u00edvel de seguran\u00e7a da informa\u00e7\u00e3o da sua empresa, entre em contato com nossa equipe de atendimento e fale com um de nossos especialistas.<\/span><\/p>\n\n\n\n<div style=\"height:30px\" aria-hidden=\"true\" class=\"wp-block-spacer\"><\/div>\n\n\n\n<figure class=\"wp-block-image\"><a href=\"https:\/\/ravel.com.br\/contato\" target=\"_blank\" rel=\"noreferrer noopener\"><img loading=\"lazy\" decoding=\"async\" width=\"1024\" height=\"133\" src=\"https:\/\/ravel.com.br\/blog\/wp-content\/uploads\/2019\/11\/CTA1-1024x133.png\" alt=\"\" class=\"wp-image-806\" srcset=\"https:\/\/ravel.com.br\/blog\/wp-content\/uploads\/2019\/11\/CTA1-1024x133.png 1024w, https:\/\/ravel.com.br\/blog\/wp-content\/uploads\/2019\/11\/CTA1-300x39.png 300w, https:\/\/ravel.com.br\/blog\/wp-content\/uploads\/2019\/11\/CTA1-768x100.png 768w, https:\/\/ravel.com.br\/blog\/wp-content\/uploads\/2019\/11\/CTA1-610x79.png 610w, https:\/\/ravel.com.br\/blog\/wp-content\/uploads\/2019\/11\/CTA1-1080x140.png 1080w\" sizes=\"(max-width: 1024px) 100vw, 1024px\" \/><\/a><\/figure>\n","protected":false},"excerpt":{"rendered":"<p>Possivelmente voc\u00ea j\u00e1 ouviu falar em invas\u00e3o ou perda de dados na rede, certo? Esta \u00e9 uma quest\u00e3o deve ser analisada com cautela por todas as empresas, pois, existe um risco real da sua rede ser invadida devido a falha do sistema da seguran\u00e7a da informa\u00e7\u00e3o nas empresas. TENHO RISCO DE SER INVADIDO? MINHA REDE [&hellip;]<\/p>\n","protected":false},"author":5,"featured_media":327,"comment_status":"open","ping_status":"open","sticky":false,"template":"","format":"standard","meta":{"_et_pb_use_builder":"","_et_pb_old_content":"","_et_gb_content_width":"","footnotes":""},"categories":[101,6],"tags":[],"class_list":["post-326","post","type-post","status-publish","format-standard","has-post-thumbnail","hentry","category-security","category-tecnologia","et-has-post-format-content","et_post_format-et-post-format-standard"],"yoast_head":"<!-- This site is optimized with the Yoast SEO plugin v24.1 - https:\/\/yoast.com\/wordpress\/plugins\/seo\/ -->\n<title>Seguran\u00e7a da informa\u00e7\u00e3o - Uma vis\u00e3o sobre pontos relevantes<\/title>\n<meta name=\"description\" content=\"Possivelmente voc\u00ea j\u00e1 ouviu falar em invas\u00e3o ou perda de dados na rede, certo? Vamos falar sobre Seguran\u00e7a da informa\u00e7\u00e3o nas empresas aqui neste blog.\" \/>\n<meta name=\"robots\" content=\"index, follow, max-snippet:-1, max-image-preview:large, max-video-preview:-1\" \/>\n<link rel=\"canonical\" href=\"https:\/\/ravel.com.br\/blog\/seguranca-da-informacao\/\" \/>\n<meta property=\"og:locale\" content=\"pt_BR\" \/>\n<meta property=\"og:type\" content=\"article\" \/>\n<meta property=\"og:title\" content=\"Seguran\u00e7a da informa\u00e7\u00e3o - Uma vis\u00e3o sobre pontos relevantes\" \/>\n<meta property=\"og:description\" content=\"Possivelmente voc\u00ea j\u00e1 ouviu falar em invas\u00e3o ou perda de dados na rede, certo? Vamos falar sobre Seguran\u00e7a da informa\u00e7\u00e3o nas empresas aqui neste blog.\" \/>\n<meta property=\"og:url\" content=\"https:\/\/ravel.com.br\/blog\/seguranca-da-informacao\/\" \/>\n<meta property=\"og:site_name\" content=\"Blog Tecnologia\" \/>\n<meta property=\"article:author\" content=\"https:\/\/www.facebook.com\/rafael.penassi\" \/>\n<meta property=\"article:published_time\" content=\"2018-06-20T12:10:28+00:00\" \/>\n<meta property=\"article:modified_time\" content=\"2021-06-06T13:53:31+00:00\" \/>\n<meta property=\"og:image\" content=\"https:\/\/ravel.com.br\/blog\/wp-content\/uploads\/2018\/06\/segurancadainformacao_5fc3e941240e2bd670367d8855ae8137.jpg\" \/>\n\t<meta property=\"og:image:width\" content=\"900\" \/>\n\t<meta property=\"og:image:height\" content=\"506\" \/>\n\t<meta property=\"og:image:type\" content=\"image\/jpeg\" \/>\n<meta name=\"author\" content=\"Rafael Penassi - Coordenador T\u00e9cnico da Ravel Tecnologia\" \/>\n<meta name=\"twitter:card\" content=\"summary_large_image\" \/>\n<meta name=\"twitter:label1\" content=\"Escrito por\" \/>\n\t<meta name=\"twitter:data1\" content=\"Rafael Penassi - Coordenador T\u00e9cnico da Ravel Tecnologia\" \/>\n\t<meta name=\"twitter:label2\" content=\"Est. tempo de leitura\" \/>\n\t<meta name=\"twitter:data2\" content=\"4 minutos\" \/>\n<script type=\"application\/ld+json\" class=\"yoast-schema-graph\">{\"@context\":\"https:\/\/schema.org\",\"@graph\":[{\"@type\":\"WebPage\",\"@id\":\"https:\/\/ravel.com.br\/blog\/seguranca-da-informacao\/\",\"url\":\"https:\/\/ravel.com.br\/blog\/seguranca-da-informacao\/\",\"name\":\"Seguran\u00e7a da informa\u00e7\u00e3o - Uma vis\u00e3o sobre pontos relevantes\",\"isPartOf\":{\"@id\":\"https:\/\/ravel.com.br\/blog\/#website\"},\"primaryImageOfPage\":{\"@id\":\"https:\/\/ravel.com.br\/blog\/seguranca-da-informacao\/#primaryimage\"},\"image\":{\"@id\":\"https:\/\/ravel.com.br\/blog\/seguranca-da-informacao\/#primaryimage\"},\"thumbnailUrl\":\"https:\/\/ravel.com.br\/blog\/wp-content\/uploads\/2018\/06\/segurancadainformacao_5fc3e941240e2bd670367d8855ae8137.jpg\",\"datePublished\":\"2018-06-20T12:10:28+00:00\",\"dateModified\":\"2021-06-06T13:53:31+00:00\",\"author\":{\"@id\":\"https:\/\/ravel.com.br\/blog\/#\/schema\/person\/7641f356626335514dd8cc51445d7013\"},\"description\":\"Possivelmente voc\u00ea j\u00e1 ouviu falar em invas\u00e3o ou perda de dados na rede, certo? Vamos falar sobre Seguran\u00e7a da informa\u00e7\u00e3o nas empresas aqui neste blog.\",\"breadcrumb\":{\"@id\":\"https:\/\/ravel.com.br\/blog\/seguranca-da-informacao\/#breadcrumb\"},\"inLanguage\":\"pt-BR\",\"potentialAction\":[{\"@type\":\"ReadAction\",\"target\":[\"https:\/\/ravel.com.br\/blog\/seguranca-da-informacao\/\"]}]},{\"@type\":\"ImageObject\",\"inLanguage\":\"pt-BR\",\"@id\":\"https:\/\/ravel.com.br\/blog\/seguranca-da-informacao\/#primaryimage\",\"url\":\"https:\/\/ravel.com.br\/blog\/wp-content\/uploads\/2018\/06\/segurancadainformacao_5fc3e941240e2bd670367d8855ae8137.jpg\",\"contentUrl\":\"https:\/\/ravel.com.br\/blog\/wp-content\/uploads\/2018\/06\/segurancadainformacao_5fc3e941240e2bd670367d8855ae8137.jpg\",\"width\":900,\"height\":506},{\"@type\":\"BreadcrumbList\",\"@id\":\"https:\/\/ravel.com.br\/blog\/seguranca-da-informacao\/#breadcrumb\",\"itemListElement\":[{\"@type\":\"ListItem\",\"position\":1,\"name\":\"In\u00edcio\",\"item\":\"https:\/\/ravel.com.br\/blog\/\"},{\"@type\":\"ListItem\",\"position\":2,\"name\":\"Seguran\u00e7a da informa\u00e7\u00e3o\"}]},{\"@type\":\"WebSite\",\"@id\":\"https:\/\/ravel.com.br\/blog\/#website\",\"url\":\"https:\/\/ravel.com.br\/blog\/\",\"name\":\"Blog Tecnologia\",\"description\":\"Dicas e Artigos sobre Tecnologia\",\"potentialAction\":[{\"@type\":\"SearchAction\",\"target\":{\"@type\":\"EntryPoint\",\"urlTemplate\":\"https:\/\/ravel.com.br\/blog\/?s={search_term_string}\"},\"query-input\":{\"@type\":\"PropertyValueSpecification\",\"valueRequired\":true,\"valueName\":\"search_term_string\"}}],\"inLanguage\":\"pt-BR\"},{\"@type\":\"Person\",\"@id\":\"https:\/\/ravel.com.br\/blog\/#\/schema\/person\/7641f356626335514dd8cc51445d7013\",\"name\":\"Rafael Penassi - Coordenador T\u00e9cnico da Ravel Tecnologia\",\"image\":{\"@type\":\"ImageObject\",\"inLanguage\":\"pt-BR\",\"@id\":\"https:\/\/ravel.com.br\/blog\/#\/schema\/person\/image\/\",\"url\":\"https:\/\/secure.gravatar.com\/avatar\/2a770fdf2a73c4ec13d1a29a8c0e3b9e?s=96&d=mm&r=g\",\"contentUrl\":\"https:\/\/secure.gravatar.com\/avatar\/2a770fdf2a73c4ec13d1a29a8c0e3b9e?s=96&d=mm&r=g\",\"caption\":\"Rafael Penassi - Coordenador T\u00e9cnico da Ravel Tecnologia\"},\"description\":\"Coordenador T\u00e9cnico na Ravel, formado em Gest\u00e3o de Tecnologia da Informa\u00e7\u00e3o. Atua na Gest\u00e3o do Suporte T\u00e9cnico, Onboarding em novos clientes e Gest\u00e3o de Projetos, busca proporcionar sempre o melhor uso da tecnologia a favor dos clientes. Adora cozinhar, tocar sua guitarra e viol\u00e3o, al\u00e9m de apreciar um bom vinho.\",\"sameAs\":[\"http:\/\/ravel.com.br\",\"https:\/\/www.facebook.com\/rafael.penassi\",\"https:\/\/br.linkedin.com\/in\/rafael-penassi-0aa382a4\"],\"url\":\"https:\/\/ravel.com.br\/blog\/author\/rafael-penassi\/\"}]}<\/script>\n<!-- \/ Yoast SEO plugin. -->","yoast_head_json":{"title":"Seguran\u00e7a da informa\u00e7\u00e3o - Uma vis\u00e3o sobre pontos relevantes","description":"Possivelmente voc\u00ea j\u00e1 ouviu falar em invas\u00e3o ou perda de dados na rede, certo? Vamos falar sobre Seguran\u00e7a da informa\u00e7\u00e3o nas empresas aqui neste blog.","robots":{"index":"index","follow":"follow","max-snippet":"max-snippet:-1","max-image-preview":"max-image-preview:large","max-video-preview":"max-video-preview:-1"},"canonical":"https:\/\/ravel.com.br\/blog\/seguranca-da-informacao\/","og_locale":"pt_BR","og_type":"article","og_title":"Seguran\u00e7a da informa\u00e7\u00e3o - Uma vis\u00e3o sobre pontos relevantes","og_description":"Possivelmente voc\u00ea j\u00e1 ouviu falar em invas\u00e3o ou perda de dados na rede, certo? Vamos falar sobre Seguran\u00e7a da informa\u00e7\u00e3o nas empresas aqui neste blog.","og_url":"https:\/\/ravel.com.br\/blog\/seguranca-da-informacao\/","og_site_name":"Blog Tecnologia","article_author":"https:\/\/www.facebook.com\/rafael.penassi","article_published_time":"2018-06-20T12:10:28+00:00","article_modified_time":"2021-06-06T13:53:31+00:00","og_image":[{"width":900,"height":506,"url":"https:\/\/ravel.com.br\/blog\/wp-content\/uploads\/2018\/06\/segurancadainformacao_5fc3e941240e2bd670367d8855ae8137.jpg","type":"image\/jpeg"}],"author":"Rafael Penassi - Coordenador T\u00e9cnico da Ravel Tecnologia","twitter_card":"summary_large_image","twitter_misc":{"Escrito por":"Rafael Penassi - Coordenador T\u00e9cnico da Ravel Tecnologia","Est. tempo de leitura":"4 minutos"},"schema":{"@context":"https:\/\/schema.org","@graph":[{"@type":"WebPage","@id":"https:\/\/ravel.com.br\/blog\/seguranca-da-informacao\/","url":"https:\/\/ravel.com.br\/blog\/seguranca-da-informacao\/","name":"Seguran\u00e7a da informa\u00e7\u00e3o - Uma vis\u00e3o sobre pontos relevantes","isPartOf":{"@id":"https:\/\/ravel.com.br\/blog\/#website"},"primaryImageOfPage":{"@id":"https:\/\/ravel.com.br\/blog\/seguranca-da-informacao\/#primaryimage"},"image":{"@id":"https:\/\/ravel.com.br\/blog\/seguranca-da-informacao\/#primaryimage"},"thumbnailUrl":"https:\/\/ravel.com.br\/blog\/wp-content\/uploads\/2018\/06\/segurancadainformacao_5fc3e941240e2bd670367d8855ae8137.jpg","datePublished":"2018-06-20T12:10:28+00:00","dateModified":"2021-06-06T13:53:31+00:00","author":{"@id":"https:\/\/ravel.com.br\/blog\/#\/schema\/person\/7641f356626335514dd8cc51445d7013"},"description":"Possivelmente voc\u00ea j\u00e1 ouviu falar em invas\u00e3o ou perda de dados na rede, certo? Vamos falar sobre Seguran\u00e7a da informa\u00e7\u00e3o nas empresas aqui neste blog.","breadcrumb":{"@id":"https:\/\/ravel.com.br\/blog\/seguranca-da-informacao\/#breadcrumb"},"inLanguage":"pt-BR","potentialAction":[{"@type":"ReadAction","target":["https:\/\/ravel.com.br\/blog\/seguranca-da-informacao\/"]}]},{"@type":"ImageObject","inLanguage":"pt-BR","@id":"https:\/\/ravel.com.br\/blog\/seguranca-da-informacao\/#primaryimage","url":"https:\/\/ravel.com.br\/blog\/wp-content\/uploads\/2018\/06\/segurancadainformacao_5fc3e941240e2bd670367d8855ae8137.jpg","contentUrl":"https:\/\/ravel.com.br\/blog\/wp-content\/uploads\/2018\/06\/segurancadainformacao_5fc3e941240e2bd670367d8855ae8137.jpg","width":900,"height":506},{"@type":"BreadcrumbList","@id":"https:\/\/ravel.com.br\/blog\/seguranca-da-informacao\/#breadcrumb","itemListElement":[{"@type":"ListItem","position":1,"name":"In\u00edcio","item":"https:\/\/ravel.com.br\/blog\/"},{"@type":"ListItem","position":2,"name":"Seguran\u00e7a da informa\u00e7\u00e3o"}]},{"@type":"WebSite","@id":"https:\/\/ravel.com.br\/blog\/#website","url":"https:\/\/ravel.com.br\/blog\/","name":"Blog Tecnologia","description":"Dicas e Artigos sobre Tecnologia","potentialAction":[{"@type":"SearchAction","target":{"@type":"EntryPoint","urlTemplate":"https:\/\/ravel.com.br\/blog\/?s={search_term_string}"},"query-input":{"@type":"PropertyValueSpecification","valueRequired":true,"valueName":"search_term_string"}}],"inLanguage":"pt-BR"},{"@type":"Person","@id":"https:\/\/ravel.com.br\/blog\/#\/schema\/person\/7641f356626335514dd8cc51445d7013","name":"Rafael Penassi - Coordenador T\u00e9cnico da Ravel Tecnologia","image":{"@type":"ImageObject","inLanguage":"pt-BR","@id":"https:\/\/ravel.com.br\/blog\/#\/schema\/person\/image\/","url":"https:\/\/secure.gravatar.com\/avatar\/2a770fdf2a73c4ec13d1a29a8c0e3b9e?s=96&d=mm&r=g","contentUrl":"https:\/\/secure.gravatar.com\/avatar\/2a770fdf2a73c4ec13d1a29a8c0e3b9e?s=96&d=mm&r=g","caption":"Rafael Penassi - Coordenador T\u00e9cnico da Ravel Tecnologia"},"description":"Coordenador T\u00e9cnico na Ravel, formado em Gest\u00e3o de Tecnologia da Informa\u00e7\u00e3o. Atua na Gest\u00e3o do Suporte T\u00e9cnico, Onboarding em novos clientes e Gest\u00e3o de Projetos, busca proporcionar sempre o melhor uso da tecnologia a favor dos clientes. Adora cozinhar, tocar sua guitarra e viol\u00e3o, al\u00e9m de apreciar um bom vinho.","sameAs":["http:\/\/ravel.com.br","https:\/\/www.facebook.com\/rafael.penassi","https:\/\/br.linkedin.com\/in\/rafael-penassi-0aa382a4"],"url":"https:\/\/ravel.com.br\/blog\/author\/rafael-penassi\/"}]}},"_links":{"self":[{"href":"https:\/\/ravel.com.br\/blog\/wp-json\/wp\/v2\/posts\/326","targetHints":{"allow":["GET"]}}],"collection":[{"href":"https:\/\/ravel.com.br\/blog\/wp-json\/wp\/v2\/posts"}],"about":[{"href":"https:\/\/ravel.com.br\/blog\/wp-json\/wp\/v2\/types\/post"}],"author":[{"embeddable":true,"href":"https:\/\/ravel.com.br\/blog\/wp-json\/wp\/v2\/users\/5"}],"replies":[{"embeddable":true,"href":"https:\/\/ravel.com.br\/blog\/wp-json\/wp\/v2\/comments?post=326"}],"version-history":[{"count":6,"href":"https:\/\/ravel.com.br\/blog\/wp-json\/wp\/v2\/posts\/326\/revisions"}],"predecessor-version":[{"id":2466,"href":"https:\/\/ravel.com.br\/blog\/wp-json\/wp\/v2\/posts\/326\/revisions\/2466"}],"wp:featuredmedia":[{"embeddable":true,"href":"https:\/\/ravel.com.br\/blog\/wp-json\/wp\/v2\/media\/327"}],"wp:attachment":[{"href":"https:\/\/ravel.com.br\/blog\/wp-json\/wp\/v2\/media?parent=326"}],"wp:term":[{"taxonomy":"category","embeddable":true,"href":"https:\/\/ravel.com.br\/blog\/wp-json\/wp\/v2\/categories?post=326"},{"taxonomy":"post_tag","embeddable":true,"href":"https:\/\/ravel.com.br\/blog\/wp-json\/wp\/v2\/tags?post=326"}],"curies":[{"name":"wp","href":"https:\/\/api.w.org\/{rel}","templated":true}]}}