{"id":3299,"date":"2021-10-13T14:47:13","date_gmt":"2021-10-13T17:47:13","guid":{"rendered":"https:\/\/ravel.com.br\/blog\/?p=3299"},"modified":"2025-06-06T08:43:58","modified_gmt":"2025-06-06T11:43:58","slug":"boas-praticas-de-seguranca-no-microsoft-365","status":"publish","type":"post","link":"https:\/\/ravel.com.br\/blog\/boas-praticas-de-seguranca-no-microsoft-365\/","title":{"rendered":"Boas pr\u00e1ticas de seguran\u00e7a no Microsoft 365"},"content":{"rendered":"\n<p>Voc\u00ea sabia que pode estar em risco utilizando as configura\u00e7\u00f5es padr\u00f5es do Microsoft 365? Vamos trazer algumas dicas com as configura\u00e7\u00f5es m\u00ednimas para garantir a seguran\u00e7a dos seus dados em nuvem e quais s\u00e3o as boas pr\u00e1ticas de Seguran\u00e7a no <a href=\"https:\/\/www.microsoft.com\/pt-br\/microsoft-365\" target=\"_blank\" rel=\"noreferrer noopener\">Microsoft 365<\/a>.<\/p>\n\n\n\n<p>Vamos ressaltar que atualmente o Microsoft 365 proporciona maior produtividade do seu time e aumenta a mobilidade. \u00c0 medida que mais dados s\u00e3o transferidos para a nuvem \u00e9 crucial manter a seguran\u00e7a em primeiro plano.<\/p>\n\n\n\n<p>Abaixo seguem as pr\u00e1ticas recomendadas de seguran\u00e7a do Microsoft 365 na sua empresa.<\/p>\n\n\n\n<p><strong>MFA &#8211; Autentica\u00e7\u00e3o Multifator<\/strong><\/p>\n\n\n\n<p>A autentica\u00e7\u00e3o Multfator eleva o n\u00edvel de seguran\u00e7a no acesso a sua conta no Microsoft 365, ela requerer\u00e1 que voc\u00ea realize o login atrav\u00e9s de uma confirma\u00e7\u00e3o por mensagem de texto, chamada telefonia ou notifica\u00e7\u00e3o de aplicativo, al\u00e9m da senha tradicional.<\/p>\n\n\n\n<p>Ap\u00f3s configurada, o MFA verifica seu login e qual endere\u00e7o IP voc\u00ea est\u00e1 acessando, proporcionando maior seguran\u00e7a.<\/p>\n\n\n\n<p><strong>Pol\u00edtica de Senha forte<\/strong><\/p>\n\n\n\n<p>Pol\u00edticas de senhas combinam as configura\u00e7\u00f5es corretas de seguran\u00e7a com a educa\u00e7\u00e3o dos seus usu\u00e1rios.<\/p>\n\n\n\n<p>A sugest\u00e3o \u00e9 que os administradores de TI exijam o seguinte:<\/p>\n\n\n\n<ul class=\"wp-block-list\">\n<li>Permitir um tamanho m\u00ednimo de senha de 8 caracteres.<\/li>\n\n\n\n<li>Bloquear senhas comuns, como \u201cabc\u201d, \u201c1234\u201d e \u201csenha\u201d.<\/li>\n<\/ul>\n\n\n\n<figure class=\"wp-block-image size-large\"><img loading=\"lazy\" decoding=\"async\" width=\"1024\" height=\"260\" src=\"https:\/\/ravel.com.br\/blog\/wp-content\/uploads\/2021\/10\/boas-pr\u00e1ticas-seguran\u00e7a-Microsoft-365-banner-1024x260.jpg\" alt=\"Boas pr\u00e1ticas de seguran\u00e7a no Microsoft 365\" class=\"wp-image-3303\" srcset=\"https:\/\/ravel.com.br\/blog\/wp-content\/uploads\/2021\/10\/boas-pr\u00e1ticas-seguran\u00e7a-Microsoft-365-banner-1024x260.jpg 1024w, https:\/\/ravel.com.br\/blog\/wp-content\/uploads\/2021\/10\/boas-pr\u00e1ticas-seguran\u00e7a-Microsoft-365-banner-300x76.jpg 300w, https:\/\/ravel.com.br\/blog\/wp-content\/uploads\/2021\/10\/boas-pr\u00e1ticas-seguran\u00e7a-Microsoft-365-banner-768x195.jpg 768w, https:\/\/ravel.com.br\/blog\/wp-content\/uploads\/2021\/10\/boas-pr\u00e1ticas-seguran\u00e7a-Microsoft-365-banner-610x155.jpg 610w, https:\/\/ravel.com.br\/blog\/wp-content\/uploads\/2021\/10\/boas-pr\u00e1ticas-seguran\u00e7a-Microsoft-365-banner-1080x274.jpg 1080w, https:\/\/ravel.com.br\/blog\/wp-content\/uploads\/2021\/10\/boas-pr\u00e1ticas-seguran\u00e7a-Microsoft-365-banner.jpg 1446w\" sizes=\"(max-width: 1024px) 100vw, 1024px\" \/><\/figure>\n\n\n\n<p>Complemente pol\u00edticas de senhas com a educa\u00e7\u00e3o dos usu\u00e1rios. Especialmente instruindo os mesmos a n\u00e3o reutilizar senhas de empresas em nenhum outro lugar.<\/p>\n\n\n\n<p>Lembrando que as senhas fracas dos funcion\u00e1rios aumentam a probabilidade de comprometimento dos dados.<\/p>\n\n\n\n<p>Essas s\u00e3o apenas algumas das configura\u00e7\u00f5es de seguran\u00e7a que podem ser aplicadas. Busque apoio de uma equipe especializada para uma gest\u00e3o com boas pr\u00e1ticas de seguran\u00e7a no Microsoft 365.<\/p>\n\n\n\n<p>Para saber mais sobre demais do Microsoft 365, acesse: <a href=\"https:\/\/ravel.com.br\/office-365\">Microsoft 365 | Solu\u00e7\u00f5es em Nuvem | Ravel Tecnologia<\/a><\/p>\n\n\n\n<figure class=\"wp-block-image size-large\"><a href=\"https:\/\/ravel.com.br\/servicos-em-nuvem\" target=\"_blank\" rel=\"noopener noreferrer\"><img loading=\"lazy\" decoding=\"async\" width=\"1024\" height=\"133\" src=\"https:\/\/ravel.com.br\/blog\/wp-content\/uploads\/2021\/01\/CTA6-1024x133.png\" alt=\"\" class=\"wp-image-2302\" srcset=\"https:\/\/ravel.com.br\/blog\/wp-content\/uploads\/2021\/01\/CTA6-1024x133.png 1024w, https:\/\/ravel.com.br\/blog\/wp-content\/uploads\/2021\/01\/CTA6-300x39.png 300w, https:\/\/ravel.com.br\/blog\/wp-content\/uploads\/2021\/01\/CTA6-768x100.png 768w, https:\/\/ravel.com.br\/blog\/wp-content\/uploads\/2021\/01\/CTA6-1536x199.png 1536w, https:\/\/ravel.com.br\/blog\/wp-content\/uploads\/2021\/01\/CTA6-2048x266.png 2048w, https:\/\/ravel.com.br\/blog\/wp-content\/uploads\/2021\/01\/CTA6-610x79.png 610w, https:\/\/ravel.com.br\/blog\/wp-content\/uploads\/2021\/01\/CTA6-1080x140.png 1080w\" sizes=\"(max-width: 1024px) 100vw, 1024px\" \/><\/a><\/figure>\n","protected":false},"excerpt":{"rendered":"<p>Voc\u00ea pode estar em risco utilizando configura\u00e7\u00f5es padr\u00f5es do Microsoft 365. Apresentamos boas pr\u00e1ticas de Seguran\u00e7a para lidar com isso<\/p>\n","protected":false},"author":5,"featured_media":4489,"comment_status":"open","ping_status":"open","sticky":false,"template":"","format":"standard","meta":{"_et_pb_use_builder":"","_et_pb_old_content":"","_et_gb_content_width":"","footnotes":""},"categories":[60,83,84],"tags":[],"class_list":["post-3299","post","type-post","status-publish","format-standard","has-post-thumbnail","hentry","category-dicas","category-office","category-seguranca","et-has-post-format-content","et_post_format-et-post-format-standard"],"yoast_head":"<!-- This site is optimized with the Yoast SEO plugin v24.1 - https:\/\/yoast.com\/wordpress\/plugins\/seo\/ -->\n<title>Boas pr\u00e1ticas de seguran\u00e7a no Microsoft 365 - Blog - Ravel<\/title>\n<meta name=\"description\" content=\"Voc\u00ea pode estar em risco utilizando configura\u00e7\u00f5es padr\u00f5es do Microsoft 365. Apresentamos boas pr\u00e1ticas de Seguran\u00e7a para lidar com isso\" \/>\n<meta name=\"robots\" content=\"index, follow, max-snippet:-1, max-image-preview:large, max-video-preview:-1\" \/>\n<link rel=\"canonical\" href=\"https:\/\/ravel.com.br\/blog\/boas-praticas-de-seguranca-no-microsoft-365\/\" \/>\n<meta property=\"og:locale\" content=\"pt_BR\" \/>\n<meta property=\"og:type\" content=\"article\" \/>\n<meta property=\"og:title\" content=\"Boas pr\u00e1ticas de seguran\u00e7a no Microsoft 365 - Blog - Ravel\" \/>\n<meta property=\"og:description\" content=\"Voc\u00ea pode estar em risco utilizando configura\u00e7\u00f5es padr\u00f5es do Microsoft 365. Apresentamos boas pr\u00e1ticas de Seguran\u00e7a para lidar com isso\" \/>\n<meta property=\"og:url\" content=\"https:\/\/ravel.com.br\/blog\/boas-praticas-de-seguranca-no-microsoft-365\/\" \/>\n<meta property=\"og:site_name\" content=\"Blog Tecnologia\" \/>\n<meta property=\"article:author\" content=\"https:\/\/www.facebook.com\/rafael.penassi\" \/>\n<meta property=\"article:published_time\" content=\"2021-10-13T17:47:13+00:00\" \/>\n<meta property=\"article:modified_time\" content=\"2025-06-06T11:43:58+00:00\" \/>\n<meta property=\"og:image\" content=\"https:\/\/ravel.com.br\/blog\/wp-content\/uploads\/2021\/10\/boas-praticas-seguranca-Microsoft-365-capa.jpg\" \/>\n\t<meta property=\"og:image:width\" content=\"1605\" \/>\n\t<meta property=\"og:image:height\" content=\"859\" \/>\n\t<meta property=\"og:image:type\" content=\"image\/jpeg\" \/>\n<meta name=\"author\" content=\"Rafael Penassi - Coordenador T\u00e9cnico da Ravel Tecnologia\" \/>\n<meta name=\"twitter:card\" content=\"summary_large_image\" \/>\n<meta name=\"twitter:label1\" content=\"Escrito por\" \/>\n\t<meta name=\"twitter:data1\" content=\"Rafael Penassi - Coordenador T\u00e9cnico da Ravel Tecnologia\" \/>\n\t<meta name=\"twitter:label2\" content=\"Est. tempo de leitura\" \/>\n\t<meta name=\"twitter:data2\" content=\"3 minutos\" \/>\n<script type=\"application\/ld+json\" class=\"yoast-schema-graph\">{\"@context\":\"https:\/\/schema.org\",\"@graph\":[{\"@type\":\"WebPage\",\"@id\":\"https:\/\/ravel.com.br\/blog\/boas-praticas-de-seguranca-no-microsoft-365\/\",\"url\":\"https:\/\/ravel.com.br\/blog\/boas-praticas-de-seguranca-no-microsoft-365\/\",\"name\":\"Boas pr\u00e1ticas de seguran\u00e7a no Microsoft 365 - Blog - Ravel\",\"isPartOf\":{\"@id\":\"https:\/\/ravel.com.br\/blog\/#website\"},\"primaryImageOfPage\":{\"@id\":\"https:\/\/ravel.com.br\/blog\/boas-praticas-de-seguranca-no-microsoft-365\/#primaryimage\"},\"image\":{\"@id\":\"https:\/\/ravel.com.br\/blog\/boas-praticas-de-seguranca-no-microsoft-365\/#primaryimage\"},\"thumbnailUrl\":\"https:\/\/ravel.com.br\/blog\/wp-content\/uploads\/2021\/10\/boas-praticas-seguranca-Microsoft-365-capa.jpg\",\"datePublished\":\"2021-10-13T17:47:13+00:00\",\"dateModified\":\"2025-06-06T11:43:58+00:00\",\"author\":{\"@id\":\"https:\/\/ravel.com.br\/blog\/#\/schema\/person\/7641f356626335514dd8cc51445d7013\"},\"description\":\"Voc\u00ea pode estar em risco utilizando configura\u00e7\u00f5es padr\u00f5es do Microsoft 365. Apresentamos boas pr\u00e1ticas de Seguran\u00e7a para lidar com isso\",\"breadcrumb\":{\"@id\":\"https:\/\/ravel.com.br\/blog\/boas-praticas-de-seguranca-no-microsoft-365\/#breadcrumb\"},\"inLanguage\":\"pt-BR\",\"potentialAction\":[{\"@type\":\"ReadAction\",\"target\":[\"https:\/\/ravel.com.br\/blog\/boas-praticas-de-seguranca-no-microsoft-365\/\"]}]},{\"@type\":\"ImageObject\",\"inLanguage\":\"pt-BR\",\"@id\":\"https:\/\/ravel.com.br\/blog\/boas-praticas-de-seguranca-no-microsoft-365\/#primaryimage\",\"url\":\"https:\/\/ravel.com.br\/blog\/wp-content\/uploads\/2021\/10\/boas-praticas-seguranca-Microsoft-365-capa.jpg\",\"contentUrl\":\"https:\/\/ravel.com.br\/blog\/wp-content\/uploads\/2021\/10\/boas-praticas-seguranca-Microsoft-365-capa.jpg\",\"width\":1605,\"height\":859},{\"@type\":\"BreadcrumbList\",\"@id\":\"https:\/\/ravel.com.br\/blog\/boas-praticas-de-seguranca-no-microsoft-365\/#breadcrumb\",\"itemListElement\":[{\"@type\":\"ListItem\",\"position\":1,\"name\":\"In\u00edcio\",\"item\":\"https:\/\/ravel.com.br\/blog\/\"},{\"@type\":\"ListItem\",\"position\":2,\"name\":\"Boas pr\u00e1ticas de seguran\u00e7a no Microsoft 365\"}]},{\"@type\":\"WebSite\",\"@id\":\"https:\/\/ravel.com.br\/blog\/#website\",\"url\":\"https:\/\/ravel.com.br\/blog\/\",\"name\":\"Blog Tecnologia\",\"description\":\"Dicas e Artigos sobre Tecnologia\",\"potentialAction\":[{\"@type\":\"SearchAction\",\"target\":{\"@type\":\"EntryPoint\",\"urlTemplate\":\"https:\/\/ravel.com.br\/blog\/?s={search_term_string}\"},\"query-input\":{\"@type\":\"PropertyValueSpecification\",\"valueRequired\":true,\"valueName\":\"search_term_string\"}}],\"inLanguage\":\"pt-BR\"},{\"@type\":\"Person\",\"@id\":\"https:\/\/ravel.com.br\/blog\/#\/schema\/person\/7641f356626335514dd8cc51445d7013\",\"name\":\"Rafael Penassi - Coordenador T\u00e9cnico da Ravel Tecnologia\",\"image\":{\"@type\":\"ImageObject\",\"inLanguage\":\"pt-BR\",\"@id\":\"https:\/\/ravel.com.br\/blog\/#\/schema\/person\/image\/\",\"url\":\"https:\/\/secure.gravatar.com\/avatar\/2a770fdf2a73c4ec13d1a29a8c0e3b9e?s=96&d=mm&r=g\",\"contentUrl\":\"https:\/\/secure.gravatar.com\/avatar\/2a770fdf2a73c4ec13d1a29a8c0e3b9e?s=96&d=mm&r=g\",\"caption\":\"Rafael Penassi - Coordenador T\u00e9cnico da Ravel Tecnologia\"},\"description\":\"Coordenador T\u00e9cnico na Ravel, formado em Gest\u00e3o de Tecnologia da Informa\u00e7\u00e3o. Atua na Gest\u00e3o do Suporte T\u00e9cnico, Onboarding em novos clientes e Gest\u00e3o de Projetos, busca proporcionar sempre o melhor uso da tecnologia a favor dos clientes. Adora cozinhar, tocar sua guitarra e viol\u00e3o, al\u00e9m de apreciar um bom vinho.\",\"sameAs\":[\"http:\/\/ravel.com.br\",\"https:\/\/www.facebook.com\/rafael.penassi\",\"https:\/\/br.linkedin.com\/in\/rafael-penassi-0aa382a4\"],\"url\":\"https:\/\/ravel.com.br\/blog\/author\/rafael-penassi\/\"}]}<\/script>\n<!-- \/ Yoast SEO plugin. -->","yoast_head_json":{"title":"Boas pr\u00e1ticas de seguran\u00e7a no Microsoft 365 - Blog - Ravel","description":"Voc\u00ea pode estar em risco utilizando configura\u00e7\u00f5es padr\u00f5es do Microsoft 365. Apresentamos boas pr\u00e1ticas de Seguran\u00e7a para lidar com isso","robots":{"index":"index","follow":"follow","max-snippet":"max-snippet:-1","max-image-preview":"max-image-preview:large","max-video-preview":"max-video-preview:-1"},"canonical":"https:\/\/ravel.com.br\/blog\/boas-praticas-de-seguranca-no-microsoft-365\/","og_locale":"pt_BR","og_type":"article","og_title":"Boas pr\u00e1ticas de seguran\u00e7a no Microsoft 365 - Blog - Ravel","og_description":"Voc\u00ea pode estar em risco utilizando configura\u00e7\u00f5es padr\u00f5es do Microsoft 365. Apresentamos boas pr\u00e1ticas de Seguran\u00e7a para lidar com isso","og_url":"https:\/\/ravel.com.br\/blog\/boas-praticas-de-seguranca-no-microsoft-365\/","og_site_name":"Blog Tecnologia","article_author":"https:\/\/www.facebook.com\/rafael.penassi","article_published_time":"2021-10-13T17:47:13+00:00","article_modified_time":"2025-06-06T11:43:58+00:00","og_image":[{"width":1605,"height":859,"url":"https:\/\/ravel.com.br\/blog\/wp-content\/uploads\/2021\/10\/boas-praticas-seguranca-Microsoft-365-capa.jpg","type":"image\/jpeg"}],"author":"Rafael Penassi - Coordenador T\u00e9cnico da Ravel Tecnologia","twitter_card":"summary_large_image","twitter_misc":{"Escrito por":"Rafael Penassi - Coordenador T\u00e9cnico da Ravel Tecnologia","Est. tempo de leitura":"3 minutos"},"schema":{"@context":"https:\/\/schema.org","@graph":[{"@type":"WebPage","@id":"https:\/\/ravel.com.br\/blog\/boas-praticas-de-seguranca-no-microsoft-365\/","url":"https:\/\/ravel.com.br\/blog\/boas-praticas-de-seguranca-no-microsoft-365\/","name":"Boas pr\u00e1ticas de seguran\u00e7a no Microsoft 365 - Blog - Ravel","isPartOf":{"@id":"https:\/\/ravel.com.br\/blog\/#website"},"primaryImageOfPage":{"@id":"https:\/\/ravel.com.br\/blog\/boas-praticas-de-seguranca-no-microsoft-365\/#primaryimage"},"image":{"@id":"https:\/\/ravel.com.br\/blog\/boas-praticas-de-seguranca-no-microsoft-365\/#primaryimage"},"thumbnailUrl":"https:\/\/ravel.com.br\/blog\/wp-content\/uploads\/2021\/10\/boas-praticas-seguranca-Microsoft-365-capa.jpg","datePublished":"2021-10-13T17:47:13+00:00","dateModified":"2025-06-06T11:43:58+00:00","author":{"@id":"https:\/\/ravel.com.br\/blog\/#\/schema\/person\/7641f356626335514dd8cc51445d7013"},"description":"Voc\u00ea pode estar em risco utilizando configura\u00e7\u00f5es padr\u00f5es do Microsoft 365. Apresentamos boas pr\u00e1ticas de Seguran\u00e7a para lidar com isso","breadcrumb":{"@id":"https:\/\/ravel.com.br\/blog\/boas-praticas-de-seguranca-no-microsoft-365\/#breadcrumb"},"inLanguage":"pt-BR","potentialAction":[{"@type":"ReadAction","target":["https:\/\/ravel.com.br\/blog\/boas-praticas-de-seguranca-no-microsoft-365\/"]}]},{"@type":"ImageObject","inLanguage":"pt-BR","@id":"https:\/\/ravel.com.br\/blog\/boas-praticas-de-seguranca-no-microsoft-365\/#primaryimage","url":"https:\/\/ravel.com.br\/blog\/wp-content\/uploads\/2021\/10\/boas-praticas-seguranca-Microsoft-365-capa.jpg","contentUrl":"https:\/\/ravel.com.br\/blog\/wp-content\/uploads\/2021\/10\/boas-praticas-seguranca-Microsoft-365-capa.jpg","width":1605,"height":859},{"@type":"BreadcrumbList","@id":"https:\/\/ravel.com.br\/blog\/boas-praticas-de-seguranca-no-microsoft-365\/#breadcrumb","itemListElement":[{"@type":"ListItem","position":1,"name":"In\u00edcio","item":"https:\/\/ravel.com.br\/blog\/"},{"@type":"ListItem","position":2,"name":"Boas pr\u00e1ticas de seguran\u00e7a no Microsoft 365"}]},{"@type":"WebSite","@id":"https:\/\/ravel.com.br\/blog\/#website","url":"https:\/\/ravel.com.br\/blog\/","name":"Blog Tecnologia","description":"Dicas e Artigos sobre Tecnologia","potentialAction":[{"@type":"SearchAction","target":{"@type":"EntryPoint","urlTemplate":"https:\/\/ravel.com.br\/blog\/?s={search_term_string}"},"query-input":{"@type":"PropertyValueSpecification","valueRequired":true,"valueName":"search_term_string"}}],"inLanguage":"pt-BR"},{"@type":"Person","@id":"https:\/\/ravel.com.br\/blog\/#\/schema\/person\/7641f356626335514dd8cc51445d7013","name":"Rafael Penassi - Coordenador T\u00e9cnico da Ravel Tecnologia","image":{"@type":"ImageObject","inLanguage":"pt-BR","@id":"https:\/\/ravel.com.br\/blog\/#\/schema\/person\/image\/","url":"https:\/\/secure.gravatar.com\/avatar\/2a770fdf2a73c4ec13d1a29a8c0e3b9e?s=96&d=mm&r=g","contentUrl":"https:\/\/secure.gravatar.com\/avatar\/2a770fdf2a73c4ec13d1a29a8c0e3b9e?s=96&d=mm&r=g","caption":"Rafael Penassi - Coordenador T\u00e9cnico da Ravel Tecnologia"},"description":"Coordenador T\u00e9cnico na Ravel, formado em Gest\u00e3o de Tecnologia da Informa\u00e7\u00e3o. Atua na Gest\u00e3o do Suporte T\u00e9cnico, Onboarding em novos clientes e Gest\u00e3o de Projetos, busca proporcionar sempre o melhor uso da tecnologia a favor dos clientes. Adora cozinhar, tocar sua guitarra e viol\u00e3o, al\u00e9m de apreciar um bom vinho.","sameAs":["http:\/\/ravel.com.br","https:\/\/www.facebook.com\/rafael.penassi","https:\/\/br.linkedin.com\/in\/rafael-penassi-0aa382a4"],"url":"https:\/\/ravel.com.br\/blog\/author\/rafael-penassi\/"}]}},"_links":{"self":[{"href":"https:\/\/ravel.com.br\/blog\/wp-json\/wp\/v2\/posts\/3299","targetHints":{"allow":["GET"]}}],"collection":[{"href":"https:\/\/ravel.com.br\/blog\/wp-json\/wp\/v2\/posts"}],"about":[{"href":"https:\/\/ravel.com.br\/blog\/wp-json\/wp\/v2\/types\/post"}],"author":[{"embeddable":true,"href":"https:\/\/ravel.com.br\/blog\/wp-json\/wp\/v2\/users\/5"}],"replies":[{"embeddable":true,"href":"https:\/\/ravel.com.br\/blog\/wp-json\/wp\/v2\/comments?post=3299"}],"version-history":[{"count":4,"href":"https:\/\/ravel.com.br\/blog\/wp-json\/wp\/v2\/posts\/3299\/revisions"}],"predecessor-version":[{"id":4490,"href":"https:\/\/ravel.com.br\/blog\/wp-json\/wp\/v2\/posts\/3299\/revisions\/4490"}],"wp:featuredmedia":[{"embeddable":true,"href":"https:\/\/ravel.com.br\/blog\/wp-json\/wp\/v2\/media\/4489"}],"wp:attachment":[{"href":"https:\/\/ravel.com.br\/blog\/wp-json\/wp\/v2\/media?parent=3299"}],"wp:term":[{"taxonomy":"category","embeddable":true,"href":"https:\/\/ravel.com.br\/blog\/wp-json\/wp\/v2\/categories?post=3299"},{"taxonomy":"post_tag","embeddable":true,"href":"https:\/\/ravel.com.br\/blog\/wp-json\/wp\/v2\/tags?post=3299"}],"curies":[{"name":"wp","href":"https:\/\/api.w.org\/{rel}","templated":true}]}}