{"id":332,"date":"2018-07-03T16:42:25","date_gmt":"2018-07-03T19:42:25","guid":{"rendered":"http:\/\/ravel.com.br\/blog\/?p=332"},"modified":"2026-01-22T09:02:43","modified_gmt":"2026-01-22T12:02:43","slug":"produtividade-na-internet-preciso-monitorar","status":"publish","type":"post","link":"https:\/\/ravel.com.br\/blog\/produtividade-na-internet-preciso-monitorar\/","title":{"rendered":"Produtividade na internet e pagamento de b\u00f4nus"},"content":{"rendered":"\n<p><span style=\"font-weight: 400;\">A utiliza\u00e7\u00e3o da internet nas empresas possui grande impacto na produtividade das equipes, entenda como utilizar estes dados como par\u00e2metro de bonifica\u00e7\u00e3o e melhorias de cargo para os colaboradores.<\/span><\/p>\n\n\n\n<p><strong>Produtividade na Internet, preciso monitorar?<\/strong><\/p>\n\n\n\n<p><span style=\"font-weight: 400;\">No mercado corporativo, o acesso facilitado a internet juntamente com a infinidade de informa\u00e7\u00f5es presentes na rede, aumentam as discuss\u00f5es sobre os impactos do uso do recurso sobre a produtividade dos colaboradores.<\/span><\/p>\n\n\n\n<p><span style=\"font-weight: 400;\">Medir a <strong>produtividade na Internet<\/strong> de cada colaborador ir\u00e1 permitir \u00e0 gestores e l\u00edderes definir melhor os pap\u00e9is das equipes, bonificar os profissionais que se destacam, e garantir o crescimento do seu neg\u00f3cio.<\/span><\/p>\n\n\n\n<p><strong>Foco em resultados<\/strong><\/p>\n\n\n\n<p><span style=\"font-weight: 400;\">Valorizar o colaborador, bonificar o bom trabalho, ser justo na participa\u00e7\u00e3o dos lucros \u00e9 sempre um grande desafio para os l\u00edderes nas empresas, esta decis\u00e3o pode ficar mais f\u00e1cil se utilizarmos recursos tecnol\u00f3gicos para isto.<\/span><\/p>\n\n\n\n<p><span style=\"font-weight: 400;\"> A an\u00e1lise de <strong>produtividade na Internet<\/strong> deve ser um dos pilares neste processo, o tempo gasto em sites improdutivos e o desperd\u00edcio de energia aplicada em demandas na internet que n\u00e3o est\u00e3o relacionadas ao trabalho ser\u00e3o decisivas na defini\u00e7\u00e3o de premia\u00e7\u00f5es e crescimento profissional.<\/span><\/p>\n\n\n\n<p><span style=\"font-weight: 400;\">Em uma de nossas publica\u00e7\u00f5es anteriores comentamos como as redes sociais impactam em nosso dia a dia.<\/span><\/p>\n\n\n\n<figure class=\"wp-block-embed\"><div class=\"wp-block-embed__wrapper\">\nhttp:\/\/ravel.com.br\/blog\/2018\/05\/03\/produtividade-na-internet-como-utilizar-com-qualidade\n<\/div><\/figure>\n\n\n\n<p><span style=\"font-weight: 400;\">\u00c9 preciso olhar as equipes e prepar\u00e1-las para utilizarem estes meios de comunica\u00e7\u00e3o de forma eficaz e que permitam capta\u00e7\u00e3o de novos neg\u00f3cios bem como crescimento profissional.<\/span><\/p>\n\n\n\n<div style=\"height:30px\" aria-hidden=\"true\" class=\"wp-block-spacer\"><\/div>\n\n\n\n<figure class=\"wp-block-image size-large\"><a href=\"https:\/\/ravel.com.br\/seguranca-da-informacao\" target=\"_blank\" rel=\"noopener noreferrer\"><img loading=\"lazy\" decoding=\"async\" width=\"1024\" height=\"133\" src=\"https:\/\/ravel.com.br\/blog\/wp-content\/uploads\/2021\/01\/CTA7-2-1024x133.png\" alt=\"\" class=\"wp-image-2313\" srcset=\"https:\/\/ravel.com.br\/blog\/wp-content\/uploads\/2021\/01\/CTA7-2-1024x133.png 1024w, https:\/\/ravel.com.br\/blog\/wp-content\/uploads\/2021\/01\/CTA7-2-300x39.png 300w, https:\/\/ravel.com.br\/blog\/wp-content\/uploads\/2021\/01\/CTA7-2-768x100.png 768w, https:\/\/ravel.com.br\/blog\/wp-content\/uploads\/2021\/01\/CTA7-2-1536x199.png 1536w, https:\/\/ravel.com.br\/blog\/wp-content\/uploads\/2021\/01\/CTA7-2-2048x266.png 2048w, https:\/\/ravel.com.br\/blog\/wp-content\/uploads\/2021\/01\/CTA7-2-610x79.png 610w, https:\/\/ravel.com.br\/blog\/wp-content\/uploads\/2021\/01\/CTA7-2-1080x140.png 1080w\" sizes=\"(max-width: 1024px) 100vw, 1024px\" \/><\/a><\/figure>\n\n\n\n<p><strong>Novos Caminhos<\/strong><\/p>\n\n\n\n<p><span style=\"font-weight: 400;\">Atualmente a depend\u00eancia da Internet nas empresas \u00e9 incontest\u00e1vel, pensar em ficar um dia sem acesso \u00e0 bancos, ao sistema em nuvem, sem realizar os backups \u00e9 o mesmo que fechar a empresa por um dia.<\/span><\/p>\n\n\n\n<p><span style=\"font-weight: 400;\">Esta brincadeira \u00e9 interessante ser aplicada para medirmos a depend\u00eancia de cada pessoa no uso da Internet, saber como elas conseguiriam realizar suas tarefas sem a Internet e quais ideias seriam aplicadas para contornar este grande problema.<\/span><\/p>\n\n\n\n<p><span style=\"font-weight: 400;\">Desta forma ser\u00e1 poss\u00edvel medir o quanto cada pessoa \u00e9 produtiva nas suas tarefas, como conseguimos pensar de forma diferenciada e at\u00e9 mesmo como \u00e9 poss\u00edvel &nbsp;auxiliar os outros departamentos num momento de dificuldade.<\/span><\/p>\n\n\n\n<p><strong>Sinergia entre equipes<\/strong><\/p>\n\n\n\n<p><span style=\"font-weight: 400;\">Criar sinergia entre colaboradores e equipes oferecem aos l\u00edderes a condi\u00e7\u00e3o ideal para planejar e permitir o crescimento do neg\u00f3cio.<\/span><\/p>\n\n\n\n<p><span style=\"font-weight: 400;\">\u00c9 f\u00e1cil perceber nas equipes as pessoas que ficam o dia todo em redes sociais e sites indevidos, iremos encontrar grande insatisfa\u00e7\u00e3o entre os colaboradores do setor, o ac\u00famulo de trabalho e a perda de produtividade prejudica todo departamento e afeta bons profissionais que buscam se destacar na fun\u00e7\u00e3o.<\/span><\/p>\n\n\n\n<p><span style=\"font-weight: 400;\">Ter as pessoas certas na equipe \u00e9 uma das raz\u00f5es do sucesso do seu neg\u00f3cio, por isso, demore para contratar, mas seja r\u00e1pido para demitir.<\/span><\/p>\n\n\n\n<p><span style=\"font-weight: 400;\">Utilize ferramentas que permitam analisar o fluxo de acesso \u00e0 Internet, estes relat\u00f3rios servir\u00e3o de par\u00e2metro para se definir as equipes, bonificar bons profissionais e exaltar o bom trabalho realizado.<\/span><\/p>\n\n\n\n<div style=\"height:30px\" aria-hidden=\"true\" class=\"wp-block-spacer\"><\/div>\n\n\n\n<figure class=\"wp-block-image\"><a href=\"https:\/\/ravel.com.br\/contato\" target=\"_blank\" rel=\"noreferrer noopener\"><img loading=\"lazy\" decoding=\"async\" width=\"1024\" height=\"133\" src=\"https:\/\/ravel.com.br\/blog\/wp-content\/uploads\/2019\/11\/CTA1-1024x133.png\" alt=\"\" class=\"wp-image-806\" srcset=\"https:\/\/ravel.com.br\/blog\/wp-content\/uploads\/2019\/11\/CTA1-1024x133.png 1024w, https:\/\/ravel.com.br\/blog\/wp-content\/uploads\/2019\/11\/CTA1-300x39.png 300w, https:\/\/ravel.com.br\/blog\/wp-content\/uploads\/2019\/11\/CTA1-768x100.png 768w, https:\/\/ravel.com.br\/blog\/wp-content\/uploads\/2019\/11\/CTA1-610x79.png 610w, https:\/\/ravel.com.br\/blog\/wp-content\/uploads\/2019\/11\/CTA1-1080x140.png 1080w\" sizes=\"(max-width: 1024px) 100vw, 1024px\" \/><\/a><\/figure>\n\n\n\n<p><strong>Utilizando a ferramenta certa<\/strong><\/p>\n\n\n\n<p><span style=\"font-weight: 400;\">A an\u00e1lise de <strong>produtividade na Internet<\/strong> precisa ser realizada constantemente pelos gestores para se premiar ou desligar um colaborador. \u00c9 poss\u00edvel criar um ambiente onde se exija pouca intera\u00e7\u00e3o, com alto grau de seguran\u00e7a. <\/span><\/p>\n\n\n\n<p><span style=\"font-weight: 400;\">Quer entender como a an\u00e1lise de produtividade pode melhorar a performance dos seus colaboradores? Fa\u00e7a contato com nosso time e converse com nossos consultores.<\/span><\/p>\n","protected":false},"excerpt":{"rendered":"<p>A utiliza\u00e7\u00e3o da internet nas empresas possui grande impacto na produtividade das equipes, entenda como utilizar estes dados como par\u00e2metro de bonifica\u00e7\u00e3o e melhorias de cargo para os colaboradores. Produtividade na Internet, preciso monitorar? No mercado corporativo, o acesso facilitado a internet juntamente com a infinidade de informa\u00e7\u00f5es presentes na rede, aumentam as discuss\u00f5es sobre [&hellip;]<\/p>\n","protected":false},"author":4,"featured_media":334,"comment_status":"open","ping_status":"open","sticky":false,"template":"","format":"standard","meta":{"_et_pb_use_builder":"","_et_pb_old_content":"","_et_gb_content_width":"","footnotes":""},"categories":[6],"tags":[],"class_list":["post-332","post","type-post","status-publish","format-standard","has-post-thumbnail","hentry","category-tecnologia","et-has-post-format-content","et_post_format-et-post-format-standard"],"yoast_head":"<!-- This site is optimized with the Yoast SEO plugin v24.1 - https:\/\/yoast.com\/wordpress\/plugins\/seo\/ -->\n<title>Produtividade na internet e pagamento de b\u00f4nus - Blog - Ravel<\/title>\n<meta name=\"description\" content=\"Medir a produtividade na Internet de cada colaborador ir\u00e1 permitir \u00e0 gestores e l\u00edderes definir melhor os pap\u00e9is das equipes.\" \/>\n<meta name=\"robots\" content=\"index, follow, max-snippet:-1, max-image-preview:large, max-video-preview:-1\" \/>\n<link rel=\"canonical\" href=\"https:\/\/ravel.com.br\/blog\/produtividade-na-internet-preciso-monitorar\/\" \/>\n<meta property=\"og:locale\" content=\"pt_BR\" \/>\n<meta property=\"og:type\" content=\"article\" \/>\n<meta property=\"og:title\" content=\"Produtividade na internet e pagamento de b\u00f4nus - Blog - Ravel\" \/>\n<meta property=\"og:description\" content=\"Medir a produtividade na Internet de cada colaborador ir\u00e1 permitir \u00e0 gestores e l\u00edderes definir melhor os pap\u00e9is das equipes.\" \/>\n<meta property=\"og:url\" content=\"https:\/\/ravel.com.br\/blog\/produtividade-na-internet-preciso-monitorar\/\" \/>\n<meta property=\"og:site_name\" content=\"Blog Tecnologia\" \/>\n<meta property=\"article:published_time\" content=\"2018-07-03T19:42:25+00:00\" \/>\n<meta property=\"article:modified_time\" content=\"2026-01-22T12:02:43+00:00\" \/>\n<meta property=\"og:image\" content=\"https:\/\/ravel.com.br\/blog\/wp-content\/uploads\/2018\/07\/uso-da-internet-ambiente-de-trabalho-redes-sociais-produtividade-640x324.jpg\" \/>\n\t<meta property=\"og:image:width\" content=\"640\" \/>\n\t<meta property=\"og:image:height\" content=\"324\" \/>\n\t<meta property=\"og:image:type\" content=\"image\/jpeg\" \/>\n<meta name=\"author\" content=\"Marcelo Oliveira - Gestor T\u00e9cnico Ravel Tecnologia\" \/>\n<meta name=\"twitter:card\" content=\"summary_large_image\" \/>\n<meta name=\"twitter:label1\" content=\"Escrito por\" \/>\n\t<meta name=\"twitter:data1\" content=\"Marcelo Oliveira - Gestor T\u00e9cnico Ravel Tecnologia\" \/>\n\t<meta name=\"twitter:label2\" content=\"Est. tempo de leitura\" \/>\n\t<meta name=\"twitter:data2\" content=\"4 minutos\" \/>\n<script type=\"application\/ld+json\" class=\"yoast-schema-graph\">{\"@context\":\"https:\/\/schema.org\",\"@graph\":[{\"@type\":\"WebPage\",\"@id\":\"https:\/\/ravel.com.br\/blog\/produtividade-na-internet-preciso-monitorar\/\",\"url\":\"https:\/\/ravel.com.br\/blog\/produtividade-na-internet-preciso-monitorar\/\",\"name\":\"Produtividade na internet e pagamento de b\u00f4nus - Blog - Ravel\",\"isPartOf\":{\"@id\":\"https:\/\/ravel.com.br\/blog\/#website\"},\"primaryImageOfPage\":{\"@id\":\"https:\/\/ravel.com.br\/blog\/produtividade-na-internet-preciso-monitorar\/#primaryimage\"},\"image\":{\"@id\":\"https:\/\/ravel.com.br\/blog\/produtividade-na-internet-preciso-monitorar\/#primaryimage\"},\"thumbnailUrl\":\"https:\/\/ravel.com.br\/blog\/wp-content\/uploads\/2018\/07\/uso-da-internet-ambiente-de-trabalho-redes-sociais-produtividade-640x324.jpg\",\"datePublished\":\"2018-07-03T19:42:25+00:00\",\"dateModified\":\"2026-01-22T12:02:43+00:00\",\"author\":{\"@id\":\"https:\/\/ravel.com.br\/blog\/#\/schema\/person\/93e2b9cd7d85f2c5759ec05421dbe4ed\"},\"description\":\"Medir a produtividade na Internet de cada colaborador ir\u00e1 permitir \u00e0 gestores e l\u00edderes definir melhor os pap\u00e9is das equipes.\",\"breadcrumb\":{\"@id\":\"https:\/\/ravel.com.br\/blog\/produtividade-na-internet-preciso-monitorar\/#breadcrumb\"},\"inLanguage\":\"pt-BR\",\"potentialAction\":[{\"@type\":\"ReadAction\",\"target\":[\"https:\/\/ravel.com.br\/blog\/produtividade-na-internet-preciso-monitorar\/\"]}]},{\"@type\":\"ImageObject\",\"inLanguage\":\"pt-BR\",\"@id\":\"https:\/\/ravel.com.br\/blog\/produtividade-na-internet-preciso-monitorar\/#primaryimage\",\"url\":\"https:\/\/ravel.com.br\/blog\/wp-content\/uploads\/2018\/07\/uso-da-internet-ambiente-de-trabalho-redes-sociais-produtividade-640x324.jpg\",\"contentUrl\":\"https:\/\/ravel.com.br\/blog\/wp-content\/uploads\/2018\/07\/uso-da-internet-ambiente-de-trabalho-redes-sociais-produtividade-640x324.jpg\",\"width\":640,\"height\":324},{\"@type\":\"BreadcrumbList\",\"@id\":\"https:\/\/ravel.com.br\/blog\/produtividade-na-internet-preciso-monitorar\/#breadcrumb\",\"itemListElement\":[{\"@type\":\"ListItem\",\"position\":1,\"name\":\"In\u00edcio\",\"item\":\"https:\/\/ravel.com.br\/blog\/\"},{\"@type\":\"ListItem\",\"position\":2,\"name\":\"Produtividade na internet e pagamento de b\u00f4nus\"}]},{\"@type\":\"WebSite\",\"@id\":\"https:\/\/ravel.com.br\/blog\/#website\",\"url\":\"https:\/\/ravel.com.br\/blog\/\",\"name\":\"Blog Tecnologia\",\"description\":\"Dicas e Artigos sobre Tecnologia\",\"potentialAction\":[{\"@type\":\"SearchAction\",\"target\":{\"@type\":\"EntryPoint\",\"urlTemplate\":\"https:\/\/ravel.com.br\/blog\/?s={search_term_string}\"},\"query-input\":{\"@type\":\"PropertyValueSpecification\",\"valueRequired\":true,\"valueName\":\"search_term_string\"}}],\"inLanguage\":\"pt-BR\"},{\"@type\":\"Person\",\"@id\":\"https:\/\/ravel.com.br\/blog\/#\/schema\/person\/93e2b9cd7d85f2c5759ec05421dbe4ed\",\"name\":\"Marcelo Oliveira - Gestor T\u00e9cnico Ravel Tecnologia\",\"image\":{\"@type\":\"ImageObject\",\"inLanguage\":\"pt-BR\",\"@id\":\"https:\/\/ravel.com.br\/blog\/#\/schema\/person\/image\/\",\"url\":\"https:\/\/secure.gravatar.com\/avatar\/3fc2f7c7bd9ad1c0956d14ce2b130820?s=96&d=mm&r=g\",\"contentUrl\":\"https:\/\/secure.gravatar.com\/avatar\/3fc2f7c7bd9ad1c0956d14ce2b130820?s=96&d=mm&r=g\",\"caption\":\"Marcelo Oliveira - Gestor T\u00e9cnico Ravel Tecnologia\"},\"description\":\"Gestor T\u00e9cnico, com forma\u00e7\u00e3o em Processamento de Dados e Eletr\u00f4nica. Apaixonado por corridas de rua, adora tecnologia, atua na gest\u00e3o e nos projetos do grupo Ravel, principalmente relacionados a \u00e1rea de conectividade e seguran\u00e7a da informa\u00e7\u00e3o. Busca ajudar as pessoas na utiliza\u00e7\u00e3o de novas tecnologias para que melhore suas vidas.\",\"sameAs\":[\"http:\/\/www.ravel.com.br\"],\"url\":\"https:\/\/ravel.com.br\/blog\/author\/marcelo\/\"}]}<\/script>\n<!-- \/ Yoast SEO plugin. -->","yoast_head_json":{"title":"Produtividade na internet e pagamento de b\u00f4nus - Blog - Ravel","description":"Medir a produtividade na Internet de cada colaborador ir\u00e1 permitir \u00e0 gestores e l\u00edderes definir melhor os pap\u00e9is das equipes.","robots":{"index":"index","follow":"follow","max-snippet":"max-snippet:-1","max-image-preview":"max-image-preview:large","max-video-preview":"max-video-preview:-1"},"canonical":"https:\/\/ravel.com.br\/blog\/produtividade-na-internet-preciso-monitorar\/","og_locale":"pt_BR","og_type":"article","og_title":"Produtividade na internet e pagamento de b\u00f4nus - Blog - Ravel","og_description":"Medir a produtividade na Internet de cada colaborador ir\u00e1 permitir \u00e0 gestores e l\u00edderes definir melhor os pap\u00e9is das equipes.","og_url":"https:\/\/ravel.com.br\/blog\/produtividade-na-internet-preciso-monitorar\/","og_site_name":"Blog Tecnologia","article_published_time":"2018-07-03T19:42:25+00:00","article_modified_time":"2026-01-22T12:02:43+00:00","og_image":[{"width":640,"height":324,"url":"https:\/\/ravel.com.br\/blog\/wp-content\/uploads\/2018\/07\/uso-da-internet-ambiente-de-trabalho-redes-sociais-produtividade-640x324.jpg","type":"image\/jpeg"}],"author":"Marcelo Oliveira - Gestor T\u00e9cnico Ravel Tecnologia","twitter_card":"summary_large_image","twitter_misc":{"Escrito por":"Marcelo Oliveira - Gestor T\u00e9cnico Ravel Tecnologia","Est. tempo de leitura":"4 minutos"},"schema":{"@context":"https:\/\/schema.org","@graph":[{"@type":"WebPage","@id":"https:\/\/ravel.com.br\/blog\/produtividade-na-internet-preciso-monitorar\/","url":"https:\/\/ravel.com.br\/blog\/produtividade-na-internet-preciso-monitorar\/","name":"Produtividade na internet e pagamento de b\u00f4nus - Blog - Ravel","isPartOf":{"@id":"https:\/\/ravel.com.br\/blog\/#website"},"primaryImageOfPage":{"@id":"https:\/\/ravel.com.br\/blog\/produtividade-na-internet-preciso-monitorar\/#primaryimage"},"image":{"@id":"https:\/\/ravel.com.br\/blog\/produtividade-na-internet-preciso-monitorar\/#primaryimage"},"thumbnailUrl":"https:\/\/ravel.com.br\/blog\/wp-content\/uploads\/2018\/07\/uso-da-internet-ambiente-de-trabalho-redes-sociais-produtividade-640x324.jpg","datePublished":"2018-07-03T19:42:25+00:00","dateModified":"2026-01-22T12:02:43+00:00","author":{"@id":"https:\/\/ravel.com.br\/blog\/#\/schema\/person\/93e2b9cd7d85f2c5759ec05421dbe4ed"},"description":"Medir a produtividade na Internet de cada colaborador ir\u00e1 permitir \u00e0 gestores e l\u00edderes definir melhor os pap\u00e9is das equipes.","breadcrumb":{"@id":"https:\/\/ravel.com.br\/blog\/produtividade-na-internet-preciso-monitorar\/#breadcrumb"},"inLanguage":"pt-BR","potentialAction":[{"@type":"ReadAction","target":["https:\/\/ravel.com.br\/blog\/produtividade-na-internet-preciso-monitorar\/"]}]},{"@type":"ImageObject","inLanguage":"pt-BR","@id":"https:\/\/ravel.com.br\/blog\/produtividade-na-internet-preciso-monitorar\/#primaryimage","url":"https:\/\/ravel.com.br\/blog\/wp-content\/uploads\/2018\/07\/uso-da-internet-ambiente-de-trabalho-redes-sociais-produtividade-640x324.jpg","contentUrl":"https:\/\/ravel.com.br\/blog\/wp-content\/uploads\/2018\/07\/uso-da-internet-ambiente-de-trabalho-redes-sociais-produtividade-640x324.jpg","width":640,"height":324},{"@type":"BreadcrumbList","@id":"https:\/\/ravel.com.br\/blog\/produtividade-na-internet-preciso-monitorar\/#breadcrumb","itemListElement":[{"@type":"ListItem","position":1,"name":"In\u00edcio","item":"https:\/\/ravel.com.br\/blog\/"},{"@type":"ListItem","position":2,"name":"Produtividade na internet e pagamento de b\u00f4nus"}]},{"@type":"WebSite","@id":"https:\/\/ravel.com.br\/blog\/#website","url":"https:\/\/ravel.com.br\/blog\/","name":"Blog Tecnologia","description":"Dicas e Artigos sobre Tecnologia","potentialAction":[{"@type":"SearchAction","target":{"@type":"EntryPoint","urlTemplate":"https:\/\/ravel.com.br\/blog\/?s={search_term_string}"},"query-input":{"@type":"PropertyValueSpecification","valueRequired":true,"valueName":"search_term_string"}}],"inLanguage":"pt-BR"},{"@type":"Person","@id":"https:\/\/ravel.com.br\/blog\/#\/schema\/person\/93e2b9cd7d85f2c5759ec05421dbe4ed","name":"Marcelo Oliveira - Gestor T\u00e9cnico Ravel Tecnologia","image":{"@type":"ImageObject","inLanguage":"pt-BR","@id":"https:\/\/ravel.com.br\/blog\/#\/schema\/person\/image\/","url":"https:\/\/secure.gravatar.com\/avatar\/3fc2f7c7bd9ad1c0956d14ce2b130820?s=96&d=mm&r=g","contentUrl":"https:\/\/secure.gravatar.com\/avatar\/3fc2f7c7bd9ad1c0956d14ce2b130820?s=96&d=mm&r=g","caption":"Marcelo Oliveira - Gestor T\u00e9cnico Ravel Tecnologia"},"description":"Gestor T\u00e9cnico, com forma\u00e7\u00e3o em Processamento de Dados e Eletr\u00f4nica. Apaixonado por corridas de rua, adora tecnologia, atua na gest\u00e3o e nos projetos do grupo Ravel, principalmente relacionados a \u00e1rea de conectividade e seguran\u00e7a da informa\u00e7\u00e3o. Busca ajudar as pessoas na utiliza\u00e7\u00e3o de novas tecnologias para que melhore suas vidas.","sameAs":["http:\/\/www.ravel.com.br"],"url":"https:\/\/ravel.com.br\/blog\/author\/marcelo\/"}]}},"_links":{"self":[{"href":"https:\/\/ravel.com.br\/blog\/wp-json\/wp\/v2\/posts\/332","targetHints":{"allow":["GET"]}}],"collection":[{"href":"https:\/\/ravel.com.br\/blog\/wp-json\/wp\/v2\/posts"}],"about":[{"href":"https:\/\/ravel.com.br\/blog\/wp-json\/wp\/v2\/types\/post"}],"author":[{"embeddable":true,"href":"https:\/\/ravel.com.br\/blog\/wp-json\/wp\/v2\/users\/4"}],"replies":[{"embeddable":true,"href":"https:\/\/ravel.com.br\/blog\/wp-json\/wp\/v2\/comments?post=332"}],"version-history":[{"count":5,"href":"https:\/\/ravel.com.br\/blog\/wp-json\/wp\/v2\/posts\/332\/revisions"}],"predecessor-version":[{"id":6612,"href":"https:\/\/ravel.com.br\/blog\/wp-json\/wp\/v2\/posts\/332\/revisions\/6612"}],"wp:featuredmedia":[{"embeddable":true,"href":"https:\/\/ravel.com.br\/blog\/wp-json\/wp\/v2\/media\/334"}],"wp:attachment":[{"href":"https:\/\/ravel.com.br\/blog\/wp-json\/wp\/v2\/media?parent=332"}],"wp:term":[{"taxonomy":"category","embeddable":true,"href":"https:\/\/ravel.com.br\/blog\/wp-json\/wp\/v2\/categories?post=332"},{"taxonomy":"post_tag","embeddable":true,"href":"https:\/\/ravel.com.br\/blog\/wp-json\/wp\/v2\/tags?post=332"}],"curies":[{"name":"wp","href":"https:\/\/api.w.org\/{rel}","templated":true}]}}