{"id":3362,"date":"2021-10-19T15:01:57","date_gmt":"2021-10-19T18:01:57","guid":{"rendered":"https:\/\/ravel.com.br\/blog\/?p=3362"},"modified":"2021-10-19T15:06:27","modified_gmt":"2021-10-19T18:06:27","slug":"onde-estao-os-dados-armazenados-no-microsoft-365","status":"publish","type":"post","link":"https:\/\/ravel.com.br\/blog\/onde-estao-os-dados-armazenados-no-microsoft-365\/","title":{"rendered":"Onde est\u00e3o os dados armazenados no Microsoft 365"},"content":{"rendered":"\n<p>Sua empresa utiliza o Microsoft 365 (Sharepoint e\/ou Onedrive) e a consultoria de compliance digital e LGPD perguntou onde est\u00e3o os dados armazenados no Microsoft 365?&nbsp;&nbsp;&nbsp;<\/p>\n\n\n\n<p>Normalmente respondemos na Microsoft, mas por uma exig\u00eancia da Lei \u00e9 solicitado o pa\u00eds onde \u00e9 armazenado os dados da sua empresa.<\/p>\n\n\n\n<p>Para atender a esta exig\u00eancia, abaixou vou indiciar o caminho para evidenciar a Regi\u00e3o.<\/p>\n\n\n\n<ul class=\"wp-block-list\" type=\"1\"><li>&nbsp;Entre no painel de administra\u00e7\u00e3o do Office 365 (para ter este acesso \u00e9 necess\u00e1rio o login de administra\u00e7\u00e3o do portal, caso voc\u00ea n\u00e3o seja pe\u00e7a para sua equipe de tecnologia.<\/li><li>Entre na op\u00e7\u00e3o administra\u00e7\u00e3o<\/li><\/ul>\n\n\n\n<div class=\"wp-block-image\"><figure class=\"aligncenter size-large\"><img loading=\"lazy\" decoding=\"async\" width=\"355\" height=\"516\" src=\"https:\/\/ravel.com.br\/blog\/wp-content\/uploads\/2021\/10\/image-47.png\" alt=\"\" class=\"wp-image-3363\" srcset=\"https:\/\/ravel.com.br\/blog\/wp-content\/uploads\/2021\/10\/image-47.png 355w, https:\/\/ravel.com.br\/blog\/wp-content\/uploads\/2021\/10\/image-47-206x300.png 206w\" sizes=\"(max-width: 355px) 100vw, 355px\" \/><\/figure><\/div>\n\n\n\n<ul class=\"wp-block-list\" type=\"1\"><li>Encontre o menu Configura\u00e7\u00f5es &gt;Configura\u00e7\u00f5es da Organiza\u00e7\u00e3o<\/li><\/ul>\n\n\n\n<div class=\"wp-block-image\"><figure class=\"aligncenter size-large\"><img loading=\"lazy\" decoding=\"async\" width=\"471\" height=\"363\" src=\"https:\/\/ravel.com.br\/blog\/wp-content\/uploads\/2021\/10\/image-48.png\" alt=\"Onde est\u00e3o os dados armazenados no M365\" class=\"wp-image-3364\" srcset=\"https:\/\/ravel.com.br\/blog\/wp-content\/uploads\/2021\/10\/image-48.png 471w, https:\/\/ravel.com.br\/blog\/wp-content\/uploads\/2021\/10\/image-48-300x231.png 300w\" sizes=\"(max-width: 471px) 100vw, 471px\" \/><\/figure><\/div>\n\n\n\n<ul class=\"wp-block-list\" type=\"1\"><li>Em seguida clique em \u201cPerfil da Organiza\u00e7\u00e3o\u201d<\/li><\/ul>\n\n\n\n<div class=\"wp-block-image\"><figure class=\"aligncenter size-large\"><img loading=\"lazy\" decoding=\"async\" width=\"485\" height=\"374\" src=\"https:\/\/ravel.com.br\/blog\/wp-content\/uploads\/2021\/10\/image-49.png\" alt=\"aonde est\u00e3o os dados armazenados no Microsoft 365\" class=\"wp-image-3365\" srcset=\"https:\/\/ravel.com.br\/blog\/wp-content\/uploads\/2021\/10\/image-49.png 485w, https:\/\/ravel.com.br\/blog\/wp-content\/uploads\/2021\/10\/image-49-300x231.png 300w\" sizes=\"(max-width: 485px) 100vw, 485px\" \/><\/figure><\/div>\n\n\n\n<ul class=\"wp-block-list\" type=\"1\"><li>Clique na op\u00e7\u00e3o Local de dados<\/li><\/ul>\n\n\n\n<div class=\"wp-block-image\"><figure class=\"aligncenter size-large\"><img loading=\"lazy\" decoding=\"async\" width=\"567\" height=\"300\" src=\"https:\/\/ravel.com.br\/blog\/wp-content\/uploads\/2021\/10\/image-50.png\" alt=\"dados armazenados no Microsoft 365\" class=\"wp-image-3366\" srcset=\"https:\/\/ravel.com.br\/blog\/wp-content\/uploads\/2021\/10\/image-50.png 567w, https:\/\/ravel.com.br\/blog\/wp-content\/uploads\/2021\/10\/image-50-300x159.png 300w\" sizes=\"(max-width: 567px) 100vw, 567px\" \/><\/figure><\/div>\n\n\n\n<ul class=\"wp-block-list\" type=\"1\"><li>Do lado direito aparecer\u00e1 a regi\u00e3o de armazenamento.<\/li><\/ul>\n\n\n\n<div class=\"wp-block-image\"><figure class=\"aligncenter size-large\"><img loading=\"lazy\" decoding=\"async\" width=\"567\" height=\"258\" src=\"https:\/\/ravel.com.br\/blog\/wp-content\/uploads\/2021\/10\/image-51.png\" alt=\"Onde est\u00e3o os dados armazenados no Microsoft 365\" class=\"wp-image-3367\" srcset=\"https:\/\/ravel.com.br\/blog\/wp-content\/uploads\/2021\/10\/image-51.png 567w, https:\/\/ravel.com.br\/blog\/wp-content\/uploads\/2021\/10\/image-51-300x137.png 300w\" sizes=\"(max-width: 567px) 100vw, 567px\" \/><\/figure><\/div>\n\n\n\n<p>Voc\u00ea viu um passo a passo para ver onde est\u00e3o os dados armazenados no <a href=\"https:\/\/www.microsoft.com\/pt-br\/microsoft-365\" target=\"_blank\" rel=\"noreferrer noopener\">Microsoft 365<\/a><\/p>\n\n\n\n<p>Para dicas sobre o Teams, acesse: <a href=\"https:\/\/ravel.com.br\/blog\/category\/dicas\/teams\/\">Dicas sobre o Teams &#8211; Blog Tecnologia &#8211; Ravel Tecnologia<\/a><\/p>\n\n\n\n<figure class=\"wp-block-image size-large\"><a href=\"https:\/\/ravel.com.br\/servicos-em-nuvem\" target=\"_blank\" rel=\"noopener noreferrer\"><img loading=\"lazy\" decoding=\"async\" width=\"1024\" height=\"133\" src=\"https:\/\/ravel.com.br\/blog\/wp-content\/uploads\/2021\/01\/CTA6-1024x133.png\" alt=\"\" class=\"wp-image-2302\" srcset=\"https:\/\/ravel.com.br\/blog\/wp-content\/uploads\/2021\/01\/CTA6-1024x133.png 1024w, https:\/\/ravel.com.br\/blog\/wp-content\/uploads\/2021\/01\/CTA6-300x39.png 300w, https:\/\/ravel.com.br\/blog\/wp-content\/uploads\/2021\/01\/CTA6-768x100.png 768w, https:\/\/ravel.com.br\/blog\/wp-content\/uploads\/2021\/01\/CTA6-1536x199.png 1536w, https:\/\/ravel.com.br\/blog\/wp-content\/uploads\/2021\/01\/CTA6-2048x266.png 2048w, https:\/\/ravel.com.br\/blog\/wp-content\/uploads\/2021\/01\/CTA6-610x79.png 610w, https:\/\/ravel.com.br\/blog\/wp-content\/uploads\/2021\/01\/CTA6-1080x140.png 1080w\" sizes=\"(max-width: 1024px) 100vw, 1024px\" \/><\/a><\/figure>\n\n\n\n<p><\/p>\n","protected":false},"excerpt":{"rendered":"<p>Sua empresa utiliza o Microsoft 365 e a consultoria de compliance digital e LGPD perguntou onde est\u00e3o os dados armazenados no Microsoft 365?<\/p>\n","protected":false},"author":6,"featured_media":3371,"comment_status":"open","ping_status":"open","sticky":false,"template":"","format":"standard","meta":{"_et_pb_use_builder":"","_et_pb_old_content":"","_et_gb_content_width":"","footnotes":""},"categories":[60,83],"tags":[],"class_list":["post-3362","post","type-post","status-publish","format-standard","has-post-thumbnail","hentry","category-dicas","category-office","et-has-post-format-content","et_post_format-et-post-format-standard"],"yoast_head":"<!-- This site is optimized with the Yoast SEO plugin v24.1 - https:\/\/yoast.com\/wordpress\/plugins\/seo\/ -->\n<title>Onde est\u00e3o os dados armazenados no Microsoft 365 - Blog Tecnologia<\/title>\n<meta name=\"description\" content=\"Sua empresa utiliza o Microsoft 365 e a consultoria de compliance digital e LGPD perguntou onde est\u00e3o os dados armazenados no Microsoft 365?\" \/>\n<meta name=\"robots\" content=\"index, follow, max-snippet:-1, max-image-preview:large, max-video-preview:-1\" \/>\n<link rel=\"canonical\" href=\"https:\/\/ravel.com.br\/blog\/onde-estao-os-dados-armazenados-no-microsoft-365\/\" \/>\n<meta property=\"og:locale\" content=\"pt_BR\" \/>\n<meta property=\"og:type\" content=\"article\" \/>\n<meta property=\"og:title\" content=\"Onde est\u00e3o os dados armazenados no Microsoft 365 - Blog Tecnologia\" \/>\n<meta property=\"og:description\" content=\"Sua empresa utiliza o Microsoft 365 e a consultoria de compliance digital e LGPD perguntou onde est\u00e3o os dados armazenados no Microsoft 365?\" \/>\n<meta property=\"og:url\" content=\"https:\/\/ravel.com.br\/blog\/onde-estao-os-dados-armazenados-no-microsoft-365\/\" \/>\n<meta property=\"og:site_name\" content=\"Blog Tecnologia\" \/>\n<meta property=\"article:published_time\" content=\"2021-10-19T18:01:57+00:00\" \/>\n<meta property=\"article:modified_time\" content=\"2021-10-19T18:06:27+00:00\" \/>\n<meta property=\"og:image\" content=\"https:\/\/ravel.com.br\/blog\/wp-content\/uploads\/2021\/10\/onde-est\u00e3o-dados-365-capa.jpg\" \/>\n\t<meta property=\"og:image:width\" content=\"800\" \/>\n\t<meta property=\"og:image:height\" content=\"400\" \/>\n\t<meta property=\"og:image:type\" content=\"image\/jpeg\" \/>\n<meta name=\"author\" content=\"Edson Brito - Gerente de Projetos\" \/>\n<meta name=\"twitter:card\" content=\"summary_large_image\" \/>\n<meta name=\"twitter:label1\" content=\"Escrito por\" \/>\n\t<meta name=\"twitter:data1\" content=\"Edson Brito - Gerente de Projetos\" \/>\n\t<meta name=\"twitter:label2\" content=\"Est. tempo de leitura\" \/>\n\t<meta name=\"twitter:data2\" content=\"1 minuto\" \/>\n<script type=\"application\/ld+json\" class=\"yoast-schema-graph\">{\"@context\":\"https:\/\/schema.org\",\"@graph\":[{\"@type\":\"WebPage\",\"@id\":\"https:\/\/ravel.com.br\/blog\/onde-estao-os-dados-armazenados-no-microsoft-365\/\",\"url\":\"https:\/\/ravel.com.br\/blog\/onde-estao-os-dados-armazenados-no-microsoft-365\/\",\"name\":\"Onde est\u00e3o os dados armazenados no Microsoft 365 - Blog Tecnologia\",\"isPartOf\":{\"@id\":\"https:\/\/ravel.com.br\/blog\/#website\"},\"primaryImageOfPage\":{\"@id\":\"https:\/\/ravel.com.br\/blog\/onde-estao-os-dados-armazenados-no-microsoft-365\/#primaryimage\"},\"image\":{\"@id\":\"https:\/\/ravel.com.br\/blog\/onde-estao-os-dados-armazenados-no-microsoft-365\/#primaryimage\"},\"thumbnailUrl\":\"https:\/\/ravel.com.br\/blog\/wp-content\/uploads\/2021\/10\/onde-est\u00e3o-dados-365-capa.jpg\",\"datePublished\":\"2021-10-19T18:01:57+00:00\",\"dateModified\":\"2021-10-19T18:06:27+00:00\",\"author\":{\"@id\":\"https:\/\/ravel.com.br\/blog\/#\/schema\/person\/0ffb86b724b1bb06423f7e8c8918afea\"},\"description\":\"Sua empresa utiliza o Microsoft 365 e a consultoria de compliance digital e LGPD perguntou onde est\u00e3o os dados armazenados no Microsoft 365?\",\"breadcrumb\":{\"@id\":\"https:\/\/ravel.com.br\/blog\/onde-estao-os-dados-armazenados-no-microsoft-365\/#breadcrumb\"},\"inLanguage\":\"pt-BR\",\"potentialAction\":[{\"@type\":\"ReadAction\",\"target\":[\"https:\/\/ravel.com.br\/blog\/onde-estao-os-dados-armazenados-no-microsoft-365\/\"]}]},{\"@type\":\"ImageObject\",\"inLanguage\":\"pt-BR\",\"@id\":\"https:\/\/ravel.com.br\/blog\/onde-estao-os-dados-armazenados-no-microsoft-365\/#primaryimage\",\"url\":\"https:\/\/ravel.com.br\/blog\/wp-content\/uploads\/2021\/10\/onde-est\u00e3o-dados-365-capa.jpg\",\"contentUrl\":\"https:\/\/ravel.com.br\/blog\/wp-content\/uploads\/2021\/10\/onde-est\u00e3o-dados-365-capa.jpg\",\"width\":800,\"height\":400},{\"@type\":\"BreadcrumbList\",\"@id\":\"https:\/\/ravel.com.br\/blog\/onde-estao-os-dados-armazenados-no-microsoft-365\/#breadcrumb\",\"itemListElement\":[{\"@type\":\"ListItem\",\"position\":1,\"name\":\"In\u00edcio\",\"item\":\"https:\/\/ravel.com.br\/blog\/\"},{\"@type\":\"ListItem\",\"position\":2,\"name\":\"Onde est\u00e3o os dados armazenados no Microsoft 365\"}]},{\"@type\":\"WebSite\",\"@id\":\"https:\/\/ravel.com.br\/blog\/#website\",\"url\":\"https:\/\/ravel.com.br\/blog\/\",\"name\":\"Blog Tecnologia\",\"description\":\"Dicas e Artigos sobre Tecnologia\",\"potentialAction\":[{\"@type\":\"SearchAction\",\"target\":{\"@type\":\"EntryPoint\",\"urlTemplate\":\"https:\/\/ravel.com.br\/blog\/?s={search_term_string}\"},\"query-input\":{\"@type\":\"PropertyValueSpecification\",\"valueRequired\":true,\"valueName\":\"search_term_string\"}}],\"inLanguage\":\"pt-BR\"},{\"@type\":\"Person\",\"@id\":\"https:\/\/ravel.com.br\/blog\/#\/schema\/person\/0ffb86b724b1bb06423f7e8c8918afea\",\"name\":\"Edson Brito - Gerente de Projetos\",\"image\":{\"@type\":\"ImageObject\",\"inLanguage\":\"pt-BR\",\"@id\":\"https:\/\/ravel.com.br\/blog\/#\/schema\/person\/image\/\",\"url\":\"https:\/\/secure.gravatar.com\/avatar\/e9f161bd2b2691252a68729961f39f9b?s=96&d=mm&r=g\",\"contentUrl\":\"https:\/\/secure.gravatar.com\/avatar\/e9f161bd2b2691252a68729961f39f9b?s=96&d=mm&r=g\",\"caption\":\"Edson Brito - Gerente de Projetos\"},\"description\":\"Gestor T\u00e9cnico na Ravel Tecnologia, com forma\u00e7\u00e3o em Tecnologia da Informa\u00e7\u00e3o e p\u00f3s graduado em Seguran\u00e7a da Informa\u00e7\u00e3o, busca atuar em projetos de infraestrutura, nuvem e SI. Focado em melhorias e solu\u00e7\u00f5es tecnol\u00f3gicas. Adora viajar e apreciar um bom vinho.\",\"sameAs\":[\"http:\/\/ravel.com.br\"],\"url\":\"https:\/\/ravel.com.br\/blog\/author\/edson-brito\/\"}]}<\/script>\n<!-- \/ Yoast SEO plugin. -->","yoast_head_json":{"title":"Onde est\u00e3o os dados armazenados no Microsoft 365 - Blog Tecnologia","description":"Sua empresa utiliza o Microsoft 365 e a consultoria de compliance digital e LGPD perguntou onde est\u00e3o os dados armazenados no Microsoft 365?","robots":{"index":"index","follow":"follow","max-snippet":"max-snippet:-1","max-image-preview":"max-image-preview:large","max-video-preview":"max-video-preview:-1"},"canonical":"https:\/\/ravel.com.br\/blog\/onde-estao-os-dados-armazenados-no-microsoft-365\/","og_locale":"pt_BR","og_type":"article","og_title":"Onde est\u00e3o os dados armazenados no Microsoft 365 - Blog Tecnologia","og_description":"Sua empresa utiliza o Microsoft 365 e a consultoria de compliance digital e LGPD perguntou onde est\u00e3o os dados armazenados no Microsoft 365?","og_url":"https:\/\/ravel.com.br\/blog\/onde-estao-os-dados-armazenados-no-microsoft-365\/","og_site_name":"Blog Tecnologia","article_published_time":"2021-10-19T18:01:57+00:00","article_modified_time":"2021-10-19T18:06:27+00:00","og_image":[{"width":800,"height":400,"url":"https:\/\/ravel.com.br\/blog\/wp-content\/uploads\/2021\/10\/onde-est\u00e3o-dados-365-capa.jpg","type":"image\/jpeg"}],"author":"Edson Brito - Gerente de Projetos","twitter_card":"summary_large_image","twitter_misc":{"Escrito por":"Edson Brito - Gerente de Projetos","Est. tempo de leitura":"1 minuto"},"schema":{"@context":"https:\/\/schema.org","@graph":[{"@type":"WebPage","@id":"https:\/\/ravel.com.br\/blog\/onde-estao-os-dados-armazenados-no-microsoft-365\/","url":"https:\/\/ravel.com.br\/blog\/onde-estao-os-dados-armazenados-no-microsoft-365\/","name":"Onde est\u00e3o os dados armazenados no Microsoft 365 - Blog Tecnologia","isPartOf":{"@id":"https:\/\/ravel.com.br\/blog\/#website"},"primaryImageOfPage":{"@id":"https:\/\/ravel.com.br\/blog\/onde-estao-os-dados-armazenados-no-microsoft-365\/#primaryimage"},"image":{"@id":"https:\/\/ravel.com.br\/blog\/onde-estao-os-dados-armazenados-no-microsoft-365\/#primaryimage"},"thumbnailUrl":"https:\/\/ravel.com.br\/blog\/wp-content\/uploads\/2021\/10\/onde-est\u00e3o-dados-365-capa.jpg","datePublished":"2021-10-19T18:01:57+00:00","dateModified":"2021-10-19T18:06:27+00:00","author":{"@id":"https:\/\/ravel.com.br\/blog\/#\/schema\/person\/0ffb86b724b1bb06423f7e8c8918afea"},"description":"Sua empresa utiliza o Microsoft 365 e a consultoria de compliance digital e LGPD perguntou onde est\u00e3o os dados armazenados no Microsoft 365?","breadcrumb":{"@id":"https:\/\/ravel.com.br\/blog\/onde-estao-os-dados-armazenados-no-microsoft-365\/#breadcrumb"},"inLanguage":"pt-BR","potentialAction":[{"@type":"ReadAction","target":["https:\/\/ravel.com.br\/blog\/onde-estao-os-dados-armazenados-no-microsoft-365\/"]}]},{"@type":"ImageObject","inLanguage":"pt-BR","@id":"https:\/\/ravel.com.br\/blog\/onde-estao-os-dados-armazenados-no-microsoft-365\/#primaryimage","url":"https:\/\/ravel.com.br\/blog\/wp-content\/uploads\/2021\/10\/onde-est\u00e3o-dados-365-capa.jpg","contentUrl":"https:\/\/ravel.com.br\/blog\/wp-content\/uploads\/2021\/10\/onde-est\u00e3o-dados-365-capa.jpg","width":800,"height":400},{"@type":"BreadcrumbList","@id":"https:\/\/ravel.com.br\/blog\/onde-estao-os-dados-armazenados-no-microsoft-365\/#breadcrumb","itemListElement":[{"@type":"ListItem","position":1,"name":"In\u00edcio","item":"https:\/\/ravel.com.br\/blog\/"},{"@type":"ListItem","position":2,"name":"Onde est\u00e3o os dados armazenados no Microsoft 365"}]},{"@type":"WebSite","@id":"https:\/\/ravel.com.br\/blog\/#website","url":"https:\/\/ravel.com.br\/blog\/","name":"Blog Tecnologia","description":"Dicas e Artigos sobre Tecnologia","potentialAction":[{"@type":"SearchAction","target":{"@type":"EntryPoint","urlTemplate":"https:\/\/ravel.com.br\/blog\/?s={search_term_string}"},"query-input":{"@type":"PropertyValueSpecification","valueRequired":true,"valueName":"search_term_string"}}],"inLanguage":"pt-BR"},{"@type":"Person","@id":"https:\/\/ravel.com.br\/blog\/#\/schema\/person\/0ffb86b724b1bb06423f7e8c8918afea","name":"Edson Brito - Gerente de Projetos","image":{"@type":"ImageObject","inLanguage":"pt-BR","@id":"https:\/\/ravel.com.br\/blog\/#\/schema\/person\/image\/","url":"https:\/\/secure.gravatar.com\/avatar\/e9f161bd2b2691252a68729961f39f9b?s=96&d=mm&r=g","contentUrl":"https:\/\/secure.gravatar.com\/avatar\/e9f161bd2b2691252a68729961f39f9b?s=96&d=mm&r=g","caption":"Edson Brito - Gerente de Projetos"},"description":"Gestor T\u00e9cnico na Ravel Tecnologia, com forma\u00e7\u00e3o em Tecnologia da Informa\u00e7\u00e3o e p\u00f3s graduado em Seguran\u00e7a da Informa\u00e7\u00e3o, busca atuar em projetos de infraestrutura, nuvem e SI. Focado em melhorias e solu\u00e7\u00f5es tecnol\u00f3gicas. Adora viajar e apreciar um bom vinho.","sameAs":["http:\/\/ravel.com.br"],"url":"https:\/\/ravel.com.br\/blog\/author\/edson-brito\/"}]}},"_links":{"self":[{"href":"https:\/\/ravel.com.br\/blog\/wp-json\/wp\/v2\/posts\/3362","targetHints":{"allow":["GET"]}}],"collection":[{"href":"https:\/\/ravel.com.br\/blog\/wp-json\/wp\/v2\/posts"}],"about":[{"href":"https:\/\/ravel.com.br\/blog\/wp-json\/wp\/v2\/types\/post"}],"author":[{"embeddable":true,"href":"https:\/\/ravel.com.br\/blog\/wp-json\/wp\/v2\/users\/6"}],"replies":[{"embeddable":true,"href":"https:\/\/ravel.com.br\/blog\/wp-json\/wp\/v2\/comments?post=3362"}],"version-history":[{"count":4,"href":"https:\/\/ravel.com.br\/blog\/wp-json\/wp\/v2\/posts\/3362\/revisions"}],"predecessor-version":[{"id":3373,"href":"https:\/\/ravel.com.br\/blog\/wp-json\/wp\/v2\/posts\/3362\/revisions\/3373"}],"wp:featuredmedia":[{"embeddable":true,"href":"https:\/\/ravel.com.br\/blog\/wp-json\/wp\/v2\/media\/3371"}],"wp:attachment":[{"href":"https:\/\/ravel.com.br\/blog\/wp-json\/wp\/v2\/media?parent=3362"}],"wp:term":[{"taxonomy":"category","embeddable":true,"href":"https:\/\/ravel.com.br\/blog\/wp-json\/wp\/v2\/categories?post=3362"},{"taxonomy":"post_tag","embeddable":true,"href":"https:\/\/ravel.com.br\/blog\/wp-json\/wp\/v2\/tags?post=3362"}],"curies":[{"name":"wp","href":"https:\/\/api.w.org\/{rel}","templated":true}]}}