{"id":3663,"date":"2022-01-03T07:22:53","date_gmt":"2022-01-03T10:22:53","guid":{"rendered":"https:\/\/ravel.com.br\/blog\/?p=3663"},"modified":"2022-02-11T09:26:31","modified_gmt":"2022-02-11T12:26:31","slug":"a-realidade-do-metaverso","status":"publish","type":"post","link":"https:\/\/ravel.com.br\/blog\/a-realidade-do-metaverso\/","title":{"rendered":"A realidade do Metaverso"},"content":{"rendered":"\n<p>Quando com estrondo o fundador do Facebook Mark Zuckerberg anunciou que o nome da sua empresa mudaria, muita gente ficou pensando o porqu\u00ea desta mudan\u00e7a. De Facebook, ela agora passaria a se chamar Meta, em refer\u00eancia ao chamado Metaverso. \u00a0<\/p>\n\n\n\n<p>Considerado o &#8220;pr\u00f3ximo cap\u00edtulo da Internet&#8221;, o mundo virtual onde as pessoas poder\u00e3o interagir e realizar qualquer atividade, trabalhar, jogar, fazer compras, se divertir \u00e9 a mais recente aposta das gigantes da tecnologia e promete dar novos contornos \u00e0 comunica\u00e7\u00e3o humana.<\/p>\n\n\n\n<p>Metaverso \u00e9 a terminologia utilizada para indicar um tipo de mundo virtual que tenta replicar a realidade atrav\u00e9s de dispositivos digitais.<\/p>\n\n\n\n<p>\u00c9 um espa\u00e7o coletivo e virtual compartilhado, constitu\u00eddo pela soma de &#8220;realidade virtual&#8221;, &#8220;realidade aumentada&#8221; e &#8220;Internet&#8221;.<\/p>\n\n\n\n<p>Este termo foi cunhado pela primeira vez na obra &#8220;Nevasca&#8221;, de Neal Stephenson, lan\u00e7ada em 1992, mas n\u00e3o podemos dizer, no entanto, que pensar em um mundo virtual como algo poss\u00edvel na vida real \u00e9 algo novo.<\/p>\n\n\n\n<p>Vale mencionar que Neal Stephenson trabalhou como consultor da Blue Origin, empresa de astron\u00e1utica de Jeff Bezos, desde sua funda\u00e7\u00e3o at\u00e9 2006. Atualmente, o novelista ocupa o cargo de &#8220;futurista chefe&#8221; da empresa de realidade virtual Magic Leap.<\/p>\n\n\n\n<p>Desde Plat\u00e3o, nossa esp\u00e9cie reflete sobre as possibilidades de vida e suas diversas formas. E sobre este movimento gostaria de fazer um voo hist\u00f3rico, filos\u00f3fico com voc\u00ea caro leitor.&nbsp;<\/p>\n\n\n\n<h2 class=\"wp-block-heading\"><strong>O IDEALISMO PLAT\u00d4NICO E O METAVERSO<\/strong><\/h2>\n\n\n\n<p>O idealismo n\u00e3o \u00e9 uma simples teoria, mas um conjunto de teorias filos\u00f3ficas metaf\u00edsicas complexas que entendem a realidade como uma complexidade existente em, pelo menos, dois planos:<\/p>\n\n\n\n<p>Primeiro um plano material (da realidade material, sensorial e percept\u00edvel);<\/p>\n\n\n\n<p>Segundo um plano ideal, de uma exist\u00eancia ideal, onde se estabelecem apenas conceitos, significados e formas perfeitamente estabelecidas.<\/p>\n\n\n\n<p>Podemos remontar o idealismo a Plat\u00e3o, e temos um desenvolvimento maior da corrente com os idealistas alem\u00e3es do s\u00e9culo XVIII.<\/p>\n\n\n\n<p>O idealismo \u00e9 ainda uma representa\u00e7\u00e3o das coisas sob a forma ideal. Claro que o Metaverso n\u00e3o se prop\u00f5e a idealizar um modelo de perfei\u00e7\u00e3o mas que em suas linhas gerais \u00e9 digamos uma utopia da experi\u00eancia do viver isso sim n\u00e3o podemos negar.<\/p>\n\n\n\n<figure class=\"wp-block-image size-large\"><img loading=\"lazy\" decoding=\"async\" width=\"1024\" height=\"436\" src=\"https:\/\/ravel.com.br\/blog\/wp-content\/uploads\/2022\/01\/metaverso-banner-1024x436.jpg\" alt=\"metaverso\" class=\"wp-image-3664\" srcset=\"https:\/\/ravel.com.br\/blog\/wp-content\/uploads\/2022\/01\/metaverso-banner-1024x436.jpg 1024w, https:\/\/ravel.com.br\/blog\/wp-content\/uploads\/2022\/01\/metaverso-banner-300x128.jpg 300w, https:\/\/ravel.com.br\/blog\/wp-content\/uploads\/2022\/01\/metaverso-banner-768x327.jpg 768w, https:\/\/ravel.com.br\/blog\/wp-content\/uploads\/2022\/01\/metaverso-banner-610x259.jpg 610w, https:\/\/ravel.com.br\/blog\/wp-content\/uploads\/2022\/01\/metaverso-banner-1080x459.jpg 1080w, https:\/\/ravel.com.br\/blog\/wp-content\/uploads\/2022\/01\/metaverso-banner.jpg 1439w\" sizes=\"(max-width: 1024px) 100vw, 1024px\" \/><\/figure>\n\n\n\n<h2 class=\"wp-block-heading\"><strong>O QUE ESPERAR DO METAVERSO QUE EST\u00c1 A NOSSA FRENTE<\/strong><\/h2>\n\n\n\n<p>A ideia \u00e9 que o metaverso seja uma esp\u00e9cie de Internet 3D, onde comunica\u00e7\u00e3o, divers\u00e3o e neg\u00f3cios existir\u00e3o de forma imersiva e interoper\u00e1vel.<\/p>\n\n\n\n<p>A principal dificuldade para descrever esse universo est\u00e1 no fato de que ele ainda n\u00e3o existe, mas as gigantes de tecnologia est\u00e3o investindo pesado para que isso mude em pouco tempo.<\/p>\n\n\n\n<p>No futuro metaverso, as pessoas poder\u00e3o reproduzir todos os aspectos da vida no mundo virtual. Em comunicado \u00e0 imprensa na ocasi\u00e3o do an\u00fancio da mudan\u00e7a de Facebook para Meta, Mark Zuckerberg explicou o que ser\u00e1 poss\u00edvel fazer no metaverso da seguinte forma:<\/p>\n\n\n\n<p>&#8220;Voc\u00ea ser\u00e1 capaz de fazer quase tudo que voc\u00ea possa imaginar. Reunir-se com amigos e fam\u00edlia, trabalhar, aprender, brincar, fazer compras, criar, bem como experi\u00eancias completamente novas que realmente n\u00e3o se encaixam na forma como pensamos sobre computadores ou telefones hoje.&#8221;<\/p>\n\n\n\n<p>Para dar exemplos concretos, suponha que voc\u00ea tem um avatar no metaverso da Meta.<\/p>\n\n\n\n<p>Esse avatar assiste a uma sess\u00e3o de cinema e, ao sair, compra um livro em uma banca, tudo virtualmente, \u00e9 claro. O bilhete, o livro e as passagens, assim como todas as demais coisas, s\u00e3o pagas com criptomoedas.<\/p>\n\n\n\n<p>Mais tarde, ao entrar no Roblox, um amigo pede o livro digital emprestado, e voc\u00ea concede o favor.<\/p>\n\n\n\n<h2 class=\"wp-block-heading\"><strong>OS PERIGOS DE MAIS IMERS\u00c3O NO MUNDO VIRTUAL<\/strong><\/h2>\n\n\n\n<p>Segundo a Sociedade Brasileira de Pediatria \u2013 SBP, a superexposi\u00e7\u00e3o a aplicativos, jogos e redes sociais pode causar depend\u00eancia ps\u00edquica, dist\u00farbios no sono, ansiedade, viol\u00eancia, les\u00f5es visuais e auditivas, problemas posturais, sedentarismo, auto-agress\u00e3o e at\u00e9 suic\u00eddio.<\/p>\n\n\n\n<p>Mas n\u00e3o s\u00f3 as crian\u00e7as est\u00e3o expostas aos perigos dos excessos do mundo virtual.<\/p>\n\n\n\n<p>Outro ponto mal\u00e9fico que a internet pode trazer para a vida social das pessoas \u00e9 o isolamento, pelo fato da facilidade de sua utiliza\u00e7\u00e3o, diversas pessoas ficam dependentes da m\u00e1quina, passando horas em frente a tela do computador, acabam se afastando de pessoas pr\u00f3ximas e se aproximando de pessoas desconhecidas.<\/p>\n\n\n\n<p>Com o advento do Metaverso, surge no radar uma enorme possibilidade de nos dedicarmos ainda mais ao mundo virtual. Em tempos de excessos de acesso a internet isso n\u00e3o \u00e9 uma boa not\u00edcia.<\/p>\n\n\n\n<h2 class=\"wp-block-heading\"><strong>SETE DICAS PARA O MELHOR USO DO MUNDO VIRTUAL E N\u00c3O SER ENGOLIDO PELO METAVERSO<\/strong><\/h2>\n\n\n\n<p><strong>Primeiro,<\/strong> utilize apenas as redes sociais mais relevantes para voc\u00ea. N\u00e3o se encante com tudo que v\u00ea pela frente. Tudo \u00e9 poss\u00edvel, mas nem tudo conv\u00e9m.<\/p>\n\n\n\n<p><strong>Segundo,<\/strong> desative notifica\u00e7\u00f5es por email e na tela do seu smartphone. Domine seu celular e n\u00e3o seja dominado por ele.<\/p>\n\n\n\n<p><strong>Terceiro, <\/strong>mantenha seu celular longe do alcance da sua m\u00e3o.<\/p>\n\n\n\n<p><strong>Quarto,<\/strong> defina hor\u00e1rios para acessar as redes sociais.<\/p>\n\n\n\n<p><strong>Quinto<\/strong>, tenha um objetivo claro para cada rede social que voc\u00ea acessa. N\u00e3o faz sentido, desinstale assim como todo aplicativo e software que n\u00e3o estiver usando por mais de 30 dias.<\/p>\n\n\n\n<p><strong>Sexto, <\/strong>a relev\u00e2ncia vale muito mais que quantidade no mundo digital. Poste e compartilhe apenas o que vale a pena ser lido e consumido.<\/p>\n\n\n\n<p><strong>S\u00e9timo,<\/strong> separe sua vida on-line da vida off line. Por mais que as redes sociais estejam presentes no nosso cotidiano, \u00e9 fundamental entender o mais importante \u00e9 sua vida real.<\/p>\n\n\n\n<p>Ent\u00e3o n\u00e3o tente criar uma impress\u00e3o nas redes sociais, diferente do que voc\u00ea \u00e9 na realidade.<\/p>\n\n\n\n<p>Esse tipo de comportamento pode estar ligado a insatisfa\u00e7\u00e3o pessoal e serve como \u201cmuleta\u201d para aceitarmos fracassos.<\/p>\n\n\n\n<p>Gostou do conte\u00fado? Comente, compartilhe e deixe aqui seu coment\u00e1rio. Forte abra\u00e7o e nos vemos no pr\u00f3ximo artigo.<\/p>\n\n\n\n<p>Veja mais em: <a href=\"https:\/\/ravel.com.br\/blog\/category\/viver-com-tecnologia\/\">Viver com Tecnologia &#8211; Blog Tecnologia &#8211; Ravel Tecnologia<\/a><\/p>\n\n\n\n<figure class=\"wp-block-image size-large\"><a href=\"https:\/\/ravel.com.br\/\" target=\"_blank\" rel=\"noopener noreferrer\"><img loading=\"lazy\" decoding=\"async\" width=\"1024\" height=\"133\" src=\"https:\/\/ravel.com.br\/blog\/wp-content\/uploads\/2021\/11\/CTA-Tecnologia-a-seu-favor-1024x133.jpg\" alt=\"\" class=\"wp-image-3527\" srcset=\"https:\/\/ravel.com.br\/blog\/wp-content\/uploads\/2021\/11\/CTA-Tecnologia-a-seu-favor-1024x133.jpg 1024w, https:\/\/ravel.com.br\/blog\/wp-content\/uploads\/2021\/11\/CTA-Tecnologia-a-seu-favor-300x39.jpg 300w, https:\/\/ravel.com.br\/blog\/wp-content\/uploads\/2021\/11\/CTA-Tecnologia-a-seu-favor-768x100.jpg 768w, https:\/\/ravel.com.br\/blog\/wp-content\/uploads\/2021\/11\/CTA-Tecnologia-a-seu-favor-1536x199.jpg 1536w, https:\/\/ravel.com.br\/blog\/wp-content\/uploads\/2021\/11\/CTA-Tecnologia-a-seu-favor-2048x266.jpg 2048w, https:\/\/ravel.com.br\/blog\/wp-content\/uploads\/2021\/11\/CTA-Tecnologia-a-seu-favor-610x79.jpg 610w, https:\/\/ravel.com.br\/blog\/wp-content\/uploads\/2021\/11\/CTA-Tecnologia-a-seu-favor-1080x140.jpg 1080w\" sizes=\"(max-width: 1024px) 100vw, 1024px\" \/><\/a><\/figure>\n","protected":false},"excerpt":{"rendered":"<p>O Metaverso \u00e9 uma realidade? Estamos diante de uma mudan\u00e7a em nossa forma de viver? Bem, isso \u00e9 bem poss\u00edvel. Neste artigo, aprofundo o tema do Metaverso<\/p>\n","protected":false},"author":19,"featured_media":3665,"comment_status":"open","ping_status":"open","sticky":false,"template":"","format":"standard","meta":{"_et_pb_use_builder":"","_et_pb_old_content":"","_et_gb_content_width":"","footnotes":""},"categories":[105],"tags":[],"class_list":["post-3663","post","type-post","status-publish","format-standard","has-post-thumbnail","hentry","category-viver-com-tecnologia","et-has-post-format-content","et_post_format-et-post-format-standard"],"yoast_head":"<!-- This site is optimized with the Yoast SEO plugin v24.1 - https:\/\/yoast.com\/wordpress\/plugins\/seo\/ -->\n<title>A realidade do Metaverso - Blog - Ravel Tecnologia<\/title>\n<meta name=\"description\" content=\"O Metaverso \u00e9 uma realidade? Estamos diante de uma mudan\u00e7a em nossa forma de viver? Bem, isso \u00e9 bem poss\u00edvel. Neste artigo, aprofundo o tema do Metaverso\" \/>\n<meta name=\"robots\" content=\"index, follow, max-snippet:-1, max-image-preview:large, max-video-preview:-1\" \/>\n<link rel=\"canonical\" href=\"https:\/\/ravel.com.br\/blog\/a-realidade-do-metaverso\/\" \/>\n<meta property=\"og:locale\" content=\"pt_BR\" \/>\n<meta property=\"og:type\" content=\"article\" \/>\n<meta property=\"og:title\" content=\"A realidade do Metaverso - Blog - Ravel Tecnologia\" \/>\n<meta property=\"og:description\" content=\"O Metaverso \u00e9 uma realidade? Estamos diante de uma mudan\u00e7a em nossa forma de viver? Bem, isso \u00e9 bem poss\u00edvel. Neste artigo, aprofundo o tema do Metaverso\" \/>\n<meta property=\"og:url\" content=\"https:\/\/ravel.com.br\/blog\/a-realidade-do-metaverso\/\" \/>\n<meta property=\"og:site_name\" content=\"Blog Tecnologia\" \/>\n<meta property=\"article:published_time\" content=\"2022-01-03T10:22:53+00:00\" \/>\n<meta property=\"article:modified_time\" content=\"2022-02-11T12:26:31+00:00\" \/>\n<meta property=\"og:image\" content=\"https:\/\/ravel.com.br\/blog\/wp-content\/uploads\/2022\/01\/Metaverso-capa.jpg\" \/>\n\t<meta property=\"og:image:width\" content=\"1345\" \/>\n\t<meta property=\"og:image:height\" content=\"809\" \/>\n\t<meta property=\"og:image:type\" content=\"image\/jpeg\" \/>\n<meta name=\"author\" content=\"Benicio Filho\" \/>\n<meta name=\"twitter:card\" content=\"summary_large_image\" \/>\n<meta name=\"twitter:label1\" content=\"Escrito por\" \/>\n\t<meta name=\"twitter:data1\" content=\"Benicio Filho\" \/>\n\t<meta name=\"twitter:label2\" content=\"Est. tempo de leitura\" \/>\n\t<meta name=\"twitter:data2\" content=\"5 minutos\" \/>\n<script type=\"application\/ld+json\" class=\"yoast-schema-graph\">{\"@context\":\"https:\/\/schema.org\",\"@graph\":[{\"@type\":\"WebPage\",\"@id\":\"https:\/\/ravel.com.br\/blog\/a-realidade-do-metaverso\/\",\"url\":\"https:\/\/ravel.com.br\/blog\/a-realidade-do-metaverso\/\",\"name\":\"A realidade do Metaverso - Blog - Ravel Tecnologia\",\"isPartOf\":{\"@id\":\"https:\/\/ravel.com.br\/blog\/#website\"},\"primaryImageOfPage\":{\"@id\":\"https:\/\/ravel.com.br\/blog\/a-realidade-do-metaverso\/#primaryimage\"},\"image\":{\"@id\":\"https:\/\/ravel.com.br\/blog\/a-realidade-do-metaverso\/#primaryimage\"},\"thumbnailUrl\":\"https:\/\/ravel.com.br\/blog\/wp-content\/uploads\/2022\/01\/Metaverso-capa.jpg\",\"datePublished\":\"2022-01-03T10:22:53+00:00\",\"dateModified\":\"2022-02-11T12:26:31+00:00\",\"author\":{\"@id\":\"https:\/\/ravel.com.br\/blog\/#\/schema\/person\/8c1b896e660c50b7e048edbf136fd3df\"},\"description\":\"O Metaverso \u00e9 uma realidade? Estamos diante de uma mudan\u00e7a em nossa forma de viver? Bem, isso \u00e9 bem poss\u00edvel. Neste artigo, aprofundo o tema do Metaverso\",\"breadcrumb\":{\"@id\":\"https:\/\/ravel.com.br\/blog\/a-realidade-do-metaverso\/#breadcrumb\"},\"inLanguage\":\"pt-BR\",\"potentialAction\":[{\"@type\":\"ReadAction\",\"target\":[\"https:\/\/ravel.com.br\/blog\/a-realidade-do-metaverso\/\"]}]},{\"@type\":\"ImageObject\",\"inLanguage\":\"pt-BR\",\"@id\":\"https:\/\/ravel.com.br\/blog\/a-realidade-do-metaverso\/#primaryimage\",\"url\":\"https:\/\/ravel.com.br\/blog\/wp-content\/uploads\/2022\/01\/Metaverso-capa.jpg\",\"contentUrl\":\"https:\/\/ravel.com.br\/blog\/wp-content\/uploads\/2022\/01\/Metaverso-capa.jpg\",\"width\":1345,\"height\":809},{\"@type\":\"BreadcrumbList\",\"@id\":\"https:\/\/ravel.com.br\/blog\/a-realidade-do-metaverso\/#breadcrumb\",\"itemListElement\":[{\"@type\":\"ListItem\",\"position\":1,\"name\":\"In\u00edcio\",\"item\":\"https:\/\/ravel.com.br\/blog\/\"},{\"@type\":\"ListItem\",\"position\":2,\"name\":\"A realidade do Metaverso\"}]},{\"@type\":\"WebSite\",\"@id\":\"https:\/\/ravel.com.br\/blog\/#website\",\"url\":\"https:\/\/ravel.com.br\/blog\/\",\"name\":\"Blog Tecnologia\",\"description\":\"Dicas e Artigos sobre Tecnologia\",\"potentialAction\":[{\"@type\":\"SearchAction\",\"target\":{\"@type\":\"EntryPoint\",\"urlTemplate\":\"https:\/\/ravel.com.br\/blog\/?s={search_term_string}\"},\"query-input\":{\"@type\":\"PropertyValueSpecification\",\"valueRequired\":true,\"valueName\":\"search_term_string\"}}],\"inLanguage\":\"pt-BR\"},{\"@type\":\"Person\",\"@id\":\"https:\/\/ravel.com.br\/blog\/#\/schema\/person\/8c1b896e660c50b7e048edbf136fd3df\",\"name\":\"Benicio Filho\",\"image\":{\"@type\":\"ImageObject\",\"inLanguage\":\"pt-BR\",\"@id\":\"https:\/\/ravel.com.br\/blog\/#\/schema\/person\/image\/\",\"url\":\"https:\/\/secure.gravatar.com\/avatar\/90039d3db9064a83ee426386617b9797?s=96&d=mm&r=g\",\"contentUrl\":\"https:\/\/secure.gravatar.com\/avatar\/90039d3db9064a83ee426386617b9797?s=96&d=mm&r=g\",\"caption\":\"Benicio Filho\"},\"description\":\"Formado em eletr\u00f4nica, graduado em Teologia pela PUC SP, e Filosofia pela universidade Dom Bosco, Mestre pela Universidade Metodista de S\u00e3o Paulo na \u00e1rea de Educa\u00e7\u00e3o, MBA pela FGV em Gest\u00e3o Estrat\u00e9gica e Econ\u00f4mica de Neg\u00f3cios, p\u00f3s-graduado em Psican\u00e1lise pelo Instituto Kadmon de Psican\u00e1lise. Atua no mercado de tecnologia desde 1998. Fundador do Grupo Ravel de Tecnologia, S\u00f3cio da Core Angels Atlantic (Fundo de Investimento Internacional para Startups), s\u00f3cio fundador da Ag\u00eancia Incandescente, e s\u00f3cio fundador da Atlantic Hub e do Conex\u00e3o Europa Im\u00f3veis ambos em Portugal, atua como empres\u00e1rio, escritor e pesquisador das \u00e1reas de empreendedorismo, mentoring, lideran\u00e7a, inova\u00e7\u00e3o e internacionaliza\u00e7\u00e3o. Em dezembro de 2019, lan\u00e7ou o seu primeiro livro \u201cVidas Ressignificadas\\\", em dezembro de 2020 seu segundo \u201cDo Caos ao Recome\u00e7o\u201d, e em janeiro de 2022 o \u00faltimo publicado \u201cMetamorfose Empreendedora\u201d.\",\"url\":\"https:\/\/ravel.com.br\/blog\/author\/benicio-filho\/\"}]}<\/script>\n<!-- \/ Yoast SEO plugin. -->","yoast_head_json":{"title":"A realidade do Metaverso - Blog - Ravel Tecnologia","description":"O Metaverso \u00e9 uma realidade? Estamos diante de uma mudan\u00e7a em nossa forma de viver? Bem, isso \u00e9 bem poss\u00edvel. Neste artigo, aprofundo o tema do Metaverso","robots":{"index":"index","follow":"follow","max-snippet":"max-snippet:-1","max-image-preview":"max-image-preview:large","max-video-preview":"max-video-preview:-1"},"canonical":"https:\/\/ravel.com.br\/blog\/a-realidade-do-metaverso\/","og_locale":"pt_BR","og_type":"article","og_title":"A realidade do Metaverso - Blog - Ravel Tecnologia","og_description":"O Metaverso \u00e9 uma realidade? Estamos diante de uma mudan\u00e7a em nossa forma de viver? Bem, isso \u00e9 bem poss\u00edvel. Neste artigo, aprofundo o tema do Metaverso","og_url":"https:\/\/ravel.com.br\/blog\/a-realidade-do-metaverso\/","og_site_name":"Blog Tecnologia","article_published_time":"2022-01-03T10:22:53+00:00","article_modified_time":"2022-02-11T12:26:31+00:00","og_image":[{"width":1345,"height":809,"url":"https:\/\/ravel.com.br\/blog\/wp-content\/uploads\/2022\/01\/Metaverso-capa.jpg","type":"image\/jpeg"}],"author":"Benicio Filho","twitter_card":"summary_large_image","twitter_misc":{"Escrito por":"Benicio Filho","Est. tempo de leitura":"5 minutos"},"schema":{"@context":"https:\/\/schema.org","@graph":[{"@type":"WebPage","@id":"https:\/\/ravel.com.br\/blog\/a-realidade-do-metaverso\/","url":"https:\/\/ravel.com.br\/blog\/a-realidade-do-metaverso\/","name":"A realidade do Metaverso - Blog - Ravel Tecnologia","isPartOf":{"@id":"https:\/\/ravel.com.br\/blog\/#website"},"primaryImageOfPage":{"@id":"https:\/\/ravel.com.br\/blog\/a-realidade-do-metaverso\/#primaryimage"},"image":{"@id":"https:\/\/ravel.com.br\/blog\/a-realidade-do-metaverso\/#primaryimage"},"thumbnailUrl":"https:\/\/ravel.com.br\/blog\/wp-content\/uploads\/2022\/01\/Metaverso-capa.jpg","datePublished":"2022-01-03T10:22:53+00:00","dateModified":"2022-02-11T12:26:31+00:00","author":{"@id":"https:\/\/ravel.com.br\/blog\/#\/schema\/person\/8c1b896e660c50b7e048edbf136fd3df"},"description":"O Metaverso \u00e9 uma realidade? Estamos diante de uma mudan\u00e7a em nossa forma de viver? Bem, isso \u00e9 bem poss\u00edvel. Neste artigo, aprofundo o tema do Metaverso","breadcrumb":{"@id":"https:\/\/ravel.com.br\/blog\/a-realidade-do-metaverso\/#breadcrumb"},"inLanguage":"pt-BR","potentialAction":[{"@type":"ReadAction","target":["https:\/\/ravel.com.br\/blog\/a-realidade-do-metaverso\/"]}]},{"@type":"ImageObject","inLanguage":"pt-BR","@id":"https:\/\/ravel.com.br\/blog\/a-realidade-do-metaverso\/#primaryimage","url":"https:\/\/ravel.com.br\/blog\/wp-content\/uploads\/2022\/01\/Metaverso-capa.jpg","contentUrl":"https:\/\/ravel.com.br\/blog\/wp-content\/uploads\/2022\/01\/Metaverso-capa.jpg","width":1345,"height":809},{"@type":"BreadcrumbList","@id":"https:\/\/ravel.com.br\/blog\/a-realidade-do-metaverso\/#breadcrumb","itemListElement":[{"@type":"ListItem","position":1,"name":"In\u00edcio","item":"https:\/\/ravel.com.br\/blog\/"},{"@type":"ListItem","position":2,"name":"A realidade do Metaverso"}]},{"@type":"WebSite","@id":"https:\/\/ravel.com.br\/blog\/#website","url":"https:\/\/ravel.com.br\/blog\/","name":"Blog Tecnologia","description":"Dicas e Artigos sobre Tecnologia","potentialAction":[{"@type":"SearchAction","target":{"@type":"EntryPoint","urlTemplate":"https:\/\/ravel.com.br\/blog\/?s={search_term_string}"},"query-input":{"@type":"PropertyValueSpecification","valueRequired":true,"valueName":"search_term_string"}}],"inLanguage":"pt-BR"},{"@type":"Person","@id":"https:\/\/ravel.com.br\/blog\/#\/schema\/person\/8c1b896e660c50b7e048edbf136fd3df","name":"Benicio Filho","image":{"@type":"ImageObject","inLanguage":"pt-BR","@id":"https:\/\/ravel.com.br\/blog\/#\/schema\/person\/image\/","url":"https:\/\/secure.gravatar.com\/avatar\/90039d3db9064a83ee426386617b9797?s=96&d=mm&r=g","contentUrl":"https:\/\/secure.gravatar.com\/avatar\/90039d3db9064a83ee426386617b9797?s=96&d=mm&r=g","caption":"Benicio Filho"},"description":"Formado em eletr\u00f4nica, graduado em Teologia pela PUC SP, e Filosofia pela universidade Dom Bosco, Mestre pela Universidade Metodista de S\u00e3o Paulo na \u00e1rea de Educa\u00e7\u00e3o, MBA pela FGV em Gest\u00e3o Estrat\u00e9gica e Econ\u00f4mica de Neg\u00f3cios, p\u00f3s-graduado em Psican\u00e1lise pelo Instituto Kadmon de Psican\u00e1lise. Atua no mercado de tecnologia desde 1998. Fundador do Grupo Ravel de Tecnologia, S\u00f3cio da Core Angels Atlantic (Fundo de Investimento Internacional para Startups), s\u00f3cio fundador da Ag\u00eancia Incandescente, e s\u00f3cio fundador da Atlantic Hub e do Conex\u00e3o Europa Im\u00f3veis ambos em Portugal, atua como empres\u00e1rio, escritor e pesquisador das \u00e1reas de empreendedorismo, mentoring, lideran\u00e7a, inova\u00e7\u00e3o e internacionaliza\u00e7\u00e3o. Em dezembro de 2019, lan\u00e7ou o seu primeiro livro \u201cVidas Ressignificadas\", em dezembro de 2020 seu segundo \u201cDo Caos ao Recome\u00e7o\u201d, e em janeiro de 2022 o \u00faltimo publicado \u201cMetamorfose Empreendedora\u201d.","url":"https:\/\/ravel.com.br\/blog\/author\/benicio-filho\/"}]}},"_links":{"self":[{"href":"https:\/\/ravel.com.br\/blog\/wp-json\/wp\/v2\/posts\/3663","targetHints":{"allow":["GET"]}}],"collection":[{"href":"https:\/\/ravel.com.br\/blog\/wp-json\/wp\/v2\/posts"}],"about":[{"href":"https:\/\/ravel.com.br\/blog\/wp-json\/wp\/v2\/types\/post"}],"author":[{"embeddable":true,"href":"https:\/\/ravel.com.br\/blog\/wp-json\/wp\/v2\/users\/19"}],"replies":[{"embeddable":true,"href":"https:\/\/ravel.com.br\/blog\/wp-json\/wp\/v2\/comments?post=3663"}],"version-history":[{"count":4,"href":"https:\/\/ravel.com.br\/blog\/wp-json\/wp\/v2\/posts\/3663\/revisions"}],"predecessor-version":[{"id":3755,"href":"https:\/\/ravel.com.br\/blog\/wp-json\/wp\/v2\/posts\/3663\/revisions\/3755"}],"wp:featuredmedia":[{"embeddable":true,"href":"https:\/\/ravel.com.br\/blog\/wp-json\/wp\/v2\/media\/3665"}],"wp:attachment":[{"href":"https:\/\/ravel.com.br\/blog\/wp-json\/wp\/v2\/media?parent=3663"}],"wp:term":[{"taxonomy":"category","embeddable":true,"href":"https:\/\/ravel.com.br\/blog\/wp-json\/wp\/v2\/categories?post=3663"},{"taxonomy":"post_tag","embeddable":true,"href":"https:\/\/ravel.com.br\/blog\/wp-json\/wp\/v2\/tags?post=3663"}],"curies":[{"name":"wp","href":"https:\/\/api.w.org\/{rel}","templated":true}]}}