{"id":3823,"date":"2022-04-24T18:05:44","date_gmt":"2022-04-24T21:05:44","guid":{"rendered":"https:\/\/ravel.com.br\/blog\/?p=3823"},"modified":"2022-12-19T10:53:26","modified_gmt":"2022-12-19T13:53:26","slug":"restricoes-no-uso-das-versoes-2010-e-2013","status":"publish","type":"post","link":"https:\/\/ravel.com.br\/blog\/restricoes-no-uso-das-versoes-2010-e-2013\/","title":{"rendered":"Restri\u00e7\u00f5es no uso das vers\u00f5es 2010 e 2013"},"content":{"rendered":"\n<p>Tem o Office 2010 ou 2013 em sua m\u00e1quina e, ao tentar acessar o seu e-mail Exchange, uma das mensagens abaixo est\u00e1 sendo exibida?<\/p>\n\n\n\n<figure class=\"wp-block-image aligncenter size-large is-resized\"><img loading=\"lazy\" decoding=\"async\" src=\"https:\/\/ravel.com.br\/blog\/wp-content\/uploads\/2022\/04\/image.png\" alt=\"O outlook exige atualiza\u00e7\u00f5es antes de poder iniciar\" class=\"wp-image-3824\" width=\"645\" height=\"143\" srcset=\"https:\/\/ravel.com.br\/blog\/wp-content\/uploads\/2022\/04\/image.png 899w, https:\/\/ravel.com.br\/blog\/wp-content\/uploads\/2022\/04\/image-300x67.png 300w, https:\/\/ravel.com.br\/blog\/wp-content\/uploads\/2022\/04\/image-768x171.png 768w, https:\/\/ravel.com.br\/blog\/wp-content\/uploads\/2022\/04\/image-610x136.png 610w\" sizes=\"(max-width: 645px) 100vw, 645px\" \/><\/figure>\n\n\n\n<figure class=\"wp-block-image aligncenter size-large is-resized\"><img loading=\"lazy\" decoding=\"async\" src=\"https:\/\/ravel.com.br\/blog\/wp-content\/uploads\/2022\/04\/image-1.png\" alt=\"O administrador do Microsoft Exchange bloqueou a vers\u00e3o do Outlook\" class=\"wp-image-3825\" width=\"456\" height=\"154\" srcset=\"https:\/\/ravel.com.br\/blog\/wp-content\/uploads\/2022\/04\/image-1.png 690w, https:\/\/ravel.com.br\/blog\/wp-content\/uploads\/2022\/04\/image-1-300x101.png 300w, https:\/\/ravel.com.br\/blog\/wp-content\/uploads\/2022\/04\/image-1-610x206.png 610w\" sizes=\"(max-width: 456px) 100vw, 456px\" \/><\/figure>\n\n\n\n<p>Estas mensagens est\u00e3o sendo exibidas porque a Microsoft atualizou alguns protocolos de seguran\u00e7a dos e-mails Exchange, os quais n\u00e3o oferecem suporte nas vers\u00f5es 2010 e 2013 do pacote Office (algumas vers\u00f5es do Office 2013 ainda suportam a configura\u00e7\u00e3o e acesso aos e-mails Exchange pelo Outlook), e a melhor solu\u00e7\u00e3o para resolver essas mensagens e voltar a acessar o seu e-mail pelo Outlook \u00e9 voc\u00ea adquirir uma licen\u00e7a do Microsoft 365, pois com ela voc\u00ea sempre ter\u00e1 acesso as \u00faltimas atualiza\u00e7\u00f5es liberadas pela Microsoft, al\u00e9m de alta disponibilidade do servi\u00e7o.<\/p>\n\n\n\n<p>Para quem utiliza o Office 2013 e deseja mant\u00ea-lo em seu equipamento \u00e9 importante utilizar licenciamento oficial do seu produto, j\u00e1 que a utiliza\u00e7\u00e3o dos m\u00e9todos n\u00e3o oficiais para a ativa\u00e7\u00e3o do Office 2010 e 2013 tem gerado v\u00e1rias vulnerabilidades e \u201cportas abertas\u201d, as quais tem permitido invas\u00f5es e at\u00e9 mesmo ataques de ransomware, pois os atacantes aproveitam essas vulnerabilidades disponibilizadas pelos ativadores para acessar a m\u00e1quina onde ele est\u00e1 instalado, causando preju\u00edzos financeiros e pessoais.<\/p>\n\n\n\n<p>Para voc\u00ea que precisa utilizar o Outlook como servi\u00e7o de e-mail e ter acesso as atualiza\u00e7\u00f5es Microsoft de maneira segura e com baixo custo de investimento, venha falar conosco sobre Microsoft 365, temos um time especializado para te orientar referente a aquisi\u00e7\u00e3o de uma licen\u00e7a e como proceder para manter seu e-mail funcionando e suas informa\u00e7\u00f5es mais seguras.<\/p>\n\n\n\n<p>Para mais dicas sobre o Office, acesse: <a href=\"https:\/\/ravel.com.br\/blog\/category\/dicas\/office\/\">Dicas sobre Office &#8211; Blog Tecnologia (ravel.com.br)<\/a><\/p>\n\n\n\n<figure class=\"wp-block-image size-large\"><a href=\"https:\/\/ravel.com.br\/\" target=\"_blank\" rel=\"noopener noreferrer\"><img loading=\"lazy\" decoding=\"async\" width=\"1024\" height=\"133\" src=\"https:\/\/ravel.com.br\/blog\/wp-content\/uploads\/2021\/11\/CTA-Suporte-de-TI-para-empresas-1024x133.jpg\" alt=\"\" class=\"wp-image-3526\" srcset=\"https:\/\/ravel.com.br\/blog\/wp-content\/uploads\/2021\/11\/CTA-Suporte-de-TI-para-empresas-1024x133.jpg 1024w, https:\/\/ravel.com.br\/blog\/wp-content\/uploads\/2021\/11\/CTA-Suporte-de-TI-para-empresas-300x39.jpg 300w, https:\/\/ravel.com.br\/blog\/wp-content\/uploads\/2021\/11\/CTA-Suporte-de-TI-para-empresas-768x100.jpg 768w, https:\/\/ravel.com.br\/blog\/wp-content\/uploads\/2021\/11\/CTA-Suporte-de-TI-para-empresas-1536x199.jpg 1536w, https:\/\/ravel.com.br\/blog\/wp-content\/uploads\/2021\/11\/CTA-Suporte-de-TI-para-empresas-2048x266.jpg 2048w, https:\/\/ravel.com.br\/blog\/wp-content\/uploads\/2021\/11\/CTA-Suporte-de-TI-para-empresas-610x79.jpg 610w, https:\/\/ravel.com.br\/blog\/wp-content\/uploads\/2021\/11\/CTA-Suporte-de-TI-para-empresas-1080x140.jpg 1080w\" sizes=\"(max-width: 1024px) 100vw, 1024px\" \/><\/a><\/figure>\n","protected":false},"excerpt":{"rendered":"<p>Tem o Office 2010 ou 2013 em sua m\u00e1quina e ao tentar acessar o seu e-mail Exchange, mensagens de erro s\u00e3o exibidas? Veja os motivos<\/p>\n","protected":false},"author":29,"featured_media":4483,"comment_status":"open","ping_status":"open","sticky":false,"template":"","format":"standard","meta":{"_et_pb_use_builder":"","_et_pb_old_content":"","_et_gb_content_width":"","footnotes":""},"categories":[60,83],"tags":[],"class_list":["post-3823","post","type-post","status-publish","format-standard","has-post-thumbnail","hentry","category-dicas","category-office","et-has-post-format-content","et_post_format-et-post-format-standard"],"yoast_head":"<!-- This site is optimized with the Yoast SEO plugin v24.1 - https:\/\/yoast.com\/wordpress\/plugins\/seo\/ -->\n<title>Restri\u00e7\u00f5es no uso das vers\u00f5es 2010 e 2013 - Blog - Ravel Tecnologia<\/title>\n<meta name=\"description\" content=\"Tem o Office 2010 ou 2013 em sua m\u00e1quina e ao tentar acessar o seu e-mail Exchange, mensagens de erro s\u00e3o exibidas? Veja os motivos\" \/>\n<meta name=\"robots\" content=\"index, follow, max-snippet:-1, max-image-preview:large, max-video-preview:-1\" \/>\n<link rel=\"canonical\" href=\"https:\/\/ravel.com.br\/blog\/restricoes-no-uso-das-versoes-2010-e-2013\/\" \/>\n<meta property=\"og:locale\" content=\"pt_BR\" \/>\n<meta property=\"og:type\" content=\"article\" \/>\n<meta property=\"og:title\" content=\"Restri\u00e7\u00f5es no uso das vers\u00f5es 2010 e 2013 - Blog - Ravel Tecnologia\" \/>\n<meta property=\"og:description\" content=\"Tem o Office 2010 ou 2013 em sua m\u00e1quina e ao tentar acessar o seu e-mail Exchange, mensagens de erro s\u00e3o exibidas? Veja os motivos\" \/>\n<meta property=\"og:url\" content=\"https:\/\/ravel.com.br\/blog\/restricoes-no-uso-das-versoes-2010-e-2013\/\" \/>\n<meta property=\"og:site_name\" content=\"Blog Tecnologia\" \/>\n<meta property=\"article:published_time\" content=\"2022-04-24T21:05:44+00:00\" \/>\n<meta property=\"article:modified_time\" content=\"2022-12-19T13:53:26+00:00\" \/>\n<meta property=\"og:image\" content=\"https:\/\/ravel.com.br\/blog\/wp-content\/uploads\/2022\/04\/Restricoes-Office-2013-capa.jpg\" \/>\n\t<meta property=\"og:image:width\" content=\"1367\" \/>\n\t<meta property=\"og:image:height\" content=\"716\" \/>\n\t<meta property=\"og:image:type\" content=\"image\/jpeg\" \/>\n<meta name=\"author\" content=\"Mayara Polli\" \/>\n<meta name=\"twitter:card\" content=\"summary_large_image\" \/>\n<meta name=\"twitter:label1\" content=\"Escrito por\" \/>\n\t<meta name=\"twitter:data1\" content=\"Mayara Polli\" \/>\n\t<meta name=\"twitter:label2\" content=\"Est. tempo de leitura\" \/>\n\t<meta name=\"twitter:data2\" content=\"3 minutos\" \/>\n<script type=\"application\/ld+json\" class=\"yoast-schema-graph\">{\"@context\":\"https:\/\/schema.org\",\"@graph\":[{\"@type\":\"WebPage\",\"@id\":\"https:\/\/ravel.com.br\/blog\/restricoes-no-uso-das-versoes-2010-e-2013\/\",\"url\":\"https:\/\/ravel.com.br\/blog\/restricoes-no-uso-das-versoes-2010-e-2013\/\",\"name\":\"Restri\u00e7\u00f5es no uso das vers\u00f5es 2010 e 2013 - Blog - Ravel Tecnologia\",\"isPartOf\":{\"@id\":\"https:\/\/ravel.com.br\/blog\/#website\"},\"primaryImageOfPage\":{\"@id\":\"https:\/\/ravel.com.br\/blog\/restricoes-no-uso-das-versoes-2010-e-2013\/#primaryimage\"},\"image\":{\"@id\":\"https:\/\/ravel.com.br\/blog\/restricoes-no-uso-das-versoes-2010-e-2013\/#primaryimage\"},\"thumbnailUrl\":\"https:\/\/ravel.com.br\/blog\/wp-content\/uploads\/2022\/04\/Restricoes-Office-2013-capa.jpg\",\"datePublished\":\"2022-04-24T21:05:44+00:00\",\"dateModified\":\"2022-12-19T13:53:26+00:00\",\"author\":{\"@id\":\"https:\/\/ravel.com.br\/blog\/#\/schema\/person\/97cbe924f514498c43ac9f71b9ab0482\"},\"description\":\"Tem o Office 2010 ou 2013 em sua m\u00e1quina e ao tentar acessar o seu e-mail Exchange, mensagens de erro s\u00e3o exibidas? Veja os motivos\",\"breadcrumb\":{\"@id\":\"https:\/\/ravel.com.br\/blog\/restricoes-no-uso-das-versoes-2010-e-2013\/#breadcrumb\"},\"inLanguage\":\"pt-BR\",\"potentialAction\":[{\"@type\":\"ReadAction\",\"target\":[\"https:\/\/ravel.com.br\/blog\/restricoes-no-uso-das-versoes-2010-e-2013\/\"]}]},{\"@type\":\"ImageObject\",\"inLanguage\":\"pt-BR\",\"@id\":\"https:\/\/ravel.com.br\/blog\/restricoes-no-uso-das-versoes-2010-e-2013\/#primaryimage\",\"url\":\"https:\/\/ravel.com.br\/blog\/wp-content\/uploads\/2022\/04\/Restricoes-Office-2013-capa.jpg\",\"contentUrl\":\"https:\/\/ravel.com.br\/blog\/wp-content\/uploads\/2022\/04\/Restricoes-Office-2013-capa.jpg\",\"width\":1367,\"height\":716},{\"@type\":\"BreadcrumbList\",\"@id\":\"https:\/\/ravel.com.br\/blog\/restricoes-no-uso-das-versoes-2010-e-2013\/#breadcrumb\",\"itemListElement\":[{\"@type\":\"ListItem\",\"position\":1,\"name\":\"In\u00edcio\",\"item\":\"https:\/\/ravel.com.br\/blog\/\"},{\"@type\":\"ListItem\",\"position\":2,\"name\":\"Restri\u00e7\u00f5es no uso das vers\u00f5es 2010 e 2013\"}]},{\"@type\":\"WebSite\",\"@id\":\"https:\/\/ravel.com.br\/blog\/#website\",\"url\":\"https:\/\/ravel.com.br\/blog\/\",\"name\":\"Blog Tecnologia\",\"description\":\"Dicas e Artigos sobre Tecnologia\",\"potentialAction\":[{\"@type\":\"SearchAction\",\"target\":{\"@type\":\"EntryPoint\",\"urlTemplate\":\"https:\/\/ravel.com.br\/blog\/?s={search_term_string}\"},\"query-input\":{\"@type\":\"PropertyValueSpecification\",\"valueRequired\":true,\"valueName\":\"search_term_string\"}}],\"inLanguage\":\"pt-BR\"},{\"@type\":\"Person\",\"@id\":\"https:\/\/ravel.com.br\/blog\/#\/schema\/person\/97cbe924f514498c43ac9f71b9ab0482\",\"name\":\"Mayara Polli\",\"image\":{\"@type\":\"ImageObject\",\"inLanguage\":\"pt-BR\",\"@id\":\"https:\/\/ravel.com.br\/blog\/#\/schema\/person\/image\/\",\"url\":\"https:\/\/secure.gravatar.com\/avatar\/93b8d804c131d618faa89e8f4767222e?s=96&d=mm&r=g\",\"contentUrl\":\"https:\/\/secure.gravatar.com\/avatar\/93b8d804c131d618faa89e8f4767222e?s=96&d=mm&r=g\",\"caption\":\"Mayara Polli\"},\"description\":\"Tecn\u00f3loga formada em Seguran\u00e7a da Informa\u00e7\u00e3o. Atuo no time de suporte aos clientes, buscando constante aprendizado e sempre o melhor atendimento para a resolu\u00e7\u00e3o das demandas dos usu\u00e1rios. Gosto de cozinhar, assistir s\u00e9ries e sair para conversar com os amigos\",\"url\":\"https:\/\/ravel.com.br\/blog\/author\/mayara-polli\/\"}]}<\/script>\n<!-- \/ Yoast SEO plugin. -->","yoast_head_json":{"title":"Restri\u00e7\u00f5es no uso das vers\u00f5es 2010 e 2013 - Blog - Ravel Tecnologia","description":"Tem o Office 2010 ou 2013 em sua m\u00e1quina e ao tentar acessar o seu e-mail Exchange, mensagens de erro s\u00e3o exibidas? Veja os motivos","robots":{"index":"index","follow":"follow","max-snippet":"max-snippet:-1","max-image-preview":"max-image-preview:large","max-video-preview":"max-video-preview:-1"},"canonical":"https:\/\/ravel.com.br\/blog\/restricoes-no-uso-das-versoes-2010-e-2013\/","og_locale":"pt_BR","og_type":"article","og_title":"Restri\u00e7\u00f5es no uso das vers\u00f5es 2010 e 2013 - Blog - Ravel Tecnologia","og_description":"Tem o Office 2010 ou 2013 em sua m\u00e1quina e ao tentar acessar o seu e-mail Exchange, mensagens de erro s\u00e3o exibidas? Veja os motivos","og_url":"https:\/\/ravel.com.br\/blog\/restricoes-no-uso-das-versoes-2010-e-2013\/","og_site_name":"Blog Tecnologia","article_published_time":"2022-04-24T21:05:44+00:00","article_modified_time":"2022-12-19T13:53:26+00:00","og_image":[{"width":1367,"height":716,"url":"https:\/\/ravel.com.br\/blog\/wp-content\/uploads\/2022\/04\/Restricoes-Office-2013-capa.jpg","type":"image\/jpeg"}],"author":"Mayara Polli","twitter_card":"summary_large_image","twitter_misc":{"Escrito por":"Mayara Polli","Est. tempo de leitura":"3 minutos"},"schema":{"@context":"https:\/\/schema.org","@graph":[{"@type":"WebPage","@id":"https:\/\/ravel.com.br\/blog\/restricoes-no-uso-das-versoes-2010-e-2013\/","url":"https:\/\/ravel.com.br\/blog\/restricoes-no-uso-das-versoes-2010-e-2013\/","name":"Restri\u00e7\u00f5es no uso das vers\u00f5es 2010 e 2013 - Blog - Ravel Tecnologia","isPartOf":{"@id":"https:\/\/ravel.com.br\/blog\/#website"},"primaryImageOfPage":{"@id":"https:\/\/ravel.com.br\/blog\/restricoes-no-uso-das-versoes-2010-e-2013\/#primaryimage"},"image":{"@id":"https:\/\/ravel.com.br\/blog\/restricoes-no-uso-das-versoes-2010-e-2013\/#primaryimage"},"thumbnailUrl":"https:\/\/ravel.com.br\/blog\/wp-content\/uploads\/2022\/04\/Restricoes-Office-2013-capa.jpg","datePublished":"2022-04-24T21:05:44+00:00","dateModified":"2022-12-19T13:53:26+00:00","author":{"@id":"https:\/\/ravel.com.br\/blog\/#\/schema\/person\/97cbe924f514498c43ac9f71b9ab0482"},"description":"Tem o Office 2010 ou 2013 em sua m\u00e1quina e ao tentar acessar o seu e-mail Exchange, mensagens de erro s\u00e3o exibidas? Veja os motivos","breadcrumb":{"@id":"https:\/\/ravel.com.br\/blog\/restricoes-no-uso-das-versoes-2010-e-2013\/#breadcrumb"},"inLanguage":"pt-BR","potentialAction":[{"@type":"ReadAction","target":["https:\/\/ravel.com.br\/blog\/restricoes-no-uso-das-versoes-2010-e-2013\/"]}]},{"@type":"ImageObject","inLanguage":"pt-BR","@id":"https:\/\/ravel.com.br\/blog\/restricoes-no-uso-das-versoes-2010-e-2013\/#primaryimage","url":"https:\/\/ravel.com.br\/blog\/wp-content\/uploads\/2022\/04\/Restricoes-Office-2013-capa.jpg","contentUrl":"https:\/\/ravel.com.br\/blog\/wp-content\/uploads\/2022\/04\/Restricoes-Office-2013-capa.jpg","width":1367,"height":716},{"@type":"BreadcrumbList","@id":"https:\/\/ravel.com.br\/blog\/restricoes-no-uso-das-versoes-2010-e-2013\/#breadcrumb","itemListElement":[{"@type":"ListItem","position":1,"name":"In\u00edcio","item":"https:\/\/ravel.com.br\/blog\/"},{"@type":"ListItem","position":2,"name":"Restri\u00e7\u00f5es no uso das vers\u00f5es 2010 e 2013"}]},{"@type":"WebSite","@id":"https:\/\/ravel.com.br\/blog\/#website","url":"https:\/\/ravel.com.br\/blog\/","name":"Blog Tecnologia","description":"Dicas e Artigos sobre Tecnologia","potentialAction":[{"@type":"SearchAction","target":{"@type":"EntryPoint","urlTemplate":"https:\/\/ravel.com.br\/blog\/?s={search_term_string}"},"query-input":{"@type":"PropertyValueSpecification","valueRequired":true,"valueName":"search_term_string"}}],"inLanguage":"pt-BR"},{"@type":"Person","@id":"https:\/\/ravel.com.br\/blog\/#\/schema\/person\/97cbe924f514498c43ac9f71b9ab0482","name":"Mayara Polli","image":{"@type":"ImageObject","inLanguage":"pt-BR","@id":"https:\/\/ravel.com.br\/blog\/#\/schema\/person\/image\/","url":"https:\/\/secure.gravatar.com\/avatar\/93b8d804c131d618faa89e8f4767222e?s=96&d=mm&r=g","contentUrl":"https:\/\/secure.gravatar.com\/avatar\/93b8d804c131d618faa89e8f4767222e?s=96&d=mm&r=g","caption":"Mayara Polli"},"description":"Tecn\u00f3loga formada em Seguran\u00e7a da Informa\u00e7\u00e3o. Atuo no time de suporte aos clientes, buscando constante aprendizado e sempre o melhor atendimento para a resolu\u00e7\u00e3o das demandas dos usu\u00e1rios. Gosto de cozinhar, assistir s\u00e9ries e sair para conversar com os amigos","url":"https:\/\/ravel.com.br\/blog\/author\/mayara-polli\/"}]}},"_links":{"self":[{"href":"https:\/\/ravel.com.br\/blog\/wp-json\/wp\/v2\/posts\/3823","targetHints":{"allow":["GET"]}}],"collection":[{"href":"https:\/\/ravel.com.br\/blog\/wp-json\/wp\/v2\/posts"}],"about":[{"href":"https:\/\/ravel.com.br\/blog\/wp-json\/wp\/v2\/types\/post"}],"author":[{"embeddable":true,"href":"https:\/\/ravel.com.br\/blog\/wp-json\/wp\/v2\/users\/29"}],"replies":[{"embeddable":true,"href":"https:\/\/ravel.com.br\/blog\/wp-json\/wp\/v2\/comments?post=3823"}],"version-history":[{"count":3,"href":"https:\/\/ravel.com.br\/blog\/wp-json\/wp\/v2\/posts\/3823\/revisions"}],"predecessor-version":[{"id":4484,"href":"https:\/\/ravel.com.br\/blog\/wp-json\/wp\/v2\/posts\/3823\/revisions\/4484"}],"wp:featuredmedia":[{"embeddable":true,"href":"https:\/\/ravel.com.br\/blog\/wp-json\/wp\/v2\/media\/4483"}],"wp:attachment":[{"href":"https:\/\/ravel.com.br\/blog\/wp-json\/wp\/v2\/media?parent=3823"}],"wp:term":[{"taxonomy":"category","embeddable":true,"href":"https:\/\/ravel.com.br\/blog\/wp-json\/wp\/v2\/categories?post=3823"},{"taxonomy":"post_tag","embeddable":true,"href":"https:\/\/ravel.com.br\/blog\/wp-json\/wp\/v2\/tags?post=3823"}],"curies":[{"name":"wp","href":"https:\/\/api.w.org\/{rel}","templated":true}]}}