{"id":3856,"date":"2022-05-09T19:15:10","date_gmt":"2022-05-09T22:15:10","guid":{"rendered":"https:\/\/ravel.com.br\/blog\/?p=3856"},"modified":"2022-05-09T19:22:30","modified_gmt":"2022-05-09T22:22:30","slug":"o-telegram-e-as-fake-news","status":"publish","type":"post","link":"https:\/\/ravel.com.br\/blog\/o-telegram-e-as-fake-news\/","title":{"rendered":"O Telegram e as Fake News"},"content":{"rendered":"\n<p>Recentemente o Telegram quase teve suas opera\u00e7\u00f5es suspensas no Brasil pelo STF por causa de ser um dos principais canais de prolifera\u00e7\u00e3o das Fake News. Depois de ser notificado pela justi\u00e7a, acabaram adotando novas medidas para reduzir este problema.<\/p>\n\n\n\n<p>Acredito que voc\u00ea saiba, mas caso n\u00e3o saiba, uma fake News \u00e9 uma not\u00edcia falsa. (sendo tamb\u00e9m muito comum o uso do termo em ingl\u00eas fake news) s\u00e3o uma forma de imprensa marrom que consiste na distribui\u00e7\u00e3o deliberada de desinforma\u00e7\u00e3o ou boatos via jornal impresso, televis\u00e3o, r\u00e1dio, ou ainda online, como nas m\u00eddias sociais.<\/p>\n\n\n\n<p>Este tipo de not\u00edcia \u00e9 escrito e publicado com a inten\u00e7\u00e3o de enganar, a fim de se obter ganhos financeiros ou pol\u00edticos, muitas vezes com manchetes sensacionalistas, exageradas ou evidentemente falsas para chamar a aten\u00e7\u00e3o.<\/p>\n\n\n\n<p>O conte\u00fado intencionalmente enganoso e falso \u00e9 diferente da s\u00e1tira ou par\u00f3dia. Estas not\u00edcias, muitas vezes, empregam manchetes atraentes ou inteiramente fabricadas para aumentar o n\u00famero de leitores, compartilhamento e taxas de clique na Internet.<\/p>\n\n\n\n<p>Neste \u00faltimo caso, \u00e9 semelhante \u00e0s manchetes &#8220;clickbait&#8221;, e se baseia em receitas de publicidade geradas a partir desta atividade, independentemente da veracidade das hist\u00f3rias publicadas.<\/p>\n\n\n\n<h2 class=\"wp-block-heading\"><strong>AS NOT\u00cdCIAS FALSAS OU FAKE NEWS LEVAM MAIS PESSOAS A MORTE DO QUE VOC\u00ca PODE IMAGINAR<\/strong><\/h2>\n\n\n\n<p>As not\u00edcias falsas tamb\u00e9m prejudicam a cobertura profissional da imprensa e torna mais dif\u00edcil para os jornalistas cobrir not\u00edcias significativas.<\/p>\n\n\n\n<p>O f\u00e1cil acesso online ao lucro de an\u00fancios online, o aumento da polariza\u00e7\u00e3o pol\u00edtica e da popularidade das m\u00eddias sociais, principalmente a linha do tempo do Facebook, t\u00eam implicado na propaga\u00e7\u00e3o de not\u00edcias deste g\u00eanero, por exemplo.<\/p>\n\n\n\n<p>A quantidade de sites com not\u00edcias falsas anonimamente hospedados e a falta de editores conhecidos tamb\u00e9m v\u00eam crescendo, porque isso torna dif\u00edcil processar os autores por cal\u00fania.<\/p>\n\n\n\n<p>A relev\u00e2ncia dessas not\u00edcias aumentou em uma realidade pol\u00edtica &#8220;p\u00f3s-verdade&#8221;. Em resposta, os pesquisadores t\u00eam estudado o desenvolvimento de uma &#8220;vacina&#8221; psicol\u00f3gica para ajudar as pessoas a detectar falsas informa\u00e7\u00f5es.<\/p>\n\n\n\n<p>Al\u00e9m da dissemina\u00e7\u00e3o de not\u00edcias falsas atrav\u00e9s da m\u00eddia, a express\u00e3o tamb\u00e9m define, em um \u00e2mbito mais abrangente, a dissemina\u00e7\u00e3o de boatos pelas m\u00eddias sociais, por usu\u00e1rios comuns.<\/p>\n\n\n\n<p>Algumas vezes, isso pode ter consequ\u00eancias graves, como o not\u00f3rio caso ocorrido em 2014, do linchamento de uma dona de casa na cidade de Guaruj\u00e1, no litoral do estado de S\u00e3o Paulo, Brasil.<\/p>\n\n\n\n<p>\u00c9 \u00f3bvio como voc\u00ea pode perceber que n\u00e3o \u00e9 apenas o Telegram que tem sido propagador de not\u00edcias falsas, mas ele \u00e9 hoje um dos principais caminhos para elas.<\/p>\n\n\n\n<figure class=\"wp-block-image size-large\"><img loading=\"lazy\" decoding=\"async\" width=\"1024\" height=\"446\" src=\"https:\/\/ravel.com.br\/blog\/wp-content\/uploads\/2022\/05\/Fake-News-Banner-1024x446.jpg\" alt=\"Fake News\" class=\"wp-image-3859\" srcset=\"https:\/\/ravel.com.br\/blog\/wp-content\/uploads\/2022\/05\/Fake-News-Banner-1024x446.jpg 1024w, https:\/\/ravel.com.br\/blog\/wp-content\/uploads\/2022\/05\/Fake-News-Banner-300x131.jpg 300w, https:\/\/ravel.com.br\/blog\/wp-content\/uploads\/2022\/05\/Fake-News-Banner-768x335.jpg 768w, https:\/\/ravel.com.br\/blog\/wp-content\/uploads\/2022\/05\/Fake-News-Banner-610x266.jpg 610w, https:\/\/ravel.com.br\/blog\/wp-content\/uploads\/2022\/05\/Fake-News-Banner-1080x471.jpg 1080w, https:\/\/ravel.com.br\/blog\/wp-content\/uploads\/2022\/05\/Fake-News-Banner.jpg 1475w\" sizes=\"(max-width: 1024px) 100vw, 1024px\" \/><\/figure>\n\n\n\n<p>Pensando nisso e tendo sua imagem ligada a esse tema com muita frequ\u00eancia, recentemente eles lan\u00e7aram sete medidas para reduzir a propaga\u00e7\u00e3o de fake news em sua plataforma. Vamos \u00e0s medidas que eles adotaram.<\/p>\n\n\n\n<p><strong>1- AN\u00c1LISE CONT\u00cdNUA DOS 100 CANAIS MAIS POPULARES<\/strong><\/p>\n\n\n\n<p>Das medidas tomadas para conter a dissemina\u00e7\u00e3o de not\u00edcias falsas, o Telegram inicia com o monitoramento manual di\u00e1rio dos 100 canais mais populares do Brasil,&nbsp; estes respons\u00e1veis por 95% de todas as visualiza\u00e7\u00f5es de mensagens p\u00fablicas do mensageiro no pa\u00eds.<\/p>\n\n\n\n<p>\u201cAcreditamos que essa medida ser\u00e1 impactante, pois nos permite identificar informa\u00e7\u00f5es perigosas e deliberadamente falsas no Telegram com mais efici\u00eancia\u201d, explicou o aplicativo.<\/p>\n\n\n\n<p><strong>2- DE OLHO NA M\u00cdDIA<\/strong><\/p>\n\n\n\n<p>Para complementar, a plataforma tamb\u00e9m far\u00e1 um acompanhamento manual di\u00e1rio de todas as principais m\u00eddias brasileiras.<\/p>\n\n\n\n<p>A medida servir\u00e1 para manter o mensageiro atento ao que falam dele em ve\u00edculos jornal\u00edsticos e redes sociais a fim de identificar discuss\u00f5es p\u00fablicas quanto \u00e0 modera\u00e7\u00e3o de conte\u00fado.<\/p>\n\n\n\n<p><strong>3- DEN\u00daNCIA DE MENSAGEM COM INFORMA\u00c7\u00c3O FALSA<\/strong><\/p>\n\n\n\n<p>Usu\u00e1rios do Telegram poder\u00e3o marcar mensagens como \u201cpotencialmente contendo informa\u00e7\u00f5es imprecisas\u201d. A a\u00e7\u00e3o n\u00e3o tira a mensagem de circula\u00e7\u00e3o, mas exibir\u00e1 um alerta vis\u00edvel para quem ler o envio inclusive se forem encaminhadas para outros grupos.<\/p>\n\n\n\n<p>\u201cPara melhor identificar essas postagens, estamos estabelecendo rela\u00e7\u00f5es de trabalho com importantes organiza\u00e7\u00f5es de checagem de fatos no Brasil, como Ag\u00eancia Lupa, Aos Fatos, Boatos.org e outras\u201d, garantiu a plataforma.<\/p>\n\n\n\n<p>Com a medida, o Telegram espera que seja poss\u00edvel marcar publica\u00e7\u00f5es espec\u00edficas como \u201cfake news em potencial\u201d e adicionar links para as fontes corretas de informa\u00e7\u00e3o, como dessas organiza\u00e7\u00f5es de verifica\u00e7\u00f5es de fatos.<\/p>\n\n\n\n<p><strong>4- RESTRI\u00c7\u00d5ES PARA AUTORES DE DESINFORMA\u00c7\u00c3O<\/strong><\/p>\n\n\n\n<p>Aqueles que forem banidos por espalhar fake news no Telegram ter\u00e3o restri\u00e7\u00f5es em postagens p\u00fablicas.<\/p>\n\n\n\n<p>A medida foi implementada pelo app neste fim de semana e j\u00e1 foi aplicada aos autores de canais previamente identificados pelas autoridades brasileiras, como alguns ligados ao blogueiro Allan dos Santos.<\/p>\n\n\n\n<p><strong>5- TERMOS DE SERVI\u00c7O ATUALIZADOS<\/strong><\/p>\n\n\n\n<p>Para documentar as novas medidas, o Telegram lan\u00e7ou um contrato de Termos de Servi\u00e7o revisado. O documento estar\u00e1 dispon\u00edvel para os usu\u00e1rios na pr\u00f3xima grande atualiza\u00e7\u00e3o do aplicativo, cujo lan\u00e7amento est\u00e1 previsto para as pr\u00f3ximas duas semanas.<\/p>\n\n\n\n<p><strong>6- MODERA\u00c7\u00c3O DE CONTE\u00daDO REVISADA<\/strong><\/p>\n\n\n\n<p>O Telegram iniciou uma revis\u00e3o preliminar das \u201cleis aplic\u00e1veis no Brasil\u201d para ajudar no refinamento das estrat\u00e9gias de modera\u00e7\u00e3o de conte\u00fado.<\/p>\n\n\n\n<p>A an\u00e1lise, que tamb\u00e9m se atentou \u00e0s estrat\u00e9gias de outras empresas de tecnologia (como Meta e Twitter), formou um \u201cplano potencial para a\u00e7\u00f5es futuras\u201d, incluindo a capacidade de denunciar publica\u00e7\u00f5es como falsas.<\/p>\n\n\n\n<p><strong>7- INFORMA\u00c7\u00d5ES VERIFICADAS EM DESTAQUE<\/strong><\/p>\n\n\n\n<p>No combate direto \u00e0 desinforma\u00e7\u00e3o, o Telegram conta agora com mecanismos para promover informa\u00e7\u00f5es verificadas, especialmente aquelas que podem salvar vidas e melhorar a sa\u00fade p\u00fablica, tais como medidas para conter a covid-19.<\/p>\n\n\n\n<p>A plataforma poder\u00e1 enviar um convite para ingressar em um canal oficial verificado para todos os usu\u00e1rios brasileiros.<\/p>\n\n\n\n<p>Gostou do conte\u00fado? Comente, compartilhe e deixe aqui seu coment\u00e1rio. Forte abra\u00e7o e nos vemos no pr\u00f3ximo artigo.<\/p>\n\n\n\n<figure class=\"wp-block-image size-large\"><a href=\"https:\/\/ravel.com.br\/\" target=\"_blank\" rel=\"noopener noreferrer\"><img loading=\"lazy\" decoding=\"async\" width=\"1024\" height=\"133\" src=\"https:\/\/ravel.com.br\/blog\/wp-content\/uploads\/2021\/11\/CTA-Tecnologia-a-seu-favor-1024x133.jpg\" alt=\"\" class=\"wp-image-3527\" srcset=\"https:\/\/ravel.com.br\/blog\/wp-content\/uploads\/2021\/11\/CTA-Tecnologia-a-seu-favor-1024x133.jpg 1024w, https:\/\/ravel.com.br\/blog\/wp-content\/uploads\/2021\/11\/CTA-Tecnologia-a-seu-favor-300x39.jpg 300w, https:\/\/ravel.com.br\/blog\/wp-content\/uploads\/2021\/11\/CTA-Tecnologia-a-seu-favor-768x100.jpg 768w, https:\/\/ravel.com.br\/blog\/wp-content\/uploads\/2021\/11\/CTA-Tecnologia-a-seu-favor-1536x199.jpg 1536w, https:\/\/ravel.com.br\/blog\/wp-content\/uploads\/2021\/11\/CTA-Tecnologia-a-seu-favor-2048x266.jpg 2048w, https:\/\/ravel.com.br\/blog\/wp-content\/uploads\/2021\/11\/CTA-Tecnologia-a-seu-favor-610x79.jpg 610w, https:\/\/ravel.com.br\/blog\/wp-content\/uploads\/2021\/11\/CTA-Tecnologia-a-seu-favor-1080x140.jpg 1080w\" sizes=\"(max-width: 1024px) 100vw, 1024px\" \/><\/a><\/figure>\n\n\n\n<p><\/p>\n","protected":false},"excerpt":{"rendered":"<p>Recentemente o Telegram quase teve suas opera\u00e7\u00f5es suspensas no Brasil pelo STF por causa de ser um dos principais canais de prolifera\u00e7\u00e3o das Fake News. Depois de ser notificado pela justi\u00e7a, acabaram adotando novas medidas para reduzir este problema. Neste artigo, aprofundamos mais este tema.<\/p>\n","protected":false},"author":19,"featured_media":3858,"comment_status":"open","ping_status":"open","sticky":false,"template":"","format":"standard","meta":{"_et_pb_use_builder":"","_et_pb_old_content":"","_et_gb_content_width":"","footnotes":""},"categories":[105],"tags":[],"class_list":["post-3856","post","type-post","status-publish","format-standard","has-post-thumbnail","hentry","category-viver-com-tecnologia","et-has-post-format-content","et_post_format-et-post-format-standard"],"yoast_head":"<!-- This site is optimized with the Yoast SEO plugin v24.1 - https:\/\/yoast.com\/wordpress\/plugins\/seo\/ -->\n<title>O Telegram e as Fake News - Blog - Ravel Tecnologia<\/title>\n<meta name=\"description\" content=\"Recentemente o Telegram quase teve suas opera\u00e7\u00f5es suspensas no Brasil pelo STF por causa de ser um dos principais canais de prolifera\u00e7\u00e3o das Fake News. Depois de ser notificado pela justi\u00e7a, acabaram adotando novas medidas para reduzir este problema. Neste artigo, aprofundamos mais este tema.\" \/>\n<meta name=\"robots\" content=\"index, follow, max-snippet:-1, max-image-preview:large, max-video-preview:-1\" \/>\n<link rel=\"canonical\" href=\"https:\/\/ravel.com.br\/blog\/o-telegram-e-as-fake-news\/\" \/>\n<meta property=\"og:locale\" content=\"pt_BR\" \/>\n<meta property=\"og:type\" content=\"article\" \/>\n<meta property=\"og:title\" content=\"O Telegram e as Fake News - Blog - Ravel Tecnologia\" \/>\n<meta property=\"og:description\" content=\"Recentemente o Telegram quase teve suas opera\u00e7\u00f5es suspensas no Brasil pelo STF por causa de ser um dos principais canais de prolifera\u00e7\u00e3o das Fake News. Depois de ser notificado pela justi\u00e7a, acabaram adotando novas medidas para reduzir este problema. Neste artigo, aprofundamos mais este tema.\" \/>\n<meta property=\"og:url\" content=\"https:\/\/ravel.com.br\/blog\/o-telegram-e-as-fake-news\/\" \/>\n<meta property=\"og:site_name\" content=\"Blog Tecnologia\" \/>\n<meta property=\"article:published_time\" content=\"2022-05-09T22:15:10+00:00\" \/>\n<meta property=\"article:modified_time\" content=\"2022-05-09T22:22:30+00:00\" \/>\n<meta property=\"og:image\" content=\"https:\/\/ravel.com.br\/blog\/wp-content\/uploads\/2022\/05\/Fake-News-Capa.jpg\" \/>\n\t<meta property=\"og:image:width\" content=\"1214\" \/>\n\t<meta property=\"og:image:height\" content=\"714\" \/>\n\t<meta property=\"og:image:type\" content=\"image\/jpeg\" \/>\n<meta name=\"author\" content=\"Benicio Filho\" \/>\n<meta name=\"twitter:card\" content=\"summary_large_image\" \/>\n<meta name=\"twitter:label1\" content=\"Escrito por\" \/>\n\t<meta name=\"twitter:data1\" content=\"Benicio Filho\" \/>\n\t<meta name=\"twitter:label2\" content=\"Est. tempo de leitura\" \/>\n\t<meta name=\"twitter:data2\" content=\"5 minutos\" \/>\n<script type=\"application\/ld+json\" class=\"yoast-schema-graph\">{\"@context\":\"https:\/\/schema.org\",\"@graph\":[{\"@type\":\"WebPage\",\"@id\":\"https:\/\/ravel.com.br\/blog\/o-telegram-e-as-fake-news\/\",\"url\":\"https:\/\/ravel.com.br\/blog\/o-telegram-e-as-fake-news\/\",\"name\":\"O Telegram e as Fake News - Blog - Ravel Tecnologia\",\"isPartOf\":{\"@id\":\"https:\/\/ravel.com.br\/blog\/#website\"},\"primaryImageOfPage\":{\"@id\":\"https:\/\/ravel.com.br\/blog\/o-telegram-e-as-fake-news\/#primaryimage\"},\"image\":{\"@id\":\"https:\/\/ravel.com.br\/blog\/o-telegram-e-as-fake-news\/#primaryimage\"},\"thumbnailUrl\":\"https:\/\/ravel.com.br\/blog\/wp-content\/uploads\/2022\/05\/Fake-News-Capa.jpg\",\"datePublished\":\"2022-05-09T22:15:10+00:00\",\"dateModified\":\"2022-05-09T22:22:30+00:00\",\"author\":{\"@id\":\"https:\/\/ravel.com.br\/blog\/#\/schema\/person\/8c1b896e660c50b7e048edbf136fd3df\"},\"description\":\"Recentemente o Telegram quase teve suas opera\u00e7\u00f5es suspensas no Brasil pelo STF por causa de ser um dos principais canais de prolifera\u00e7\u00e3o das Fake News. Depois de ser notificado pela justi\u00e7a, acabaram adotando novas medidas para reduzir este problema. Neste artigo, aprofundamos mais este tema.\",\"breadcrumb\":{\"@id\":\"https:\/\/ravel.com.br\/blog\/o-telegram-e-as-fake-news\/#breadcrumb\"},\"inLanguage\":\"pt-BR\",\"potentialAction\":[{\"@type\":\"ReadAction\",\"target\":[\"https:\/\/ravel.com.br\/blog\/o-telegram-e-as-fake-news\/\"]}]},{\"@type\":\"ImageObject\",\"inLanguage\":\"pt-BR\",\"@id\":\"https:\/\/ravel.com.br\/blog\/o-telegram-e-as-fake-news\/#primaryimage\",\"url\":\"https:\/\/ravel.com.br\/blog\/wp-content\/uploads\/2022\/05\/Fake-News-Capa.jpg\",\"contentUrl\":\"https:\/\/ravel.com.br\/blog\/wp-content\/uploads\/2022\/05\/Fake-News-Capa.jpg\",\"width\":1214,\"height\":714},{\"@type\":\"BreadcrumbList\",\"@id\":\"https:\/\/ravel.com.br\/blog\/o-telegram-e-as-fake-news\/#breadcrumb\",\"itemListElement\":[{\"@type\":\"ListItem\",\"position\":1,\"name\":\"In\u00edcio\",\"item\":\"https:\/\/ravel.com.br\/blog\/\"},{\"@type\":\"ListItem\",\"position\":2,\"name\":\"O Telegram e as Fake News\"}]},{\"@type\":\"WebSite\",\"@id\":\"https:\/\/ravel.com.br\/blog\/#website\",\"url\":\"https:\/\/ravel.com.br\/blog\/\",\"name\":\"Blog Tecnologia\",\"description\":\"Dicas e Artigos sobre Tecnologia\",\"potentialAction\":[{\"@type\":\"SearchAction\",\"target\":{\"@type\":\"EntryPoint\",\"urlTemplate\":\"https:\/\/ravel.com.br\/blog\/?s={search_term_string}\"},\"query-input\":{\"@type\":\"PropertyValueSpecification\",\"valueRequired\":true,\"valueName\":\"search_term_string\"}}],\"inLanguage\":\"pt-BR\"},{\"@type\":\"Person\",\"@id\":\"https:\/\/ravel.com.br\/blog\/#\/schema\/person\/8c1b896e660c50b7e048edbf136fd3df\",\"name\":\"Benicio Filho\",\"image\":{\"@type\":\"ImageObject\",\"inLanguage\":\"pt-BR\",\"@id\":\"https:\/\/ravel.com.br\/blog\/#\/schema\/person\/image\/\",\"url\":\"https:\/\/secure.gravatar.com\/avatar\/90039d3db9064a83ee426386617b9797?s=96&d=mm&r=g\",\"contentUrl\":\"https:\/\/secure.gravatar.com\/avatar\/90039d3db9064a83ee426386617b9797?s=96&d=mm&r=g\",\"caption\":\"Benicio Filho\"},\"description\":\"Formado em eletr\u00f4nica, graduado em Teologia pela PUC SP, e Filosofia pela universidade Dom Bosco, Mestre pela Universidade Metodista de S\u00e3o Paulo na \u00e1rea de Educa\u00e7\u00e3o, MBA pela FGV em Gest\u00e3o Estrat\u00e9gica e Econ\u00f4mica de Neg\u00f3cios, p\u00f3s-graduado em Psican\u00e1lise pelo Instituto Kadmon de Psican\u00e1lise. Atua no mercado de tecnologia desde 1998. Fundador do Grupo Ravel de Tecnologia, S\u00f3cio da Core Angels Atlantic (Fundo de Investimento Internacional para Startups), s\u00f3cio fundador da Ag\u00eancia Incandescente, e s\u00f3cio fundador da Atlantic Hub e do Conex\u00e3o Europa Im\u00f3veis ambos em Portugal, atua como empres\u00e1rio, escritor e pesquisador das \u00e1reas de empreendedorismo, mentoring, lideran\u00e7a, inova\u00e7\u00e3o e internacionaliza\u00e7\u00e3o. Em dezembro de 2019, lan\u00e7ou o seu primeiro livro \u201cVidas Ressignificadas\\\", em dezembro de 2020 seu segundo \u201cDo Caos ao Recome\u00e7o\u201d, e em janeiro de 2022 o \u00faltimo publicado \u201cMetamorfose Empreendedora\u201d.\",\"url\":\"https:\/\/ravel.com.br\/blog\/author\/benicio-filho\/\"}]}<\/script>\n<!-- \/ Yoast SEO plugin. -->","yoast_head_json":{"title":"O Telegram e as Fake News - Blog - Ravel Tecnologia","description":"Recentemente o Telegram quase teve suas opera\u00e7\u00f5es suspensas no Brasil pelo STF por causa de ser um dos principais canais de prolifera\u00e7\u00e3o das Fake News. Depois de ser notificado pela justi\u00e7a, acabaram adotando novas medidas para reduzir este problema. Neste artigo, aprofundamos mais este tema.","robots":{"index":"index","follow":"follow","max-snippet":"max-snippet:-1","max-image-preview":"max-image-preview:large","max-video-preview":"max-video-preview:-1"},"canonical":"https:\/\/ravel.com.br\/blog\/o-telegram-e-as-fake-news\/","og_locale":"pt_BR","og_type":"article","og_title":"O Telegram e as Fake News - Blog - Ravel Tecnologia","og_description":"Recentemente o Telegram quase teve suas opera\u00e7\u00f5es suspensas no Brasil pelo STF por causa de ser um dos principais canais de prolifera\u00e7\u00e3o das Fake News. Depois de ser notificado pela justi\u00e7a, acabaram adotando novas medidas para reduzir este problema. Neste artigo, aprofundamos mais este tema.","og_url":"https:\/\/ravel.com.br\/blog\/o-telegram-e-as-fake-news\/","og_site_name":"Blog Tecnologia","article_published_time":"2022-05-09T22:15:10+00:00","article_modified_time":"2022-05-09T22:22:30+00:00","og_image":[{"width":1214,"height":714,"url":"https:\/\/ravel.com.br\/blog\/wp-content\/uploads\/2022\/05\/Fake-News-Capa.jpg","type":"image\/jpeg"}],"author":"Benicio Filho","twitter_card":"summary_large_image","twitter_misc":{"Escrito por":"Benicio Filho","Est. tempo de leitura":"5 minutos"},"schema":{"@context":"https:\/\/schema.org","@graph":[{"@type":"WebPage","@id":"https:\/\/ravel.com.br\/blog\/o-telegram-e-as-fake-news\/","url":"https:\/\/ravel.com.br\/blog\/o-telegram-e-as-fake-news\/","name":"O Telegram e as Fake News - Blog - Ravel Tecnologia","isPartOf":{"@id":"https:\/\/ravel.com.br\/blog\/#website"},"primaryImageOfPage":{"@id":"https:\/\/ravel.com.br\/blog\/o-telegram-e-as-fake-news\/#primaryimage"},"image":{"@id":"https:\/\/ravel.com.br\/blog\/o-telegram-e-as-fake-news\/#primaryimage"},"thumbnailUrl":"https:\/\/ravel.com.br\/blog\/wp-content\/uploads\/2022\/05\/Fake-News-Capa.jpg","datePublished":"2022-05-09T22:15:10+00:00","dateModified":"2022-05-09T22:22:30+00:00","author":{"@id":"https:\/\/ravel.com.br\/blog\/#\/schema\/person\/8c1b896e660c50b7e048edbf136fd3df"},"description":"Recentemente o Telegram quase teve suas opera\u00e7\u00f5es suspensas no Brasil pelo STF por causa de ser um dos principais canais de prolifera\u00e7\u00e3o das Fake News. Depois de ser notificado pela justi\u00e7a, acabaram adotando novas medidas para reduzir este problema. Neste artigo, aprofundamos mais este tema.","breadcrumb":{"@id":"https:\/\/ravel.com.br\/blog\/o-telegram-e-as-fake-news\/#breadcrumb"},"inLanguage":"pt-BR","potentialAction":[{"@type":"ReadAction","target":["https:\/\/ravel.com.br\/blog\/o-telegram-e-as-fake-news\/"]}]},{"@type":"ImageObject","inLanguage":"pt-BR","@id":"https:\/\/ravel.com.br\/blog\/o-telegram-e-as-fake-news\/#primaryimage","url":"https:\/\/ravel.com.br\/blog\/wp-content\/uploads\/2022\/05\/Fake-News-Capa.jpg","contentUrl":"https:\/\/ravel.com.br\/blog\/wp-content\/uploads\/2022\/05\/Fake-News-Capa.jpg","width":1214,"height":714},{"@type":"BreadcrumbList","@id":"https:\/\/ravel.com.br\/blog\/o-telegram-e-as-fake-news\/#breadcrumb","itemListElement":[{"@type":"ListItem","position":1,"name":"In\u00edcio","item":"https:\/\/ravel.com.br\/blog\/"},{"@type":"ListItem","position":2,"name":"O Telegram e as Fake News"}]},{"@type":"WebSite","@id":"https:\/\/ravel.com.br\/blog\/#website","url":"https:\/\/ravel.com.br\/blog\/","name":"Blog Tecnologia","description":"Dicas e Artigos sobre Tecnologia","potentialAction":[{"@type":"SearchAction","target":{"@type":"EntryPoint","urlTemplate":"https:\/\/ravel.com.br\/blog\/?s={search_term_string}"},"query-input":{"@type":"PropertyValueSpecification","valueRequired":true,"valueName":"search_term_string"}}],"inLanguage":"pt-BR"},{"@type":"Person","@id":"https:\/\/ravel.com.br\/blog\/#\/schema\/person\/8c1b896e660c50b7e048edbf136fd3df","name":"Benicio Filho","image":{"@type":"ImageObject","inLanguage":"pt-BR","@id":"https:\/\/ravel.com.br\/blog\/#\/schema\/person\/image\/","url":"https:\/\/secure.gravatar.com\/avatar\/90039d3db9064a83ee426386617b9797?s=96&d=mm&r=g","contentUrl":"https:\/\/secure.gravatar.com\/avatar\/90039d3db9064a83ee426386617b9797?s=96&d=mm&r=g","caption":"Benicio Filho"},"description":"Formado em eletr\u00f4nica, graduado em Teologia pela PUC SP, e Filosofia pela universidade Dom Bosco, Mestre pela Universidade Metodista de S\u00e3o Paulo na \u00e1rea de Educa\u00e7\u00e3o, MBA pela FGV em Gest\u00e3o Estrat\u00e9gica e Econ\u00f4mica de Neg\u00f3cios, p\u00f3s-graduado em Psican\u00e1lise pelo Instituto Kadmon de Psican\u00e1lise. Atua no mercado de tecnologia desde 1998. Fundador do Grupo Ravel de Tecnologia, S\u00f3cio da Core Angels Atlantic (Fundo de Investimento Internacional para Startups), s\u00f3cio fundador da Ag\u00eancia Incandescente, e s\u00f3cio fundador da Atlantic Hub e do Conex\u00e3o Europa Im\u00f3veis ambos em Portugal, atua como empres\u00e1rio, escritor e pesquisador das \u00e1reas de empreendedorismo, mentoring, lideran\u00e7a, inova\u00e7\u00e3o e internacionaliza\u00e7\u00e3o. Em dezembro de 2019, lan\u00e7ou o seu primeiro livro \u201cVidas Ressignificadas\", em dezembro de 2020 seu segundo \u201cDo Caos ao Recome\u00e7o\u201d, e em janeiro de 2022 o \u00faltimo publicado \u201cMetamorfose Empreendedora\u201d.","url":"https:\/\/ravel.com.br\/blog\/author\/benicio-filho\/"}]}},"_links":{"self":[{"href":"https:\/\/ravel.com.br\/blog\/wp-json\/wp\/v2\/posts\/3856","targetHints":{"allow":["GET"]}}],"collection":[{"href":"https:\/\/ravel.com.br\/blog\/wp-json\/wp\/v2\/posts"}],"about":[{"href":"https:\/\/ravel.com.br\/blog\/wp-json\/wp\/v2\/types\/post"}],"author":[{"embeddable":true,"href":"https:\/\/ravel.com.br\/blog\/wp-json\/wp\/v2\/users\/19"}],"replies":[{"embeddable":true,"href":"https:\/\/ravel.com.br\/blog\/wp-json\/wp\/v2\/comments?post=3856"}],"version-history":[{"count":2,"href":"https:\/\/ravel.com.br\/blog\/wp-json\/wp\/v2\/posts\/3856\/revisions"}],"predecessor-version":[{"id":3860,"href":"https:\/\/ravel.com.br\/blog\/wp-json\/wp\/v2\/posts\/3856\/revisions\/3860"}],"wp:featuredmedia":[{"embeddable":true,"href":"https:\/\/ravel.com.br\/blog\/wp-json\/wp\/v2\/media\/3858"}],"wp:attachment":[{"href":"https:\/\/ravel.com.br\/blog\/wp-json\/wp\/v2\/media?parent=3856"}],"wp:term":[{"taxonomy":"category","embeddable":true,"href":"https:\/\/ravel.com.br\/blog\/wp-json\/wp\/v2\/categories?post=3856"},{"taxonomy":"post_tag","embeddable":true,"href":"https:\/\/ravel.com.br\/blog\/wp-json\/wp\/v2\/tags?post=3856"}],"curies":[{"name":"wp","href":"https:\/\/api.w.org\/{rel}","templated":true}]}}