{"id":3897,"date":"2022-06-01T17:51:53","date_gmt":"2022-06-01T20:51:53","guid":{"rendered":"https:\/\/ravel.com.br\/blog\/?p=3897"},"modified":"2025-06-11T13:04:49","modified_gmt":"2025-06-11T16:04:49","slug":"south-summit-brasil-a-tecnologia-e-inovacao-mundial-bem-perto-de-nos","status":"publish","type":"post","link":"https:\/\/ravel.com.br\/blog\/south-summit-brasil-a-tecnologia-e-inovacao-mundial-bem-perto-de-nos\/","title":{"rendered":"South Summit Brasil, a tecnologia e inova\u00e7\u00e3o mundial bem perto de n\u00f3s"},"content":{"rendered":"\n<p>Assim como descrito na pr\u00f3pria p\u00e1gina na internet da edi\u00e7\u00e3o do Brasil, podemos entender ent\u00e3o que o \u201cSouth Summit nasceu em 2012. Na \u00e9poca, a crise econ\u00f4mica havia enfraquecido as perspectivas de neg\u00f3cios na Espanha\u201d.<\/p>\n\n\n\n<p>Diante da falta de perspectivas, nasceu uma forte cren\u00e7a: que o esp\u00edrito empreendedor seria a for\u00e7a motriz para curar a economia. Por isso, o objetivo era (e ainda \u00e9) muito claro: ser o hub de refer\u00eancia que molda o futuro por meio de iniciativa, empreendedorismo, inova\u00e7\u00e3o aberta e oportunidades.<\/p>\n\n\n\n<p>Os n\u00fameros do evento no Brasil chamam a aten\u00e7\u00e3o por seu gigantismo. Em resumo:<\/p>\n\n\n\n<p><strong>Em Resumo:<\/strong><\/p>\n\n\n\n<p>+ 20.000 pessoas + 50 pa\u00edses + 40.000 contatos + 2.500 meetings com finalistas + 8.500 empresas<\/p>\n\n\n\n<p>+ 3.300 startups + 500 investidores +$65B fundos POA +500 speakers (50 internacionais)<\/p>\n\n\n\n<p>30% speakers mulheres +400 m\u00e9dia +3500 trabalhadores diretos e indiretos +2200 estudantes<\/p>\n\n\n\n<p>Tr\u00eas dias intensos de muito conte\u00fado e networking, encontros, reencontros, neg\u00f3cios e muito aprendizado acontecendo, no que foi uma grande imers\u00e3o em um ambiente inovador que agregou muito a todos que estiveram envolvidos.<\/p>\n\n\n\n<div class=\"wp-block-image\"><figure class=\"alignleft size-large is-resized\"><img loading=\"lazy\" decoding=\"async\" src=\"https:\/\/ravel.com.br\/blog\/wp-content\/uploads\/2022\/06\/South-Summit-Banner-1.jpg\" alt=\"South Summit Brasil Geral\" class=\"wp-image-3898\" width=\"419\" height=\"553\" srcset=\"https:\/\/ravel.com.br\/blog\/wp-content\/uploads\/2022\/06\/South-Summit-Banner-1.jpg 556w, https:\/\/ravel.com.br\/blog\/wp-content\/uploads\/2022\/06\/South-Summit-Banner-1-227x300.jpg 227w\" sizes=\"(max-width: 419px) 100vw, 419px\" \/><\/figure><\/div>\n\n\n\n<p><strong>O SOUTH SUMMIT E A REINVEN\u00c7\u00c3O DE PORTO ALEGRE<\/strong><\/p>\n\n\n\n<p>Crises s\u00e3o superadas com ideias. H\u00e1 dez anos, buscando reverter o quadro de estagna\u00e7\u00e3o econ\u00f4mica e retra\u00e7\u00e3o nos neg\u00f3cios que caracterizava a Espanha, a aposta no empreendedorismo e na inova\u00e7\u00e3o deu origem ao South Summit.<\/p>\n\n\n\n<p>Passada uma d\u00e9cada, a iniciativa se tornou refer\u00eancia internacional. Ao desembarcar em terras brasileiras, coube a Porto Alegre a miss\u00e3o de sediar o evento.<\/p>\n\n\n\n<p>Assim como no ecossistema de inova\u00e7\u00e3o, essa conquista se deu atrav\u00e9s do trabalho em conjunto. A conex\u00e3o entre p\u00fablico e privado, entre o mercado e a academia, foi um diferencial para a escolha da capital ga\u00facha.<\/p>\n\n\n\n<p>O resultado dessa parceria se tornou realidade quando os armaz\u00e9ns do Cais Mau\u00e1 ganharam vida com a chegada de milhares de profissionais, estudantes, empreendedores e investidores interessados em prospectar boas oportunidades de neg\u00f3cios e construir um futuro mais colaborativo e sustent\u00e1vel.<\/p>\n\n\n\n<p>\u201cOs pr\u00f3ximos 250 anos de Porto Alegre come\u00e7am agora\u201d. A frase entusiasmada dita pelo prefeito Sebasti\u00e3o Melo na cerim\u00f4nia de encerramento reflete a import\u00e2ncia do evento.<\/p>\n\n\n\n<p>O South Summit Brasil foi realizado no momento em que o mundo se reergue ap\u00f3s dois anos de pandemia e, coincidentemente, no in\u00edcio de um intenso processo de ressignifica\u00e7\u00e3o e transforma\u00e7\u00e3o urbana em Porto Alegre.<\/p>\n\n\n\n<p>O potencial do ecossistema \u2013 Ao longo de tr\u00eas dias, cerca de 20 mil pessoas, vindas de mais de 50 pa\u00edses, estiveram presentes no Cais Mau\u00e1.<\/p>\n\n\n\n<p>Quatrocentos e cinquenta investidores, representando fundos que gerem mais de U$ 60 bilh\u00f5es, prospectaram neg\u00f3cios ao mesmo tempo em que 500 palestrantes \u2013 30% deles, mulheres \u2013 compartilharam conhecimento e estabeleceram conex\u00f5es que possuem o potencial de se tornarem novas iniciativas na \u00e1rea de tecnologia e inova\u00e7\u00e3o.<\/p>\n\n\n\n<p>N\u00e3o h\u00e1 como negar que um dos principais acertos do South Summit Brasil foi a escolha dos armaz\u00e9ns do Cais Mau\u00e1 para sediar o evento.<\/p>\n\n\n\n<p>O amplo espa\u00e7o \u00e0 margem do Gua\u00edba chamou a aten\u00e7\u00e3o de todos os participantes, sejam eles estrangeiros ou porto-alegrenses que nunca tiveram a oportunidade de se conectar com aquela parte da cidade.<\/p>\n\n\n\n<p>&#8220;O local \u00e9 demais. Isso \u00e9 importante, saber? H\u00e1 eventos que focam no ambiente corporativo, naquilo que serve para eles. Mas aqui voc\u00ea tem o brilho da cidade, o p\u00f4r do sol muito bonito. Isso faz a uni\u00e3o com o fator local, o que \u00e9 excelente&#8221;, destacou Tracy Mann, embaixadora do South by Southwest (SXSW), conjunto de festivais de cinema, m\u00fasica e tecnologia que ocorre anualmente nos Estados Unidos.<\/p>\n\n\n\n<p>Espa\u00e7os revitalizados e dispon\u00edveis ao acesso de todos como observamos em Porto Alegre que s\u00e3o comuns em outras partes do mundo podem tamb\u00e9m ser apostas do Brasil para revitalizar suas cidades.<\/p>\n\n\n\n<div class=\"wp-block-image\"><figure class=\"aligncenter size-large is-resized\"><img loading=\"lazy\" decoding=\"async\" src=\"https:\/\/ravel.com.br\/blog\/wp-content\/uploads\/2022\/06\/South-Summit-Banner-2.jpg\" alt=\"South Summit Brasil\" class=\"wp-image-3899\" width=\"593\" height=\"407\" srcset=\"https:\/\/ravel.com.br\/blog\/wp-content\/uploads\/2022\/06\/South-Summit-Banner-2.jpg 964w, https:\/\/ravel.com.br\/blog\/wp-content\/uploads\/2022\/06\/South-Summit-Banner-2-300x206.jpg 300w, https:\/\/ravel.com.br\/blog\/wp-content\/uploads\/2022\/06\/South-Summit-Banner-2-768x528.jpg 768w, https:\/\/ravel.com.br\/blog\/wp-content\/uploads\/2022\/06\/South-Summit-Banner-2-610x420.jpg 610w\" sizes=\"(max-width: 593px) 100vw, 593px\" \/><\/figure><\/div>\n\n\n\n<p><strong>SOUTH SUMMIT CONSTR\u00d3I PONTES PARA EMPRESAS BRASILEIRAS NO MUNDO<\/strong><\/p>\n\n\n\n<p>Ao longo dos tr\u00eas dias do evento, participei de muitos pain\u00e9is e palestras, mas confesso que estar podendo me reconectar com tantos agentes do mercado foi o momento alto deste evento.<\/p>\n\n\n\n<div class=\"wp-block-image\"><figure class=\"alignleft size-large is-resized\"><img loading=\"lazy\" decoding=\"async\" src=\"https:\/\/ravel.com.br\/blog\/wp-content\/uploads\/2022\/06\/South-Summit-Banner-4.jpg\" alt=\"South Summit Brasil entrevista\" class=\"wp-image-3900\" width=\"382\" height=\"503\" srcset=\"https:\/\/ravel.com.br\/blog\/wp-content\/uploads\/2022\/06\/South-Summit-Banner-4.jpg 628w, https:\/\/ravel.com.br\/blog\/wp-content\/uploads\/2022\/06\/South-Summit-Banner-4-228x300.jpg 228w, https:\/\/ravel.com.br\/blog\/wp-content\/uploads\/2022\/06\/South-Summit-Banner-4-610x802.jpg 610w\" sizes=\"(max-width: 382px) 100vw, 382px\" \/><\/figure><\/div>\n\n\n\n<p>Foi como gosto de pensar um momento \u00fanico para retomar contatos com players do Brasil, apoiando parceiros e percebendo seus avan\u00e7os.<\/p>\n\n\n\n<p>Participei intensamente dos conte\u00fados estando presente em pain\u00e9is, palestras e a\u00e7\u00f5es. Sobre elas quero destacar alguns pontos com voc\u00ea.<\/p>\n\n\n\n<p>Em um dos pain\u00e9is que participei discutimos as melhores estrat\u00e9gias para desembarcar na Europa. Comigo esteve Diego De Aristegui do Invest Madri e Leticia Cabral da Oxentia.<\/p>\n\n\n\n<p>Ponto algo do painel foram as inevit\u00e1veis compara\u00e7\u00f5es de um processo de internacionaliza\u00e7\u00e3o partindo do Brasil para o mundo por Portugal e n\u00e3o pela Espanha.<\/p>\n\n\n\n<p>Refletimos com os participantes que muito distante de ser apenas uma quest\u00e3o de tamanho do mercado o que realmente est\u00e1 na mesa \u00e9 a rela\u00e7\u00e3o de menor atrito<a href=\"https:\/\/www.atlantichub.com\/2021\/10\/14\/bem-mais-que-uma-tapioca\/\"> <\/a>que Portugal oferece em um processo de internacionaliza\u00e7\u00e3o comparado com a Espanha.<\/p>\n\n\n\n<p>Em outro momento, refleti em um Workshop com o tema \u201cInvestidor Anjo como come\u00e7ar a investir em startups e surfar a onda da nova economia\u201d sobre como podemos fazer parte deste movimento de investimento que constr\u00f3i e forma novas oportunidades.<\/p>\n\n\n\n<p>Ao longo do workshop discutimos pontos tais como a ess\u00eancia do investidor anjo que efetivamente investe em pessoas, mas que sempre est\u00e1 atento ao modelo de neg\u00f3cio das startup levando em considera\u00e7\u00e3o sua equipe, problema que resolve e escalabilidade.<\/p>\n\n\n\n<p>Investir em startup sozinho \u00e9 um enorme risco, mas em conjunto tudo pode ser diferente.<\/p>\n\n\n\n<div class=\"wp-block-image\"><figure class=\"aligncenter size-large is-resized\"><img loading=\"lazy\" decoding=\"async\" src=\"https:\/\/ravel.com.br\/blog\/wp-content\/uploads\/2022\/06\/South-Summit-Banner-3-1024x595.jpg\" alt=\"South Summit Brasil palestra\" class=\"wp-image-3901\" width=\"599\" height=\"348\" srcset=\"https:\/\/ravel.com.br\/blog\/wp-content\/uploads\/2022\/06\/South-Summit-Banner-3-1024x595.jpg 1024w, https:\/\/ravel.com.br\/blog\/wp-content\/uploads\/2022\/06\/South-Summit-Banner-3-300x174.jpg 300w, https:\/\/ravel.com.br\/blog\/wp-content\/uploads\/2022\/06\/South-Summit-Banner-3-768x446.jpg 768w, https:\/\/ravel.com.br\/blog\/wp-content\/uploads\/2022\/06\/South-Summit-Banner-3-610x354.jpg 610w, https:\/\/ravel.com.br\/blog\/wp-content\/uploads\/2022\/06\/South-Summit-Banner-3-1080x627.jpg 1080w, https:\/\/ravel.com.br\/blog\/wp-content\/uploads\/2022\/06\/South-Summit-Banner-3.jpg 1133w\" sizes=\"(max-width: 599px) 100vw, 599px\" \/><\/figure><\/div>\n\n\n\n<p><strong>ENQUANTO EMPRESAS DE TECNOLOGIA, N\u00c3O PODEMOS IGNORAR O QUE ACONTECE NO MUNDO<\/strong><\/p>\n\n\n\n<p>No South Summit, foi poss\u00edvel tamb\u00e9m perceber como no universo da tecnologia estamos ainda mais pr\u00f3ximos do que imaginamos.<\/p>\n\n\n\n<p>Algumas solu\u00e7\u00f5es apresentadas por empresas do mundo todo parecem realidades poss\u00edveis de serem implementadas em nossos mercados.<\/p>\n\n\n\n<p>Um exemplo \u00e9 o amplo uso de tecnologias na defini\u00e7\u00e3o de produtos em um ponto f\u00edsico a partir de softwares que analisam imagens em uma c\u00e2mera tradicional.<\/p>\n\n\n\n<p>Amplamente utilizado em alguns pa\u00edses, ainda engatinha no Brasil.<\/p>\n\n\n\n<p>Precisamos conhecer o que acontece no mundo, por\u00e9m sei como \u00e9 complicado viajar para fora do pa\u00eds. Oportunidades como est\u00e1 em Porto Alegre revelam como tais eventos s\u00e3o importantes para todos n\u00f3s.<\/p>\n\n\n\n<p>Desta maneira, an\u00e1lise, pesquise e veja quais eventos voc\u00ea pode participar em sua regi\u00e3o e cidade.<\/p>\n\n\n\n<p>Al\u00e9m de ser um momento oportuno para fazer networking e renovar contatos, muitas novas ideias podem inundar sua imagina\u00e7\u00e3o de oportunidades.<\/p>\n\n\n\n<p>O South Summit confirma o papel de destaque do Brasil no mundo e a import\u00e2ncia de estarmos mais conectados a ele.<\/p>\n\n\n\n<p>Forte abra\u00e7o e at\u00e9 nosso pr\u00f3ximo conte\u00fado.<\/p>\n","protected":false},"excerpt":{"rendered":"<p>Compreender o movimento do South Summit nascido na Espanha nos ajuda a entender como a nova economia pode moldar o futuro dos neg\u00f3cios e construir novas companhias ao redor do mundo. <\/p>\n","protected":false},"author":19,"featured_media":3903,"comment_status":"open","ping_status":"open","sticky":false,"template":"","format":"standard","meta":{"_et_pb_use_builder":"","_et_pb_old_content":"","_et_gb_content_width":"","footnotes":""},"categories":[105],"tags":[],"class_list":["post-3897","post","type-post","status-publish","format-standard","has-post-thumbnail","hentry","category-viver-com-tecnologia","et-has-post-format-content","et_post_format-et-post-format-standard"],"yoast_head":"<!-- This site is optimized with the Yoast SEO plugin v24.1 - https:\/\/yoast.com\/wordpress\/plugins\/seo\/ -->\n<title>South Summit, a inova\u00e7\u00e3o bem perto de n\u00f3s - Ravel Tecnologia<\/title>\n<meta name=\"description\" content=\"Compreender o movimento do South Summit nascido na Espanha nos ajuda a entender como a nova economia pode moldar o futuro dos neg\u00f3cios e construir novas companhias ao redor do mundo.\" \/>\n<meta name=\"robots\" content=\"index, follow, max-snippet:-1, max-image-preview:large, max-video-preview:-1\" \/>\n<link rel=\"canonical\" href=\"https:\/\/ravel.com.br\/blog\/south-summit-brasil-a-tecnologia-e-inovacao-mundial-bem-perto-de-nos\/\" \/>\n<meta property=\"og:locale\" content=\"pt_BR\" \/>\n<meta property=\"og:type\" content=\"article\" \/>\n<meta property=\"og:title\" content=\"South Summit, a inova\u00e7\u00e3o bem perto de n\u00f3s - Ravel Tecnologia\" \/>\n<meta property=\"og:description\" content=\"Compreender o movimento do South Summit nascido na Espanha nos ajuda a entender como a nova economia pode moldar o futuro dos neg\u00f3cios e construir novas companhias ao redor do mundo.\" \/>\n<meta property=\"og:url\" content=\"https:\/\/ravel.com.br\/blog\/south-summit-brasil-a-tecnologia-e-inovacao-mundial-bem-perto-de-nos\/\" \/>\n<meta property=\"og:site_name\" content=\"Blog Tecnologia\" \/>\n<meta property=\"article:published_time\" content=\"2022-06-01T20:51:53+00:00\" \/>\n<meta property=\"article:modified_time\" content=\"2025-06-11T16:04:49+00:00\" \/>\n<meta property=\"og:image\" content=\"https:\/\/ravel.com.br\/blog\/wp-content\/uploads\/2022\/06\/South-Summit-Capa.jpg\" \/>\n\t<meta property=\"og:image:width\" content=\"1153\" \/>\n\t<meta property=\"og:image:height\" content=\"705\" \/>\n\t<meta property=\"og:image:type\" content=\"image\/jpeg\" \/>\n<meta name=\"author\" content=\"Benicio Filho\" \/>\n<meta name=\"twitter:card\" content=\"summary_large_image\" \/>\n<meta name=\"twitter:label1\" content=\"Escrito por\" \/>\n\t<meta name=\"twitter:data1\" content=\"Benicio Filho\" \/>\n\t<meta name=\"twitter:label2\" content=\"Est. tempo de leitura\" \/>\n\t<meta name=\"twitter:data2\" content=\"7 minutos\" \/>\n<script type=\"application\/ld+json\" class=\"yoast-schema-graph\">{\"@context\":\"https:\/\/schema.org\",\"@graph\":[{\"@type\":\"WebPage\",\"@id\":\"https:\/\/ravel.com.br\/blog\/south-summit-brasil-a-tecnologia-e-inovacao-mundial-bem-perto-de-nos\/\",\"url\":\"https:\/\/ravel.com.br\/blog\/south-summit-brasil-a-tecnologia-e-inovacao-mundial-bem-perto-de-nos\/\",\"name\":\"South Summit, a inova\u00e7\u00e3o bem perto de n\u00f3s - Ravel Tecnologia\",\"isPartOf\":{\"@id\":\"https:\/\/ravel.com.br\/blog\/#website\"},\"primaryImageOfPage\":{\"@id\":\"https:\/\/ravel.com.br\/blog\/south-summit-brasil-a-tecnologia-e-inovacao-mundial-bem-perto-de-nos\/#primaryimage\"},\"image\":{\"@id\":\"https:\/\/ravel.com.br\/blog\/south-summit-brasil-a-tecnologia-e-inovacao-mundial-bem-perto-de-nos\/#primaryimage\"},\"thumbnailUrl\":\"https:\/\/ravel.com.br\/blog\/wp-content\/uploads\/2022\/06\/South-Summit-Capa.jpg\",\"datePublished\":\"2022-06-01T20:51:53+00:00\",\"dateModified\":\"2025-06-11T16:04:49+00:00\",\"author\":{\"@id\":\"https:\/\/ravel.com.br\/blog\/#\/schema\/person\/8c1b896e660c50b7e048edbf136fd3df\"},\"description\":\"Compreender o movimento do South Summit nascido na Espanha nos ajuda a entender como a nova economia pode moldar o futuro dos neg\u00f3cios e construir novas companhias ao redor do mundo.\",\"breadcrumb\":{\"@id\":\"https:\/\/ravel.com.br\/blog\/south-summit-brasil-a-tecnologia-e-inovacao-mundial-bem-perto-de-nos\/#breadcrumb\"},\"inLanguage\":\"pt-BR\",\"potentialAction\":[{\"@type\":\"ReadAction\",\"target\":[\"https:\/\/ravel.com.br\/blog\/south-summit-brasil-a-tecnologia-e-inovacao-mundial-bem-perto-de-nos\/\"]}]},{\"@type\":\"ImageObject\",\"inLanguage\":\"pt-BR\",\"@id\":\"https:\/\/ravel.com.br\/blog\/south-summit-brasil-a-tecnologia-e-inovacao-mundial-bem-perto-de-nos\/#primaryimage\",\"url\":\"https:\/\/ravel.com.br\/blog\/wp-content\/uploads\/2022\/06\/South-Summit-Capa.jpg\",\"contentUrl\":\"https:\/\/ravel.com.br\/blog\/wp-content\/uploads\/2022\/06\/South-Summit-Capa.jpg\",\"width\":1153,\"height\":705},{\"@type\":\"BreadcrumbList\",\"@id\":\"https:\/\/ravel.com.br\/blog\/south-summit-brasil-a-tecnologia-e-inovacao-mundial-bem-perto-de-nos\/#breadcrumb\",\"itemListElement\":[{\"@type\":\"ListItem\",\"position\":1,\"name\":\"In\u00edcio\",\"item\":\"https:\/\/ravel.com.br\/blog\/\"},{\"@type\":\"ListItem\",\"position\":2,\"name\":\"South Summit Brasil, a tecnologia e inova\u00e7\u00e3o mundial bem perto de n\u00f3s\"}]},{\"@type\":\"WebSite\",\"@id\":\"https:\/\/ravel.com.br\/blog\/#website\",\"url\":\"https:\/\/ravel.com.br\/blog\/\",\"name\":\"Blog Tecnologia\",\"description\":\"Dicas e Artigos sobre Tecnologia\",\"potentialAction\":[{\"@type\":\"SearchAction\",\"target\":{\"@type\":\"EntryPoint\",\"urlTemplate\":\"https:\/\/ravel.com.br\/blog\/?s={search_term_string}\"},\"query-input\":{\"@type\":\"PropertyValueSpecification\",\"valueRequired\":true,\"valueName\":\"search_term_string\"}}],\"inLanguage\":\"pt-BR\"},{\"@type\":\"Person\",\"@id\":\"https:\/\/ravel.com.br\/blog\/#\/schema\/person\/8c1b896e660c50b7e048edbf136fd3df\",\"name\":\"Benicio Filho\",\"image\":{\"@type\":\"ImageObject\",\"inLanguage\":\"pt-BR\",\"@id\":\"https:\/\/ravel.com.br\/blog\/#\/schema\/person\/image\/\",\"url\":\"https:\/\/secure.gravatar.com\/avatar\/90039d3db9064a83ee426386617b9797?s=96&d=mm&r=g\",\"contentUrl\":\"https:\/\/secure.gravatar.com\/avatar\/90039d3db9064a83ee426386617b9797?s=96&d=mm&r=g\",\"caption\":\"Benicio Filho\"},\"description\":\"Formado em eletr\u00f4nica, graduado em Teologia pela PUC SP, e Filosofia pela universidade Dom Bosco, Mestre pela Universidade Metodista de S\u00e3o Paulo na \u00e1rea de Educa\u00e7\u00e3o, MBA pela FGV em Gest\u00e3o Estrat\u00e9gica e Econ\u00f4mica de Neg\u00f3cios, p\u00f3s-graduado em Psican\u00e1lise pelo Instituto Kadmon de Psican\u00e1lise. Atua no mercado de tecnologia desde 1998. Fundador do Grupo Ravel de Tecnologia, S\u00f3cio da Core Angels Atlantic (Fundo de Investimento Internacional para Startups), s\u00f3cio fundador da Ag\u00eancia Incandescente, e s\u00f3cio fundador da Atlantic Hub e do Conex\u00e3o Europa Im\u00f3veis ambos em Portugal, atua como empres\u00e1rio, escritor e pesquisador das \u00e1reas de empreendedorismo, mentoring, lideran\u00e7a, inova\u00e7\u00e3o e internacionaliza\u00e7\u00e3o. Em dezembro de 2019, lan\u00e7ou o seu primeiro livro \u201cVidas Ressignificadas\\\", em dezembro de 2020 seu segundo \u201cDo Caos ao Recome\u00e7o\u201d, e em janeiro de 2022 o \u00faltimo publicado \u201cMetamorfose Empreendedora\u201d.\",\"url\":\"https:\/\/ravel.com.br\/blog\/author\/benicio-filho\/\"}]}<\/script>\n<!-- \/ Yoast SEO plugin. -->","yoast_head_json":{"title":"South Summit, a inova\u00e7\u00e3o bem perto de n\u00f3s - Ravel Tecnologia","description":"Compreender o movimento do South Summit nascido na Espanha nos ajuda a entender como a nova economia pode moldar o futuro dos neg\u00f3cios e construir novas companhias ao redor do mundo.","robots":{"index":"index","follow":"follow","max-snippet":"max-snippet:-1","max-image-preview":"max-image-preview:large","max-video-preview":"max-video-preview:-1"},"canonical":"https:\/\/ravel.com.br\/blog\/south-summit-brasil-a-tecnologia-e-inovacao-mundial-bem-perto-de-nos\/","og_locale":"pt_BR","og_type":"article","og_title":"South Summit, a inova\u00e7\u00e3o bem perto de n\u00f3s - Ravel Tecnologia","og_description":"Compreender o movimento do South Summit nascido na Espanha nos ajuda a entender como a nova economia pode moldar o futuro dos neg\u00f3cios e construir novas companhias ao redor do mundo.","og_url":"https:\/\/ravel.com.br\/blog\/south-summit-brasil-a-tecnologia-e-inovacao-mundial-bem-perto-de-nos\/","og_site_name":"Blog Tecnologia","article_published_time":"2022-06-01T20:51:53+00:00","article_modified_time":"2025-06-11T16:04:49+00:00","og_image":[{"width":1153,"height":705,"url":"https:\/\/ravel.com.br\/blog\/wp-content\/uploads\/2022\/06\/South-Summit-Capa.jpg","type":"image\/jpeg"}],"author":"Benicio Filho","twitter_card":"summary_large_image","twitter_misc":{"Escrito por":"Benicio Filho","Est. tempo de leitura":"7 minutos"},"schema":{"@context":"https:\/\/schema.org","@graph":[{"@type":"WebPage","@id":"https:\/\/ravel.com.br\/blog\/south-summit-brasil-a-tecnologia-e-inovacao-mundial-bem-perto-de-nos\/","url":"https:\/\/ravel.com.br\/blog\/south-summit-brasil-a-tecnologia-e-inovacao-mundial-bem-perto-de-nos\/","name":"South Summit, a inova\u00e7\u00e3o bem perto de n\u00f3s - Ravel Tecnologia","isPartOf":{"@id":"https:\/\/ravel.com.br\/blog\/#website"},"primaryImageOfPage":{"@id":"https:\/\/ravel.com.br\/blog\/south-summit-brasil-a-tecnologia-e-inovacao-mundial-bem-perto-de-nos\/#primaryimage"},"image":{"@id":"https:\/\/ravel.com.br\/blog\/south-summit-brasil-a-tecnologia-e-inovacao-mundial-bem-perto-de-nos\/#primaryimage"},"thumbnailUrl":"https:\/\/ravel.com.br\/blog\/wp-content\/uploads\/2022\/06\/South-Summit-Capa.jpg","datePublished":"2022-06-01T20:51:53+00:00","dateModified":"2025-06-11T16:04:49+00:00","author":{"@id":"https:\/\/ravel.com.br\/blog\/#\/schema\/person\/8c1b896e660c50b7e048edbf136fd3df"},"description":"Compreender o movimento do South Summit nascido na Espanha nos ajuda a entender como a nova economia pode moldar o futuro dos neg\u00f3cios e construir novas companhias ao redor do mundo.","breadcrumb":{"@id":"https:\/\/ravel.com.br\/blog\/south-summit-brasil-a-tecnologia-e-inovacao-mundial-bem-perto-de-nos\/#breadcrumb"},"inLanguage":"pt-BR","potentialAction":[{"@type":"ReadAction","target":["https:\/\/ravel.com.br\/blog\/south-summit-brasil-a-tecnologia-e-inovacao-mundial-bem-perto-de-nos\/"]}]},{"@type":"ImageObject","inLanguage":"pt-BR","@id":"https:\/\/ravel.com.br\/blog\/south-summit-brasil-a-tecnologia-e-inovacao-mundial-bem-perto-de-nos\/#primaryimage","url":"https:\/\/ravel.com.br\/blog\/wp-content\/uploads\/2022\/06\/South-Summit-Capa.jpg","contentUrl":"https:\/\/ravel.com.br\/blog\/wp-content\/uploads\/2022\/06\/South-Summit-Capa.jpg","width":1153,"height":705},{"@type":"BreadcrumbList","@id":"https:\/\/ravel.com.br\/blog\/south-summit-brasil-a-tecnologia-e-inovacao-mundial-bem-perto-de-nos\/#breadcrumb","itemListElement":[{"@type":"ListItem","position":1,"name":"In\u00edcio","item":"https:\/\/ravel.com.br\/blog\/"},{"@type":"ListItem","position":2,"name":"South Summit Brasil, a tecnologia e inova\u00e7\u00e3o mundial bem perto de n\u00f3s"}]},{"@type":"WebSite","@id":"https:\/\/ravel.com.br\/blog\/#website","url":"https:\/\/ravel.com.br\/blog\/","name":"Blog Tecnologia","description":"Dicas e Artigos sobre Tecnologia","potentialAction":[{"@type":"SearchAction","target":{"@type":"EntryPoint","urlTemplate":"https:\/\/ravel.com.br\/blog\/?s={search_term_string}"},"query-input":{"@type":"PropertyValueSpecification","valueRequired":true,"valueName":"search_term_string"}}],"inLanguage":"pt-BR"},{"@type":"Person","@id":"https:\/\/ravel.com.br\/blog\/#\/schema\/person\/8c1b896e660c50b7e048edbf136fd3df","name":"Benicio Filho","image":{"@type":"ImageObject","inLanguage":"pt-BR","@id":"https:\/\/ravel.com.br\/blog\/#\/schema\/person\/image\/","url":"https:\/\/secure.gravatar.com\/avatar\/90039d3db9064a83ee426386617b9797?s=96&d=mm&r=g","contentUrl":"https:\/\/secure.gravatar.com\/avatar\/90039d3db9064a83ee426386617b9797?s=96&d=mm&r=g","caption":"Benicio Filho"},"description":"Formado em eletr\u00f4nica, graduado em Teologia pela PUC SP, e Filosofia pela universidade Dom Bosco, Mestre pela Universidade Metodista de S\u00e3o Paulo na \u00e1rea de Educa\u00e7\u00e3o, MBA pela FGV em Gest\u00e3o Estrat\u00e9gica e Econ\u00f4mica de Neg\u00f3cios, p\u00f3s-graduado em Psican\u00e1lise pelo Instituto Kadmon de Psican\u00e1lise. Atua no mercado de tecnologia desde 1998. Fundador do Grupo Ravel de Tecnologia, S\u00f3cio da Core Angels Atlantic (Fundo de Investimento Internacional para Startups), s\u00f3cio fundador da Ag\u00eancia Incandescente, e s\u00f3cio fundador da Atlantic Hub e do Conex\u00e3o Europa Im\u00f3veis ambos em Portugal, atua como empres\u00e1rio, escritor e pesquisador das \u00e1reas de empreendedorismo, mentoring, lideran\u00e7a, inova\u00e7\u00e3o e internacionaliza\u00e7\u00e3o. Em dezembro de 2019, lan\u00e7ou o seu primeiro livro \u201cVidas Ressignificadas\", em dezembro de 2020 seu segundo \u201cDo Caos ao Recome\u00e7o\u201d, e em janeiro de 2022 o \u00faltimo publicado \u201cMetamorfose Empreendedora\u201d.","url":"https:\/\/ravel.com.br\/blog\/author\/benicio-filho\/"}]}},"_links":{"self":[{"href":"https:\/\/ravel.com.br\/blog\/wp-json\/wp\/v2\/posts\/3897","targetHints":{"allow":["GET"]}}],"collection":[{"href":"https:\/\/ravel.com.br\/blog\/wp-json\/wp\/v2\/posts"}],"about":[{"href":"https:\/\/ravel.com.br\/blog\/wp-json\/wp\/v2\/types\/post"}],"author":[{"embeddable":true,"href":"https:\/\/ravel.com.br\/blog\/wp-json\/wp\/v2\/users\/19"}],"replies":[{"embeddable":true,"href":"https:\/\/ravel.com.br\/blog\/wp-json\/wp\/v2\/comments?post=3897"}],"version-history":[{"count":2,"href":"https:\/\/ravel.com.br\/blog\/wp-json\/wp\/v2\/posts\/3897\/revisions"}],"predecessor-version":[{"id":3904,"href":"https:\/\/ravel.com.br\/blog\/wp-json\/wp\/v2\/posts\/3897\/revisions\/3904"}],"wp:featuredmedia":[{"embeddable":true,"href":"https:\/\/ravel.com.br\/blog\/wp-json\/wp\/v2\/media\/3903"}],"wp:attachment":[{"href":"https:\/\/ravel.com.br\/blog\/wp-json\/wp\/v2\/media?parent=3897"}],"wp:term":[{"taxonomy":"category","embeddable":true,"href":"https:\/\/ravel.com.br\/blog\/wp-json\/wp\/v2\/categories?post=3897"},{"taxonomy":"post_tag","embeddable":true,"href":"https:\/\/ravel.com.br\/blog\/wp-json\/wp\/v2\/tags?post=3897"}],"curies":[{"name":"wp","href":"https:\/\/api.w.org\/{rel}","templated":true}]}}