{"id":4061,"date":"2022-08-02T10:08:32","date_gmt":"2022-08-02T13:08:32","guid":{"rendered":"https:\/\/ravel.com.br\/blog\/?p=4061"},"modified":"2025-06-11T12:57:09","modified_gmt":"2025-06-11T15:57:09","slug":"como-usar-a-funcao-salas-e-equipamentos-do-microsoft-365","status":"publish","type":"post","link":"https:\/\/ravel.com.br\/blog\/como-usar-a-funcao-salas-e-equipamentos-do-microsoft-365\/","title":{"rendered":"Como usar a fun\u00e7\u00e3o Salas e Equipamentos do Microsoft 365"},"content":{"rendered":"\n<p>Imagine uma empresa, com carros, salas de reuni\u00f5es, projetores, e outros recursos que podem ser utilizados por todos. Como tornar esses recursos reserv\u00e1veis e gerenci\u00e1veis em um ambiente onde todos precisem utiliz\u00e1-los? Voc\u00ea pode fazer isso atrav\u00e9s do Microsoft 365. Veja como usar a fun\u00e7\u00e3o Salas e Equipamentos do Microsoft 365<\/p>\n\n\n\n<h2 class=\"wp-block-heading\"><strong><u>Como criar os recursos<\/u><\/strong> <\/h2>\n\n\n\n<p>No painel do Microsoft 365 \u00e9 poss\u00edvel criar esses recursos e categoriz\u00e1-los como <strong>Sala<\/strong> ou <strong>Equipamento<\/strong>.<\/p>\n\n\n\n<div class=\"wp-block-image\"><figure class=\"aligncenter size-large is-resized\"><img loading=\"lazy\" decoding=\"async\" src=\"https:\/\/ravel.com.br\/blog\/wp-content\/uploads\/2022\/08\/image.png\" alt=\"usar a fun\u00e7\u00e3o Salas e Equipamentos do Microsoft 365\" class=\"wp-image-4062\" width=\"678\" height=\"189\" srcset=\"https:\/\/ravel.com.br\/blog\/wp-content\/uploads\/2022\/08\/image.png 886w, https:\/\/ravel.com.br\/blog\/wp-content\/uploads\/2022\/08\/image-300x84.png 300w, https:\/\/ravel.com.br\/blog\/wp-content\/uploads\/2022\/08\/image-768x215.png 768w, https:\/\/ravel.com.br\/blog\/wp-content\/uploads\/2022\/08\/image-610x171.png 610w\" sizes=\"(max-width: 678px) 100vw, 678px\" \/><\/figure><\/div>\n\n\n\n<p>Depois de cria\u00e7\u00e3o e configura\u00e7\u00e3o, todos na empresa poder\u00e3o reservar estes recursos para reuni\u00f5es ou eventos usando o Outlook.<\/p>\n\n\n\n<p>N\u00e3o \u00e9 necess\u00e1rio atribuir licen\u00e7a para o recurso.<\/p>\n\n\n\n<h2 class=\"wp-block-heading\">Como usar os recursos<\/h2>\n\n\n\n<p>No Outlook ou no Outlook Web agende uma nova reuni\u00e3o.<\/p>\n\n\n\n<p>Abra o Outlook em seu computador.<\/p>\n\n\n\n<p>Na guia <strong>P\u00e1gina Inicial<\/strong>, escolha <strong>Novos Itens<\/strong> &gt; <strong>Reuni\u00e3o<\/strong>.<\/p>\n\n\n\n<p>Ou, em seu <strong>calend\u00e1rio<\/strong>, basta escolher <strong>Nova Reuni\u00e3o<\/strong>.<\/p>\n\n\n\n<div class=\"wp-block-image\"><figure class=\"aligncenter size-large is-resized\"><img loading=\"lazy\" decoding=\"async\" src=\"https:\/\/ravel.com.br\/blog\/wp-content\/uploads\/2022\/08\/image-1.png\" alt=\"\" class=\"wp-image-4063\" width=\"205\" height=\"309\" srcset=\"https:\/\/ravel.com.br\/blog\/wp-content\/uploads\/2022\/08\/image-1.png 233w, https:\/\/ravel.com.br\/blog\/wp-content\/uploads\/2022\/08\/image-1-199x300.png 199w\" sizes=\"(max-width: 205px) 100vw, 205px\" \/><\/figure><\/div>\n\n\n\n<p>Defina os participantes que ir\u00e1 convidar e os recursos que deseja reservar;<\/p>\n\n\n\n<p>Preencha o assunto, hor\u00e1rios e demais campos necess\u00e1rios.<\/p>\n\n\n\n<p>Para permitir que outras pessoas ingressem online ou liguem para a reuni\u00e3o, selecione <strong>Reuni\u00e3o do Teams<\/strong>.<\/p>\n\n\n\n<div class=\"wp-block-image\"><figure class=\"aligncenter size-large is-resized\"><img loading=\"lazy\" decoding=\"async\" src=\"https:\/\/ravel.com.br\/blog\/wp-content\/uploads\/2022\/08\/image-3.png\" alt=\"\" class=\"wp-image-4065\" width=\"798\" height=\"369\" srcset=\"https:\/\/ravel.com.br\/blog\/wp-content\/uploads\/2022\/08\/image-3.png 886w, https:\/\/ravel.com.br\/blog\/wp-content\/uploads\/2022\/08\/image-3-300x139.png 300w, https:\/\/ravel.com.br\/blog\/wp-content\/uploads\/2022\/08\/image-3-768x355.png 768w, https:\/\/ravel.com.br\/blog\/wp-content\/uploads\/2022\/08\/image-3-610x282.png 610w\" sizes=\"(max-width: 798px) 100vw, 798px\" \/><\/figure><\/div>\n\n\n\n<p>Para garantir que a <strong>Sala<\/strong>, o <strong>Equipamento<\/strong> e as <strong>Pessoas<\/strong> que voc\u00ea convidou estejam dispon\u00edveis, selecione <strong>Assistente de Agendamento<\/strong>. Selecione um hor\u00e1rio dispon\u00edvel no calend\u00e1rio.<\/p>\n\n\n\n<p>No calend\u00e1rio do agendamento, azul significa que a sala ou o equipamento est\u00e1 reservado ou ocupado. Selecione a \u00e1rea em branco ou livre no calend\u00e1rio.<\/p>\n\n\n\n<div class=\"wp-block-image\"><figure class=\"aligncenter size-large is-resized\"><img loading=\"lazy\" decoding=\"async\" src=\"https:\/\/ravel.com.br\/blog\/wp-content\/uploads\/2022\/08\/image-4.png\" alt=\"\" class=\"wp-image-4066\" width=\"739\" height=\"410\" srcset=\"https:\/\/ravel.com.br\/blog\/wp-content\/uploads\/2022\/08\/image-4.png 886w, https:\/\/ravel.com.br\/blog\/wp-content\/uploads\/2022\/08\/image-4-300x167.png 300w, https:\/\/ravel.com.br\/blog\/wp-content\/uploads\/2022\/08\/image-4-768x426.png 768w, https:\/\/ravel.com.br\/blog\/wp-content\/uploads\/2022\/08\/image-4-610x339.png 610w\" sizes=\"(max-width: 739px) 100vw, 739px\" \/><\/figure><\/div>\n\n\n\n<p>Para cancelar a reserva ou solicita\u00e7\u00e3o, basta abrir a reuni\u00e3o agendada no Outlook e, em seguida, remova a sala ou o equipamento da reuni\u00e3o como faria com um participante. Isso liberar\u00e1 a sala para ser reservada por outras pessoas.<\/p>\n\n\n\n<div class=\"wp-block-image\"><figure class=\"aligncenter size-large is-resized\"><img loading=\"lazy\" decoding=\"async\" src=\"https:\/\/ravel.com.br\/blog\/wp-content\/uploads\/2022\/08\/image-5.png\" alt=\"\" class=\"wp-image-4067\" width=\"597\" height=\"274\" srcset=\"https:\/\/ravel.com.br\/blog\/wp-content\/uploads\/2022\/08\/image-5.png 886w, https:\/\/ravel.com.br\/blog\/wp-content\/uploads\/2022\/08\/image-5-300x138.png 300w, https:\/\/ravel.com.br\/blog\/wp-content\/uploads\/2022\/08\/image-5-768x353.png 768w, https:\/\/ravel.com.br\/blog\/wp-content\/uploads\/2022\/08\/image-5-610x280.png 610w\" sizes=\"(max-width: 597px) 100vw, 597px\" \/><\/figure><\/div>\n\n\n\n<p>Ningu\u00e9m precisa aceitar ou recusar solicita\u00e7\u00f5es. Voc\u00ea pode decidir se deseja permitir que a sala ou o equipamento seja automaticamente reservado ou gerenciado por algu\u00e9m de sua empresa.<\/p>\n\n\n\n<p>Voc\u00ea viu como usar a fun\u00e7\u00e3o Salas e Equipamentos do Microsoft 365.<\/p>\n\n\n\n<figure class=\"wp-block-image size-large\"><a href=\"https:\/\/ravel.com.br\/servicos-em-nuvem\" target=\"_blank\" rel=\"noopener noreferrer\"><img loading=\"lazy\" decoding=\"async\" width=\"1024\" height=\"133\" src=\"https:\/\/ravel.com.br\/blog\/wp-content\/uploads\/2021\/11\/CTA-Sua-empresa-na-nuvem-1024x133.jpg\" alt=\"\" class=\"wp-image-3525\" srcset=\"https:\/\/ravel.com.br\/blog\/wp-content\/uploads\/2021\/11\/CTA-Sua-empresa-na-nuvem-1024x133.jpg 1024w, https:\/\/ravel.com.br\/blog\/wp-content\/uploads\/2021\/11\/CTA-Sua-empresa-na-nuvem-300x39.jpg 300w, https:\/\/ravel.com.br\/blog\/wp-content\/uploads\/2021\/11\/CTA-Sua-empresa-na-nuvem-768x100.jpg 768w, https:\/\/ravel.com.br\/blog\/wp-content\/uploads\/2021\/11\/CTA-Sua-empresa-na-nuvem-1536x199.jpg 1536w, https:\/\/ravel.com.br\/blog\/wp-content\/uploads\/2021\/11\/CTA-Sua-empresa-na-nuvem-2048x266.jpg 2048w, https:\/\/ravel.com.br\/blog\/wp-content\/uploads\/2021\/11\/CTA-Sua-empresa-na-nuvem-610x79.jpg 610w, https:\/\/ravel.com.br\/blog\/wp-content\/uploads\/2021\/11\/CTA-Sua-empresa-na-nuvem-1080x140.jpg 1080w\" sizes=\"(max-width: 1024px) 100vw, 1024px\" \/><\/a><\/figure>\n\n\n\n<p><\/p>\n","protected":false},"excerpt":{"rendered":"<p>Como tornar salas, projetores, entre outros recursos reserv\u00e1veis para uma equipe? Voc\u00ea pode fazer isso atrav\u00e9s da fun\u00e7\u00e3o Salas e Equipamentos do Microsoft 365<\/p>\n","protected":false},"author":37,"featured_media":4070,"comment_status":"open","ping_status":"open","sticky":false,"template":"","format":"standard","meta":{"_et_pb_use_builder":"","_et_pb_old_content":"","_et_gb_content_width":"","footnotes":""},"categories":[60,82],"tags":[],"class_list":["post-4061","post","type-post","status-publish","format-standard","has-post-thumbnail","hentry","category-dicas","category-produtividade","et-has-post-format-content","et_post_format-et-post-format-standard"],"yoast_head":"<!-- This site is optimized with the Yoast SEO plugin v24.1 - https:\/\/yoast.com\/wordpress\/plugins\/seo\/ -->\n<title>Salas e Equipamentos do Microsoft 365 - Blog - Ravel Tecnologia<\/title>\n<meta name=\"description\" content=\"Como tornar salas, projetores, entre outros recursos reserv\u00e1veis para uma equipe? Voc\u00ea pode fazer isso atrav\u00e9s da fun\u00e7\u00e3o Salas e Equipamentos do Microsoft 365\" \/>\n<meta name=\"robots\" content=\"index, follow, max-snippet:-1, max-image-preview:large, max-video-preview:-1\" \/>\n<link rel=\"canonical\" href=\"https:\/\/ravel.com.br\/blog\/como-usar-a-funcao-salas-e-equipamentos-do-microsoft-365\/\" \/>\n<meta property=\"og:locale\" content=\"pt_BR\" \/>\n<meta property=\"og:type\" content=\"article\" \/>\n<meta property=\"og:title\" content=\"Salas e Equipamentos do Microsoft 365 - Blog - Ravel Tecnologia\" \/>\n<meta property=\"og:description\" content=\"Como tornar salas, projetores, entre outros recursos reserv\u00e1veis para uma equipe? Voc\u00ea pode fazer isso atrav\u00e9s da fun\u00e7\u00e3o Salas e Equipamentos do Microsoft 365\" \/>\n<meta property=\"og:url\" content=\"https:\/\/ravel.com.br\/blog\/como-usar-a-funcao-salas-e-equipamentos-do-microsoft-365\/\" \/>\n<meta property=\"og:site_name\" content=\"Blog Tecnologia\" \/>\n<meta property=\"article:published_time\" content=\"2022-08-02T13:08:32+00:00\" \/>\n<meta property=\"article:modified_time\" content=\"2025-06-11T15:57:09+00:00\" \/>\n<meta property=\"og:image\" content=\"https:\/\/ravel.com.br\/blog\/wp-content\/uploads\/2022\/08\/Salas-e-equipamento-Microsoft-365-capa.jpg\" \/>\n\t<meta property=\"og:image:width\" content=\"1546\" \/>\n\t<meta property=\"og:image:height\" content=\"772\" \/>\n\t<meta property=\"og:image:type\" content=\"image\/jpeg\" \/>\n<meta name=\"author\" content=\"Fabio Perosa de Camargo\" \/>\n<meta name=\"twitter:card\" content=\"summary_large_image\" \/>\n<meta name=\"twitter:label1\" content=\"Escrito por\" \/>\n\t<meta name=\"twitter:data1\" content=\"Fabio Perosa de Camargo\" \/>\n\t<meta name=\"twitter:label2\" content=\"Est. tempo de leitura\" \/>\n\t<meta name=\"twitter:data2\" content=\"4 minutos\" \/>\n<script type=\"application\/ld+json\" class=\"yoast-schema-graph\">{\"@context\":\"https:\/\/schema.org\",\"@graph\":[{\"@type\":\"WebPage\",\"@id\":\"https:\/\/ravel.com.br\/blog\/como-usar-a-funcao-salas-e-equipamentos-do-microsoft-365\/\",\"url\":\"https:\/\/ravel.com.br\/blog\/como-usar-a-funcao-salas-e-equipamentos-do-microsoft-365\/\",\"name\":\"Salas e Equipamentos do Microsoft 365 - Blog - Ravel Tecnologia\",\"isPartOf\":{\"@id\":\"https:\/\/ravel.com.br\/blog\/#website\"},\"primaryImageOfPage\":{\"@id\":\"https:\/\/ravel.com.br\/blog\/como-usar-a-funcao-salas-e-equipamentos-do-microsoft-365\/#primaryimage\"},\"image\":{\"@id\":\"https:\/\/ravel.com.br\/blog\/como-usar-a-funcao-salas-e-equipamentos-do-microsoft-365\/#primaryimage\"},\"thumbnailUrl\":\"https:\/\/ravel.com.br\/blog\/wp-content\/uploads\/2022\/08\/Salas-e-equipamento-Microsoft-365-capa.jpg\",\"datePublished\":\"2022-08-02T13:08:32+00:00\",\"dateModified\":\"2025-06-11T15:57:09+00:00\",\"author\":{\"@id\":\"https:\/\/ravel.com.br\/blog\/#\/schema\/person\/e5fc23c1603bbe1c0ad03bcad1b16132\"},\"description\":\"Como tornar salas, projetores, entre outros recursos reserv\u00e1veis para uma equipe? Voc\u00ea pode fazer isso atrav\u00e9s da fun\u00e7\u00e3o Salas e Equipamentos do Microsoft 365\",\"breadcrumb\":{\"@id\":\"https:\/\/ravel.com.br\/blog\/como-usar-a-funcao-salas-e-equipamentos-do-microsoft-365\/#breadcrumb\"},\"inLanguage\":\"pt-BR\",\"potentialAction\":[{\"@type\":\"ReadAction\",\"target\":[\"https:\/\/ravel.com.br\/blog\/como-usar-a-funcao-salas-e-equipamentos-do-microsoft-365\/\"]}]},{\"@type\":\"ImageObject\",\"inLanguage\":\"pt-BR\",\"@id\":\"https:\/\/ravel.com.br\/blog\/como-usar-a-funcao-salas-e-equipamentos-do-microsoft-365\/#primaryimage\",\"url\":\"https:\/\/ravel.com.br\/blog\/wp-content\/uploads\/2022\/08\/Salas-e-equipamento-Microsoft-365-capa.jpg\",\"contentUrl\":\"https:\/\/ravel.com.br\/blog\/wp-content\/uploads\/2022\/08\/Salas-e-equipamento-Microsoft-365-capa.jpg\",\"width\":1546,\"height\":772},{\"@type\":\"BreadcrumbList\",\"@id\":\"https:\/\/ravel.com.br\/blog\/como-usar-a-funcao-salas-e-equipamentos-do-microsoft-365\/#breadcrumb\",\"itemListElement\":[{\"@type\":\"ListItem\",\"position\":1,\"name\":\"In\u00edcio\",\"item\":\"https:\/\/ravel.com.br\/blog\/\"},{\"@type\":\"ListItem\",\"position\":2,\"name\":\"Como usar a fun\u00e7\u00e3o Salas e Equipamentos do Microsoft 365\"}]},{\"@type\":\"WebSite\",\"@id\":\"https:\/\/ravel.com.br\/blog\/#website\",\"url\":\"https:\/\/ravel.com.br\/blog\/\",\"name\":\"Blog Tecnologia\",\"description\":\"Dicas e Artigos sobre Tecnologia\",\"potentialAction\":[{\"@type\":\"SearchAction\",\"target\":{\"@type\":\"EntryPoint\",\"urlTemplate\":\"https:\/\/ravel.com.br\/blog\/?s={search_term_string}\"},\"query-input\":{\"@type\":\"PropertyValueSpecification\",\"valueRequired\":true,\"valueName\":\"search_term_string\"}}],\"inLanguage\":\"pt-BR\"},{\"@type\":\"Person\",\"@id\":\"https:\/\/ravel.com.br\/blog\/#\/schema\/person\/e5fc23c1603bbe1c0ad03bcad1b16132\",\"name\":\"Fabio Perosa de Camargo\",\"image\":{\"@type\":\"ImageObject\",\"inLanguage\":\"pt-BR\",\"@id\":\"https:\/\/ravel.com.br\/blog\/#\/schema\/person\/image\/\",\"url\":\"https:\/\/secure.gravatar.com\/avatar\/e54d6c3a7ebadaa2372f5c4dd68c6c8a?s=96&d=mm&r=g\",\"contentUrl\":\"https:\/\/secure.gravatar.com\/avatar\/e54d6c3a7ebadaa2372f5c4dd68c6c8a?s=96&d=mm&r=g\",\"caption\":\"Fabio Perosa de Camargo\"},\"description\":\"Formado em Ci\u00eancia da computa\u00e7\u00e3o, atuando na equipe de Projetos, buscando compreender e executar as melhores estrat\u00e9gias na implementa\u00e7\u00e3o das ferramentas dispon\u00edveis no mercado. Cabeludo, Headbanger e adepto dos astronautas da antiguidade.\",\"url\":\"https:\/\/ravel.com.br\/blog\/author\/fabio-perosa\/\"}]}<\/script>\n<!-- \/ Yoast SEO plugin. -->","yoast_head_json":{"title":"Salas e Equipamentos do Microsoft 365 - Blog - Ravel Tecnologia","description":"Como tornar salas, projetores, entre outros recursos reserv\u00e1veis para uma equipe? Voc\u00ea pode fazer isso atrav\u00e9s da fun\u00e7\u00e3o Salas e Equipamentos do Microsoft 365","robots":{"index":"index","follow":"follow","max-snippet":"max-snippet:-1","max-image-preview":"max-image-preview:large","max-video-preview":"max-video-preview:-1"},"canonical":"https:\/\/ravel.com.br\/blog\/como-usar-a-funcao-salas-e-equipamentos-do-microsoft-365\/","og_locale":"pt_BR","og_type":"article","og_title":"Salas e Equipamentos do Microsoft 365 - Blog - Ravel Tecnologia","og_description":"Como tornar salas, projetores, entre outros recursos reserv\u00e1veis para uma equipe? Voc\u00ea pode fazer isso atrav\u00e9s da fun\u00e7\u00e3o Salas e Equipamentos do Microsoft 365","og_url":"https:\/\/ravel.com.br\/blog\/como-usar-a-funcao-salas-e-equipamentos-do-microsoft-365\/","og_site_name":"Blog Tecnologia","article_published_time":"2022-08-02T13:08:32+00:00","article_modified_time":"2025-06-11T15:57:09+00:00","og_image":[{"width":1546,"height":772,"url":"https:\/\/ravel.com.br\/blog\/wp-content\/uploads\/2022\/08\/Salas-e-equipamento-Microsoft-365-capa.jpg","type":"image\/jpeg"}],"author":"Fabio Perosa de Camargo","twitter_card":"summary_large_image","twitter_misc":{"Escrito por":"Fabio Perosa de Camargo","Est. tempo de leitura":"4 minutos"},"schema":{"@context":"https:\/\/schema.org","@graph":[{"@type":"WebPage","@id":"https:\/\/ravel.com.br\/blog\/como-usar-a-funcao-salas-e-equipamentos-do-microsoft-365\/","url":"https:\/\/ravel.com.br\/blog\/como-usar-a-funcao-salas-e-equipamentos-do-microsoft-365\/","name":"Salas e Equipamentos do Microsoft 365 - Blog - Ravel Tecnologia","isPartOf":{"@id":"https:\/\/ravel.com.br\/blog\/#website"},"primaryImageOfPage":{"@id":"https:\/\/ravel.com.br\/blog\/como-usar-a-funcao-salas-e-equipamentos-do-microsoft-365\/#primaryimage"},"image":{"@id":"https:\/\/ravel.com.br\/blog\/como-usar-a-funcao-salas-e-equipamentos-do-microsoft-365\/#primaryimage"},"thumbnailUrl":"https:\/\/ravel.com.br\/blog\/wp-content\/uploads\/2022\/08\/Salas-e-equipamento-Microsoft-365-capa.jpg","datePublished":"2022-08-02T13:08:32+00:00","dateModified":"2025-06-11T15:57:09+00:00","author":{"@id":"https:\/\/ravel.com.br\/blog\/#\/schema\/person\/e5fc23c1603bbe1c0ad03bcad1b16132"},"description":"Como tornar salas, projetores, entre outros recursos reserv\u00e1veis para uma equipe? Voc\u00ea pode fazer isso atrav\u00e9s da fun\u00e7\u00e3o Salas e Equipamentos do Microsoft 365","breadcrumb":{"@id":"https:\/\/ravel.com.br\/blog\/como-usar-a-funcao-salas-e-equipamentos-do-microsoft-365\/#breadcrumb"},"inLanguage":"pt-BR","potentialAction":[{"@type":"ReadAction","target":["https:\/\/ravel.com.br\/blog\/como-usar-a-funcao-salas-e-equipamentos-do-microsoft-365\/"]}]},{"@type":"ImageObject","inLanguage":"pt-BR","@id":"https:\/\/ravel.com.br\/blog\/como-usar-a-funcao-salas-e-equipamentos-do-microsoft-365\/#primaryimage","url":"https:\/\/ravel.com.br\/blog\/wp-content\/uploads\/2022\/08\/Salas-e-equipamento-Microsoft-365-capa.jpg","contentUrl":"https:\/\/ravel.com.br\/blog\/wp-content\/uploads\/2022\/08\/Salas-e-equipamento-Microsoft-365-capa.jpg","width":1546,"height":772},{"@type":"BreadcrumbList","@id":"https:\/\/ravel.com.br\/blog\/como-usar-a-funcao-salas-e-equipamentos-do-microsoft-365\/#breadcrumb","itemListElement":[{"@type":"ListItem","position":1,"name":"In\u00edcio","item":"https:\/\/ravel.com.br\/blog\/"},{"@type":"ListItem","position":2,"name":"Como usar a fun\u00e7\u00e3o Salas e Equipamentos do Microsoft 365"}]},{"@type":"WebSite","@id":"https:\/\/ravel.com.br\/blog\/#website","url":"https:\/\/ravel.com.br\/blog\/","name":"Blog Tecnologia","description":"Dicas e Artigos sobre Tecnologia","potentialAction":[{"@type":"SearchAction","target":{"@type":"EntryPoint","urlTemplate":"https:\/\/ravel.com.br\/blog\/?s={search_term_string}"},"query-input":{"@type":"PropertyValueSpecification","valueRequired":true,"valueName":"search_term_string"}}],"inLanguage":"pt-BR"},{"@type":"Person","@id":"https:\/\/ravel.com.br\/blog\/#\/schema\/person\/e5fc23c1603bbe1c0ad03bcad1b16132","name":"Fabio Perosa de Camargo","image":{"@type":"ImageObject","inLanguage":"pt-BR","@id":"https:\/\/ravel.com.br\/blog\/#\/schema\/person\/image\/","url":"https:\/\/secure.gravatar.com\/avatar\/e54d6c3a7ebadaa2372f5c4dd68c6c8a?s=96&d=mm&r=g","contentUrl":"https:\/\/secure.gravatar.com\/avatar\/e54d6c3a7ebadaa2372f5c4dd68c6c8a?s=96&d=mm&r=g","caption":"Fabio Perosa de Camargo"},"description":"Formado em Ci\u00eancia da computa\u00e7\u00e3o, atuando na equipe de Projetos, buscando compreender e executar as melhores estrat\u00e9gias na implementa\u00e7\u00e3o das ferramentas dispon\u00edveis no mercado. Cabeludo, Headbanger e adepto dos astronautas da antiguidade.","url":"https:\/\/ravel.com.br\/blog\/author\/fabio-perosa\/"}]}},"_links":{"self":[{"href":"https:\/\/ravel.com.br\/blog\/wp-json\/wp\/v2\/posts\/4061","targetHints":{"allow":["GET"]}}],"collection":[{"href":"https:\/\/ravel.com.br\/blog\/wp-json\/wp\/v2\/posts"}],"about":[{"href":"https:\/\/ravel.com.br\/blog\/wp-json\/wp\/v2\/types\/post"}],"author":[{"embeddable":true,"href":"https:\/\/ravel.com.br\/blog\/wp-json\/wp\/v2\/users\/37"}],"replies":[{"embeddable":true,"href":"https:\/\/ravel.com.br\/blog\/wp-json\/wp\/v2\/comments?post=4061"}],"version-history":[{"count":3,"href":"https:\/\/ravel.com.br\/blog\/wp-json\/wp\/v2\/posts\/4061\/revisions"}],"predecessor-version":[{"id":4072,"href":"https:\/\/ravel.com.br\/blog\/wp-json\/wp\/v2\/posts\/4061\/revisions\/4072"}],"wp:featuredmedia":[{"embeddable":true,"href":"https:\/\/ravel.com.br\/blog\/wp-json\/wp\/v2\/media\/4070"}],"wp:attachment":[{"href":"https:\/\/ravel.com.br\/blog\/wp-json\/wp\/v2\/media?parent=4061"}],"wp:term":[{"taxonomy":"category","embeddable":true,"href":"https:\/\/ravel.com.br\/blog\/wp-json\/wp\/v2\/categories?post=4061"},{"taxonomy":"post_tag","embeddable":true,"href":"https:\/\/ravel.com.br\/blog\/wp-json\/wp\/v2\/tags?post=4061"}],"curies":[{"name":"wp","href":"https:\/\/api.w.org\/{rel}","templated":true}]}}