{"id":4188,"date":"2022-08-31T15:25:17","date_gmt":"2022-08-31T18:25:17","guid":{"rendered":"https:\/\/ravel.com.br\/blog\/?p=4188"},"modified":"2025-06-30T10:28:21","modified_gmt":"2025-06-30T13:28:21","slug":"como-criar-um-plano-de-fundo-no-power-bi","status":"publish","type":"post","link":"https:\/\/ravel.com.br\/blog\/como-criar-um-plano-de-fundo-no-power-bi\/","title":{"rendered":"Como criar um plano de fundo no Power BI"},"content":{"rendered":"\n<p>O Power BI \u00e9 uma ferramenta de Business Intelligence da Microsoft, ele permite an\u00e1lises de dados que contribui para uma melhor tomada de decis\u00e3o, pois organiza as informa\u00e7\u00f5es de forma visual e intuitiva. \u00c9 uma ferramenta robusta e com muitas funcionalidades. Mostraremos aqui uma dica inicial&#8230; de como criar um plano de fundo no Power BI.<\/p>\n\n\n\n<p>O plano de fundo no Power BI faz com que os relat\u00f3rios fiquem mais atrativos e consequentemente mais alinhados.<\/p>\n\n\n\n<p>Para isso vamos criar uma imagem personalizada, recomenda-se usar o Power Point ou qualquer outra ferramenta que te permite fazer a personaliza\u00e7\u00e3o.<\/p>\n\n\n\n<ul class=\"wp-block-list\"><li>Selecione uma p\u00e1gina em branco:<\/li><\/ul>\n\n\n\n<figure class=\"wp-block-image size-large\"><img loading=\"lazy\" decoding=\"async\" width=\"886\" height=\"460\" src=\"https:\/\/ravel.com.br\/blog\/wp-content\/uploads\/2022\/08\/image-67.png\" alt=\"\" class=\"wp-image-4189\" srcset=\"https:\/\/ravel.com.br\/blog\/wp-content\/uploads\/2022\/08\/image-67.png 886w, https:\/\/ravel.com.br\/blog\/wp-content\/uploads\/2022\/08\/image-67-300x156.png 300w, https:\/\/ravel.com.br\/blog\/wp-content\/uploads\/2022\/08\/image-67-768x399.png 768w, https:\/\/ravel.com.br\/blog\/wp-content\/uploads\/2022\/08\/image-67-610x317.png 610w\" sizes=\"(max-width: 886px) 100vw, 886px\" \/><\/figure>\n\n\n\n<ul class=\"wp-block-list\"><li>Clique em inserir, em sequencia formas, e ap\u00f3s retangular.<\/li><li>Abra a forma fazendo com que ela preencha todo o espa\u00e7o em branco do seu Power Point.<\/li><\/ul>\n\n\n\n<figure class=\"wp-block-image size-large\"><img loading=\"lazy\" decoding=\"async\" width=\"886\" height=\"623\" src=\"https:\/\/ravel.com.br\/blog\/wp-content\/uploads\/2022\/08\/image-68.png\" alt=\"\" class=\"wp-image-4190\" srcset=\"https:\/\/ravel.com.br\/blog\/wp-content\/uploads\/2022\/08\/image-68.png 886w, https:\/\/ravel.com.br\/blog\/wp-content\/uploads\/2022\/08\/image-68-300x211.png 300w, https:\/\/ravel.com.br\/blog\/wp-content\/uploads\/2022\/08\/image-68-768x540.png 768w, https:\/\/ravel.com.br\/blog\/wp-content\/uploads\/2022\/08\/image-68-610x429.png 610w\" sizes=\"(max-width: 886px) 100vw, 886px\" \/><\/figure>\n\n\n\n<ul class=\"wp-block-list\"><li>V\u00e1 em Formatar, preenchimento da forma escolha uma cor.<\/li><\/ul>\n\n\n\n<p>L<strong>embrando que a cor tem que estar associada aos seus gr\u00e1ficos, portanto selecione uma cor que complemente os mesmos.<\/strong><\/p>\n\n\n\n<figure class=\"wp-block-image size-large\"><img loading=\"lazy\" decoding=\"async\" width=\"897\" height=\"422\" src=\"https:\/\/ravel.com.br\/blog\/wp-content\/uploads\/2022\/08\/image-69.png\" alt=\"\" class=\"wp-image-4191\" srcset=\"https:\/\/ravel.com.br\/blog\/wp-content\/uploads\/2022\/08\/image-69.png 897w, https:\/\/ravel.com.br\/blog\/wp-content\/uploads\/2022\/08\/image-69-300x141.png 300w, https:\/\/ravel.com.br\/blog\/wp-content\/uploads\/2022\/08\/image-69-768x361.png 768w, https:\/\/ravel.com.br\/blog\/wp-content\/uploads\/2022\/08\/image-69-610x287.png 610w\" sizes=\"(max-width: 897px) 100vw, 897px\" \/><\/figure>\n\n\n\n<ul class=\"wp-block-list\"><li>Novamente v\u00e1 em inserir, formas e dessa vez escolha Ret\u00e2ngulo: Cantos arredondados.<\/li><\/ul>\n\n\n\n<figure class=\"wp-block-image size-large\"><img loading=\"lazy\" decoding=\"async\" width=\"886\" height=\"325\" src=\"https:\/\/ravel.com.br\/blog\/wp-content\/uploads\/2022\/08\/image-70.png\" alt=\"\" class=\"wp-image-4192\" srcset=\"https:\/\/ravel.com.br\/blog\/wp-content\/uploads\/2022\/08\/image-70.png 886w, https:\/\/ravel.com.br\/blog\/wp-content\/uploads\/2022\/08\/image-70-300x110.png 300w, https:\/\/ravel.com.br\/blog\/wp-content\/uploads\/2022\/08\/image-70-768x282.png 768w, https:\/\/ravel.com.br\/blog\/wp-content\/uploads\/2022\/08\/image-70-610x224.png 610w\" sizes=\"(max-width: 886px) 100vw, 886px\" \/><\/figure>\n\n\n\n<ul class=\"wp-block-list\"><li>Abra os conforme a disposi\u00e7\u00e3o dos seus gr\u00e1ficos.<\/li><li>V\u00e1 em formatar, preenchimento da forma e escolha a cor:<\/li><\/ul>\n\n\n\n<figure class=\"wp-block-image size-large\"><img loading=\"lazy\" decoding=\"async\" width=\"886\" height=\"476\" src=\"https:\/\/ravel.com.br\/blog\/wp-content\/uploads\/2022\/08\/image-71.png\" alt=\"\" class=\"wp-image-4193\" srcset=\"https:\/\/ravel.com.br\/blog\/wp-content\/uploads\/2022\/08\/image-71.png 886w, https:\/\/ravel.com.br\/blog\/wp-content\/uploads\/2022\/08\/image-71-300x161.png 300w, https:\/\/ravel.com.br\/blog\/wp-content\/uploads\/2022\/08\/image-71-768x413.png 768w, https:\/\/ravel.com.br\/blog\/wp-content\/uploads\/2022\/08\/image-71-610x328.png 610w\" sizes=\"(max-width: 886px) 100vw, 886px\" \/><\/figure>\n\n\n\n<ul class=\"wp-block-list\"><li><\/li><\/ul>\n\n\n\n<p>Para adicionar os t\u00edtulos dos gr\u00e1ficos direto em nossa montagem do Power Point, vamos seguir esses passos:<\/p>\n\n\n\n<ul class=\"wp-block-list\"><li>Inserir -&gt; Formas -&gt; Ret\u00e2ngulo: Cantos Superiores Arredondados<\/li><\/ul>\n\n\n\n<figure class=\"wp-block-image size-large\"><img loading=\"lazy\" decoding=\"async\" width=\"886\" height=\"280\" src=\"https:\/\/ravel.com.br\/blog\/wp-content\/uploads\/2022\/08\/image-72.png\" alt=\"\" class=\"wp-image-4194\" srcset=\"https:\/\/ravel.com.br\/blog\/wp-content\/uploads\/2022\/08\/image-72.png 886w, https:\/\/ravel.com.br\/blog\/wp-content\/uploads\/2022\/08\/image-72-300x95.png 300w, https:\/\/ravel.com.br\/blog\/wp-content\/uploads\/2022\/08\/image-72-768x243.png 768w, https:\/\/ravel.com.br\/blog\/wp-content\/uploads\/2022\/08\/image-72-610x193.png 610w\" sizes=\"(max-width: 886px) 100vw, 886px\" \/><\/figure>\n\n\n\n<ul class=\"wp-block-list\"><li>Abra dentro das outras formas que adicionamos no passo anterior fazendo com que fique alinhado, formate a cor para que fique mais visual, deixando seu relat\u00f3rio mais apresent\u00e1vel.<\/li><\/ul>\n\n\n\n<figure class=\"wp-block-image size-large\"><img loading=\"lazy\" decoding=\"async\" width=\"886\" height=\"484\" src=\"https:\/\/ravel.com.br\/blog\/wp-content\/uploads\/2022\/08\/image-73.png\" alt=\"\" class=\"wp-image-4195\" srcset=\"https:\/\/ravel.com.br\/blog\/wp-content\/uploads\/2022\/08\/image-73.png 886w, https:\/\/ravel.com.br\/blog\/wp-content\/uploads\/2022\/08\/image-73-300x164.png 300w, https:\/\/ravel.com.br\/blog\/wp-content\/uploads\/2022\/08\/image-73-768x420.png 768w, https:\/\/ravel.com.br\/blog\/wp-content\/uploads\/2022\/08\/image-73-610x333.png 610w\" sizes=\"(max-width: 886px) 100vw, 886px\" \/><\/figure>\n\n\n\n<ul class=\"wp-block-list\"><li>Inserir -&gt; Caixa de Texto -&gt; Abra a caixa de texto dentro da forma que vai ficar o seu t\u00edtulo e escreva conforme o gr\u00e1fico que ser\u00e1 inserido.<\/li><\/ul>\n\n\n\n<figure class=\"wp-block-image size-large\"><img loading=\"lazy\" decoding=\"async\" width=\"886\" height=\"472\" src=\"https:\/\/ravel.com.br\/blog\/wp-content\/uploads\/2022\/08\/image-74.png\" alt=\"\" class=\"wp-image-4196\" srcset=\"https:\/\/ravel.com.br\/blog\/wp-content\/uploads\/2022\/08\/image-74.png 886w, https:\/\/ravel.com.br\/blog\/wp-content\/uploads\/2022\/08\/image-74-300x160.png 300w, https:\/\/ravel.com.br\/blog\/wp-content\/uploads\/2022\/08\/image-74-768x409.png 768w, https:\/\/ravel.com.br\/blog\/wp-content\/uploads\/2022\/08\/image-74-610x325.png 610w\" sizes=\"(max-width: 886px) 100vw, 886px\" \/><\/figure>\n\n\n\n<ul class=\"wp-block-list\"><li>Finalmente, salve o slide em formato <strong>PNG<\/strong>, como se fosse uma imagem e vamos inseri-lo em nosso Power BI Seguindo esses passos.<\/li><li>Dentro do Power BI, vamos em visualiza\u00e7\u00f5es, clique no pincel, depois tela de fundo, procurar imagem.<\/li><\/ul>\n\n\n\n<div class=\"wp-block-image\"><figure class=\"aligncenter size-large is-resized\"><img loading=\"lazy\" decoding=\"async\" src=\"https:\/\/ravel.com.br\/blog\/wp-content\/uploads\/2022\/08\/image-75.png\" alt=\"\" class=\"wp-image-4197\" width=\"200\" height=\"380\" srcset=\"https:\/\/ravel.com.br\/blog\/wp-content\/uploads\/2022\/08\/image-75.png 317w, https:\/\/ravel.com.br\/blog\/wp-content\/uploads\/2022\/08\/image-75-158x300.png 158w\" sizes=\"(max-width: 200px) 100vw, 200px\" \/><\/figure><\/div>\n\n\n\n<p>O Power BI por padr\u00e3o deixa nossa imagem com 100% de transpar\u00eancia, lembre-se de deixa-la com 0% para que nossa imagem apare\u00e7a com sucesso.<\/p>\n\n\n\n<div class=\"wp-block-image\"><figure class=\"aligncenter size-large is-resized\"><img loading=\"lazy\" decoding=\"async\" src=\"https:\/\/ravel.com.br\/blog\/wp-content\/uploads\/2022\/08\/image-76.png\" alt=\"\" class=\"wp-image-4198\" width=\"149\" height=\"86\"\/><\/figure><\/div>\n\n\n\n<p>Veja como fica mais apresent\u00e1vel nossos dashboards, depois de um plano de fundo inserido.<\/p>\n\n\n\n<figure class=\"wp-block-image size-large\"><img loading=\"lazy\" decoding=\"async\" width=\"886\" height=\"513\" src=\"https:\/\/ravel.com.br\/blog\/wp-content\/uploads\/2022\/08\/image-77.png\" alt=\"Como criar um plano de fundo no Power BI\" class=\"wp-image-4199\" srcset=\"https:\/\/ravel.com.br\/blog\/wp-content\/uploads\/2022\/08\/image-77.png 886w, https:\/\/ravel.com.br\/blog\/wp-content\/uploads\/2022\/08\/image-77-300x174.png 300w, https:\/\/ravel.com.br\/blog\/wp-content\/uploads\/2022\/08\/image-77-768x445.png 768w, https:\/\/ravel.com.br\/blog\/wp-content\/uploads\/2022\/08\/image-77-610x353.png 610w\" sizes=\"(max-width: 886px) 100vw, 886px\" \/><\/figure>\n\n\n\n<p>Nets artigo aprendemos a como criar um plano de fundo no Power BI, deixando os mais elegantes e visuais fazendo despertar ainda mais a aten\u00e7\u00e3o para as informa\u00e7\u00f5es.<\/p>\n\n\n\n<p>Para mais dicas, acesse: <a href=\"https:\/\/ravel.com.br\/blog\/category\/dicas\/\">Dicas e boas pr\u00e1ticas &#8211; Blog Tecnologia &#8211; Ravel<\/a><\/p>\n\n\n\n<figure class=\"wp-block-image size-large\"><a href=\"https:\/\/ravel.com.br\/servicos-em-nuvem\" target=\"_blank\" rel=\"noopener noreferrer\"><img loading=\"lazy\" decoding=\"async\" width=\"1024\" height=\"133\" src=\"https:\/\/ravel.com.br\/blog\/wp-content\/uploads\/2021\/11\/CTA-Sua-empresa-na-nuvem-1024x133.jpg\" alt=\"\" class=\"wp-image-3525\" srcset=\"https:\/\/ravel.com.br\/blog\/wp-content\/uploads\/2021\/11\/CTA-Sua-empresa-na-nuvem-1024x133.jpg 1024w, https:\/\/ravel.com.br\/blog\/wp-content\/uploads\/2021\/11\/CTA-Sua-empresa-na-nuvem-300x39.jpg 300w, https:\/\/ravel.com.br\/blog\/wp-content\/uploads\/2021\/11\/CTA-Sua-empresa-na-nuvem-768x100.jpg 768w, https:\/\/ravel.com.br\/blog\/wp-content\/uploads\/2021\/11\/CTA-Sua-empresa-na-nuvem-1536x199.jpg 1536w, https:\/\/ravel.com.br\/blog\/wp-content\/uploads\/2021\/11\/CTA-Sua-empresa-na-nuvem-2048x266.jpg 2048w, https:\/\/ravel.com.br\/blog\/wp-content\/uploads\/2021\/11\/CTA-Sua-empresa-na-nuvem-610x79.jpg 610w, https:\/\/ravel.com.br\/blog\/wp-content\/uploads\/2021\/11\/CTA-Sua-empresa-na-nuvem-1080x140.jpg 1080w\" sizes=\"(max-width: 1024px) 100vw, 1024px\" \/><\/a><\/figure>\n","protected":false},"excerpt":{"rendered":"<p>O plano de fundo no Power BI faz com que os relat\u00f3rios fiquem mais atrativos e consequentemente mais alinhados. Veja como criar.<\/p>\n","protected":false},"author":34,"featured_media":4201,"comment_status":"open","ping_status":"open","sticky":false,"template":"","format":"standard","meta":{"_et_pb_use_builder":"","_et_pb_old_content":"","_et_gb_content_width":"","footnotes":""},"categories":[60,108],"tags":[],"class_list":["post-4188","post","type-post","status-publish","format-standard","has-post-thumbnail","hentry","category-dicas","category-power-bi","et-has-post-format-content","et_post_format-et-post-format-standard"],"yoast_head":"<!-- This site is optimized with the Yoast SEO plugin v24.1 - https:\/\/yoast.com\/wordpress\/plugins\/seo\/ -->\n<title>Criar um plano de fundo no Power BI - Blog - Ravel Tecnologia<\/title>\n<meta name=\"description\" content=\"O plano de fundo no Power BI faz com que os relat\u00f3rios fiquem mais atrativos e consequentemente mais alinhados. Veja como criar.\" \/>\n<meta name=\"robots\" content=\"index, follow, max-snippet:-1, max-image-preview:large, max-video-preview:-1\" \/>\n<link rel=\"canonical\" href=\"https:\/\/ravel.com.br\/blog\/como-criar-um-plano-de-fundo-no-power-bi\/\" \/>\n<meta property=\"og:locale\" content=\"pt_BR\" \/>\n<meta property=\"og:type\" content=\"article\" \/>\n<meta property=\"og:title\" content=\"Criar um plano de fundo no Power BI - Blog - Ravel Tecnologia\" \/>\n<meta property=\"og:description\" content=\"O plano de fundo no Power BI faz com que os relat\u00f3rios fiquem mais atrativos e consequentemente mais alinhados. Veja como criar.\" \/>\n<meta property=\"og:url\" content=\"https:\/\/ravel.com.br\/blog\/como-criar-um-plano-de-fundo-no-power-bi\/\" \/>\n<meta property=\"og:site_name\" content=\"Blog Tecnologia\" \/>\n<meta property=\"article:published_time\" content=\"2022-08-31T18:25:17+00:00\" \/>\n<meta property=\"article:modified_time\" content=\"2025-06-30T13:28:21+00:00\" \/>\n<meta property=\"og:image\" content=\"https:\/\/ravel.com.br\/blog\/wp-content\/uploads\/2022\/08\/Power-BI-Plano-de-fundo-capa.png\" \/>\n\t<meta property=\"og:image:width\" content=\"1160\" \/>\n\t<meta property=\"og:image:height\" content=\"629\" \/>\n\t<meta property=\"og:image:type\" content=\"image\/png\" \/>\n<meta name=\"author\" content=\"Ravel Tecnologia\" \/>\n<meta name=\"twitter:card\" content=\"summary_large_image\" \/>\n<meta name=\"twitter:label1\" content=\"Escrito por\" \/>\n\t<meta name=\"twitter:data1\" content=\"Ravel Tecnologia\" \/>\n\t<meta name=\"twitter:label2\" content=\"Est. tempo de leitura\" \/>\n\t<meta name=\"twitter:data2\" content=\"5 minutos\" \/>\n<script type=\"application\/ld+json\" class=\"yoast-schema-graph\">{\"@context\":\"https:\/\/schema.org\",\"@graph\":[{\"@type\":\"WebPage\",\"@id\":\"https:\/\/ravel.com.br\/blog\/como-criar-um-plano-de-fundo-no-power-bi\/\",\"url\":\"https:\/\/ravel.com.br\/blog\/como-criar-um-plano-de-fundo-no-power-bi\/\",\"name\":\"Criar um plano de fundo no Power BI - Blog - Ravel Tecnologia\",\"isPartOf\":{\"@id\":\"https:\/\/ravel.com.br\/blog\/#website\"},\"primaryImageOfPage\":{\"@id\":\"https:\/\/ravel.com.br\/blog\/como-criar-um-plano-de-fundo-no-power-bi\/#primaryimage\"},\"image\":{\"@id\":\"https:\/\/ravel.com.br\/blog\/como-criar-um-plano-de-fundo-no-power-bi\/#primaryimage\"},\"thumbnailUrl\":\"https:\/\/ravel.com.br\/blog\/wp-content\/uploads\/2022\/08\/Power-BI-Plano-de-fundo-capa.png\",\"datePublished\":\"2022-08-31T18:25:17+00:00\",\"dateModified\":\"2025-06-30T13:28:21+00:00\",\"author\":{\"@id\":\"https:\/\/ravel.com.br\/blog\/#\/schema\/person\/77a79ccf728fc4a376654c3546e919f5\"},\"description\":\"O plano de fundo no Power BI faz com que os relat\u00f3rios fiquem mais atrativos e consequentemente mais alinhados. Veja como criar.\",\"breadcrumb\":{\"@id\":\"https:\/\/ravel.com.br\/blog\/como-criar-um-plano-de-fundo-no-power-bi\/#breadcrumb\"},\"inLanguage\":\"pt-BR\",\"potentialAction\":[{\"@type\":\"ReadAction\",\"target\":[\"https:\/\/ravel.com.br\/blog\/como-criar-um-plano-de-fundo-no-power-bi\/\"]}]},{\"@type\":\"ImageObject\",\"inLanguage\":\"pt-BR\",\"@id\":\"https:\/\/ravel.com.br\/blog\/como-criar-um-plano-de-fundo-no-power-bi\/#primaryimage\",\"url\":\"https:\/\/ravel.com.br\/blog\/wp-content\/uploads\/2022\/08\/Power-BI-Plano-de-fundo-capa.png\",\"contentUrl\":\"https:\/\/ravel.com.br\/blog\/wp-content\/uploads\/2022\/08\/Power-BI-Plano-de-fundo-capa.png\",\"width\":1160,\"height\":629},{\"@type\":\"BreadcrumbList\",\"@id\":\"https:\/\/ravel.com.br\/blog\/como-criar-um-plano-de-fundo-no-power-bi\/#breadcrumb\",\"itemListElement\":[{\"@type\":\"ListItem\",\"position\":1,\"name\":\"In\u00edcio\",\"item\":\"https:\/\/ravel.com.br\/blog\/\"},{\"@type\":\"ListItem\",\"position\":2,\"name\":\"Como criar um plano de fundo no Power BI\"}]},{\"@type\":\"WebSite\",\"@id\":\"https:\/\/ravel.com.br\/blog\/#website\",\"url\":\"https:\/\/ravel.com.br\/blog\/\",\"name\":\"Blog Tecnologia\",\"description\":\"Dicas e Artigos sobre Tecnologia\",\"potentialAction\":[{\"@type\":\"SearchAction\",\"target\":{\"@type\":\"EntryPoint\",\"urlTemplate\":\"https:\/\/ravel.com.br\/blog\/?s={search_term_string}\"},\"query-input\":{\"@type\":\"PropertyValueSpecification\",\"valueRequired\":true,\"valueName\":\"search_term_string\"}}],\"inLanguage\":\"pt-BR\"},{\"@type\":\"Person\",\"@id\":\"https:\/\/ravel.com.br\/blog\/#\/schema\/person\/77a79ccf728fc4a376654c3546e919f5\",\"name\":\"Ravel Tecnologia\",\"image\":{\"@type\":\"ImageObject\",\"inLanguage\":\"pt-BR\",\"@id\":\"https:\/\/ravel.com.br\/blog\/#\/schema\/person\/image\/\",\"url\":\"https:\/\/secure.gravatar.com\/avatar\/449267afe4e5fadbd121b8790fd528f6?s=96&d=mm&r=g\",\"contentUrl\":\"https:\/\/secure.gravatar.com\/avatar\/449267afe4e5fadbd121b8790fd528f6?s=96&d=mm&r=g\",\"caption\":\"Ravel Tecnologia\"},\"description\":\"Oferecemos servi\u00e7os de TI para garantir que a tecnologia trabalhe como forte aliada na conquista de resultados e se reflita de forma direta na produtividade e no crescimento das empresas.\",\"url\":\"https:\/\/ravel.com.br\/blog\/author\/ravel-tecnologia\/\"}]}<\/script>\n<!-- \/ Yoast SEO plugin. -->","yoast_head_json":{"title":"Criar um plano de fundo no Power BI - Blog - Ravel Tecnologia","description":"O plano de fundo no Power BI faz com que os relat\u00f3rios fiquem mais atrativos e consequentemente mais alinhados. Veja como criar.","robots":{"index":"index","follow":"follow","max-snippet":"max-snippet:-1","max-image-preview":"max-image-preview:large","max-video-preview":"max-video-preview:-1"},"canonical":"https:\/\/ravel.com.br\/blog\/como-criar-um-plano-de-fundo-no-power-bi\/","og_locale":"pt_BR","og_type":"article","og_title":"Criar um plano de fundo no Power BI - Blog - Ravel Tecnologia","og_description":"O plano de fundo no Power BI faz com que os relat\u00f3rios fiquem mais atrativos e consequentemente mais alinhados. Veja como criar.","og_url":"https:\/\/ravel.com.br\/blog\/como-criar-um-plano-de-fundo-no-power-bi\/","og_site_name":"Blog Tecnologia","article_published_time":"2022-08-31T18:25:17+00:00","article_modified_time":"2025-06-30T13:28:21+00:00","og_image":[{"width":1160,"height":629,"url":"https:\/\/ravel.com.br\/blog\/wp-content\/uploads\/2022\/08\/Power-BI-Plano-de-fundo-capa.png","type":"image\/png"}],"author":"Ravel Tecnologia","twitter_card":"summary_large_image","twitter_misc":{"Escrito por":"Ravel Tecnologia","Est. tempo de leitura":"5 minutos"},"schema":{"@context":"https:\/\/schema.org","@graph":[{"@type":"WebPage","@id":"https:\/\/ravel.com.br\/blog\/como-criar-um-plano-de-fundo-no-power-bi\/","url":"https:\/\/ravel.com.br\/blog\/como-criar-um-plano-de-fundo-no-power-bi\/","name":"Criar um plano de fundo no Power BI - Blog - Ravel Tecnologia","isPartOf":{"@id":"https:\/\/ravel.com.br\/blog\/#website"},"primaryImageOfPage":{"@id":"https:\/\/ravel.com.br\/blog\/como-criar-um-plano-de-fundo-no-power-bi\/#primaryimage"},"image":{"@id":"https:\/\/ravel.com.br\/blog\/como-criar-um-plano-de-fundo-no-power-bi\/#primaryimage"},"thumbnailUrl":"https:\/\/ravel.com.br\/blog\/wp-content\/uploads\/2022\/08\/Power-BI-Plano-de-fundo-capa.png","datePublished":"2022-08-31T18:25:17+00:00","dateModified":"2025-06-30T13:28:21+00:00","author":{"@id":"https:\/\/ravel.com.br\/blog\/#\/schema\/person\/77a79ccf728fc4a376654c3546e919f5"},"description":"O plano de fundo no Power BI faz com que os relat\u00f3rios fiquem mais atrativos e consequentemente mais alinhados. Veja como criar.","breadcrumb":{"@id":"https:\/\/ravel.com.br\/blog\/como-criar-um-plano-de-fundo-no-power-bi\/#breadcrumb"},"inLanguage":"pt-BR","potentialAction":[{"@type":"ReadAction","target":["https:\/\/ravel.com.br\/blog\/como-criar-um-plano-de-fundo-no-power-bi\/"]}]},{"@type":"ImageObject","inLanguage":"pt-BR","@id":"https:\/\/ravel.com.br\/blog\/como-criar-um-plano-de-fundo-no-power-bi\/#primaryimage","url":"https:\/\/ravel.com.br\/blog\/wp-content\/uploads\/2022\/08\/Power-BI-Plano-de-fundo-capa.png","contentUrl":"https:\/\/ravel.com.br\/blog\/wp-content\/uploads\/2022\/08\/Power-BI-Plano-de-fundo-capa.png","width":1160,"height":629},{"@type":"BreadcrumbList","@id":"https:\/\/ravel.com.br\/blog\/como-criar-um-plano-de-fundo-no-power-bi\/#breadcrumb","itemListElement":[{"@type":"ListItem","position":1,"name":"In\u00edcio","item":"https:\/\/ravel.com.br\/blog\/"},{"@type":"ListItem","position":2,"name":"Como criar um plano de fundo no Power BI"}]},{"@type":"WebSite","@id":"https:\/\/ravel.com.br\/blog\/#website","url":"https:\/\/ravel.com.br\/blog\/","name":"Blog Tecnologia","description":"Dicas e Artigos sobre Tecnologia","potentialAction":[{"@type":"SearchAction","target":{"@type":"EntryPoint","urlTemplate":"https:\/\/ravel.com.br\/blog\/?s={search_term_string}"},"query-input":{"@type":"PropertyValueSpecification","valueRequired":true,"valueName":"search_term_string"}}],"inLanguage":"pt-BR"},{"@type":"Person","@id":"https:\/\/ravel.com.br\/blog\/#\/schema\/person\/77a79ccf728fc4a376654c3546e919f5","name":"Ravel Tecnologia","image":{"@type":"ImageObject","inLanguage":"pt-BR","@id":"https:\/\/ravel.com.br\/blog\/#\/schema\/person\/image\/","url":"https:\/\/secure.gravatar.com\/avatar\/449267afe4e5fadbd121b8790fd528f6?s=96&d=mm&r=g","contentUrl":"https:\/\/secure.gravatar.com\/avatar\/449267afe4e5fadbd121b8790fd528f6?s=96&d=mm&r=g","caption":"Ravel Tecnologia"},"description":"Oferecemos servi\u00e7os de TI para garantir que a tecnologia trabalhe como forte aliada na conquista de resultados e se reflita de forma direta na produtividade e no crescimento das empresas.","url":"https:\/\/ravel.com.br\/blog\/author\/ravel-tecnologia\/"}]}},"_links":{"self":[{"href":"https:\/\/ravel.com.br\/blog\/wp-json\/wp\/v2\/posts\/4188","targetHints":{"allow":["GET"]}}],"collection":[{"href":"https:\/\/ravel.com.br\/blog\/wp-json\/wp\/v2\/posts"}],"about":[{"href":"https:\/\/ravel.com.br\/blog\/wp-json\/wp\/v2\/types\/post"}],"author":[{"embeddable":true,"href":"https:\/\/ravel.com.br\/blog\/wp-json\/wp\/v2\/users\/34"}],"replies":[{"embeddable":true,"href":"https:\/\/ravel.com.br\/blog\/wp-json\/wp\/v2\/comments?post=4188"}],"version-history":[{"count":2,"href":"https:\/\/ravel.com.br\/blog\/wp-json\/wp\/v2\/posts\/4188\/revisions"}],"predecessor-version":[{"id":4202,"href":"https:\/\/ravel.com.br\/blog\/wp-json\/wp\/v2\/posts\/4188\/revisions\/4202"}],"wp:featuredmedia":[{"embeddable":true,"href":"https:\/\/ravel.com.br\/blog\/wp-json\/wp\/v2\/media\/4201"}],"wp:attachment":[{"href":"https:\/\/ravel.com.br\/blog\/wp-json\/wp\/v2\/media?parent=4188"}],"wp:term":[{"taxonomy":"category","embeddable":true,"href":"https:\/\/ravel.com.br\/blog\/wp-json\/wp\/v2\/categories?post=4188"},{"taxonomy":"post_tag","embeddable":true,"href":"https:\/\/ravel.com.br\/blog\/wp-json\/wp\/v2\/tags?post=4188"}],"curies":[{"name":"wp","href":"https:\/\/api.w.org\/{rel}","templated":true}]}}