{"id":4373,"date":"2022-11-23T10:05:24","date_gmt":"2022-11-23T13:05:24","guid":{"rendered":"https:\/\/ravel.com.br\/blog\/?p=4373"},"modified":"2022-11-23T10:21:27","modified_gmt":"2022-11-23T13:21:27","slug":"web-summit-2022-a-ravel-esteve-por-la","status":"publish","type":"post","link":"https:\/\/ravel.com.br\/blog\/web-summit-2022-a-ravel-esteve-por-la\/","title":{"rendered":"Web Summit 2022, a Ravel esteve por l\u00e1"},"content":{"rendered":"\n<p>O Web Summit \u00e9 por si s\u00f3 uma enorme oportunidade de perceber e acompanhar os avan\u00e7os da tecnologia no mundo. A tecnologia \u00e9 essencial para todos os segmentos da economia e essencial para o desenvolvimento de novas formas de vivermos. A Ravel esteve no evento com seus dois fundadores. Neste artigo, comentamos as principais tendencias que percebemos no evento.&nbsp;<\/p>\n\n\n\n<h2 class=\"wp-block-heading\"><strong>WEB SUMMIT 2022<\/strong><\/h2>\n\n\n\n<p>O Web Summit 2022 foi sem d\u00favida uma edi\u00e7\u00e3o hist\u00f3rica. As palavras do pr\u00f3prio Paddy Cosgrave, CEO do Web Summit, \u201cAlcan\u00e7amos uma escala extraordin\u00e1ria este ano. Aumentamos a \u00e1rea do vento em 21 mil metros quadrados e recebemos um n\u00famero recorde de congressistas, palestrantes, startups e investidores\u201d.<\/p>\n\n\n\n<p>O evento fortaleceu o ambiente de startups dentro do evento e em toda Lisboa, onde in\u00fameros eventos paralelos aconteceram e a cidade fervilhava de oportunidades de networking.<\/p>\n\n\n\n<p>A cada ano, o Web Summit consolida sua posi\u00e7\u00e3o como o principal evento de inova\u00e7\u00e3o do mundo. A escala global do evento, a amplitude de temas e o encontro de culturas fazem com que essa seja uma oportunidade imensa de networking, aquisi\u00e7\u00e3o de conhecimento, identifica\u00e7\u00e3o de tend\u00eancias e transforma\u00e7\u00e3o de neg\u00f3cios.<\/p>\n\n\n\n<p>Os n\u00fameros mostram a dimens\u00e3o, mas nem assim refletem a grandeza das intera\u00e7\u00f5es e a riqueza de conte\u00fado que o Web Summit traz:<\/p>\n\n\n\n<p><strong>71.033<\/strong> participantes de 160 pa\u00edses;<\/p>\n\n\n\n<p><strong>42%<\/strong> p\u00fablico feminino no evento;<\/p>\n\n\n\n<p><strong>202.386<\/strong> metros quadrados \u00e9 a \u00e1rea ocupada pelo evento no Parque das Na\u00e7\u00f5es, em Lisboa;<\/p>\n\n\n\n<p><strong>2.296<\/strong> startups de 94 pa\u00edses se apresentaram nos tr\u00eas dias de evento. Dessas, mais de 70 s\u00e3o brasileiras;<\/p>\n\n\n\n<p><strong>Quase 400<\/strong> startups que se apresentaram foram fundadas por mulheres;<\/p>\n\n\n\n<p><strong>8.478<\/strong> metros quadrados foi a \u00e1rea dedicada \u00e0 exposi\u00e7\u00e3o das startups, um aumento de 57% em rela\u00e7\u00e3o a 2021;<\/p>\n\n\n\n<p><strong>Em 17 palcos e 26 trilhas <\/strong>de conte\u00fado, se apresentaram 1.050 palestrantes, dos quais 34% s\u00e3o mulheres;<\/p>\n\n\n\n<p><strong>1.081 <\/strong>investidores de 60 pa\u00edses buscaram oportunidades de neg\u00f3cios no evento;<\/p>\n\n\n\n<p>Os investidores que estiveram no Web Summit representam 30% de todos os aportes globais em startups em 2022, segundo o PitchBook;<\/p>\n\n\n\n<p>O Brasil foi a 3\u00aa maior delega\u00e7\u00e3o no evento, atr\u00e1s apenas do Reino Unido e Alemanha.<\/p>\n\n\n\n<p>Mas o Web Summit \u00e9 muito mais do que n\u00fameros. Quero apresentar a voc\u00ea cinco megatend\u00eancias que estar\u00e3o presentes em nossa vida e voc\u00ea n\u00e3o pode ignor\u00e1-las.<\/p>\n\n\n\n<h2 class=\"wp-block-heading\"><strong>GERA\u00c7\u00c3O Z: OS DONOS DA NARRATIVA&nbsp;<\/strong><\/h2>\n\n\n\n<p>A Gera\u00e7\u00e3o Z, que nasceu aproximadamente entre 1995 e 2010, \u00e9 a primeira gera\u00e7\u00e3o nativa digital. De forma geral, dominam as tecnologias e t\u00eam urg\u00eancia e multiplicidade nas suas rela\u00e7\u00f5es com pessoas, marcas, produtos e servi\u00e7os.<\/p>\n\n\n\n<p>Costumam viver em um universo que, ao mesmo tempo em que \u00e9 individual e personalizado, tamb\u00e9m \u00e9 coletivo e colaborativo \u2013 intermediado pelo smartphone.<\/p>\n\n\n\n<p>Essa gera\u00e7\u00e3o corresponde a 2,6 bilh\u00f5es de pessoas, que t\u00eam cerca de 30% do poder global de consumo. A expectativa \u00e9 que, no final desta d\u00e9cada, j\u00e1 respondem por metade do poder aquisitivo e sejam a grande for\u00e7a impulsionadora das estrat\u00e9gias de neg\u00f3cios das empresas.<\/p>\n\n\n\n<p>Em 2030, a Gera\u00e7\u00e3o X ser\u00e1 cinquentona e sua sucessora, a Y, estar\u00e1 chegando aos 40. Ser\u00e1, ent\u00e3o, a hora e a vez da Gera\u00e7\u00e3o Z comandar o mundo.<\/p>\n\n\n\n<p>Essa \u00e9 uma virada no mundo dos neg\u00f3cios. Precisamos estar atentos e alertas em rela\u00e7\u00e3o a como esta gera\u00e7\u00e3o consome, compra e usa as plataformas digitais.<\/p>\n\n\n\n<p>Sua empresa precisa entender que esta gera\u00e7\u00e3o \u00e9 ela afinal que estar\u00e1 no comando.<\/p>\n\n\n\n<figure class=\"wp-block-image size-large\"><img loading=\"lazy\" decoding=\"async\" width=\"1024\" height=\"485\" src=\"https:\/\/ravel.com.br\/blog\/wp-content\/uploads\/2022\/11\/web-summit-2022-banner-1-1024x485.jpg\" alt=\"web summit metaverso\" class=\"wp-image-4377\" srcset=\"https:\/\/ravel.com.br\/blog\/wp-content\/uploads\/2022\/11\/web-summit-2022-banner-1-1024x485.jpg 1024w, https:\/\/ravel.com.br\/blog\/wp-content\/uploads\/2022\/11\/web-summit-2022-banner-1-300x142.jpg 300w, https:\/\/ravel.com.br\/blog\/wp-content\/uploads\/2022\/11\/web-summit-2022-banner-1-768x364.jpg 768w, https:\/\/ravel.com.br\/blog\/wp-content\/uploads\/2022\/11\/web-summit-2022-banner-1-1536x727.jpg 1536w, https:\/\/ravel.com.br\/blog\/wp-content\/uploads\/2022\/11\/web-summit-2022-banner-1-610x289.jpg 610w, https:\/\/ravel.com.br\/blog\/wp-content\/uploads\/2022\/11\/web-summit-2022-banner-1-1080x511.jpg 1080w, https:\/\/ravel.com.br\/blog\/wp-content\/uploads\/2022\/11\/web-summit-2022-banner-1.jpg 1595w\" sizes=\"(max-width: 1024px) 100vw, 1024px\" \/><\/figure>\n\n\n\n<h2 class=\"wp-block-heading\"><strong>VIDA DIGITAL E METAVERSO<\/strong><\/h2>\n\n\n\n<p>A vida digital vem deixando de ser uma tend\u00eancia e se transformando em uma realidade. Para milh\u00f5es de pessoas, ela \u00e9 o principal meio de conhecimento do mundo e de relacionamento com as pessoas.<\/p>\n\n\n\n<p>A Gera\u00e7\u00e3o Z encabe\u00e7a esse movimento, que \u00e9 espalhado para toda a popula\u00e7\u00e3o, dos mais velhos aos mais novos.<\/p>\n\n\n\n<p>A vida digital \u00e9, acima de tudo, uma vida multitelas: do smartphone para o computador, para a TV, para o tablet, o wearable&#8230; e, mais e mais, para dispositivos \u201cinvis\u00edveis\u201d, como os comandos de voz e os sensores que tomam decis\u00f5es automaticamente.<\/p>\n\n\n\n<p>Essa vida digital multitelas migraram para \u201cmultividas\u201d: vidas simultaneamente digitais e f\u00edsicas, h\u00edbridas, fluidas e interconectadas.<\/p>\n\n\n\n<p>Experi\u00eancias digitais e f\u00edsicas ser\u00e3o vistas como experi\u00eancias de vida \u2013 e a posse ou uso tempor\u00e1rio de bens far\u00e1 tanto sentido na vida \u201creal\u201d quando dentro de um game.<\/p>\n\n\n\n<p>O metaverso ganhar\u00e1 campo nas mais diversas experi\u00eancias. Uma realidade virtual que tomar\u00e1 boa parte das experi\u00eancias de consumo, entretenimento e rela\u00e7\u00f5es.<\/p>\n\n\n\n<h2 class=\"wp-block-heading\"><strong>IA, ALGORITMOS, BOTS<\/strong><\/h2>\n\n\n\n<p>Uma vida digital \u00e9 uma vida mediada pela tecnologia. E por ser uma vida h\u00edbrida, as fronteiras do uso da tecnologia ser\u00e3o t\u00eanues.<\/p>\n\n\n\n<p>&nbsp;J\u00e1 estamos usando Intelig\u00eancia Artificial, algoritmos e bots em muitas atividades di\u00e1rias e isso ser\u00e1 exponenciado at\u00e9 o fim desta d\u00e9cada.<\/p>\n\n\n\n<p>IA, algoritmos e bots ser\u00e3o a base para a identidade das pessoas em um mundo cada vez mais digitalizado. A possibilidade de hiperpersonaliza\u00e7\u00e3o gerar\u00e1 \u201ceugoritmos\u201d que automatizar\u00e3o aspectos como alimenta\u00e7\u00e3o, consumo, trabalho, entretenimento, equil\u00edbrio e at\u00e9 mesmo afeto.<\/p>\n\n\n\n<p>A identidade humana se definir\u00e1, cada vez mais, a partir do uso da tecnologia e da intera\u00e7\u00e3o da Intelig\u00eancia Artificial, dos algoritmos e dos bots com as pessoas.<\/p>\n\n\n\n<h2 class=\"wp-block-heading\"><strong>CRIPTOMOEDAS<\/strong><\/h2>\n\n\n\n<p>O mundo cripto n\u00e3o \u00e9 uma moda passageira e sim uma nova forma de desenvolver neg\u00f3cios. Anabolizado pelos tokens e NFTs, o ambiente digital gera uma nova est\u00e9tica e uma criptoest\u00e9tica.<\/p>\n\n\n\n<p>Novos paradigmas e novos valores ser\u00e3o determinantes at\u00e9 mesmo para o valuation das empresas: Neg\u00f3cios valer\u00e3o n\u00e3o apenas o que o bottom line apresenta, mas tamb\u00e9m por sua capacidade de gerar impacto social relevante.<\/p>\n\n\n\n<figure class=\"wp-block-image size-large\"><img loading=\"lazy\" decoding=\"async\" width=\"1024\" height=\"507\" src=\"https:\/\/ravel.com.br\/blog\/wp-content\/uploads\/2022\/11\/web-summit-2022-banner-2-1024x507.jpg\" alt=\"web summit sustentabilidade tecnologia\" class=\"wp-image-4378\" srcset=\"https:\/\/ravel.com.br\/blog\/wp-content\/uploads\/2022\/11\/web-summit-2022-banner-2-1024x507.jpg 1024w, https:\/\/ravel.com.br\/blog\/wp-content\/uploads\/2022\/11\/web-summit-2022-banner-2-300x148.jpg 300w, https:\/\/ravel.com.br\/blog\/wp-content\/uploads\/2022\/11\/web-summit-2022-banner-2-768x380.jpg 768w, https:\/\/ravel.com.br\/blog\/wp-content\/uploads\/2022\/11\/web-summit-2022-banner-2-1536x760.jpg 1536w, https:\/\/ravel.com.br\/blog\/wp-content\/uploads\/2022\/11\/web-summit-2022-banner-2-610x302.jpg 610w, https:\/\/ravel.com.br\/blog\/wp-content\/uploads\/2022\/11\/web-summit-2022-banner-2-1080x534.jpg 1080w, https:\/\/ravel.com.br\/blog\/wp-content\/uploads\/2022\/11\/web-summit-2022-banner-2.jpg 1611w\" sizes=\"(max-width: 1024px) 100vw, 1024px\" \/><\/figure>\n\n\n\n<h2 class=\"wp-block-heading\"><strong>SUSTENTABILIDADE REINVENTADA<\/strong><\/h2>\n\n\n\n<p>Para nossa presen\u00e7a no planeta, n\u00e3o existe \u201cplano B\u201d: se o ritmo de devasta\u00e7\u00e3o continuar, o ser humano n\u00e3o sobreviver\u00e1 e ainda teremos tempos muito dif\u00edceis.<\/p>\n\n\n\n<p>A urg\u00eancia desse tema se imp\u00f5e em processos produtivos, na recupera\u00e7\u00e3o do meio ambiente e, especialmente, em repensar o consumo.<\/p>\n\n\n\n<p>Dos 3 \u201cRs\u201d (reduza, reuse e recicle), o reuso tem um papel fundamental. Ao entendermos que o \u201cdescarte\u201d de produtos n\u00e3o funciona do ponto de vista planet\u00e1rio, fica claro que \u00e9 preciso estimular a reutiliza\u00e7\u00e3o dos bens o que gera novas oportunidades no mercado secondhand, que ter\u00e1 um enorme crescimento nos pr\u00f3ximos anos.<\/p>\n\n\n\n<p>Mais do que consumo, a sustentabilidade passa a ser um valor incorporado ao mindset da sociedade e, por isso, impulsiona comportamentos, decis\u00f5es e motiva\u00e7\u00f5es.<\/p>\n\n\n\n<p>Estas cinco tend\u00eancias n\u00e3o est\u00e3o isoladas, todas caminham sobre a coluna vertebral da tecnologia. Estar conectado ao mundo \u00e9 essencial para que sua empresa esteja em sintonia com tudo que est\u00e1 acontecendo no mundo.<\/p>\n\n\n\n<h2 class=\"wp-block-heading\"><strong>A TECNOLOGIA N\u00c3O PODE SER IGNORADA POR VOC\u00ca<\/strong><\/h2>\n\n\n\n<p>A tecnologia n\u00e3o \u00e9 algo distante da vida de nenhum empres\u00e1rio. Mas o Web Summit apresenta a n\u00f3s ano a ano como ela tem modelado nosso futuro.<\/p>\n\n\n\n<p>Est\u00e1 foi a sexta edi\u00e7\u00e3o que participo do Web Summit. Percebo de forma sens\u00edvel uma guinada no evento lan\u00e7ando luzes sobre a forma que vivemos.<\/p>\n\n\n\n<p>Desde a abertura do Web Summit com a fala da primeira-dama da Ucr\u00e2nia Olena Zelenska, onde ela apontou a tecnologia como essencial para manter a vida e n\u00e3o como geradora da morte como temos presenciado na guerra que a R\u00fassia deflagrou.<\/p>\n\n\n\n<p>Os desafios para continuarmos vivendo com o desenvolvimento que conseguimos alcan\u00e7ar \u00e9 enorme, mas jamais tivemos tamanho grau de desenvolvimento econ\u00f4mico, tecnol\u00f3gico e de qualidade de vida.<\/p>\n\n\n\n<p>A tecnologia deve ser ferramenta para que possamos colocar em fun\u00e7\u00e3o do mundo nossa melhor vers\u00e3o.<\/p>\n\n\n\n<p>A Ravel, participou do Web Summit e como tem feito ao longo das quase tr\u00eas \u00faltimas d\u00e9cadas tem se mantido relevante, estando em sintonia com os avan\u00e7os globais e levando aos seus clientes o mais moderno e significativo.<\/p>\n\n\n\n<p>Forte abra\u00e7o e at\u00e9 o pr\u00f3ximo artigo.<\/p>\n\n\n\n<p>Para mais artigos, acesse: <a href=\"https:\/\/ravel.com.br\/blog\/category\/viver-com-tecnologia\/\">Viver com Tecnologia &#8211; Blog Tecnologia &#8211; Ravel Tecnologia<\/a><\/p>\n\n\n\n<figure class=\"wp-block-image size-large\"><a href=\"https:\/\/ravel.com.br\/\" target=\"_blank\" rel=\"noopener noreferrer\"><img loading=\"lazy\" decoding=\"async\" width=\"1024\" height=\"133\" src=\"https:\/\/ravel.com.br\/blog\/wp-content\/uploads\/2021\/11\/CTA-Tecnologia-a-seu-favor-1024x133.jpg\" alt=\"\" class=\"wp-image-3527\" srcset=\"https:\/\/ravel.com.br\/blog\/wp-content\/uploads\/2021\/11\/CTA-Tecnologia-a-seu-favor-1024x133.jpg 1024w, https:\/\/ravel.com.br\/blog\/wp-content\/uploads\/2021\/11\/CTA-Tecnologia-a-seu-favor-300x39.jpg 300w, https:\/\/ravel.com.br\/blog\/wp-content\/uploads\/2021\/11\/CTA-Tecnologia-a-seu-favor-768x100.jpg 768w, https:\/\/ravel.com.br\/blog\/wp-content\/uploads\/2021\/11\/CTA-Tecnologia-a-seu-favor-1536x199.jpg 1536w, https:\/\/ravel.com.br\/blog\/wp-content\/uploads\/2021\/11\/CTA-Tecnologia-a-seu-favor-2048x266.jpg 2048w, https:\/\/ravel.com.br\/blog\/wp-content\/uploads\/2021\/11\/CTA-Tecnologia-a-seu-favor-610x79.jpg 610w, https:\/\/ravel.com.br\/blog\/wp-content\/uploads\/2021\/11\/CTA-Tecnologia-a-seu-favor-1080x140.jpg 1080w\" sizes=\"(max-width: 1024px) 100vw, 1024px\" \/><\/a><\/figure>\n","protected":false},"excerpt":{"rendered":"<p>A tecnologia \u00e9 essencial para todos os segmentos da economia e essencial para o desenvolvimento de novas formas de vivermos<\/p>\n","protected":false},"author":19,"featured_media":4376,"comment_status":"open","ping_status":"open","sticky":false,"template":"","format":"standard","meta":{"_et_pb_use_builder":"","_et_pb_old_content":"","_et_gb_content_width":"","footnotes":""},"categories":[105],"tags":[],"class_list":["post-4373","post","type-post","status-publish","format-standard","has-post-thumbnail","hentry","category-viver-com-tecnologia","et-has-post-format-content","et_post_format-et-post-format-standard"],"yoast_head":"<!-- This site is optimized with the Yoast SEO plugin v24.1 - https:\/\/yoast.com\/wordpress\/plugins\/seo\/ -->\n<title>Web Summit 2022, a Ravel esteve por l\u00e1 - Blog - Ravel Tecnologia<\/title>\n<meta name=\"description\" content=\"O Web Summit \u00e9 por si s\u00f3 uma enorme oportunidade de perceber e acompanhar os avan\u00e7os da tecnologia no mundo - Veja o que vimos.\" \/>\n<meta name=\"robots\" content=\"index, follow, max-snippet:-1, max-image-preview:large, max-video-preview:-1\" \/>\n<link rel=\"canonical\" href=\"https:\/\/ravel.com.br\/blog\/web-summit-2022-a-ravel-esteve-por-la\/\" \/>\n<meta property=\"og:locale\" content=\"pt_BR\" \/>\n<meta property=\"og:type\" content=\"article\" \/>\n<meta property=\"og:title\" content=\"Web Summit 2022, a Ravel esteve por l\u00e1 - Blog - Ravel Tecnologia\" \/>\n<meta property=\"og:description\" content=\"O Web Summit \u00e9 por si s\u00f3 uma enorme oportunidade de perceber e acompanhar os avan\u00e7os da tecnologia no mundo - Veja o que vimos.\" \/>\n<meta property=\"og:url\" content=\"https:\/\/ravel.com.br\/blog\/web-summit-2022-a-ravel-esteve-por-la\/\" \/>\n<meta property=\"og:site_name\" content=\"Blog Tecnologia\" \/>\n<meta property=\"article:published_time\" content=\"2022-11-23T13:05:24+00:00\" \/>\n<meta property=\"article:modified_time\" content=\"2022-11-23T13:21:27+00:00\" \/>\n<meta property=\"og:image\" content=\"https:\/\/ravel.com.br\/blog\/wp-content\/uploads\/2022\/11\/web-summit-2022-capa.jpg\" \/>\n\t<meta property=\"og:image:width\" content=\"1478\" \/>\n\t<meta property=\"og:image:height\" content=\"879\" \/>\n\t<meta property=\"og:image:type\" content=\"image\/jpeg\" \/>\n<meta name=\"author\" content=\"Benicio Filho\" \/>\n<meta name=\"twitter:card\" content=\"summary_large_image\" \/>\n<meta name=\"twitter:label1\" content=\"Escrito por\" \/>\n\t<meta name=\"twitter:data1\" content=\"Benicio Filho\" \/>\n\t<meta name=\"twitter:label2\" content=\"Est. tempo de leitura\" \/>\n\t<meta name=\"twitter:data2\" content=\"7 minutos\" \/>\n<script type=\"application\/ld+json\" class=\"yoast-schema-graph\">{\"@context\":\"https:\/\/schema.org\",\"@graph\":[{\"@type\":\"WebPage\",\"@id\":\"https:\/\/ravel.com.br\/blog\/web-summit-2022-a-ravel-esteve-por-la\/\",\"url\":\"https:\/\/ravel.com.br\/blog\/web-summit-2022-a-ravel-esteve-por-la\/\",\"name\":\"Web Summit 2022, a Ravel esteve por l\u00e1 - Blog - Ravel Tecnologia\",\"isPartOf\":{\"@id\":\"https:\/\/ravel.com.br\/blog\/#website\"},\"primaryImageOfPage\":{\"@id\":\"https:\/\/ravel.com.br\/blog\/web-summit-2022-a-ravel-esteve-por-la\/#primaryimage\"},\"image\":{\"@id\":\"https:\/\/ravel.com.br\/blog\/web-summit-2022-a-ravel-esteve-por-la\/#primaryimage\"},\"thumbnailUrl\":\"https:\/\/ravel.com.br\/blog\/wp-content\/uploads\/2022\/11\/web-summit-2022-capa.jpg\",\"datePublished\":\"2022-11-23T13:05:24+00:00\",\"dateModified\":\"2022-11-23T13:21:27+00:00\",\"author\":{\"@id\":\"https:\/\/ravel.com.br\/blog\/#\/schema\/person\/8c1b896e660c50b7e048edbf136fd3df\"},\"description\":\"O Web Summit \u00e9 por si s\u00f3 uma enorme oportunidade de perceber e acompanhar os avan\u00e7os da tecnologia no mundo - Veja o que vimos.\",\"breadcrumb\":{\"@id\":\"https:\/\/ravel.com.br\/blog\/web-summit-2022-a-ravel-esteve-por-la\/#breadcrumb\"},\"inLanguage\":\"pt-BR\",\"potentialAction\":[{\"@type\":\"ReadAction\",\"target\":[\"https:\/\/ravel.com.br\/blog\/web-summit-2022-a-ravel-esteve-por-la\/\"]}]},{\"@type\":\"ImageObject\",\"inLanguage\":\"pt-BR\",\"@id\":\"https:\/\/ravel.com.br\/blog\/web-summit-2022-a-ravel-esteve-por-la\/#primaryimage\",\"url\":\"https:\/\/ravel.com.br\/blog\/wp-content\/uploads\/2022\/11\/web-summit-2022-capa.jpg\",\"contentUrl\":\"https:\/\/ravel.com.br\/blog\/wp-content\/uploads\/2022\/11\/web-summit-2022-capa.jpg\",\"width\":1478,\"height\":879},{\"@type\":\"BreadcrumbList\",\"@id\":\"https:\/\/ravel.com.br\/blog\/web-summit-2022-a-ravel-esteve-por-la\/#breadcrumb\",\"itemListElement\":[{\"@type\":\"ListItem\",\"position\":1,\"name\":\"In\u00edcio\",\"item\":\"https:\/\/ravel.com.br\/blog\/\"},{\"@type\":\"ListItem\",\"position\":2,\"name\":\"Web Summit 2022, a Ravel esteve por l\u00e1\"}]},{\"@type\":\"WebSite\",\"@id\":\"https:\/\/ravel.com.br\/blog\/#website\",\"url\":\"https:\/\/ravel.com.br\/blog\/\",\"name\":\"Blog Tecnologia\",\"description\":\"Dicas e Artigos sobre Tecnologia\",\"potentialAction\":[{\"@type\":\"SearchAction\",\"target\":{\"@type\":\"EntryPoint\",\"urlTemplate\":\"https:\/\/ravel.com.br\/blog\/?s={search_term_string}\"},\"query-input\":{\"@type\":\"PropertyValueSpecification\",\"valueRequired\":true,\"valueName\":\"search_term_string\"}}],\"inLanguage\":\"pt-BR\"},{\"@type\":\"Person\",\"@id\":\"https:\/\/ravel.com.br\/blog\/#\/schema\/person\/8c1b896e660c50b7e048edbf136fd3df\",\"name\":\"Benicio Filho\",\"image\":{\"@type\":\"ImageObject\",\"inLanguage\":\"pt-BR\",\"@id\":\"https:\/\/ravel.com.br\/blog\/#\/schema\/person\/image\/\",\"url\":\"https:\/\/secure.gravatar.com\/avatar\/90039d3db9064a83ee426386617b9797?s=96&d=mm&r=g\",\"contentUrl\":\"https:\/\/secure.gravatar.com\/avatar\/90039d3db9064a83ee426386617b9797?s=96&d=mm&r=g\",\"caption\":\"Benicio Filho\"},\"description\":\"Formado em eletr\u00f4nica, graduado em Teologia pela PUC SP, e Filosofia pela universidade Dom Bosco, Mestre pela Universidade Metodista de S\u00e3o Paulo na \u00e1rea de Educa\u00e7\u00e3o, MBA pela FGV em Gest\u00e3o Estrat\u00e9gica e Econ\u00f4mica de Neg\u00f3cios, p\u00f3s-graduado em Psican\u00e1lise pelo Instituto Kadmon de Psican\u00e1lise. Atua no mercado de tecnologia desde 1998. Fundador do Grupo Ravel de Tecnologia, S\u00f3cio da Core Angels Atlantic (Fundo de Investimento Internacional para Startups), s\u00f3cio fundador da Ag\u00eancia Incandescente, e s\u00f3cio fundador da Atlantic Hub e do Conex\u00e3o Europa Im\u00f3veis ambos em Portugal, atua como empres\u00e1rio, escritor e pesquisador das \u00e1reas de empreendedorismo, mentoring, lideran\u00e7a, inova\u00e7\u00e3o e internacionaliza\u00e7\u00e3o. Em dezembro de 2019, lan\u00e7ou o seu primeiro livro \u201cVidas Ressignificadas\\\", em dezembro de 2020 seu segundo \u201cDo Caos ao Recome\u00e7o\u201d, e em janeiro de 2022 o \u00faltimo publicado \u201cMetamorfose Empreendedora\u201d.\",\"url\":\"https:\/\/ravel.com.br\/blog\/author\/benicio-filho\/\"}]}<\/script>\n<!-- \/ Yoast SEO plugin. -->","yoast_head_json":{"title":"Web Summit 2022, a Ravel esteve por l\u00e1 - Blog - Ravel Tecnologia","description":"O Web Summit \u00e9 por si s\u00f3 uma enorme oportunidade de perceber e acompanhar os avan\u00e7os da tecnologia no mundo - Veja o que vimos.","robots":{"index":"index","follow":"follow","max-snippet":"max-snippet:-1","max-image-preview":"max-image-preview:large","max-video-preview":"max-video-preview:-1"},"canonical":"https:\/\/ravel.com.br\/blog\/web-summit-2022-a-ravel-esteve-por-la\/","og_locale":"pt_BR","og_type":"article","og_title":"Web Summit 2022, a Ravel esteve por l\u00e1 - Blog - Ravel Tecnologia","og_description":"O Web Summit \u00e9 por si s\u00f3 uma enorme oportunidade de perceber e acompanhar os avan\u00e7os da tecnologia no mundo - Veja o que vimos.","og_url":"https:\/\/ravel.com.br\/blog\/web-summit-2022-a-ravel-esteve-por-la\/","og_site_name":"Blog Tecnologia","article_published_time":"2022-11-23T13:05:24+00:00","article_modified_time":"2022-11-23T13:21:27+00:00","og_image":[{"width":1478,"height":879,"url":"https:\/\/ravel.com.br\/blog\/wp-content\/uploads\/2022\/11\/web-summit-2022-capa.jpg","type":"image\/jpeg"}],"author":"Benicio Filho","twitter_card":"summary_large_image","twitter_misc":{"Escrito por":"Benicio Filho","Est. tempo de leitura":"7 minutos"},"schema":{"@context":"https:\/\/schema.org","@graph":[{"@type":"WebPage","@id":"https:\/\/ravel.com.br\/blog\/web-summit-2022-a-ravel-esteve-por-la\/","url":"https:\/\/ravel.com.br\/blog\/web-summit-2022-a-ravel-esteve-por-la\/","name":"Web Summit 2022, a Ravel esteve por l\u00e1 - Blog - Ravel Tecnologia","isPartOf":{"@id":"https:\/\/ravel.com.br\/blog\/#website"},"primaryImageOfPage":{"@id":"https:\/\/ravel.com.br\/blog\/web-summit-2022-a-ravel-esteve-por-la\/#primaryimage"},"image":{"@id":"https:\/\/ravel.com.br\/blog\/web-summit-2022-a-ravel-esteve-por-la\/#primaryimage"},"thumbnailUrl":"https:\/\/ravel.com.br\/blog\/wp-content\/uploads\/2022\/11\/web-summit-2022-capa.jpg","datePublished":"2022-11-23T13:05:24+00:00","dateModified":"2022-11-23T13:21:27+00:00","author":{"@id":"https:\/\/ravel.com.br\/blog\/#\/schema\/person\/8c1b896e660c50b7e048edbf136fd3df"},"description":"O Web Summit \u00e9 por si s\u00f3 uma enorme oportunidade de perceber e acompanhar os avan\u00e7os da tecnologia no mundo - Veja o que vimos.","breadcrumb":{"@id":"https:\/\/ravel.com.br\/blog\/web-summit-2022-a-ravel-esteve-por-la\/#breadcrumb"},"inLanguage":"pt-BR","potentialAction":[{"@type":"ReadAction","target":["https:\/\/ravel.com.br\/blog\/web-summit-2022-a-ravel-esteve-por-la\/"]}]},{"@type":"ImageObject","inLanguage":"pt-BR","@id":"https:\/\/ravel.com.br\/blog\/web-summit-2022-a-ravel-esteve-por-la\/#primaryimage","url":"https:\/\/ravel.com.br\/blog\/wp-content\/uploads\/2022\/11\/web-summit-2022-capa.jpg","contentUrl":"https:\/\/ravel.com.br\/blog\/wp-content\/uploads\/2022\/11\/web-summit-2022-capa.jpg","width":1478,"height":879},{"@type":"BreadcrumbList","@id":"https:\/\/ravel.com.br\/blog\/web-summit-2022-a-ravel-esteve-por-la\/#breadcrumb","itemListElement":[{"@type":"ListItem","position":1,"name":"In\u00edcio","item":"https:\/\/ravel.com.br\/blog\/"},{"@type":"ListItem","position":2,"name":"Web Summit 2022, a Ravel esteve por l\u00e1"}]},{"@type":"WebSite","@id":"https:\/\/ravel.com.br\/blog\/#website","url":"https:\/\/ravel.com.br\/blog\/","name":"Blog Tecnologia","description":"Dicas e Artigos sobre Tecnologia","potentialAction":[{"@type":"SearchAction","target":{"@type":"EntryPoint","urlTemplate":"https:\/\/ravel.com.br\/blog\/?s={search_term_string}"},"query-input":{"@type":"PropertyValueSpecification","valueRequired":true,"valueName":"search_term_string"}}],"inLanguage":"pt-BR"},{"@type":"Person","@id":"https:\/\/ravel.com.br\/blog\/#\/schema\/person\/8c1b896e660c50b7e048edbf136fd3df","name":"Benicio Filho","image":{"@type":"ImageObject","inLanguage":"pt-BR","@id":"https:\/\/ravel.com.br\/blog\/#\/schema\/person\/image\/","url":"https:\/\/secure.gravatar.com\/avatar\/90039d3db9064a83ee426386617b9797?s=96&d=mm&r=g","contentUrl":"https:\/\/secure.gravatar.com\/avatar\/90039d3db9064a83ee426386617b9797?s=96&d=mm&r=g","caption":"Benicio Filho"},"description":"Formado em eletr\u00f4nica, graduado em Teologia pela PUC SP, e Filosofia pela universidade Dom Bosco, Mestre pela Universidade Metodista de S\u00e3o Paulo na \u00e1rea de Educa\u00e7\u00e3o, MBA pela FGV em Gest\u00e3o Estrat\u00e9gica e Econ\u00f4mica de Neg\u00f3cios, p\u00f3s-graduado em Psican\u00e1lise pelo Instituto Kadmon de Psican\u00e1lise. Atua no mercado de tecnologia desde 1998. Fundador do Grupo Ravel de Tecnologia, S\u00f3cio da Core Angels Atlantic (Fundo de Investimento Internacional para Startups), s\u00f3cio fundador da Ag\u00eancia Incandescente, e s\u00f3cio fundador da Atlantic Hub e do Conex\u00e3o Europa Im\u00f3veis ambos em Portugal, atua como empres\u00e1rio, escritor e pesquisador das \u00e1reas de empreendedorismo, mentoring, lideran\u00e7a, inova\u00e7\u00e3o e internacionaliza\u00e7\u00e3o. Em dezembro de 2019, lan\u00e7ou o seu primeiro livro \u201cVidas Ressignificadas\", em dezembro de 2020 seu segundo \u201cDo Caos ao Recome\u00e7o\u201d, e em janeiro de 2022 o \u00faltimo publicado \u201cMetamorfose Empreendedora\u201d.","url":"https:\/\/ravel.com.br\/blog\/author\/benicio-filho\/"}]}},"_links":{"self":[{"href":"https:\/\/ravel.com.br\/blog\/wp-json\/wp\/v2\/posts\/4373","targetHints":{"allow":["GET"]}}],"collection":[{"href":"https:\/\/ravel.com.br\/blog\/wp-json\/wp\/v2\/posts"}],"about":[{"href":"https:\/\/ravel.com.br\/blog\/wp-json\/wp\/v2\/types\/post"}],"author":[{"embeddable":true,"href":"https:\/\/ravel.com.br\/blog\/wp-json\/wp\/v2\/users\/19"}],"replies":[{"embeddable":true,"href":"https:\/\/ravel.com.br\/blog\/wp-json\/wp\/v2\/comments?post=4373"}],"version-history":[{"count":3,"href":"https:\/\/ravel.com.br\/blog\/wp-json\/wp\/v2\/posts\/4373\/revisions"}],"predecessor-version":[{"id":4379,"href":"https:\/\/ravel.com.br\/blog\/wp-json\/wp\/v2\/posts\/4373\/revisions\/4379"}],"wp:featuredmedia":[{"embeddable":true,"href":"https:\/\/ravel.com.br\/blog\/wp-json\/wp\/v2\/media\/4376"}],"wp:attachment":[{"href":"https:\/\/ravel.com.br\/blog\/wp-json\/wp\/v2\/media?parent=4373"}],"wp:term":[{"taxonomy":"category","embeddable":true,"href":"https:\/\/ravel.com.br\/blog\/wp-json\/wp\/v2\/categories?post=4373"},{"taxonomy":"post_tag","embeddable":true,"href":"https:\/\/ravel.com.br\/blog\/wp-json\/wp\/v2\/tags?post=4373"}],"curies":[{"name":"wp","href":"https:\/\/api.w.org\/{rel}","templated":true}]}}