{"id":4622,"date":"2023-01-20T08:31:59","date_gmt":"2023-01-20T11:31:59","guid":{"rendered":"https:\/\/ravel.com.br\/blog\/?p=4622"},"modified":"2025-08-28T08:24:36","modified_gmt":"2025-08-28T11:24:36","slug":"duvidas-sobre-mudar-o-seu-ambiente-para-cloud","status":"publish","type":"post","link":"https:\/\/ravel.com.br\/blog\/duvidas-sobre-mudar-o-seu-ambiente-para-cloud\/","title":{"rendered":"D\u00favidas sobre mudar o seu ambiente para Cloud?"},"content":{"rendered":"\n<p>Neste artigo vamos abordar alguns temas que podem lhe auxiliar na tomada de decis\u00e3o, caso voc\u00ea tenha d\u00favidas sobre mudar o seu ambiente para Cloud.<\/p>\n\n\n\n<p>Iremos apresentar exemplos usando solu\u00e7\u00f5es do ambiente da Microsoft. Isso porque atualmente ela &nbsp;\u00e9 um dos grandes players de hospedagem de servi\u00e7os e aplica\u00e7\u00f5es em Cloud, proporcionando in\u00fameras ferramentas para apoiar a migra\u00e7\u00e3o e estabilidade do seu ambiente.<\/p>\n\n\n\n<h2 class=\"wp-block-heading\">Infraestrutura<\/h2>\n\n\n\n<p>Atualmente, o investimento em infraestrutura de TI Onpremisse (ambiente local) proporciona muitas desvantagens, onde o custo do investimento inicial \u00e9 alto, sendo que em alguns cen\u00e1rios acompanham uma seguran\u00e7a obsoleta que costumam acompanhar sistemas antigos e demais servidores obsoletos. Logo, a empresa precisa manter o hardware atualizado, mantendo os custos operacionais para sustent\u00e1-los. Ou seja, \u00e9 um desafio fazer a tecnologia local crescer junto com as demandas do neg\u00f3cio da empresa, e diante de uma tecnologia de neg\u00f3cios que n\u00e3o escala, cresce a chance de degrada\u00e7\u00e3o do desempenho e seguran\u00e7a da estrutura.&nbsp;<\/p>\n\n\n\n<p>A vantagem do ambiente Cloud da Microsoft, \u00e9 o potencial de ser escalon\u00e1vel e acess\u00edvel para empresas de diferentes portes. Ou seja, a empresa tem os custos apenas pelo que usa, e \u00e9 totalmente compat\u00edvel com os aplicativos\/servi\u00e7os mais recentes e tira da empresa a miss\u00e3o de investir em atualiza\u00e7\u00f5es e novos recursos para continuar usando o software do qual suas opera\u00e7\u00f5es dependem.<\/p>\n\n\n\n<p>Vale ressaltar que um servidor ou servi\u00e7o baseado em nuvem, sempre utiliza tecnologia de ponta, realizando as manuten\u00e7\u00f5es cont\u00ednuas e atualiza\u00e7\u00f5es autom\u00e1ticas. Ou seja, estes servi\u00e7os que podem ser adaptados de acordo com a realidade de cada empresa, e de forma simples. Logo, o neg\u00f3cio ganha mais agilidade, flexibilidade, permitindo a ado\u00e7\u00e3o de ferramentas em curto prazos e at\u00e9 mesmo redu\u00e7\u00e3o de custos operacionais.<\/p>\n\n\n\n<h2 class=\"wp-block-heading\">Flexibilidade \u2013 Ambiente h\u00edbrido<\/h2>\n\n\n\n<p>Com ambiente Cloud da Microsoft, o apoio na cria\u00e7\u00e3o de ambientes h\u00edbridos com a integra\u00e7\u00e3o de servi\u00e7os e solu\u00e7\u00f5es fica mais f\u00e1cil, ou seja, gera um grande diferencial competitivo para as empresas que trabalham com estrat\u00e9gias h\u00edbridas, sendo realizada a intera\u00e7\u00e3o com seguran\u00e7a e agilidade, utilizando controles de acesso e identidade com outras solu\u00e7\u00f5es da Microsoft, como por exemplo, o Microsoft 365 e Azure Active Directory. Assim, garante o gerenciamento das principais ferramentas em um ambiente unificado e centralizado, o que facilita a gest\u00e3o e resolu\u00e7\u00e3o de problemas.<\/p>\n\n\n\n<figure class=\"wp-block-image aligncenter size-large\"><img loading=\"lazy\" decoding=\"async\" width=\"1024\" height=\"358\" src=\"https:\/\/ravel.com.br\/blog\/wp-content\/uploads\/2023\/01\/Duvidas-sobre-mudar-para-a-nuvem-Banner-1024x358.jpg\" alt=\"D\u00favidas sobre mudar o seu ambiente para Cloud\" class=\"wp-image-4624\" srcset=\"https:\/\/ravel.com.br\/blog\/wp-content\/uploads\/2023\/01\/Duvidas-sobre-mudar-para-a-nuvem-Banner-1024x358.jpg 1024w, https:\/\/ravel.com.br\/blog\/wp-content\/uploads\/2023\/01\/Duvidas-sobre-mudar-para-a-nuvem-Banner-300x105.jpg 300w, https:\/\/ravel.com.br\/blog\/wp-content\/uploads\/2023\/01\/Duvidas-sobre-mudar-para-a-nuvem-Banner-768x268.jpg 768w, https:\/\/ravel.com.br\/blog\/wp-content\/uploads\/2023\/01\/Duvidas-sobre-mudar-para-a-nuvem-Banner-610x213.jpg 610w, https:\/\/ravel.com.br\/blog\/wp-content\/uploads\/2023\/01\/Duvidas-sobre-mudar-para-a-nuvem-Banner-1080x377.jpg 1080w, https:\/\/ravel.com.br\/blog\/wp-content\/uploads\/2023\/01\/Duvidas-sobre-mudar-para-a-nuvem-Banner.jpg 1260w\" sizes=\"(max-width: 1024px) 100vw, 1024px\" \/><\/figure>\n\n\n\n<h2 class=\"wp-block-heading\">Automatizando processos e servi\u00e7os<\/h2>\n\n\n\n<p>&nbsp;Atualmente quando falamos em automa\u00e7\u00e3o de processos e servi\u00e7os, estamos abordando a possibilidade de aumentar a capacidade produtiva da empresa, por exemplo, na \u00e1rea da Tecnologia da Informa\u00e7\u00e3o, automatizar tarefas rotineiras, como por exemplo, backups e atualiza\u00e7\u00f5es, faz com que a equipe t\u00e9cnica tenha mais tempo para focar em projetos internos e tarefas cr\u00edticas, logo, estas automa\u00e7\u00f5es podem ser aplicadas para outras equipes da sua empresa, n\u00e3o sendo especificas para o departamento de tecnologia.<\/p>\n\n\n\n<h2 class=\"wp-block-heading\">Seguran\u00e7a do ambiente<\/h2>\n\n\n\n<p>Quando falamos em Seguran\u00e7a da Informa\u00e7\u00e3o em ambientes Cloud da Microsoft, a necessidade de manter os recursos com acessos limitados e seguros contra-ataques hackers \u00e9 ainda maior, vale lembrar que a empresa que possui ambiente Cloud, tamb\u00e9m conta com a seguran\u00e7a do pr\u00f3prio data center da Microsoft. Ou seja, este ambiente tem gerenciamento avan\u00e7ado de amea\u00e7as de nuvem e uma equipe de resposta a incidentes. Vale lembrar que os desafios de conformidade s\u00e3o grandes, e s\u00e3o atendidos com solu\u00e7\u00f5es que permite classificar, rotular e rastrear o uso de arquivos armazenados, elevando o n\u00edvel de seguran\u00e7a nos acessos. Quando entramos no tema de LGPD, a conformidade tamb\u00e9m \u00e9 incorporada a outras funcionalidades no ambiente Cloud.<\/p>\n\n\n\n<p>Esperamos que esse artigo tenha ajuda em eventuais d\u00favidas sobre mudar o seu ambiente para Cloud.<\/p>\n\n\n\n<p>Para saber mais sobre como migrar, a Ravel \u00e9 parceira Microsoft e pode lhe auxiliar neste projeto e impulsionar a inova\u00e7\u00e3o da sua empresa, converse com um dos nossos consultores.<\/p>\n\n\n\n<p><a href=\"https:\/\/ravel.com.br\/servicos-em-nuvem\">Servi\u00e7os em nuvem para empresas | Ravel Tecnologia<\/a><\/p>\n\n\n\n<figure class=\"wp-block-image size-large\"><a href=\"https:\/\/ravel.com.br\/servicos-em-nuvem\" target=\"_blank\" rel=\"noreferrer noopener\"><img loading=\"lazy\" decoding=\"async\" width=\"1024\" height=\"133\" src=\"https:\/\/ravel.com.br\/blog\/wp-content\/uploads\/2021\/11\/CTA-Sua-empresa-na-nuvem-1024x133.jpg\" alt=\"\" class=\"wp-image-3525\" srcset=\"https:\/\/ravel.com.br\/blog\/wp-content\/uploads\/2021\/11\/CTA-Sua-empresa-na-nuvem-1024x133.jpg 1024w, https:\/\/ravel.com.br\/blog\/wp-content\/uploads\/2021\/11\/CTA-Sua-empresa-na-nuvem-300x39.jpg 300w, https:\/\/ravel.com.br\/blog\/wp-content\/uploads\/2021\/11\/CTA-Sua-empresa-na-nuvem-768x100.jpg 768w, https:\/\/ravel.com.br\/blog\/wp-content\/uploads\/2021\/11\/CTA-Sua-empresa-na-nuvem-1536x199.jpg 1536w, https:\/\/ravel.com.br\/blog\/wp-content\/uploads\/2021\/11\/CTA-Sua-empresa-na-nuvem-2048x266.jpg 2048w, https:\/\/ravel.com.br\/blog\/wp-content\/uploads\/2021\/11\/CTA-Sua-empresa-na-nuvem-610x79.jpg 610w, https:\/\/ravel.com.br\/blog\/wp-content\/uploads\/2021\/11\/CTA-Sua-empresa-na-nuvem-1080x140.jpg 1080w\" sizes=\"(max-width: 1024px) 100vw, 1024px\" \/><\/a><\/figure>\n","protected":false},"excerpt":{"rendered":"<p>Veja alguns temas que podem lhe auxiliar na tomada de decis\u00e3o, caso voc\u00ea tenha d\u00favidas sobre mudar o seu ambiente para Cloud<\/p>\n","protected":false},"author":5,"featured_media":4626,"comment_status":"closed","ping_status":"open","sticky":false,"template":"","format":"standard","meta":{"_et_pb_use_builder":"","_et_pb_old_content":"","_et_gb_content_width":"","footnotes":""},"categories":[102,6],"tags":[],"class_list":["post-4622","post","type-post","status-publish","format-standard","has-post-thumbnail","hentry","category-cloud","category-tecnologia","et-has-post-format-content","et_post_format-et-post-format-standard"],"yoast_head":"<!-- This site is optimized with the Yoast SEO plugin v24.1 - https:\/\/yoast.com\/wordpress\/plugins\/seo\/ -->\n<title>D\u00favidas sobre mudar o seu ambiente para Cloud? - Blog - Ravel<\/title>\n<meta name=\"description\" content=\"Veja alguns temas que podem lhe auxiliar na tomada de decis\u00e3o, caso voc\u00ea tenha d\u00favidas sobre mudar o seu ambiente para Cloud\" \/>\n<meta name=\"robots\" content=\"index, follow, max-snippet:-1, max-image-preview:large, max-video-preview:-1\" \/>\n<link rel=\"canonical\" href=\"https:\/\/ravel.com.br\/blog\/duvidas-sobre-mudar-o-seu-ambiente-para-cloud\/\" \/>\n<meta property=\"og:locale\" content=\"pt_BR\" \/>\n<meta property=\"og:type\" content=\"article\" \/>\n<meta property=\"og:title\" content=\"D\u00favidas sobre mudar o seu ambiente para Cloud? - Blog - Ravel\" \/>\n<meta property=\"og:description\" content=\"Veja alguns temas que podem lhe auxiliar na tomada de decis\u00e3o, caso voc\u00ea tenha d\u00favidas sobre mudar o seu ambiente para Cloud\" \/>\n<meta property=\"og:url\" content=\"https:\/\/ravel.com.br\/blog\/duvidas-sobre-mudar-o-seu-ambiente-para-cloud\/\" \/>\n<meta property=\"og:site_name\" content=\"Blog Tecnologia\" \/>\n<meta property=\"article:author\" content=\"https:\/\/www.facebook.com\/rafael.penassi\" \/>\n<meta property=\"article:published_time\" content=\"2023-01-20T11:31:59+00:00\" \/>\n<meta property=\"article:modified_time\" content=\"2025-08-28T11:24:36+00:00\" \/>\n<meta property=\"og:image\" content=\"https:\/\/ravel.com.br\/blog\/wp-content\/uploads\/2023\/01\/Duvidas-sobre-mudar-para-a-nuvem-Capa.jpg\" \/>\n\t<meta property=\"og:image:width\" content=\"999\" \/>\n\t<meta property=\"og:image:height\" content=\"653\" \/>\n\t<meta property=\"og:image:type\" content=\"image\/jpeg\" \/>\n<meta name=\"author\" content=\"Rafael Penassi - Coordenador T\u00e9cnico da Ravel Tecnologia\" \/>\n<meta name=\"twitter:card\" content=\"summary_large_image\" \/>\n<meta name=\"twitter:label1\" content=\"Escrito por\" \/>\n\t<meta name=\"twitter:data1\" content=\"Rafael Penassi - Coordenador T\u00e9cnico da Ravel Tecnologia\" \/>\n\t<meta name=\"twitter:label2\" content=\"Est. tempo de leitura\" \/>\n\t<meta name=\"twitter:data2\" content=\"5 minutos\" \/>\n<script type=\"application\/ld+json\" class=\"yoast-schema-graph\">{\"@context\":\"https:\/\/schema.org\",\"@graph\":[{\"@type\":\"WebPage\",\"@id\":\"https:\/\/ravel.com.br\/blog\/duvidas-sobre-mudar-o-seu-ambiente-para-cloud\/\",\"url\":\"https:\/\/ravel.com.br\/blog\/duvidas-sobre-mudar-o-seu-ambiente-para-cloud\/\",\"name\":\"D\u00favidas sobre mudar o seu ambiente para Cloud? - Blog - Ravel\",\"isPartOf\":{\"@id\":\"https:\/\/ravel.com.br\/blog\/#website\"},\"primaryImageOfPage\":{\"@id\":\"https:\/\/ravel.com.br\/blog\/duvidas-sobre-mudar-o-seu-ambiente-para-cloud\/#primaryimage\"},\"image\":{\"@id\":\"https:\/\/ravel.com.br\/blog\/duvidas-sobre-mudar-o-seu-ambiente-para-cloud\/#primaryimage\"},\"thumbnailUrl\":\"https:\/\/ravel.com.br\/blog\/wp-content\/uploads\/2023\/01\/Duvidas-sobre-mudar-para-a-nuvem-Capa.jpg\",\"datePublished\":\"2023-01-20T11:31:59+00:00\",\"dateModified\":\"2025-08-28T11:24:36+00:00\",\"author\":{\"@id\":\"https:\/\/ravel.com.br\/blog\/#\/schema\/person\/7641f356626335514dd8cc51445d7013\"},\"description\":\"Veja alguns temas que podem lhe auxiliar na tomada de decis\u00e3o, caso voc\u00ea tenha d\u00favidas sobre mudar o seu ambiente para Cloud\",\"breadcrumb\":{\"@id\":\"https:\/\/ravel.com.br\/blog\/duvidas-sobre-mudar-o-seu-ambiente-para-cloud\/#breadcrumb\"},\"inLanguage\":\"pt-BR\",\"potentialAction\":[{\"@type\":\"ReadAction\",\"target\":[\"https:\/\/ravel.com.br\/blog\/duvidas-sobre-mudar-o-seu-ambiente-para-cloud\/\"]}]},{\"@type\":\"ImageObject\",\"inLanguage\":\"pt-BR\",\"@id\":\"https:\/\/ravel.com.br\/blog\/duvidas-sobre-mudar-o-seu-ambiente-para-cloud\/#primaryimage\",\"url\":\"https:\/\/ravel.com.br\/blog\/wp-content\/uploads\/2023\/01\/Duvidas-sobre-mudar-para-a-nuvem-Capa.jpg\",\"contentUrl\":\"https:\/\/ravel.com.br\/blog\/wp-content\/uploads\/2023\/01\/Duvidas-sobre-mudar-para-a-nuvem-Capa.jpg\",\"width\":999,\"height\":653},{\"@type\":\"BreadcrumbList\",\"@id\":\"https:\/\/ravel.com.br\/blog\/duvidas-sobre-mudar-o-seu-ambiente-para-cloud\/#breadcrumb\",\"itemListElement\":[{\"@type\":\"ListItem\",\"position\":1,\"name\":\"In\u00edcio\",\"item\":\"https:\/\/ravel.com.br\/blog\/\"},{\"@type\":\"ListItem\",\"position\":2,\"name\":\"D\u00favidas sobre mudar o seu ambiente para Cloud?\"}]},{\"@type\":\"WebSite\",\"@id\":\"https:\/\/ravel.com.br\/blog\/#website\",\"url\":\"https:\/\/ravel.com.br\/blog\/\",\"name\":\"Blog Tecnologia\",\"description\":\"Dicas e Artigos sobre Tecnologia\",\"potentialAction\":[{\"@type\":\"SearchAction\",\"target\":{\"@type\":\"EntryPoint\",\"urlTemplate\":\"https:\/\/ravel.com.br\/blog\/?s={search_term_string}\"},\"query-input\":{\"@type\":\"PropertyValueSpecification\",\"valueRequired\":true,\"valueName\":\"search_term_string\"}}],\"inLanguage\":\"pt-BR\"},{\"@type\":\"Person\",\"@id\":\"https:\/\/ravel.com.br\/blog\/#\/schema\/person\/7641f356626335514dd8cc51445d7013\",\"name\":\"Rafael Penassi - Coordenador T\u00e9cnico da Ravel Tecnologia\",\"image\":{\"@type\":\"ImageObject\",\"inLanguage\":\"pt-BR\",\"@id\":\"https:\/\/ravel.com.br\/blog\/#\/schema\/person\/image\/\",\"url\":\"https:\/\/secure.gravatar.com\/avatar\/2a770fdf2a73c4ec13d1a29a8c0e3b9e?s=96&d=mm&r=g\",\"contentUrl\":\"https:\/\/secure.gravatar.com\/avatar\/2a770fdf2a73c4ec13d1a29a8c0e3b9e?s=96&d=mm&r=g\",\"caption\":\"Rafael Penassi - Coordenador T\u00e9cnico da Ravel Tecnologia\"},\"description\":\"Coordenador T\u00e9cnico na Ravel, formado em Gest\u00e3o de Tecnologia da Informa\u00e7\u00e3o. Atua na Gest\u00e3o do Suporte T\u00e9cnico, Onboarding em novos clientes e Gest\u00e3o de Projetos, busca proporcionar sempre o melhor uso da tecnologia a favor dos clientes. Adora cozinhar, tocar sua guitarra e viol\u00e3o, al\u00e9m de apreciar um bom vinho.\",\"sameAs\":[\"http:\/\/ravel.com.br\",\"https:\/\/www.facebook.com\/rafael.penassi\",\"https:\/\/br.linkedin.com\/in\/rafael-penassi-0aa382a4\"],\"url\":\"https:\/\/ravel.com.br\/blog\/author\/rafael-penassi\/\"}]}<\/script>\n<!-- \/ Yoast SEO plugin. -->","yoast_head_json":{"title":"D\u00favidas sobre mudar o seu ambiente para Cloud? - Blog - Ravel","description":"Veja alguns temas que podem lhe auxiliar na tomada de decis\u00e3o, caso voc\u00ea tenha d\u00favidas sobre mudar o seu ambiente para Cloud","robots":{"index":"index","follow":"follow","max-snippet":"max-snippet:-1","max-image-preview":"max-image-preview:large","max-video-preview":"max-video-preview:-1"},"canonical":"https:\/\/ravel.com.br\/blog\/duvidas-sobre-mudar-o-seu-ambiente-para-cloud\/","og_locale":"pt_BR","og_type":"article","og_title":"D\u00favidas sobre mudar o seu ambiente para Cloud? - Blog - Ravel","og_description":"Veja alguns temas que podem lhe auxiliar na tomada de decis\u00e3o, caso voc\u00ea tenha d\u00favidas sobre mudar o seu ambiente para Cloud","og_url":"https:\/\/ravel.com.br\/blog\/duvidas-sobre-mudar-o-seu-ambiente-para-cloud\/","og_site_name":"Blog Tecnologia","article_author":"https:\/\/www.facebook.com\/rafael.penassi","article_published_time":"2023-01-20T11:31:59+00:00","article_modified_time":"2025-08-28T11:24:36+00:00","og_image":[{"width":999,"height":653,"url":"https:\/\/ravel.com.br\/blog\/wp-content\/uploads\/2023\/01\/Duvidas-sobre-mudar-para-a-nuvem-Capa.jpg","type":"image\/jpeg"}],"author":"Rafael Penassi - Coordenador T\u00e9cnico da Ravel Tecnologia","twitter_card":"summary_large_image","twitter_misc":{"Escrito por":"Rafael Penassi - Coordenador T\u00e9cnico da Ravel Tecnologia","Est. tempo de leitura":"5 minutos"},"schema":{"@context":"https:\/\/schema.org","@graph":[{"@type":"WebPage","@id":"https:\/\/ravel.com.br\/blog\/duvidas-sobre-mudar-o-seu-ambiente-para-cloud\/","url":"https:\/\/ravel.com.br\/blog\/duvidas-sobre-mudar-o-seu-ambiente-para-cloud\/","name":"D\u00favidas sobre mudar o seu ambiente para Cloud? - Blog - Ravel","isPartOf":{"@id":"https:\/\/ravel.com.br\/blog\/#website"},"primaryImageOfPage":{"@id":"https:\/\/ravel.com.br\/blog\/duvidas-sobre-mudar-o-seu-ambiente-para-cloud\/#primaryimage"},"image":{"@id":"https:\/\/ravel.com.br\/blog\/duvidas-sobre-mudar-o-seu-ambiente-para-cloud\/#primaryimage"},"thumbnailUrl":"https:\/\/ravel.com.br\/blog\/wp-content\/uploads\/2023\/01\/Duvidas-sobre-mudar-para-a-nuvem-Capa.jpg","datePublished":"2023-01-20T11:31:59+00:00","dateModified":"2025-08-28T11:24:36+00:00","author":{"@id":"https:\/\/ravel.com.br\/blog\/#\/schema\/person\/7641f356626335514dd8cc51445d7013"},"description":"Veja alguns temas que podem lhe auxiliar na tomada de decis\u00e3o, caso voc\u00ea tenha d\u00favidas sobre mudar o seu ambiente para Cloud","breadcrumb":{"@id":"https:\/\/ravel.com.br\/blog\/duvidas-sobre-mudar-o-seu-ambiente-para-cloud\/#breadcrumb"},"inLanguage":"pt-BR","potentialAction":[{"@type":"ReadAction","target":["https:\/\/ravel.com.br\/blog\/duvidas-sobre-mudar-o-seu-ambiente-para-cloud\/"]}]},{"@type":"ImageObject","inLanguage":"pt-BR","@id":"https:\/\/ravel.com.br\/blog\/duvidas-sobre-mudar-o-seu-ambiente-para-cloud\/#primaryimage","url":"https:\/\/ravel.com.br\/blog\/wp-content\/uploads\/2023\/01\/Duvidas-sobre-mudar-para-a-nuvem-Capa.jpg","contentUrl":"https:\/\/ravel.com.br\/blog\/wp-content\/uploads\/2023\/01\/Duvidas-sobre-mudar-para-a-nuvem-Capa.jpg","width":999,"height":653},{"@type":"BreadcrumbList","@id":"https:\/\/ravel.com.br\/blog\/duvidas-sobre-mudar-o-seu-ambiente-para-cloud\/#breadcrumb","itemListElement":[{"@type":"ListItem","position":1,"name":"In\u00edcio","item":"https:\/\/ravel.com.br\/blog\/"},{"@type":"ListItem","position":2,"name":"D\u00favidas sobre mudar o seu ambiente para Cloud?"}]},{"@type":"WebSite","@id":"https:\/\/ravel.com.br\/blog\/#website","url":"https:\/\/ravel.com.br\/blog\/","name":"Blog Tecnologia","description":"Dicas e Artigos sobre Tecnologia","potentialAction":[{"@type":"SearchAction","target":{"@type":"EntryPoint","urlTemplate":"https:\/\/ravel.com.br\/blog\/?s={search_term_string}"},"query-input":{"@type":"PropertyValueSpecification","valueRequired":true,"valueName":"search_term_string"}}],"inLanguage":"pt-BR"},{"@type":"Person","@id":"https:\/\/ravel.com.br\/blog\/#\/schema\/person\/7641f356626335514dd8cc51445d7013","name":"Rafael Penassi - Coordenador T\u00e9cnico da Ravel Tecnologia","image":{"@type":"ImageObject","inLanguage":"pt-BR","@id":"https:\/\/ravel.com.br\/blog\/#\/schema\/person\/image\/","url":"https:\/\/secure.gravatar.com\/avatar\/2a770fdf2a73c4ec13d1a29a8c0e3b9e?s=96&d=mm&r=g","contentUrl":"https:\/\/secure.gravatar.com\/avatar\/2a770fdf2a73c4ec13d1a29a8c0e3b9e?s=96&d=mm&r=g","caption":"Rafael Penassi - Coordenador T\u00e9cnico da Ravel Tecnologia"},"description":"Coordenador T\u00e9cnico na Ravel, formado em Gest\u00e3o de Tecnologia da Informa\u00e7\u00e3o. Atua na Gest\u00e3o do Suporte T\u00e9cnico, Onboarding em novos clientes e Gest\u00e3o de Projetos, busca proporcionar sempre o melhor uso da tecnologia a favor dos clientes. Adora cozinhar, tocar sua guitarra e viol\u00e3o, al\u00e9m de apreciar um bom vinho.","sameAs":["http:\/\/ravel.com.br","https:\/\/www.facebook.com\/rafael.penassi","https:\/\/br.linkedin.com\/in\/rafael-penassi-0aa382a4"],"url":"https:\/\/ravel.com.br\/blog\/author\/rafael-penassi\/"}]}},"_links":{"self":[{"href":"https:\/\/ravel.com.br\/blog\/wp-json\/wp\/v2\/posts\/4622","targetHints":{"allow":["GET"]}}],"collection":[{"href":"https:\/\/ravel.com.br\/blog\/wp-json\/wp\/v2\/posts"}],"about":[{"href":"https:\/\/ravel.com.br\/blog\/wp-json\/wp\/v2\/types\/post"}],"author":[{"embeddable":true,"href":"https:\/\/ravel.com.br\/blog\/wp-json\/wp\/v2\/users\/5"}],"replies":[{"embeddable":true,"href":"https:\/\/ravel.com.br\/blog\/wp-json\/wp\/v2\/comments?post=4622"}],"version-history":[{"count":2,"href":"https:\/\/ravel.com.br\/blog\/wp-json\/wp\/v2\/posts\/4622\/revisions"}],"predecessor-version":[{"id":4627,"href":"https:\/\/ravel.com.br\/blog\/wp-json\/wp\/v2\/posts\/4622\/revisions\/4627"}],"wp:featuredmedia":[{"embeddable":true,"href":"https:\/\/ravel.com.br\/blog\/wp-json\/wp\/v2\/media\/4626"}],"wp:attachment":[{"href":"https:\/\/ravel.com.br\/blog\/wp-json\/wp\/v2\/media?parent=4622"}],"wp:term":[{"taxonomy":"category","embeddable":true,"href":"https:\/\/ravel.com.br\/blog\/wp-json\/wp\/v2\/categories?post=4622"},{"taxonomy":"post_tag","embeddable":true,"href":"https:\/\/ravel.com.br\/blog\/wp-json\/wp\/v2\/tags?post=4622"}],"curies":[{"name":"wp","href":"https:\/\/api.w.org\/{rel}","templated":true}]}}