{"id":4662,"date":"2023-02-05T17:22:26","date_gmt":"2023-02-05T20:22:26","guid":{"rendered":"https:\/\/ravel.com.br\/blog\/?p=4662"},"modified":"2023-02-05T17:29:43","modified_gmt":"2023-02-05T20:29:43","slug":"oito-tendencias-de-tecnologia-para-2023","status":"publish","type":"post","link":"https:\/\/ravel.com.br\/blog\/oito-tendencias-de-tecnologia-para-2023\/","title":{"rendered":"Oito tend\u00eancias de tecnologia para 2023"},"content":{"rendered":"\n<p>O ano come\u00e7a cheio de tend\u00eancias na \u00e1rea de tecnologia. Estar atento a elas nos ajuda a manter os olhos abertos e a investir onde dever\u00edamos ter mais prioridade. Neste artigo, elenco oito tend\u00eancias de tecnologia que valem a pena sua aten\u00e7\u00e3o.<\/p>\n\n\n\n<p>Os dados que apresento a seguir tem origem em um dos mais renomados institutos de pesquisa em tecnologia do mundo, o Gartner.&nbsp;<\/p>\n\n\n\n<p>Fundada em 1979, por Gideon Gartner, a empresa mant\u00e9m sua sede em Stamford, Connecticut, Estados Unidos, e tem mais de 5700 (cinco mil e setecentos) associados, incluindo analistas, pesquisadores e consultores em mais de 85 (oitenta e cinco) pa\u00edses pelo mundo.<\/p>\n\n\n\n<p>Assim, leia, comente e analise este texto. Caso queira aprofundar mais como sua empresa poderia adicionar competitividade criando nossas aberturas ou frentes de a\u00e7\u00e3o, fale conosco. Termos o maior prazer de estar com voc\u00ea nestes desdobramentos.<\/p>\n\n\n\n<h2 class=\"wp-block-heading\"><strong>O UNIVERSO DO METAVERSO<\/strong><\/h2>\n\n\n\n<p>O metaverso \u00e9 definido pelo Gartner como um espa\u00e7o compartilhado em 3D, unindo a realidade f\u00edsica e digital em uma gigantesca experi\u00eancia virtual. Ainda segundo a empresa, isso pode fazer com que as pessoas possam transportar e estender todas as atividades f\u00edsicas feitas.<\/p>\n\n\n\n<p>Em suma, o metaverso n\u00e3o \u00e9 uma grande novidade para quem acompanha o mundo do TI, mas a tend\u00eancia \u00e9 que cada vez mais essa tecnologia vai ganhar for\u00e7a midi\u00e1tica no decorrer do ano de 2023.<\/p>\n\n\n\n<p>Ainda segundo os analistas da empresa, at\u00e9 o ano de 2027, \u00e9 previsto que 40% das grandes empresas mundiais estejam combinando Web3, Nuvem, Realidade Aumentada (RA) e G\u00eameos Digitais em projetos baseados em metaversos em busca de conseguir aumentar a receita mensal e anual.<\/p>\n\n\n\n<h2 class=\"wp-block-heading\"><strong>CIBERSEGURAN\u00c7A COMO PRIORIDADE<\/strong><\/h2>\n\n\n\n<p>Se tornar\u00e1 prioridade: com o avan\u00e7o, em todo o mundo, de legisla\u00e7\u00f5es como a LGPD, aqui no Brasil, cada vez mais as corpora\u00e7\u00f5es est\u00e3o focando seus esfor\u00e7os em prote\u00e7\u00e3o de dados de usu\u00e1rios e da pr\u00f3pria empresa, principalmente com o recente aumento de ataques hackers que ocorrem nos \u00faltimos anos.<\/p>\n\n\n\n<p>Segundo a Vice-Presidente do Gartner, Nade Henein, \u201cat\u00e9 o final de 2024, o Gartner prev\u00ea que 75% da popula\u00e7\u00e3o mundial ter\u00e1 seus dados pessoais cobertos por regulamenta\u00e7\u00f5es de privacidade digital.\u201d<\/p>\n\n\n\n<p>\u201cEssa evolu\u00e7\u00e3o regulat\u00f3ria tem sido o catalisador dominante para a operacionaliza\u00e7\u00e3o da privacidade em escala global\u201d, continua Nade Henein.<\/p>\n\n\n\n<h2 class=\"wp-block-heading\"><strong>5G EM ALTA NO MUNDO TODO<\/strong><\/h2>\n\n\n\n<p>Em 2022, a quinta gera\u00e7\u00e3o do padr\u00e3o de tecnologia de telecomunica\u00e7\u00f5es voltado para redes m\u00f3veis e banda larga de internet, come\u00e7ou a ser implementada no Brasil.<\/p>\n\n\n\n<p>Apesar de sua introdu\u00e7\u00e3o no resto do mundo ter se iniciado em 2018, \u00e9 em 2023 que o recurso ganhar\u00e1 for\u00e7a em territ\u00f3rio nacional. Uma vez que as licita\u00e7\u00f5es ocorreram nos \u00faltimos anos e agora a infra estrutura \u00e9 realidade para os grandes centros pelo menos.<\/p>\n\n\n\n<p>A tecnologia vem ganhando for\u00e7a, e segundo relat\u00f3rio da Opensignal, a internet 5G da capital Bras\u00edlia s\u00f3 n\u00e3o \u00e9 mais r\u00e1pida e consistente do que a de Seul, na Cor\u00e9ia do Sul.<\/p>\n\n\n\n<p>Aos poucos, o recurso vem sendo implementado no resto do territ\u00f3rio brasileiro, e ser\u00e1 muito aproveitado por empresas em busca da melhoria da comunica\u00e7\u00e3o.<\/p>\n\n\n\n<h2 class=\"wp-block-heading\"><strong>SUPER APPS, VOC\u00ca AINDA IR\u00c1 USAR UM<\/strong><\/h2>\n\n\n\n<p>Eles combinam os recursos de um aplicativo, uma plataforma e um ecossistema digital em um \u00fanico software. Fornece um conjunto \u00fanico de funcionalidades, mas muito al\u00e9m disso, tamb\u00e9m conta com um ambiente perfeito para outros desenvolvedores criarem e publicarem miniaplicativos.<\/p>\n\n\n\n<p>Dessa forma, \u00e9 poss\u00edvel que o usu\u00e1rio final tenha uma vasta experi\u00eancia muito mais imersiva, \u00fanica e personalizada, pois pode ativar e desativar esses aplicativos a qualquer momento.<\/p>\n\n\n\n<h2 class=\"wp-block-heading\"><strong>INTELIG\u00caNCIA ARTIFICIAL ADAPT\u00c1VEL<\/strong><\/h2>\n\n\n\n<p>Este tipo de sistema permite uma mudan\u00e7a no comportamento do modelo da IA mesmo ap\u00f3s a implementa\u00e7\u00e3o, utilizando um tipo de feedback em tempo real, conseguindo fazer uma evolu\u00e7\u00e3o constante na tecnologia.<\/p>\n\n\n\n<p>Al\u00e9m disso, este tipo de sistema tem como foco treinar diversos modelos e aprender mais sobre tempo de execu\u00e7\u00e3o e desenvolvimento de base de dados em ambientes virtuais, fazendo com que possam se adaptar rapidamente \u00e0s mudan\u00e7as que podem ocorrer mundo afora.<\/p>\n\n\n\n<figure class=\"wp-block-image size-large\"><img loading=\"lazy\" decoding=\"async\" width=\"1024\" height=\"488\" src=\"https:\/\/ravel.com.br\/blog\/wp-content\/uploads\/2023\/02\/Tendencias-de-tecnologia-2023-Banner-1024x488.jpg\" alt=\"tend\u00eancias de tecnologia\" class=\"wp-image-4666\" srcset=\"https:\/\/ravel.com.br\/blog\/wp-content\/uploads\/2023\/02\/Tendencias-de-tecnologia-2023-Banner-1024x488.jpg 1024w, https:\/\/ravel.com.br\/blog\/wp-content\/uploads\/2023\/02\/Tendencias-de-tecnologia-2023-Banner-300x143.jpg 300w, https:\/\/ravel.com.br\/blog\/wp-content\/uploads\/2023\/02\/Tendencias-de-tecnologia-2023-Banner-768x366.jpg 768w, https:\/\/ravel.com.br\/blog\/wp-content\/uploads\/2023\/02\/Tendencias-de-tecnologia-2023-Banner-610x291.jpg 610w, https:\/\/ravel.com.br\/blog\/wp-content\/uploads\/2023\/02\/Tendencias-de-tecnologia-2023-Banner-1080x515.jpg 1080w, https:\/\/ravel.com.br\/blog\/wp-content\/uploads\/2023\/02\/Tendencias-de-tecnologia-2023-Banner.jpg 1339w\" sizes=\"(max-width: 1024px) 100vw, 1024px\" \/><\/figure>\n\n\n\n<h2 class=\"wp-block-heading\"><strong>PLATAFORMA DE NUVEM SETORIZADA<\/strong><\/h2>\n\n\n\n<p>Oferecem uma combina\u00e7\u00e3o de softwares, entre servi\u00e7o (SaaS) e plataforma como servi\u00e7o (PaaS) e infraestrutura como servi\u00e7o (IaaS). Juntas, proporcionam um conjunto de recursos modulares espec\u00edficos da \u00e1rea de TI para dar o suporte necess\u00e1rio aos usu\u00e1rios de neg\u00f3cios espec\u00edficos.<\/p>\n\n\n\n<p>Segundo o Gartner, \u00e9 quase certo que em 2023 seja o ano em que as estrat\u00e9gias sejam tra\u00e7adas para adotar nuvens de dados mais sofisticadas e seguras.<\/p>\n\n\n\n<h2 class=\"wp-block-heading\"><strong>A ONIPRESEN\u00c7A DO WI FI<\/strong><\/h2>\n\n\n\n<p>Segundo o Gartner, existe uma previs\u00e3o que at\u00e9 2025, 60% das empresas v\u00e3o utilizar cinco ou mais tipos de tecnologias de internet sem fio de maneira simult\u00e2nea.<\/p>\n\n\n\n<p>Dessa forma, n\u00e3o existem d\u00favidas que no pr\u00f3ximo ano, cada vez mais empresas passem a investir em melhorar suas conex\u00f5es WI-FI, e aumentem gradativamente o investimento neste tipo de tecnologia.<\/p>\n\n\n\n<h2 class=\"wp-block-heading\"><strong>SUSTENTABILIDADE N\u00c3O \u00c9 MODA<\/strong><\/h2>\n\n\n\n<p>Este \u00e9 um dos temas que influencia todas as tend\u00eancias de seguran\u00e7a da informa\u00e7\u00e3o e estrat\u00e9gias de tecnologia.<\/p>\n\n\n\n<p>Segundo o Gartner, em pesquisa feita com alguns CEOs de grandes empresas, a preocupa\u00e7\u00e3o com as mudan\u00e7as ambientais e sociais est\u00e3o entre as tr\u00eas grandes prioridades para investidores.<\/p>\n\n\n\n<p>Com isso, a tend\u00eancia \u00e9 que as empresas busquem cada vez mais solu\u00e7\u00f5es para aumentar a energia e a efici\u00eancia dos servi\u00e7os de TI.<\/p>\n\n\n\n<p>Os investimentos em tecnologias sustent\u00e1veis tamb\u00e9m t\u00eam o potencial de dar maior for\u00e7a ao desempenho operacional e financeiro, podendo oferecer novos caminhos de crescimento aos empres\u00e1rios.<\/p>\n\n\n\n<p>Gostou do artigo? Deixe seu coment\u00e1rio que ser\u00e1 um prazer interagir com voc\u00ea.<\/p>\n\n\n\n<p>Forte abra\u00e7o e at\u00e9 o pr\u00f3ximo conte\u00fado.<\/p>\n\n\n\n<p>Mais artigo em: <a href=\"https:\/\/ravel.com.br\/blog\/category\/viver-com-tecnologia\/\">Viver com Tecnologia &#8211; Blog Tecnologia &#8211; Ravel Tecnologia<\/a><\/p>\n\n\n\n<figure class=\"wp-block-image size-large\"><a href=\"https:\/\/ravel.com.br\/servicos-em-nuvem\" target=\"_blank\" rel=\"noreferrer noopener\"><img loading=\"lazy\" decoding=\"async\" width=\"1024\" height=\"133\" src=\"https:\/\/ravel.com.br\/blog\/wp-content\/uploads\/2021\/11\/CTA-Sua-empresa-na-nuvem-1024x133.jpg\" alt=\"\" class=\"wp-image-3525\" srcset=\"https:\/\/ravel.com.br\/blog\/wp-content\/uploads\/2021\/11\/CTA-Sua-empresa-na-nuvem-1024x133.jpg 1024w, https:\/\/ravel.com.br\/blog\/wp-content\/uploads\/2021\/11\/CTA-Sua-empresa-na-nuvem-300x39.jpg 300w, https:\/\/ravel.com.br\/blog\/wp-content\/uploads\/2021\/11\/CTA-Sua-empresa-na-nuvem-768x100.jpg 768w, https:\/\/ravel.com.br\/blog\/wp-content\/uploads\/2021\/11\/CTA-Sua-empresa-na-nuvem-1536x199.jpg 1536w, https:\/\/ravel.com.br\/blog\/wp-content\/uploads\/2021\/11\/CTA-Sua-empresa-na-nuvem-2048x266.jpg 2048w, https:\/\/ravel.com.br\/blog\/wp-content\/uploads\/2021\/11\/CTA-Sua-empresa-na-nuvem-610x79.jpg 610w, https:\/\/ravel.com.br\/blog\/wp-content\/uploads\/2021\/11\/CTA-Sua-empresa-na-nuvem-1080x140.jpg 1080w\" sizes=\"(max-width: 1024px) 100vw, 1024px\" \/><\/a><\/figure>\n","protected":false},"excerpt":{"rendered":"<p>Neste artigo, elenco oito tend\u00eancias de tecnologia que valem a pena sua aten\u00e7\u00e3o para esse in\u00edcio de ano de 2023<\/p>\n","protected":false},"author":19,"featured_media":4665,"comment_status":"closed","ping_status":"open","sticky":false,"template":"","format":"standard","meta":{"_et_pb_use_builder":"","_et_pb_old_content":"","_et_gb_content_width":"","footnotes":""},"categories":[105],"tags":[],"class_list":["post-4662","post","type-post","status-publish","format-standard","has-post-thumbnail","hentry","category-viver-com-tecnologia","et-has-post-format-content","et_post_format-et-post-format-standard"],"yoast_head":"<!-- This site is optimized with the Yoast SEO plugin v24.1 - https:\/\/yoast.com\/wordpress\/plugins\/seo\/ -->\n<title>Oito tend\u00eancias de tecnologia para 2023 - Blog - Ravel Tecnologia<\/title>\n<meta name=\"description\" content=\"Neste artigo, elenco oito tend\u00eancias de tecnologia que valem a pena sua aten\u00e7\u00e3o para esse in\u00edcio de ano de 2023\" \/>\n<meta name=\"robots\" content=\"index, follow, max-snippet:-1, max-image-preview:large, max-video-preview:-1\" \/>\n<link rel=\"canonical\" href=\"https:\/\/ravel.com.br\/blog\/oito-tendencias-de-tecnologia-para-2023\/\" \/>\n<meta property=\"og:locale\" content=\"pt_BR\" \/>\n<meta property=\"og:type\" content=\"article\" \/>\n<meta property=\"og:title\" content=\"Oito tend\u00eancias de tecnologia para 2023 - Blog - Ravel Tecnologia\" \/>\n<meta property=\"og:description\" content=\"Neste artigo, elenco oito tend\u00eancias de tecnologia que valem a pena sua aten\u00e7\u00e3o para esse in\u00edcio de ano de 2023\" \/>\n<meta property=\"og:url\" content=\"https:\/\/ravel.com.br\/blog\/oito-tendencias-de-tecnologia-para-2023\/\" \/>\n<meta property=\"og:site_name\" content=\"Blog Tecnologia\" \/>\n<meta property=\"article:published_time\" content=\"2023-02-05T20:22:26+00:00\" \/>\n<meta property=\"article:modified_time\" content=\"2023-02-05T20:29:43+00:00\" \/>\n<meta property=\"og:image\" content=\"https:\/\/ravel.com.br\/blog\/wp-content\/uploads\/2023\/02\/Tendencias-de-tecnologia-2023-Capa.jpg\" \/>\n\t<meta property=\"og:image:width\" content=\"1081\" \/>\n\t<meta property=\"og:image:height\" content=\"615\" \/>\n\t<meta property=\"og:image:type\" content=\"image\/jpeg\" \/>\n<meta name=\"author\" content=\"Benicio Filho\" \/>\n<meta name=\"twitter:card\" content=\"summary_large_image\" \/>\n<meta name=\"twitter:label1\" content=\"Escrito por\" \/>\n\t<meta name=\"twitter:data1\" content=\"Benicio Filho\" \/>\n\t<meta name=\"twitter:label2\" content=\"Est. tempo de leitura\" \/>\n\t<meta name=\"twitter:data2\" content=\"6 minutos\" \/>\n<script type=\"application\/ld+json\" class=\"yoast-schema-graph\">{\"@context\":\"https:\/\/schema.org\",\"@graph\":[{\"@type\":\"WebPage\",\"@id\":\"https:\/\/ravel.com.br\/blog\/oito-tendencias-de-tecnologia-para-2023\/\",\"url\":\"https:\/\/ravel.com.br\/blog\/oito-tendencias-de-tecnologia-para-2023\/\",\"name\":\"Oito tend\u00eancias de tecnologia para 2023 - Blog - Ravel Tecnologia\",\"isPartOf\":{\"@id\":\"https:\/\/ravel.com.br\/blog\/#website\"},\"primaryImageOfPage\":{\"@id\":\"https:\/\/ravel.com.br\/blog\/oito-tendencias-de-tecnologia-para-2023\/#primaryimage\"},\"image\":{\"@id\":\"https:\/\/ravel.com.br\/blog\/oito-tendencias-de-tecnologia-para-2023\/#primaryimage\"},\"thumbnailUrl\":\"https:\/\/ravel.com.br\/blog\/wp-content\/uploads\/2023\/02\/Tendencias-de-tecnologia-2023-Capa.jpg\",\"datePublished\":\"2023-02-05T20:22:26+00:00\",\"dateModified\":\"2023-02-05T20:29:43+00:00\",\"author\":{\"@id\":\"https:\/\/ravel.com.br\/blog\/#\/schema\/person\/8c1b896e660c50b7e048edbf136fd3df\"},\"description\":\"Neste artigo, elenco oito tend\u00eancias de tecnologia que valem a pena sua aten\u00e7\u00e3o para esse in\u00edcio de ano de 2023\",\"breadcrumb\":{\"@id\":\"https:\/\/ravel.com.br\/blog\/oito-tendencias-de-tecnologia-para-2023\/#breadcrumb\"},\"inLanguage\":\"pt-BR\",\"potentialAction\":[{\"@type\":\"ReadAction\",\"target\":[\"https:\/\/ravel.com.br\/blog\/oito-tendencias-de-tecnologia-para-2023\/\"]}]},{\"@type\":\"ImageObject\",\"inLanguage\":\"pt-BR\",\"@id\":\"https:\/\/ravel.com.br\/blog\/oito-tendencias-de-tecnologia-para-2023\/#primaryimage\",\"url\":\"https:\/\/ravel.com.br\/blog\/wp-content\/uploads\/2023\/02\/Tendencias-de-tecnologia-2023-Capa.jpg\",\"contentUrl\":\"https:\/\/ravel.com.br\/blog\/wp-content\/uploads\/2023\/02\/Tendencias-de-tecnologia-2023-Capa.jpg\",\"width\":1081,\"height\":615},{\"@type\":\"BreadcrumbList\",\"@id\":\"https:\/\/ravel.com.br\/blog\/oito-tendencias-de-tecnologia-para-2023\/#breadcrumb\",\"itemListElement\":[{\"@type\":\"ListItem\",\"position\":1,\"name\":\"In\u00edcio\",\"item\":\"https:\/\/ravel.com.br\/blog\/\"},{\"@type\":\"ListItem\",\"position\":2,\"name\":\"Oito tend\u00eancias de tecnologia para 2023\"}]},{\"@type\":\"WebSite\",\"@id\":\"https:\/\/ravel.com.br\/blog\/#website\",\"url\":\"https:\/\/ravel.com.br\/blog\/\",\"name\":\"Blog Tecnologia\",\"description\":\"Dicas e Artigos sobre Tecnologia\",\"potentialAction\":[{\"@type\":\"SearchAction\",\"target\":{\"@type\":\"EntryPoint\",\"urlTemplate\":\"https:\/\/ravel.com.br\/blog\/?s={search_term_string}\"},\"query-input\":{\"@type\":\"PropertyValueSpecification\",\"valueRequired\":true,\"valueName\":\"search_term_string\"}}],\"inLanguage\":\"pt-BR\"},{\"@type\":\"Person\",\"@id\":\"https:\/\/ravel.com.br\/blog\/#\/schema\/person\/8c1b896e660c50b7e048edbf136fd3df\",\"name\":\"Benicio Filho\",\"image\":{\"@type\":\"ImageObject\",\"inLanguage\":\"pt-BR\",\"@id\":\"https:\/\/ravel.com.br\/blog\/#\/schema\/person\/image\/\",\"url\":\"https:\/\/secure.gravatar.com\/avatar\/90039d3db9064a83ee426386617b9797?s=96&d=mm&r=g\",\"contentUrl\":\"https:\/\/secure.gravatar.com\/avatar\/90039d3db9064a83ee426386617b9797?s=96&d=mm&r=g\",\"caption\":\"Benicio Filho\"},\"description\":\"Formado em eletr\u00f4nica, graduado em Teologia pela PUC SP, e Filosofia pela universidade Dom Bosco, Mestre pela Universidade Metodista de S\u00e3o Paulo na \u00e1rea de Educa\u00e7\u00e3o, MBA pela FGV em Gest\u00e3o Estrat\u00e9gica e Econ\u00f4mica de Neg\u00f3cios, p\u00f3s-graduado em Psican\u00e1lise pelo Instituto Kadmon de Psican\u00e1lise. Atua no mercado de tecnologia desde 1998. Fundador do Grupo Ravel de Tecnologia, S\u00f3cio da Core Angels Atlantic (Fundo de Investimento Internacional para Startups), s\u00f3cio fundador da Ag\u00eancia Incandescente, e s\u00f3cio fundador da Atlantic Hub e do Conex\u00e3o Europa Im\u00f3veis ambos em Portugal, atua como empres\u00e1rio, escritor e pesquisador das \u00e1reas de empreendedorismo, mentoring, lideran\u00e7a, inova\u00e7\u00e3o e internacionaliza\u00e7\u00e3o. Em dezembro de 2019, lan\u00e7ou o seu primeiro livro \u201cVidas Ressignificadas\\\", em dezembro de 2020 seu segundo \u201cDo Caos ao Recome\u00e7o\u201d, e em janeiro de 2022 o \u00faltimo publicado \u201cMetamorfose Empreendedora\u201d.\",\"url\":\"https:\/\/ravel.com.br\/blog\/author\/benicio-filho\/\"}]}<\/script>\n<!-- \/ Yoast SEO plugin. -->","yoast_head_json":{"title":"Oito tend\u00eancias de tecnologia para 2023 - Blog - Ravel Tecnologia","description":"Neste artigo, elenco oito tend\u00eancias de tecnologia que valem a pena sua aten\u00e7\u00e3o para esse in\u00edcio de ano de 2023","robots":{"index":"index","follow":"follow","max-snippet":"max-snippet:-1","max-image-preview":"max-image-preview:large","max-video-preview":"max-video-preview:-1"},"canonical":"https:\/\/ravel.com.br\/blog\/oito-tendencias-de-tecnologia-para-2023\/","og_locale":"pt_BR","og_type":"article","og_title":"Oito tend\u00eancias de tecnologia para 2023 - Blog - Ravel Tecnologia","og_description":"Neste artigo, elenco oito tend\u00eancias de tecnologia que valem a pena sua aten\u00e7\u00e3o para esse in\u00edcio de ano de 2023","og_url":"https:\/\/ravel.com.br\/blog\/oito-tendencias-de-tecnologia-para-2023\/","og_site_name":"Blog Tecnologia","article_published_time":"2023-02-05T20:22:26+00:00","article_modified_time":"2023-02-05T20:29:43+00:00","og_image":[{"width":1081,"height":615,"url":"https:\/\/ravel.com.br\/blog\/wp-content\/uploads\/2023\/02\/Tendencias-de-tecnologia-2023-Capa.jpg","type":"image\/jpeg"}],"author":"Benicio Filho","twitter_card":"summary_large_image","twitter_misc":{"Escrito por":"Benicio Filho","Est. tempo de leitura":"6 minutos"},"schema":{"@context":"https:\/\/schema.org","@graph":[{"@type":"WebPage","@id":"https:\/\/ravel.com.br\/blog\/oito-tendencias-de-tecnologia-para-2023\/","url":"https:\/\/ravel.com.br\/blog\/oito-tendencias-de-tecnologia-para-2023\/","name":"Oito tend\u00eancias de tecnologia para 2023 - Blog - Ravel Tecnologia","isPartOf":{"@id":"https:\/\/ravel.com.br\/blog\/#website"},"primaryImageOfPage":{"@id":"https:\/\/ravel.com.br\/blog\/oito-tendencias-de-tecnologia-para-2023\/#primaryimage"},"image":{"@id":"https:\/\/ravel.com.br\/blog\/oito-tendencias-de-tecnologia-para-2023\/#primaryimage"},"thumbnailUrl":"https:\/\/ravel.com.br\/blog\/wp-content\/uploads\/2023\/02\/Tendencias-de-tecnologia-2023-Capa.jpg","datePublished":"2023-02-05T20:22:26+00:00","dateModified":"2023-02-05T20:29:43+00:00","author":{"@id":"https:\/\/ravel.com.br\/blog\/#\/schema\/person\/8c1b896e660c50b7e048edbf136fd3df"},"description":"Neste artigo, elenco oito tend\u00eancias de tecnologia que valem a pena sua aten\u00e7\u00e3o para esse in\u00edcio de ano de 2023","breadcrumb":{"@id":"https:\/\/ravel.com.br\/blog\/oito-tendencias-de-tecnologia-para-2023\/#breadcrumb"},"inLanguage":"pt-BR","potentialAction":[{"@type":"ReadAction","target":["https:\/\/ravel.com.br\/blog\/oito-tendencias-de-tecnologia-para-2023\/"]}]},{"@type":"ImageObject","inLanguage":"pt-BR","@id":"https:\/\/ravel.com.br\/blog\/oito-tendencias-de-tecnologia-para-2023\/#primaryimage","url":"https:\/\/ravel.com.br\/blog\/wp-content\/uploads\/2023\/02\/Tendencias-de-tecnologia-2023-Capa.jpg","contentUrl":"https:\/\/ravel.com.br\/blog\/wp-content\/uploads\/2023\/02\/Tendencias-de-tecnologia-2023-Capa.jpg","width":1081,"height":615},{"@type":"BreadcrumbList","@id":"https:\/\/ravel.com.br\/blog\/oito-tendencias-de-tecnologia-para-2023\/#breadcrumb","itemListElement":[{"@type":"ListItem","position":1,"name":"In\u00edcio","item":"https:\/\/ravel.com.br\/blog\/"},{"@type":"ListItem","position":2,"name":"Oito tend\u00eancias de tecnologia para 2023"}]},{"@type":"WebSite","@id":"https:\/\/ravel.com.br\/blog\/#website","url":"https:\/\/ravel.com.br\/blog\/","name":"Blog Tecnologia","description":"Dicas e Artigos sobre Tecnologia","potentialAction":[{"@type":"SearchAction","target":{"@type":"EntryPoint","urlTemplate":"https:\/\/ravel.com.br\/blog\/?s={search_term_string}"},"query-input":{"@type":"PropertyValueSpecification","valueRequired":true,"valueName":"search_term_string"}}],"inLanguage":"pt-BR"},{"@type":"Person","@id":"https:\/\/ravel.com.br\/blog\/#\/schema\/person\/8c1b896e660c50b7e048edbf136fd3df","name":"Benicio Filho","image":{"@type":"ImageObject","inLanguage":"pt-BR","@id":"https:\/\/ravel.com.br\/blog\/#\/schema\/person\/image\/","url":"https:\/\/secure.gravatar.com\/avatar\/90039d3db9064a83ee426386617b9797?s=96&d=mm&r=g","contentUrl":"https:\/\/secure.gravatar.com\/avatar\/90039d3db9064a83ee426386617b9797?s=96&d=mm&r=g","caption":"Benicio Filho"},"description":"Formado em eletr\u00f4nica, graduado em Teologia pela PUC SP, e Filosofia pela universidade Dom Bosco, Mestre pela Universidade Metodista de S\u00e3o Paulo na \u00e1rea de Educa\u00e7\u00e3o, MBA pela FGV em Gest\u00e3o Estrat\u00e9gica e Econ\u00f4mica de Neg\u00f3cios, p\u00f3s-graduado em Psican\u00e1lise pelo Instituto Kadmon de Psican\u00e1lise. Atua no mercado de tecnologia desde 1998. Fundador do Grupo Ravel de Tecnologia, S\u00f3cio da Core Angels Atlantic (Fundo de Investimento Internacional para Startups), s\u00f3cio fundador da Ag\u00eancia Incandescente, e s\u00f3cio fundador da Atlantic Hub e do Conex\u00e3o Europa Im\u00f3veis ambos em Portugal, atua como empres\u00e1rio, escritor e pesquisador das \u00e1reas de empreendedorismo, mentoring, lideran\u00e7a, inova\u00e7\u00e3o e internacionaliza\u00e7\u00e3o. Em dezembro de 2019, lan\u00e7ou o seu primeiro livro \u201cVidas Ressignificadas\", em dezembro de 2020 seu segundo \u201cDo Caos ao Recome\u00e7o\u201d, e em janeiro de 2022 o \u00faltimo publicado \u201cMetamorfose Empreendedora\u201d.","url":"https:\/\/ravel.com.br\/blog\/author\/benicio-filho\/"}]}},"_links":{"self":[{"href":"https:\/\/ravel.com.br\/blog\/wp-json\/wp\/v2\/posts\/4662","targetHints":{"allow":["GET"]}}],"collection":[{"href":"https:\/\/ravel.com.br\/blog\/wp-json\/wp\/v2\/posts"}],"about":[{"href":"https:\/\/ravel.com.br\/blog\/wp-json\/wp\/v2\/types\/post"}],"author":[{"embeddable":true,"href":"https:\/\/ravel.com.br\/blog\/wp-json\/wp\/v2\/users\/19"}],"replies":[{"embeddable":true,"href":"https:\/\/ravel.com.br\/blog\/wp-json\/wp\/v2\/comments?post=4662"}],"version-history":[{"count":3,"href":"https:\/\/ravel.com.br\/blog\/wp-json\/wp\/v2\/posts\/4662\/revisions"}],"predecessor-version":[{"id":4668,"href":"https:\/\/ravel.com.br\/blog\/wp-json\/wp\/v2\/posts\/4662\/revisions\/4668"}],"wp:featuredmedia":[{"embeddable":true,"href":"https:\/\/ravel.com.br\/blog\/wp-json\/wp\/v2\/media\/4665"}],"wp:attachment":[{"href":"https:\/\/ravel.com.br\/blog\/wp-json\/wp\/v2\/media?parent=4662"}],"wp:term":[{"taxonomy":"category","embeddable":true,"href":"https:\/\/ravel.com.br\/blog\/wp-json\/wp\/v2\/categories?post=4662"},{"taxonomy":"post_tag","embeddable":true,"href":"https:\/\/ravel.com.br\/blog\/wp-json\/wp\/v2\/tags?post=4662"}],"curies":[{"name":"wp","href":"https:\/\/api.w.org\/{rel}","templated":true}]}}