{"id":4753,"date":"2023-04-04T14:06:08","date_gmt":"2023-04-04T17:06:08","guid":{"rendered":"https:\/\/ravel.com.br\/blog\/?p=4753"},"modified":"2025-08-11T11:24:19","modified_gmt":"2025-08-11T14:24:19","slug":"a-importancia-da-ia-no-cotidiano-das-pessoas","status":"publish","type":"post","link":"https:\/\/ravel.com.br\/blog\/a-importancia-da-ia-no-cotidiano-das-pessoas\/","title":{"rendered":"A Import\u00e2ncia da IA no Cotidiano das Pessoas"},"content":{"rendered":"\n<p>A Intelig\u00eancia Artificial (IA) \u00e9 uma das tecnologias mais transformadoras dos dias atuais. Ela tem o potencial de mudar a forma como vivemos, trabalhamos e nos relacionamos com o mundo ao nosso redor.<\/p>\n\n\n\n<p>Podemos considerar que a IA est\u00e1 em toda parte, desde assistentes virtuais em smartphones at\u00e9 carros aut\u00f4nomos, passando por sistemas de recomenda\u00e7\u00e3o em plataformas de streaming, reconhecimento facial em redes sociais e an\u00e1lise de dados em empresas.<\/p>\n\n\n\n<p>Neste artigo, exploraremos como a IA est\u00e1 impactando o cotidiano das pessoas e por que ela \u00e9 t\u00e3o importante nos dias atuais.<\/p>\n\n\n\n<h2 class=\"wp-block-heading\"><strong>Automa\u00e7\u00e3o de tarefas rotineiras<\/strong><\/h2>\n\n\n\n<p>Um dos principais benef\u00edcios da IA \u00e9 a automa\u00e7\u00e3o de tarefas rotineiras. Isso significa que a IA pode ser usada para executar tarefas que antes eram realizadas manualmente, economizando tempo e recursos para empresas e indiv\u00edduos.<\/p>\n\n\n\n<p>Um exemplo que gosto de dar, s\u00e3o os chatbots. Eles s\u00e3o usados em muitas empresas para responder a perguntas frequentes e lidar com solicita\u00e7\u00f5es b\u00e1sicas de clientes. Isso libera os funcion\u00e1rios para se concentrarem em tarefas mais complexas e criativas.<\/p>\n\n\n\n<p>Al\u00e9m disso, a IA pode ser usada para automatizar processos em uma variedade de ind\u00fastrias, desde manufatura at\u00e9 log\u00edstica e sa\u00fade. Por exemplo, em f\u00e1bricas, a IA pode ser usada para monitorar e otimizar o processo de produ\u00e7\u00e3o, garantindo que a qualidade seja mantida e os tempos de entrega sejam cumpridos.<\/p>\n\n\n\n<p>Em hospitais, a IA pode ser usada para ajudar no diagn\u00f3stico e tratamento de doen\u00e7as, identificando padr\u00f5es em grandes conjuntos de dados de pacientes e recomendando tratamentos personalizados.<\/p>\n\n\n\n<h2 class=\"wp-block-heading\"><strong>Melhoria da experi\u00eancia do usu\u00e1rio<\/strong><\/h2>\n\n\n\n<p>Podemos tamb\u00e9m perceber que a AI, pode ser usada para melhorar a experi\u00eancia do usu\u00e1rio em uma variedade de produtos e servi\u00e7os. Por exemplo, plataformas de streaming de m\u00fasica e v\u00eddeo usam a IA para recomendar m\u00fasicas e filmes que sejam mais relevantes para os gostos e prefer\u00eancias dos usu\u00e1rios. Isso ajuda a personalizar a experi\u00eancia do usu\u00e1rio e aumentar o engajamento com a plataforma.<\/p>\n\n\n\n<p>Ela pode ser usada para criar conte\u00fado personalizado, como recomenda\u00e7\u00f5es de livros, podcasts e outros materiais com base nos interesses do usu\u00e1rio. Isso ajuda a garantir que o conte\u00fado seja relevante e interessante para o usu\u00e1rio, aumentando a probabilidade de que eles continuem consumindo o conte\u00fado.<\/p>\n\n\n\n<figure class=\"wp-block-image size-large\"><img loading=\"lazy\" decoding=\"async\" width=\"1024\" height=\"313\" src=\"https:\/\/ravel.com.br\/blog\/wp-content\/uploads\/2023\/04\/IA-no-Cotidiano-Banner-1024x313.jpg\" alt=\"IA no cotidiano\" class=\"wp-image-4757\" srcset=\"https:\/\/ravel.com.br\/blog\/wp-content\/uploads\/2023\/04\/IA-no-Cotidiano-Banner-1024x313.jpg 1024w, https:\/\/ravel.com.br\/blog\/wp-content\/uploads\/2023\/04\/IA-no-Cotidiano-Banner-300x92.jpg 300w, https:\/\/ravel.com.br\/blog\/wp-content\/uploads\/2023\/04\/IA-no-Cotidiano-Banner-768x235.jpg 768w, https:\/\/ravel.com.br\/blog\/wp-content\/uploads\/2023\/04\/IA-no-Cotidiano-Banner-610x186.jpg 610w, https:\/\/ravel.com.br\/blog\/wp-content\/uploads\/2023\/04\/IA-no-Cotidiano-Banner-1080x330.jpg 1080w, https:\/\/ravel.com.br\/blog\/wp-content\/uploads\/2023\/04\/IA-no-Cotidiano-Banner.jpg 1515w\" sizes=\"(max-width: 1024px) 100vw, 1024px\" \/><\/figure>\n\n\n\n<h2 class=\"wp-block-heading\"><strong>Influ\u00eancia na educa\u00e7\u00e3o<\/strong><\/h2>\n\n\n\n<p>Estamos diante de grandes mudan\u00e7as e a educa\u00e7\u00e3o est\u00e1 no radar das transforma\u00e7\u00f5es de acesso, intera\u00e7\u00e3o e rela\u00e7\u00e3o. A aplica\u00e7\u00e3o da IA neste segmento se d\u00e1 quando ela \u00e9 usada para criar programas educacionais personalizados que se adaptem \u00e0s necessidades e habilidades individuais dos alunos. Isso ajuda a garantir que cada aluno tenha uma experi\u00eancia de aprendizado personalizada e eficaz.<\/p>\n\n\n\n<p>Al\u00e9m disso, a IA pode ser usada para avaliar a compreens\u00e3o do aluno em tempo real, permitindo que os professores ajustem seu ensino para garantir que cada aluno esteja acompanhando o ritmo. Isso pode ajudar a melhorar o desempenho dos alunos e aumentar a probabilidade de que eles tenham sucesso acad\u00eamico.<\/p>\n\n\n\n<h2 class=\"wp-block-heading\"><strong>Outras aplica\u00e7\u00f5es da IA<\/strong><\/h2>\n\n\n\n<p>De fato, a intelig\u00eancia artificial j\u00e1 faz parte do nosso cotidiano de forma mais intensa do que muitas pessoas imaginam. Desde as redes sociais que utilizamos at\u00e9 as compras online que fazemos, a IA est\u00e1 presente e trabalhando para melhorar nossa experi\u00eancia como consumidores e usu\u00e1rios.<\/p>\n\n\n\n<p>A intelig\u00eancia artificial \u00e9 uma ferramenta essencial em diversas \u00e1reas, como na medicina, na educa\u00e7\u00e3o, na ind\u00fastria, na seguran\u00e7a e no meio ambiente. Ela pode ajudar a diagnosticar doen\u00e7as, desenvolver novos medicamentos, personalizar o aprendizado, otimizar processos produtivos, prevenir crimes, monitorar recursos naturais e muito mais.<\/p>\n\n\n\n<p>Por\u00e9m, \u00e9 importante lembrar que a IA ainda tem muito a evoluir e que seu uso precisa ser \u00e9tico e respons\u00e1vel, para garantir a seguran\u00e7a e a privacidade das pessoas. \u00c9 necess\u00e1rio um esfor\u00e7o conjunto da sociedade, das empresas e dos governos para que a intelig\u00eancia artificial seja desenvolvida e utilizada de maneira \u00e9tica, transparente e equitativa.<\/p>\n\n\n\n<p>Em suma, a intelig\u00eancia artificial \u00e9 uma tecnologia que est\u00e1 transformando nossa forma de viver, trabalhar e interagir com o mundo. Seu potencial \u00e9 enorme e seu uso respons\u00e1vel pode trazer in\u00fameros benef\u00edcios para a humanidade.<\/p>\n\n\n\n<p>\u00c9 fundamental que nos mantenhamos informados sobre a IA e suas aplica\u00e7\u00f5es, para que possamos aproveitar seus benef\u00edcios e minimizar seus riscos.<\/p>\n\n\n\n<p>Imagine come\u00e7ar a ter como buscador o Chat GPT e n\u00e3o mais o Google? O que ser\u00e1 do SEO? Como ficar\u00e3o as buscas e os an\u00fancios que fazemos para a vincula\u00e7\u00e3o das nossas empresas?<\/p>\n\n\n\n<p>Bem, h\u00e1 muita \u00e1gua ainda para rolar neste rio, mas como a velocidade de transforma\u00e7\u00e3o \u00e9 imensa, pode ser que em menos tempo que imaginemos tudo j\u00e1 tenha mudado.<\/p>\n\n\n\n<p>Fique atento aos pr\u00f3ximos movimentos e assim como eu, quero entender como isso tudo ir\u00e1 impactar e mudar nossa vida.<\/p>\n\n\n\n<p>Veja mais em: <a href=\"https:\/\/ravel.com.br\/blog\/category\/viver-com-tecnologia\/\">Viver com Tecnologia &#8211; Blog Tecnologia &#8211; Ravel Tecnologia<\/a><\/p>\n\n\n\n<figure class=\"wp-block-image size-large\"><a href=\"https:\/\/ravel.com.br\/\" target=\"_blank\" rel=\"noreferrer noopener\"><img loading=\"lazy\" decoding=\"async\" width=\"1024\" height=\"133\" src=\"https:\/\/ravel.com.br\/blog\/wp-content\/uploads\/2023\/03\/CTA-Tecnologia-a-seu-favor-1024x133.jpg\" alt=\"\" class=\"wp-image-4735\" srcset=\"https:\/\/ravel.com.br\/blog\/wp-content\/uploads\/2023\/03\/CTA-Tecnologia-a-seu-favor-1024x133.jpg 1024w, https:\/\/ravel.com.br\/blog\/wp-content\/uploads\/2023\/03\/CTA-Tecnologia-a-seu-favor-300x39.jpg 300w, https:\/\/ravel.com.br\/blog\/wp-content\/uploads\/2023\/03\/CTA-Tecnologia-a-seu-favor-768x100.jpg 768w, https:\/\/ravel.com.br\/blog\/wp-content\/uploads\/2023\/03\/CTA-Tecnologia-a-seu-favor-1536x199.jpg 1536w, https:\/\/ravel.com.br\/blog\/wp-content\/uploads\/2023\/03\/CTA-Tecnologia-a-seu-favor-2048x266.jpg 2048w, https:\/\/ravel.com.br\/blog\/wp-content\/uploads\/2023\/03\/CTA-Tecnologia-a-seu-favor-610x79.jpg 610w, https:\/\/ravel.com.br\/blog\/wp-content\/uploads\/2023\/03\/CTA-Tecnologia-a-seu-favor-1080x140.jpg 1080w\" sizes=\"(max-width: 1024px) 100vw, 1024px\" \/><\/a><\/figure>\n","protected":false},"excerpt":{"rendered":"<p>A intelig\u00eancia artificial j\u00e1 faz parte da nossa vida cotidiana. Esta \u00e9 uma afirma\u00e7\u00e3o. N\u00e3o resta d\u00favidas que a IA entrou em nossa vida e j\u00e1 est\u00e1 inserida nos mais diversos locais e tarefas. Neste artigo, analiso algumas rela\u00e7\u00f5es da vida do dia a dia e a IA<\/p>\n","protected":false},"author":19,"featured_media":4756,"comment_status":"closed","ping_status":"open","sticky":false,"template":"","format":"standard","meta":{"_et_pb_use_builder":"","_et_pb_old_content":"","_et_gb_content_width":"","footnotes":""},"categories":[105],"tags":[],"class_list":["post-4753","post","type-post","status-publish","format-standard","has-post-thumbnail","hentry","category-viver-com-tecnologia","et-has-post-format-content","et_post_format-et-post-format-standard"],"yoast_head":"<!-- This site is optimized with the Yoast SEO plugin v24.1 - https:\/\/yoast.com\/wordpress\/plugins\/seo\/ -->\n<title>A Import\u00e2ncia da IA no Cotidiano das Pessoas - Blog - Ravel<\/title>\n<meta name=\"description\" content=\"A intelig\u00eancia artificial j\u00e1 faz parte da nossa vida cotidiana. Esta \u00e9 uma afirma\u00e7\u00e3o. N\u00e3o resta d\u00favidas que a IA entrou em nossa vida e j\u00e1 est\u00e1 inserida nos mais diversos locais e tarefas. Neste artigo, analiso algumas rela\u00e7\u00f5es da vida do dia a dia e a IA\" \/>\n<meta name=\"robots\" content=\"index, follow, max-snippet:-1, max-image-preview:large, max-video-preview:-1\" \/>\n<link rel=\"canonical\" href=\"https:\/\/ravel.com.br\/blog\/a-importancia-da-ia-no-cotidiano-das-pessoas\/\" \/>\n<meta property=\"og:locale\" content=\"pt_BR\" \/>\n<meta property=\"og:type\" content=\"article\" \/>\n<meta property=\"og:title\" content=\"A Import\u00e2ncia da IA no Cotidiano das Pessoas - Blog - Ravel\" \/>\n<meta property=\"og:description\" content=\"A intelig\u00eancia artificial j\u00e1 faz parte da nossa vida cotidiana. Esta \u00e9 uma afirma\u00e7\u00e3o. N\u00e3o resta d\u00favidas que a IA entrou em nossa vida e j\u00e1 est\u00e1 inserida nos mais diversos locais e tarefas. Neste artigo, analiso algumas rela\u00e7\u00f5es da vida do dia a dia e a IA\" \/>\n<meta property=\"og:url\" content=\"https:\/\/ravel.com.br\/blog\/a-importancia-da-ia-no-cotidiano-das-pessoas\/\" \/>\n<meta property=\"og:site_name\" content=\"Blog Tecnologia\" \/>\n<meta property=\"article:published_time\" content=\"2023-04-04T17:06:08+00:00\" \/>\n<meta property=\"article:modified_time\" content=\"2025-08-11T14:24:19+00:00\" \/>\n<meta property=\"og:image\" content=\"https:\/\/ravel.com.br\/blog\/wp-content\/uploads\/2023\/04\/IA-no-Cotidiano-Capa.jpg\" \/>\n\t<meta property=\"og:image:width\" content=\"1165\" \/>\n\t<meta property=\"og:image:height\" content=\"692\" \/>\n\t<meta property=\"og:image:type\" content=\"image\/jpeg\" \/>\n<meta name=\"author\" content=\"Benicio Filho\" \/>\n<meta name=\"twitter:card\" content=\"summary_large_image\" \/>\n<meta name=\"twitter:label1\" content=\"Escrito por\" \/>\n\t<meta name=\"twitter:data1\" content=\"Benicio Filho\" \/>\n\t<meta name=\"twitter:label2\" content=\"Est. tempo de leitura\" \/>\n\t<meta name=\"twitter:data2\" content=\"5 minutos\" \/>\n<script type=\"application\/ld+json\" class=\"yoast-schema-graph\">{\"@context\":\"https:\/\/schema.org\",\"@graph\":[{\"@type\":\"WebPage\",\"@id\":\"https:\/\/ravel.com.br\/blog\/a-importancia-da-ia-no-cotidiano-das-pessoas\/\",\"url\":\"https:\/\/ravel.com.br\/blog\/a-importancia-da-ia-no-cotidiano-das-pessoas\/\",\"name\":\"A Import\u00e2ncia da IA no Cotidiano das Pessoas - Blog - Ravel\",\"isPartOf\":{\"@id\":\"https:\/\/ravel.com.br\/blog\/#website\"},\"primaryImageOfPage\":{\"@id\":\"https:\/\/ravel.com.br\/blog\/a-importancia-da-ia-no-cotidiano-das-pessoas\/#primaryimage\"},\"image\":{\"@id\":\"https:\/\/ravel.com.br\/blog\/a-importancia-da-ia-no-cotidiano-das-pessoas\/#primaryimage\"},\"thumbnailUrl\":\"https:\/\/ravel.com.br\/blog\/wp-content\/uploads\/2023\/04\/IA-no-Cotidiano-Capa.jpg\",\"datePublished\":\"2023-04-04T17:06:08+00:00\",\"dateModified\":\"2025-08-11T14:24:19+00:00\",\"author\":{\"@id\":\"https:\/\/ravel.com.br\/blog\/#\/schema\/person\/8c1b896e660c50b7e048edbf136fd3df\"},\"description\":\"A intelig\u00eancia artificial j\u00e1 faz parte da nossa vida cotidiana. Esta \u00e9 uma afirma\u00e7\u00e3o. N\u00e3o resta d\u00favidas que a IA entrou em nossa vida e j\u00e1 est\u00e1 inserida nos mais diversos locais e tarefas. Neste artigo, analiso algumas rela\u00e7\u00f5es da vida do dia a dia e a IA\",\"breadcrumb\":{\"@id\":\"https:\/\/ravel.com.br\/blog\/a-importancia-da-ia-no-cotidiano-das-pessoas\/#breadcrumb\"},\"inLanguage\":\"pt-BR\",\"potentialAction\":[{\"@type\":\"ReadAction\",\"target\":[\"https:\/\/ravel.com.br\/blog\/a-importancia-da-ia-no-cotidiano-das-pessoas\/\"]}]},{\"@type\":\"ImageObject\",\"inLanguage\":\"pt-BR\",\"@id\":\"https:\/\/ravel.com.br\/blog\/a-importancia-da-ia-no-cotidiano-das-pessoas\/#primaryimage\",\"url\":\"https:\/\/ravel.com.br\/blog\/wp-content\/uploads\/2023\/04\/IA-no-Cotidiano-Capa.jpg\",\"contentUrl\":\"https:\/\/ravel.com.br\/blog\/wp-content\/uploads\/2023\/04\/IA-no-Cotidiano-Capa.jpg\",\"width\":1165,\"height\":692},{\"@type\":\"BreadcrumbList\",\"@id\":\"https:\/\/ravel.com.br\/blog\/a-importancia-da-ia-no-cotidiano-das-pessoas\/#breadcrumb\",\"itemListElement\":[{\"@type\":\"ListItem\",\"position\":1,\"name\":\"In\u00edcio\",\"item\":\"https:\/\/ravel.com.br\/blog\/\"},{\"@type\":\"ListItem\",\"position\":2,\"name\":\"A Import\u00e2ncia da IA no Cotidiano das Pessoas\"}]},{\"@type\":\"WebSite\",\"@id\":\"https:\/\/ravel.com.br\/blog\/#website\",\"url\":\"https:\/\/ravel.com.br\/blog\/\",\"name\":\"Blog Tecnologia\",\"description\":\"Dicas e Artigos sobre Tecnologia\",\"potentialAction\":[{\"@type\":\"SearchAction\",\"target\":{\"@type\":\"EntryPoint\",\"urlTemplate\":\"https:\/\/ravel.com.br\/blog\/?s={search_term_string}\"},\"query-input\":{\"@type\":\"PropertyValueSpecification\",\"valueRequired\":true,\"valueName\":\"search_term_string\"}}],\"inLanguage\":\"pt-BR\"},{\"@type\":\"Person\",\"@id\":\"https:\/\/ravel.com.br\/blog\/#\/schema\/person\/8c1b896e660c50b7e048edbf136fd3df\",\"name\":\"Benicio Filho\",\"image\":{\"@type\":\"ImageObject\",\"inLanguage\":\"pt-BR\",\"@id\":\"https:\/\/ravel.com.br\/blog\/#\/schema\/person\/image\/\",\"url\":\"https:\/\/secure.gravatar.com\/avatar\/90039d3db9064a83ee426386617b9797?s=96&d=mm&r=g\",\"contentUrl\":\"https:\/\/secure.gravatar.com\/avatar\/90039d3db9064a83ee426386617b9797?s=96&d=mm&r=g\",\"caption\":\"Benicio Filho\"},\"description\":\"Formado em eletr\u00f4nica, graduado em Teologia pela PUC SP, e Filosofia pela universidade Dom Bosco, Mestre pela Universidade Metodista de S\u00e3o Paulo na \u00e1rea de Educa\u00e7\u00e3o, MBA pela FGV em Gest\u00e3o Estrat\u00e9gica e Econ\u00f4mica de Neg\u00f3cios, p\u00f3s-graduado em Psican\u00e1lise pelo Instituto Kadmon de Psican\u00e1lise. Atua no mercado de tecnologia desde 1998. Fundador do Grupo Ravel de Tecnologia, S\u00f3cio da Core Angels Atlantic (Fundo de Investimento Internacional para Startups), s\u00f3cio fundador da Ag\u00eancia Incandescente, e s\u00f3cio fundador da Atlantic Hub e do Conex\u00e3o Europa Im\u00f3veis ambos em Portugal, atua como empres\u00e1rio, escritor e pesquisador das \u00e1reas de empreendedorismo, mentoring, lideran\u00e7a, inova\u00e7\u00e3o e internacionaliza\u00e7\u00e3o. Em dezembro de 2019, lan\u00e7ou o seu primeiro livro \u201cVidas Ressignificadas\\\", em dezembro de 2020 seu segundo \u201cDo Caos ao Recome\u00e7o\u201d, e em janeiro de 2022 o \u00faltimo publicado \u201cMetamorfose Empreendedora\u201d.\",\"url\":\"https:\/\/ravel.com.br\/blog\/author\/benicio-filho\/\"}]}<\/script>\n<!-- \/ Yoast SEO plugin. -->","yoast_head_json":{"title":"A Import\u00e2ncia da IA no Cotidiano das Pessoas - Blog - Ravel","description":"A intelig\u00eancia artificial j\u00e1 faz parte da nossa vida cotidiana. Esta \u00e9 uma afirma\u00e7\u00e3o. N\u00e3o resta d\u00favidas que a IA entrou em nossa vida e j\u00e1 est\u00e1 inserida nos mais diversos locais e tarefas. Neste artigo, analiso algumas rela\u00e7\u00f5es da vida do dia a dia e a IA","robots":{"index":"index","follow":"follow","max-snippet":"max-snippet:-1","max-image-preview":"max-image-preview:large","max-video-preview":"max-video-preview:-1"},"canonical":"https:\/\/ravel.com.br\/blog\/a-importancia-da-ia-no-cotidiano-das-pessoas\/","og_locale":"pt_BR","og_type":"article","og_title":"A Import\u00e2ncia da IA no Cotidiano das Pessoas - Blog - Ravel","og_description":"A intelig\u00eancia artificial j\u00e1 faz parte da nossa vida cotidiana. Esta \u00e9 uma afirma\u00e7\u00e3o. N\u00e3o resta d\u00favidas que a IA entrou em nossa vida e j\u00e1 est\u00e1 inserida nos mais diversos locais e tarefas. Neste artigo, analiso algumas rela\u00e7\u00f5es da vida do dia a dia e a IA","og_url":"https:\/\/ravel.com.br\/blog\/a-importancia-da-ia-no-cotidiano-das-pessoas\/","og_site_name":"Blog Tecnologia","article_published_time":"2023-04-04T17:06:08+00:00","article_modified_time":"2025-08-11T14:24:19+00:00","og_image":[{"width":1165,"height":692,"url":"https:\/\/ravel.com.br\/blog\/wp-content\/uploads\/2023\/04\/IA-no-Cotidiano-Capa.jpg","type":"image\/jpeg"}],"author":"Benicio Filho","twitter_card":"summary_large_image","twitter_misc":{"Escrito por":"Benicio Filho","Est. tempo de leitura":"5 minutos"},"schema":{"@context":"https:\/\/schema.org","@graph":[{"@type":"WebPage","@id":"https:\/\/ravel.com.br\/blog\/a-importancia-da-ia-no-cotidiano-das-pessoas\/","url":"https:\/\/ravel.com.br\/blog\/a-importancia-da-ia-no-cotidiano-das-pessoas\/","name":"A Import\u00e2ncia da IA no Cotidiano das Pessoas - Blog - Ravel","isPartOf":{"@id":"https:\/\/ravel.com.br\/blog\/#website"},"primaryImageOfPage":{"@id":"https:\/\/ravel.com.br\/blog\/a-importancia-da-ia-no-cotidiano-das-pessoas\/#primaryimage"},"image":{"@id":"https:\/\/ravel.com.br\/blog\/a-importancia-da-ia-no-cotidiano-das-pessoas\/#primaryimage"},"thumbnailUrl":"https:\/\/ravel.com.br\/blog\/wp-content\/uploads\/2023\/04\/IA-no-Cotidiano-Capa.jpg","datePublished":"2023-04-04T17:06:08+00:00","dateModified":"2025-08-11T14:24:19+00:00","author":{"@id":"https:\/\/ravel.com.br\/blog\/#\/schema\/person\/8c1b896e660c50b7e048edbf136fd3df"},"description":"A intelig\u00eancia artificial j\u00e1 faz parte da nossa vida cotidiana. Esta \u00e9 uma afirma\u00e7\u00e3o. N\u00e3o resta d\u00favidas que a IA entrou em nossa vida e j\u00e1 est\u00e1 inserida nos mais diversos locais e tarefas. Neste artigo, analiso algumas rela\u00e7\u00f5es da vida do dia a dia e a IA","breadcrumb":{"@id":"https:\/\/ravel.com.br\/blog\/a-importancia-da-ia-no-cotidiano-das-pessoas\/#breadcrumb"},"inLanguage":"pt-BR","potentialAction":[{"@type":"ReadAction","target":["https:\/\/ravel.com.br\/blog\/a-importancia-da-ia-no-cotidiano-das-pessoas\/"]}]},{"@type":"ImageObject","inLanguage":"pt-BR","@id":"https:\/\/ravel.com.br\/blog\/a-importancia-da-ia-no-cotidiano-das-pessoas\/#primaryimage","url":"https:\/\/ravel.com.br\/blog\/wp-content\/uploads\/2023\/04\/IA-no-Cotidiano-Capa.jpg","contentUrl":"https:\/\/ravel.com.br\/blog\/wp-content\/uploads\/2023\/04\/IA-no-Cotidiano-Capa.jpg","width":1165,"height":692},{"@type":"BreadcrumbList","@id":"https:\/\/ravel.com.br\/blog\/a-importancia-da-ia-no-cotidiano-das-pessoas\/#breadcrumb","itemListElement":[{"@type":"ListItem","position":1,"name":"In\u00edcio","item":"https:\/\/ravel.com.br\/blog\/"},{"@type":"ListItem","position":2,"name":"A Import\u00e2ncia da IA no Cotidiano das Pessoas"}]},{"@type":"WebSite","@id":"https:\/\/ravel.com.br\/blog\/#website","url":"https:\/\/ravel.com.br\/blog\/","name":"Blog Tecnologia","description":"Dicas e Artigos sobre Tecnologia","potentialAction":[{"@type":"SearchAction","target":{"@type":"EntryPoint","urlTemplate":"https:\/\/ravel.com.br\/blog\/?s={search_term_string}"},"query-input":{"@type":"PropertyValueSpecification","valueRequired":true,"valueName":"search_term_string"}}],"inLanguage":"pt-BR"},{"@type":"Person","@id":"https:\/\/ravel.com.br\/blog\/#\/schema\/person\/8c1b896e660c50b7e048edbf136fd3df","name":"Benicio Filho","image":{"@type":"ImageObject","inLanguage":"pt-BR","@id":"https:\/\/ravel.com.br\/blog\/#\/schema\/person\/image\/","url":"https:\/\/secure.gravatar.com\/avatar\/90039d3db9064a83ee426386617b9797?s=96&d=mm&r=g","contentUrl":"https:\/\/secure.gravatar.com\/avatar\/90039d3db9064a83ee426386617b9797?s=96&d=mm&r=g","caption":"Benicio Filho"},"description":"Formado em eletr\u00f4nica, graduado em Teologia pela PUC SP, e Filosofia pela universidade Dom Bosco, Mestre pela Universidade Metodista de S\u00e3o Paulo na \u00e1rea de Educa\u00e7\u00e3o, MBA pela FGV em Gest\u00e3o Estrat\u00e9gica e Econ\u00f4mica de Neg\u00f3cios, p\u00f3s-graduado em Psican\u00e1lise pelo Instituto Kadmon de Psican\u00e1lise. Atua no mercado de tecnologia desde 1998. Fundador do Grupo Ravel de Tecnologia, S\u00f3cio da Core Angels Atlantic (Fundo de Investimento Internacional para Startups), s\u00f3cio fundador da Ag\u00eancia Incandescente, e s\u00f3cio fundador da Atlantic Hub e do Conex\u00e3o Europa Im\u00f3veis ambos em Portugal, atua como empres\u00e1rio, escritor e pesquisador das \u00e1reas de empreendedorismo, mentoring, lideran\u00e7a, inova\u00e7\u00e3o e internacionaliza\u00e7\u00e3o. Em dezembro de 2019, lan\u00e7ou o seu primeiro livro \u201cVidas Ressignificadas\", em dezembro de 2020 seu segundo \u201cDo Caos ao Recome\u00e7o\u201d, e em janeiro de 2022 o \u00faltimo publicado \u201cMetamorfose Empreendedora\u201d.","url":"https:\/\/ravel.com.br\/blog\/author\/benicio-filho\/"}]}},"_links":{"self":[{"href":"https:\/\/ravel.com.br\/blog\/wp-json\/wp\/v2\/posts\/4753","targetHints":{"allow":["GET"]}}],"collection":[{"href":"https:\/\/ravel.com.br\/blog\/wp-json\/wp\/v2\/posts"}],"about":[{"href":"https:\/\/ravel.com.br\/blog\/wp-json\/wp\/v2\/types\/post"}],"author":[{"embeddable":true,"href":"https:\/\/ravel.com.br\/blog\/wp-json\/wp\/v2\/users\/19"}],"replies":[{"embeddable":true,"href":"https:\/\/ravel.com.br\/blog\/wp-json\/wp\/v2\/comments?post=4753"}],"version-history":[{"count":2,"href":"https:\/\/ravel.com.br\/blog\/wp-json\/wp\/v2\/posts\/4753\/revisions"}],"predecessor-version":[{"id":4758,"href":"https:\/\/ravel.com.br\/blog\/wp-json\/wp\/v2\/posts\/4753\/revisions\/4758"}],"wp:featuredmedia":[{"embeddable":true,"href":"https:\/\/ravel.com.br\/blog\/wp-json\/wp\/v2\/media\/4756"}],"wp:attachment":[{"href":"https:\/\/ravel.com.br\/blog\/wp-json\/wp\/v2\/media?parent=4753"}],"wp:term":[{"taxonomy":"category","embeddable":true,"href":"https:\/\/ravel.com.br\/blog\/wp-json\/wp\/v2\/categories?post=4753"},{"taxonomy":"post_tag","embeddable":true,"href":"https:\/\/ravel.com.br\/blog\/wp-json\/wp\/v2\/tags?post=4753"}],"curies":[{"name":"wp","href":"https:\/\/api.w.org\/{rel}","templated":true}]}}