{"id":4899,"date":"2023-05-23T09:22:24","date_gmt":"2023-05-23T12:22:24","guid":{"rendered":"https:\/\/ravel.com.br\/blog\/?p=4899"},"modified":"2025-06-04T13:42:46","modified_gmt":"2025-06-04T16:42:46","slug":"o-que-devo-saber-de-relevante-sobre-seguranca-da-informacao","status":"publish","type":"post","link":"https:\/\/ravel.com.br\/blog\/o-que-devo-saber-de-relevante-sobre-seguranca-da-informacao\/","title":{"rendered":"O que devo saber de relevante sobre Seguran\u00e7a da Informa\u00e7\u00e3o"},"content":{"rendered":"\n<p>Alguns temas sobre seguran\u00e7a da informa\u00e7\u00e3o n\u00e3o podem deixar de estar no seu radar. Eles est\u00e3o transformando tecnologia e abordagens quando a quest\u00e3o \u00e9 a nossa rela\u00e7\u00e3o com a mesma ou com as ferramentas que usamos em nossas empresas. Neste artigo, vou aprofundar este tema e ajudar voc\u00ea a fazer um bom uso delas.<\/p>\n\n\n\n<p>Somos invadidos por uma enormidade de temas relacionados \u00e0 tecnologia da informa\u00e7\u00e3o quase que o tempo todo.<\/p>\n\n\n\n<p>Em alguns momentos, fica quase imposs\u00edvel saber o que \u00e9 relevante ou o que devo desconsiderar. Separando por temas, neste artigo, quero auxiliar voc\u00ea a ficar atento o que \u00e9 mesmo relevante ou o que voc\u00ea n\u00e3o deveria se preocupar demais.<\/p>\n\n\n\n<p>Estamos infelizmente em um pa\u00eds que as chamadas leis que n\u00e3o pegam ainda reina. Temas muito relevantes como a LGPD apenas aparecem no cen\u00e1rio quando o pior j\u00e1 aconteceu. Bem, se voc\u00ea quer continuar com sua empresa por muitos anos, n\u00e3o deixe este tema para escanteio.<\/p>\n\n\n\n<p>Mas tamb\u00e9m entendo se voc\u00ea me disser que tem a impress\u00e3o que esta lei ainda n\u00e3o pegou. Veja abaixo o que voc\u00ea deve estar atento.<\/p>\n\n\n\n<p><strong>CIBERSEGURAN\u00c7A NO TOPO DAS PREOCUPA\u00c7\u00d5ES E INVESTIMENTOS<\/strong><\/p>\n\n\n\n<p><strong>A Ciberseguran\u00e7a<\/strong> no setor financeiro: O setor financeiro brasileiro tem sido alvo de muitos ataques cibern\u00e9ticos nos \u00faltimos anos. As institui\u00e7\u00f5es financeiras t\u00eam investido em medidas de seguran\u00e7a da informa\u00e7\u00e3o para se protegerem contra essas amea\u00e7as.<\/p>\n\n\n\n<p>Como muito do que utilizamos est\u00e1 em rela\u00e7\u00e3o com as plataformas dos bancos, esteja atento a seguran\u00e7a nestes processos e a boa utiliza\u00e7\u00e3o das ferramentas destas empresas.<\/p>\n\n\n\n<p><strong>Ciberataques:<\/strong> Com o aumento das amea\u00e7as cibern\u00e9ticas em todo o mundo, o Brasil n\u00e3o est\u00e1 imune a ataques cibern\u00e9ticos. Os recentes ataques de ransomware e os vazamentos de dados em empresas e organiza\u00e7\u00f5es p\u00fablicas brasileiras t\u00eam sido bastante preocupantes.<\/p>\n\n\n\n<p>Tenha prote\u00e7\u00e3o em sua empresa. Consulte como podemos ajud\u00e1-lo. A preven\u00e7\u00e3o \u00e9 muito mais barata que o rem\u00e9dio amargo em caso de problemas.<\/p>\n\n\n\n<p><strong>A Engenharia social: <\/strong>A engenharia social \u00e9 uma t\u00e9cnica utilizada pelos hackers para manipular as pessoas e obter informa\u00e7\u00f5es confidenciais. As pessoas podem ser enganadas por meio de e-mails falsos, telefonemas, mensagens ou links maliciosos em redes sociais. \u00c9 importante estar ciente dessas t\u00e9cnicas e tomar medidas para evit\u00e1-las.<\/p>\n\n\n\n<p><strong>Amea\u00e7as internas:<\/strong> As amea\u00e7as internas, como funcion\u00e1rios mal-intencionados ou descuidados, podem ser uma grande amea\u00e7a \u00e0 seguran\u00e7a da informa\u00e7\u00e3o de uma organiza\u00e7\u00e3o. \u00c9 importante ter pol\u00edticas de seguran\u00e7a claramente definidas e monitorar as atividades dos funcion\u00e1rios para evitar vazamentos ou perda de dados.<\/p>\n\n\n\n<p><strong>Seguran\u00e7a em dispositivos m\u00f3veis: <\/strong>Com o aumento do uso de dispositivos m\u00f3veis para acessar informa\u00e7\u00f5es sens\u00edveis, \u00e9 importante garantir que esses dispositivos estejam seguros. Medidas de seguran\u00e7a, como senhas fortes, autentica\u00e7\u00e3o de dois fatores e criptografia, devem ser adotadas.<\/p>\n\n\n\n<p><strong>Amea\u00e7as emergentes:<\/strong> Com o avan\u00e7o constante da tecnologia, novas amea\u00e7as cibern\u00e9ticas est\u00e3o surgindo o tempo todo. \u00c9 importante estar atualizado sobre as amea\u00e7as emergentes e tomar medidas para se proteger contra elas.<\/p>\n\n\n\n<p>Atuamos a mais de vinte anos, construindo com nossos clientes pol\u00edticas internas de acesso \u00e0s informa\u00e7\u00f5es. Agende um momento conosco e falaremos sobre este tema e de como ele \u00e9 relevante a sua empresa.<\/p>\n\n\n\n<figure class=\"wp-block-image size-large\"><img loading=\"lazy\" decoding=\"async\" width=\"1024\" height=\"322\" src=\"https:\/\/ravel.com.br\/blog\/wp-content\/uploads\/2023\/05\/O-que-devo-saber-sobre-seguranca-da-informacao-Banner-1024x322.jpg\" alt=\"\" class=\"wp-image-4902\" srcset=\"https:\/\/ravel.com.br\/blog\/wp-content\/uploads\/2023\/05\/O-que-devo-saber-sobre-seguranca-da-informacao-Banner-1024x322.jpg 1024w, https:\/\/ravel.com.br\/blog\/wp-content\/uploads\/2023\/05\/O-que-devo-saber-sobre-seguranca-da-informacao-Banner-300x94.jpg 300w, https:\/\/ravel.com.br\/blog\/wp-content\/uploads\/2023\/05\/O-que-devo-saber-sobre-seguranca-da-informacao-Banner-768x242.jpg 768w, https:\/\/ravel.com.br\/blog\/wp-content\/uploads\/2023\/05\/O-que-devo-saber-sobre-seguranca-da-informacao-Banner-610x192.jpg 610w, https:\/\/ravel.com.br\/blog\/wp-content\/uploads\/2023\/05\/O-que-devo-saber-sobre-seguranca-da-informacao-Banner-1080x340.jpg 1080w, https:\/\/ravel.com.br\/blog\/wp-content\/uploads\/2023\/05\/O-que-devo-saber-sobre-seguranca-da-informacao-Banner.jpg 1287w\" sizes=\"(max-width: 1024px) 100vw, 1024px\" \/><\/figure>\n\n\n\n<p><strong>INTERNET DAS COISAS E A COMPUTA\u00c7\u00c3O EM NUVEM<\/strong><\/p>\n\n\n\n<p>Anos atr\u00e1s isso seria prever o futuro, hoje por\u00e9m, as tecnologias que relaciono abaixo, est\u00e3o no nosso cotidiano.<\/p>\n\n\n\n<p><strong>Internet das Coisas (IoT): <\/strong>Com o aumento do uso de dispositivos IoT, a seguran\u00e7a da informa\u00e7\u00e3o tornou-se uma preocupa\u00e7\u00e3o crescente. Muitos dispositivos IoT t\u00eam vulnerabilidades de seguran\u00e7a, o que pode colocar em risco a privacidade e seguran\u00e7a dos usu\u00e1rios.<\/p>\n\n\n\n<p><strong>Blockchain e seguran\u00e7a:<\/strong> A tecnologia blockchain tem sido utilizada para melhorar a seguran\u00e7a da informa\u00e7\u00e3o em diversos setores, principalmente no financeiro. O blockchain permite a cria\u00e7\u00e3o de registros imut\u00e1veis e descentralizados, que podem melhorar a seguran\u00e7a dos dados.<\/p>\n\n\n\n<p><strong>Internet 5G: <\/strong>A chegada da internet 5G traz muitos benef\u00edcios, como maior velocidade de conex\u00e3o e menor lat\u00eancia. No entanto, tamb\u00e9m pode trazer novos desafios de seguran\u00e7a da informa\u00e7\u00e3o, como o aumento de dispositivos IoT conectados e a possibilidade de novos tipos de ataques.<\/p>\n\n\n\n<p><strong>Computa\u00e7\u00e3o em nuvem: <\/strong>O uso da computa\u00e7\u00e3o em nuvem tem aumentado significativamente nos \u00faltimos anos, e com isso, a seguran\u00e7a da informa\u00e7\u00e3o em ambientes de nuvem tornou-se uma preocupa\u00e7\u00e3o importante. \u00c9 necess\u00e1rio garantir que os dados armazenados na nuvem sejam protegidos adequadamente.<\/p>\n\n\n\n<p><strong>Acesso remoto:<\/strong> Com o aumento do trabalho remoto, muitas empresas t\u00eam permitido o acesso remoto aos sistemas corporativos. \u00c9 importante garantir que o acesso remoto seja seguro e protegido contra ataques cibern\u00e9ticos.<\/p>\n\n\n\n<p><strong>UMA VIS\u00c3O SOBRE A LGPD<\/strong><\/p>\n\n\n\n<p>Como disse logo no come\u00e7o deste artigo, a LGPD \u00e9 uma realidade, mas poucos empres\u00e1rios est\u00e3o realmente se movimentando para isso. Relaciono alguns pontos sobre este tema que voc\u00ea deveria estar atento.<\/p>\n\n\n\n<p><strong>Regulamenta\u00e7\u00f5es de seguran\u00e7a: <\/strong>Existem v\u00e1rias regulamenta\u00e7\u00f5es de seguran\u00e7a que as empresas devem cumprir, como a LGPD, a PCI DSS, a ISO 27001, entre outras. \u00c9 importante estar ciente dessas regulamenta\u00e7\u00f5es e tomar medidas para se adequar a elas.<\/p>\n\n\n\n<p><strong>LGPD: A <\/strong>Lei Geral de Prote\u00e7\u00e3o de Dados (LGPD) entrou em vigor no Brasil em setembro de 2020 e tem gerado muita discuss\u00e3o entre empresas e organiza\u00e7\u00f5es. A LGPD regula o tratamento de dados pessoais, o que tem levado muitas empresas a adotarem medidas de seguran\u00e7a da informa\u00e7\u00e3o para se adequarem \u00e0 nova lei.<\/p>\n\n\n\n<p>Forte abra\u00e7o e at\u00e9 o pr\u00f3ximo conte\u00fado.<\/p>\n\n\n\n<p>Para mais conte\u00fado, acesse: <a href=\"https:\/\/ravel.com.br\/blog\/category\/viver-com-tecnologia\/\">Viver com Tecnologia &#8211; Blog Tecnologia &#8211; Ravel Tecnologia<\/a><\/p>\n\n\n\n<figure class=\"wp-block-image size-large\"><a href=\"https:\/\/ravel.com.br\/\" target=\"_blank\" rel=\"noreferrer noopener\"><img loading=\"lazy\" decoding=\"async\" width=\"1024\" height=\"133\" src=\"https:\/\/ravel.com.br\/blog\/wp-content\/uploads\/2021\/11\/CTA-Tecnologia-a-seu-favor-1024x133.jpg\" alt=\"\" class=\"wp-image-3527\" srcset=\"https:\/\/ravel.com.br\/blog\/wp-content\/uploads\/2021\/11\/CTA-Tecnologia-a-seu-favor-1024x133.jpg 1024w, https:\/\/ravel.com.br\/blog\/wp-content\/uploads\/2021\/11\/CTA-Tecnologia-a-seu-favor-300x39.jpg 300w, https:\/\/ravel.com.br\/blog\/wp-content\/uploads\/2021\/11\/CTA-Tecnologia-a-seu-favor-768x100.jpg 768w, https:\/\/ravel.com.br\/blog\/wp-content\/uploads\/2021\/11\/CTA-Tecnologia-a-seu-favor-1536x199.jpg 1536w, https:\/\/ravel.com.br\/blog\/wp-content\/uploads\/2021\/11\/CTA-Tecnologia-a-seu-favor-2048x266.jpg 2048w, https:\/\/ravel.com.br\/blog\/wp-content\/uploads\/2021\/11\/CTA-Tecnologia-a-seu-favor-610x79.jpg 610w, https:\/\/ravel.com.br\/blog\/wp-content\/uploads\/2021\/11\/CTA-Tecnologia-a-seu-favor-1080x140.jpg 1080w\" sizes=\"(max-width: 1024px) 100vw, 1024px\" \/><\/a><\/figure>\n","protected":false},"excerpt":{"rendered":"<p>Alguns temas sobre seguran\u00e7a da informa\u00e7\u00e3o n\u00e3o podem deixar de estar no seu radar. Eles est\u00e3o transformando tecnologia e abordagens quando a quest\u00e3o \u00e9 a nossa rela\u00e7\u00e3o com a mesma<\/p>\n","protected":false},"author":19,"featured_media":4903,"comment_status":"closed","ping_status":"open","sticky":false,"template":"","format":"standard","meta":{"_et_pb_use_builder":"","_et_pb_old_content":"","_et_gb_content_width":"","footnotes":""},"categories":[105],"tags":[],"class_list":["post-4899","post","type-post","status-publish","format-standard","has-post-thumbnail","hentry","category-viver-com-tecnologia","et-has-post-format-content","et_post_format-et-post-format-standard"],"yoast_head":"<!-- This site is optimized with the Yoast SEO plugin v24.1 - https:\/\/yoast.com\/wordpress\/plugins\/seo\/ -->\n<title>O que saber sobre Seguran\u00e7a da Informa\u00e7\u00e3o - Blog - Ravel Tec<\/title>\n<meta name=\"description\" content=\"Alguns temas sobre seguran\u00e7a da informa\u00e7\u00e3o n\u00e3o podem deixar de estar no seu radar. Eles est\u00e3o transformando tecnologia e abordagens quando a quest\u00e3o \u00e9 a nossa rela\u00e7\u00e3o com a mesma\" \/>\n<meta name=\"robots\" content=\"index, follow, max-snippet:-1, max-image-preview:large, max-video-preview:-1\" \/>\n<link rel=\"canonical\" href=\"https:\/\/ravel.com.br\/blog\/o-que-devo-saber-de-relevante-sobre-seguranca-da-informacao\/\" \/>\n<meta property=\"og:locale\" content=\"pt_BR\" \/>\n<meta property=\"og:type\" content=\"article\" \/>\n<meta property=\"og:title\" content=\"O que saber sobre Seguran\u00e7a da Informa\u00e7\u00e3o - Blog - Ravel Tec\" \/>\n<meta property=\"og:description\" content=\"Alguns temas sobre seguran\u00e7a da informa\u00e7\u00e3o n\u00e3o podem deixar de estar no seu radar. Eles est\u00e3o transformando tecnologia e abordagens quando a quest\u00e3o \u00e9 a nossa rela\u00e7\u00e3o com a mesma\" \/>\n<meta property=\"og:url\" content=\"https:\/\/ravel.com.br\/blog\/o-que-devo-saber-de-relevante-sobre-seguranca-da-informacao\/\" \/>\n<meta property=\"og:site_name\" content=\"Blog Tecnologia\" \/>\n<meta property=\"article:published_time\" content=\"2023-05-23T12:22:24+00:00\" \/>\n<meta property=\"article:modified_time\" content=\"2025-06-04T16:42:46+00:00\" \/>\n<meta property=\"og:image\" content=\"https:\/\/ravel.com.br\/blog\/wp-content\/uploads\/2023\/05\/O-que-devo-saber-sobre-seguranca-da-informacao-Capa.jpg\" \/>\n\t<meta property=\"og:image:width\" content=\"1126\" \/>\n\t<meta property=\"og:image:height\" content=\"700\" \/>\n\t<meta property=\"og:image:type\" content=\"image\/jpeg\" \/>\n<meta name=\"author\" content=\"Benicio Filho\" \/>\n<meta name=\"twitter:card\" content=\"summary_large_image\" \/>\n<meta name=\"twitter:label1\" content=\"Escrito por\" \/>\n\t<meta name=\"twitter:data1\" content=\"Benicio Filho\" \/>\n\t<meta name=\"twitter:label2\" content=\"Est. tempo de leitura\" \/>\n\t<meta name=\"twitter:data2\" content=\"6 minutos\" \/>\n<script type=\"application\/ld+json\" class=\"yoast-schema-graph\">{\"@context\":\"https:\/\/schema.org\",\"@graph\":[{\"@type\":\"WebPage\",\"@id\":\"https:\/\/ravel.com.br\/blog\/o-que-devo-saber-de-relevante-sobre-seguranca-da-informacao\/\",\"url\":\"https:\/\/ravel.com.br\/blog\/o-que-devo-saber-de-relevante-sobre-seguranca-da-informacao\/\",\"name\":\"O que saber sobre Seguran\u00e7a da Informa\u00e7\u00e3o - Blog - Ravel Tec\",\"isPartOf\":{\"@id\":\"https:\/\/ravel.com.br\/blog\/#website\"},\"primaryImageOfPage\":{\"@id\":\"https:\/\/ravel.com.br\/blog\/o-que-devo-saber-de-relevante-sobre-seguranca-da-informacao\/#primaryimage\"},\"image\":{\"@id\":\"https:\/\/ravel.com.br\/blog\/o-que-devo-saber-de-relevante-sobre-seguranca-da-informacao\/#primaryimage\"},\"thumbnailUrl\":\"https:\/\/ravel.com.br\/blog\/wp-content\/uploads\/2023\/05\/O-que-devo-saber-sobre-seguranca-da-informacao-Capa.jpg\",\"datePublished\":\"2023-05-23T12:22:24+00:00\",\"dateModified\":\"2025-06-04T16:42:46+00:00\",\"author\":{\"@id\":\"https:\/\/ravel.com.br\/blog\/#\/schema\/person\/8c1b896e660c50b7e048edbf136fd3df\"},\"description\":\"Alguns temas sobre seguran\u00e7a da informa\u00e7\u00e3o n\u00e3o podem deixar de estar no seu radar. Eles est\u00e3o transformando tecnologia e abordagens quando a quest\u00e3o \u00e9 a nossa rela\u00e7\u00e3o com a mesma\",\"breadcrumb\":{\"@id\":\"https:\/\/ravel.com.br\/blog\/o-que-devo-saber-de-relevante-sobre-seguranca-da-informacao\/#breadcrumb\"},\"inLanguage\":\"pt-BR\",\"potentialAction\":[{\"@type\":\"ReadAction\",\"target\":[\"https:\/\/ravel.com.br\/blog\/o-que-devo-saber-de-relevante-sobre-seguranca-da-informacao\/\"]}]},{\"@type\":\"ImageObject\",\"inLanguage\":\"pt-BR\",\"@id\":\"https:\/\/ravel.com.br\/blog\/o-que-devo-saber-de-relevante-sobre-seguranca-da-informacao\/#primaryimage\",\"url\":\"https:\/\/ravel.com.br\/blog\/wp-content\/uploads\/2023\/05\/O-que-devo-saber-sobre-seguranca-da-informacao-Capa.jpg\",\"contentUrl\":\"https:\/\/ravel.com.br\/blog\/wp-content\/uploads\/2023\/05\/O-que-devo-saber-sobre-seguranca-da-informacao-Capa.jpg\",\"width\":1126,\"height\":700},{\"@type\":\"BreadcrumbList\",\"@id\":\"https:\/\/ravel.com.br\/blog\/o-que-devo-saber-de-relevante-sobre-seguranca-da-informacao\/#breadcrumb\",\"itemListElement\":[{\"@type\":\"ListItem\",\"position\":1,\"name\":\"In\u00edcio\",\"item\":\"https:\/\/ravel.com.br\/blog\/\"},{\"@type\":\"ListItem\",\"position\":2,\"name\":\"O que devo saber de relevante sobre Seguran\u00e7a da Informa\u00e7\u00e3o\"}]},{\"@type\":\"WebSite\",\"@id\":\"https:\/\/ravel.com.br\/blog\/#website\",\"url\":\"https:\/\/ravel.com.br\/blog\/\",\"name\":\"Blog Tecnologia\",\"description\":\"Dicas e Artigos sobre Tecnologia\",\"potentialAction\":[{\"@type\":\"SearchAction\",\"target\":{\"@type\":\"EntryPoint\",\"urlTemplate\":\"https:\/\/ravel.com.br\/blog\/?s={search_term_string}\"},\"query-input\":{\"@type\":\"PropertyValueSpecification\",\"valueRequired\":true,\"valueName\":\"search_term_string\"}}],\"inLanguage\":\"pt-BR\"},{\"@type\":\"Person\",\"@id\":\"https:\/\/ravel.com.br\/blog\/#\/schema\/person\/8c1b896e660c50b7e048edbf136fd3df\",\"name\":\"Benicio Filho\",\"image\":{\"@type\":\"ImageObject\",\"inLanguage\":\"pt-BR\",\"@id\":\"https:\/\/ravel.com.br\/blog\/#\/schema\/person\/image\/\",\"url\":\"https:\/\/secure.gravatar.com\/avatar\/90039d3db9064a83ee426386617b9797?s=96&d=mm&r=g\",\"contentUrl\":\"https:\/\/secure.gravatar.com\/avatar\/90039d3db9064a83ee426386617b9797?s=96&d=mm&r=g\",\"caption\":\"Benicio Filho\"},\"description\":\"Formado em eletr\u00f4nica, graduado em Teologia pela PUC SP, e Filosofia pela universidade Dom Bosco, Mestre pela Universidade Metodista de S\u00e3o Paulo na \u00e1rea de Educa\u00e7\u00e3o, MBA pela FGV em Gest\u00e3o Estrat\u00e9gica e Econ\u00f4mica de Neg\u00f3cios, p\u00f3s-graduado em Psican\u00e1lise pelo Instituto Kadmon de Psican\u00e1lise. Atua no mercado de tecnologia desde 1998. Fundador do Grupo Ravel de Tecnologia, S\u00f3cio da Core Angels Atlantic (Fundo de Investimento Internacional para Startups), s\u00f3cio fundador da Ag\u00eancia Incandescente, e s\u00f3cio fundador da Atlantic Hub e do Conex\u00e3o Europa Im\u00f3veis ambos em Portugal, atua como empres\u00e1rio, escritor e pesquisador das \u00e1reas de empreendedorismo, mentoring, lideran\u00e7a, inova\u00e7\u00e3o e internacionaliza\u00e7\u00e3o. Em dezembro de 2019, lan\u00e7ou o seu primeiro livro \u201cVidas Ressignificadas\\\", em dezembro de 2020 seu segundo \u201cDo Caos ao Recome\u00e7o\u201d, e em janeiro de 2022 o \u00faltimo publicado \u201cMetamorfose Empreendedora\u201d.\",\"url\":\"https:\/\/ravel.com.br\/blog\/author\/benicio-filho\/\"}]}<\/script>\n<!-- \/ Yoast SEO plugin. -->","yoast_head_json":{"title":"O que saber sobre Seguran\u00e7a da Informa\u00e7\u00e3o - Blog - Ravel Tec","description":"Alguns temas sobre seguran\u00e7a da informa\u00e7\u00e3o n\u00e3o podem deixar de estar no seu radar. Eles est\u00e3o transformando tecnologia e abordagens quando a quest\u00e3o \u00e9 a nossa rela\u00e7\u00e3o com a mesma","robots":{"index":"index","follow":"follow","max-snippet":"max-snippet:-1","max-image-preview":"max-image-preview:large","max-video-preview":"max-video-preview:-1"},"canonical":"https:\/\/ravel.com.br\/blog\/o-que-devo-saber-de-relevante-sobre-seguranca-da-informacao\/","og_locale":"pt_BR","og_type":"article","og_title":"O que saber sobre Seguran\u00e7a da Informa\u00e7\u00e3o - Blog - Ravel Tec","og_description":"Alguns temas sobre seguran\u00e7a da informa\u00e7\u00e3o n\u00e3o podem deixar de estar no seu radar. Eles est\u00e3o transformando tecnologia e abordagens quando a quest\u00e3o \u00e9 a nossa rela\u00e7\u00e3o com a mesma","og_url":"https:\/\/ravel.com.br\/blog\/o-que-devo-saber-de-relevante-sobre-seguranca-da-informacao\/","og_site_name":"Blog Tecnologia","article_published_time":"2023-05-23T12:22:24+00:00","article_modified_time":"2025-06-04T16:42:46+00:00","og_image":[{"width":1126,"height":700,"url":"https:\/\/ravel.com.br\/blog\/wp-content\/uploads\/2023\/05\/O-que-devo-saber-sobre-seguranca-da-informacao-Capa.jpg","type":"image\/jpeg"}],"author":"Benicio Filho","twitter_card":"summary_large_image","twitter_misc":{"Escrito por":"Benicio Filho","Est. tempo de leitura":"6 minutos"},"schema":{"@context":"https:\/\/schema.org","@graph":[{"@type":"WebPage","@id":"https:\/\/ravel.com.br\/blog\/o-que-devo-saber-de-relevante-sobre-seguranca-da-informacao\/","url":"https:\/\/ravel.com.br\/blog\/o-que-devo-saber-de-relevante-sobre-seguranca-da-informacao\/","name":"O que saber sobre Seguran\u00e7a da Informa\u00e7\u00e3o - Blog - Ravel Tec","isPartOf":{"@id":"https:\/\/ravel.com.br\/blog\/#website"},"primaryImageOfPage":{"@id":"https:\/\/ravel.com.br\/blog\/o-que-devo-saber-de-relevante-sobre-seguranca-da-informacao\/#primaryimage"},"image":{"@id":"https:\/\/ravel.com.br\/blog\/o-que-devo-saber-de-relevante-sobre-seguranca-da-informacao\/#primaryimage"},"thumbnailUrl":"https:\/\/ravel.com.br\/blog\/wp-content\/uploads\/2023\/05\/O-que-devo-saber-sobre-seguranca-da-informacao-Capa.jpg","datePublished":"2023-05-23T12:22:24+00:00","dateModified":"2025-06-04T16:42:46+00:00","author":{"@id":"https:\/\/ravel.com.br\/blog\/#\/schema\/person\/8c1b896e660c50b7e048edbf136fd3df"},"description":"Alguns temas sobre seguran\u00e7a da informa\u00e7\u00e3o n\u00e3o podem deixar de estar no seu radar. Eles est\u00e3o transformando tecnologia e abordagens quando a quest\u00e3o \u00e9 a nossa rela\u00e7\u00e3o com a mesma","breadcrumb":{"@id":"https:\/\/ravel.com.br\/blog\/o-que-devo-saber-de-relevante-sobre-seguranca-da-informacao\/#breadcrumb"},"inLanguage":"pt-BR","potentialAction":[{"@type":"ReadAction","target":["https:\/\/ravel.com.br\/blog\/o-que-devo-saber-de-relevante-sobre-seguranca-da-informacao\/"]}]},{"@type":"ImageObject","inLanguage":"pt-BR","@id":"https:\/\/ravel.com.br\/blog\/o-que-devo-saber-de-relevante-sobre-seguranca-da-informacao\/#primaryimage","url":"https:\/\/ravel.com.br\/blog\/wp-content\/uploads\/2023\/05\/O-que-devo-saber-sobre-seguranca-da-informacao-Capa.jpg","contentUrl":"https:\/\/ravel.com.br\/blog\/wp-content\/uploads\/2023\/05\/O-que-devo-saber-sobre-seguranca-da-informacao-Capa.jpg","width":1126,"height":700},{"@type":"BreadcrumbList","@id":"https:\/\/ravel.com.br\/blog\/o-que-devo-saber-de-relevante-sobre-seguranca-da-informacao\/#breadcrumb","itemListElement":[{"@type":"ListItem","position":1,"name":"In\u00edcio","item":"https:\/\/ravel.com.br\/blog\/"},{"@type":"ListItem","position":2,"name":"O que devo saber de relevante sobre Seguran\u00e7a da Informa\u00e7\u00e3o"}]},{"@type":"WebSite","@id":"https:\/\/ravel.com.br\/blog\/#website","url":"https:\/\/ravel.com.br\/blog\/","name":"Blog Tecnologia","description":"Dicas e Artigos sobre Tecnologia","potentialAction":[{"@type":"SearchAction","target":{"@type":"EntryPoint","urlTemplate":"https:\/\/ravel.com.br\/blog\/?s={search_term_string}"},"query-input":{"@type":"PropertyValueSpecification","valueRequired":true,"valueName":"search_term_string"}}],"inLanguage":"pt-BR"},{"@type":"Person","@id":"https:\/\/ravel.com.br\/blog\/#\/schema\/person\/8c1b896e660c50b7e048edbf136fd3df","name":"Benicio Filho","image":{"@type":"ImageObject","inLanguage":"pt-BR","@id":"https:\/\/ravel.com.br\/blog\/#\/schema\/person\/image\/","url":"https:\/\/secure.gravatar.com\/avatar\/90039d3db9064a83ee426386617b9797?s=96&d=mm&r=g","contentUrl":"https:\/\/secure.gravatar.com\/avatar\/90039d3db9064a83ee426386617b9797?s=96&d=mm&r=g","caption":"Benicio Filho"},"description":"Formado em eletr\u00f4nica, graduado em Teologia pela PUC SP, e Filosofia pela universidade Dom Bosco, Mestre pela Universidade Metodista de S\u00e3o Paulo na \u00e1rea de Educa\u00e7\u00e3o, MBA pela FGV em Gest\u00e3o Estrat\u00e9gica e Econ\u00f4mica de Neg\u00f3cios, p\u00f3s-graduado em Psican\u00e1lise pelo Instituto Kadmon de Psican\u00e1lise. Atua no mercado de tecnologia desde 1998. Fundador do Grupo Ravel de Tecnologia, S\u00f3cio da Core Angels Atlantic (Fundo de Investimento Internacional para Startups), s\u00f3cio fundador da Ag\u00eancia Incandescente, e s\u00f3cio fundador da Atlantic Hub e do Conex\u00e3o Europa Im\u00f3veis ambos em Portugal, atua como empres\u00e1rio, escritor e pesquisador das \u00e1reas de empreendedorismo, mentoring, lideran\u00e7a, inova\u00e7\u00e3o e internacionaliza\u00e7\u00e3o. Em dezembro de 2019, lan\u00e7ou o seu primeiro livro \u201cVidas Ressignificadas\", em dezembro de 2020 seu segundo \u201cDo Caos ao Recome\u00e7o\u201d, e em janeiro de 2022 o \u00faltimo publicado \u201cMetamorfose Empreendedora\u201d.","url":"https:\/\/ravel.com.br\/blog\/author\/benicio-filho\/"}]}},"_links":{"self":[{"href":"https:\/\/ravel.com.br\/blog\/wp-json\/wp\/v2\/posts\/4899","targetHints":{"allow":["GET"]}}],"collection":[{"href":"https:\/\/ravel.com.br\/blog\/wp-json\/wp\/v2\/posts"}],"about":[{"href":"https:\/\/ravel.com.br\/blog\/wp-json\/wp\/v2\/types\/post"}],"author":[{"embeddable":true,"href":"https:\/\/ravel.com.br\/blog\/wp-json\/wp\/v2\/users\/19"}],"replies":[{"embeddable":true,"href":"https:\/\/ravel.com.br\/blog\/wp-json\/wp\/v2\/comments?post=4899"}],"version-history":[{"count":3,"href":"https:\/\/ravel.com.br\/blog\/wp-json\/wp\/v2\/posts\/4899\/revisions"}],"predecessor-version":[{"id":4905,"href":"https:\/\/ravel.com.br\/blog\/wp-json\/wp\/v2\/posts\/4899\/revisions\/4905"}],"wp:featuredmedia":[{"embeddable":true,"href":"https:\/\/ravel.com.br\/blog\/wp-json\/wp\/v2\/media\/4903"}],"wp:attachment":[{"href":"https:\/\/ravel.com.br\/blog\/wp-json\/wp\/v2\/media?parent=4899"}],"wp:term":[{"taxonomy":"category","embeddable":true,"href":"https:\/\/ravel.com.br\/blog\/wp-json\/wp\/v2\/categories?post=4899"},{"taxonomy":"post_tag","embeddable":true,"href":"https:\/\/ravel.com.br\/blog\/wp-json\/wp\/v2\/tags?post=4899"}],"curies":[{"name":"wp","href":"https:\/\/api.w.org\/{rel}","templated":true}]}}