{"id":4906,"date":"2023-05-24T10:09:39","date_gmt":"2023-05-24T13:09:39","guid":{"rendered":"https:\/\/ravel.com.br\/blog\/?p=4906"},"modified":"2025-06-16T11:37:36","modified_gmt":"2025-06-16T14:37:36","slug":"como-corrigir-o-erro-ao-migrar-o-banco-no-gia","status":"publish","type":"post","link":"https:\/\/ravel.com.br\/blog\/como-corrigir-o-erro-ao-migrar-o-banco-no-gia\/","title":{"rendered":"Como corrigir o &#8220;Erro ao migrar o banco&#8221; no GIA"},"content":{"rendered":"\n<p>veja neste v\u00eddeo um passo a passo para corrigir a mensagem de erro no GIA: Erro ao migrar o banco.<\/p>\n\n\n\n<figure class=\"wp-block-embed is-type-video is-provider-youtube wp-block-embed-youtube wp-embed-aspect-4-3 wp-has-aspect-ratio\"><div class=\"wp-block-embed__wrapper\">\n<iframe loading=\"lazy\" title=\"Como corrigir o erro no GIA - &quot;Erro ao migrar o banco&quot;\" width=\"1080\" height=\"810\" src=\"https:\/\/www.youtube.com\/embed\/3V6f67bBEk8?feature=oembed\" frameborder=\"0\" allow=\"accelerometer; autoplay; clipboard-write; encrypted-media; gyroscope; picture-in-picture; web-share\" allowfullscreen><\/iframe>\n<\/div><\/figure>\n\n\n\n<p>Link do download necess\u00e1rio para a corre\u00e7\u00e3o: <a href=\"https:\/\/www.microsoft.com\/pt-br\/download\/details.aspx?id=30709\" target=\"_blank\" rel=\"noreferrer noopener\">https:\/\/www.microsoft.com\/pt-br\/download\/details.aspx?id=30709<\/a><\/p>\n\n\n\n<figure class=\"wp-block-image aligncenter size-large is-resized\"><img loading=\"lazy\" decoding=\"async\" width=\"1024\" height=\"511\" src=\"https:\/\/ravel.com.br\/blog\/wp-content\/uploads\/2023\/04\/GIA-Capa-1024x511.jpg\" alt=\"erro ao migrar o banco GIA\" class=\"wp-image-4875\" style=\"width:205px;height:103px\" srcset=\"https:\/\/ravel.com.br\/blog\/wp-content\/uploads\/2023\/04\/GIA-Capa-1024x511.jpg 1024w, https:\/\/ravel.com.br\/blog\/wp-content\/uploads\/2023\/04\/GIA-Capa-300x150.jpg 300w, https:\/\/ravel.com.br\/blog\/wp-content\/uploads\/2023\/04\/GIA-Capa-768x383.jpg 768w, https:\/\/ravel.com.br\/blog\/wp-content\/uploads\/2023\/04\/GIA-Capa-1536x766.jpg 1536w, https:\/\/ravel.com.br\/blog\/wp-content\/uploads\/2023\/04\/GIA-Capa-610x304.jpg 610w, https:\/\/ravel.com.br\/blog\/wp-content\/uploads\/2023\/04\/GIA-Capa-1080x539.jpg 1080w, https:\/\/ravel.com.br\/blog\/wp-content\/uploads\/2023\/04\/GIA-Capa-1280x640.jpg 1280w, https:\/\/ravel.com.br\/blog\/wp-content\/uploads\/2023\/04\/GIA-Capa.jpg 1823w\" sizes=\"(max-width: 1024px) 100vw, 1024px\" \/><\/figure>\n\n\n\n<p>Para mais dicas, acesse: <a href=\"https:\/\/ravel.com.br\/blog\/category\/dicas\/\">Dicas e boas pr\u00e1ticas &#8211; Blog Tecnologia &#8211; Ravel<\/a><\/p>\n\n\n\n<p><\/p>\n\n\n\n<p>Buscamos fazer com que a Tecnologia seja direcionada para Produtividade e Seguran\u00e7a das Empresas. Fazemos isso atrav\u00e9s de Solu\u00e7\u00f5es em Nuvem, Servi\u00e7os de Seguran\u00e7a e Suporte Inteligente.<\/p>\n\n\n\n<p>Somos uma empresa de TI com mais de 26 anos de experi\u00eancia e uma equipe de mais de 50 especialistas, somos o parceiro estrat\u00e9gico do seu neg\u00f3cio, da sua lideran\u00e7a, da sua TI.<\/p>\n\n\n\n<p>Consultoria de TI | Servi\u00e7os de Seguran\u00e7a | Solu\u00e7\u00f5es em Nuvem | Suporte T\u00e9cnico Inteligente | Gest\u00e3o de TI | Servi\u00e7os Gerenciados de TI (MSPs)<\/p>\n\n\n\n<figure class=\"wp-block-image size-large\"><a href=\"https:\/\/ravel.com.br\/gestao-suporte-tecnico-de-ti\" target=\"_blank\" rel=\"noreferrer noopener\"><img loading=\"lazy\" decoding=\"async\" width=\"1024\" height=\"133\" src=\"https:\/\/ravel.com.br\/blog\/wp-content\/uploads\/2023\/03\/CTA-Suporte-de-TI-para-empresas-1024x133.jpg\" alt=\"\" class=\"wp-image-4734\" srcset=\"https:\/\/ravel.com.br\/blog\/wp-content\/uploads\/2023\/03\/CTA-Suporte-de-TI-para-empresas-1024x133.jpg 1024w, https:\/\/ravel.com.br\/blog\/wp-content\/uploads\/2023\/03\/CTA-Suporte-de-TI-para-empresas-300x39.jpg 300w, https:\/\/ravel.com.br\/blog\/wp-content\/uploads\/2023\/03\/CTA-Suporte-de-TI-para-empresas-768x100.jpg 768w, https:\/\/ravel.com.br\/blog\/wp-content\/uploads\/2023\/03\/CTA-Suporte-de-TI-para-empresas-1536x199.jpg 1536w, https:\/\/ravel.com.br\/blog\/wp-content\/uploads\/2023\/03\/CTA-Suporte-de-TI-para-empresas-2048x266.jpg 2048w, https:\/\/ravel.com.br\/blog\/wp-content\/uploads\/2023\/03\/CTA-Suporte-de-TI-para-empresas-610x79.jpg 610w, https:\/\/ravel.com.br\/blog\/wp-content\/uploads\/2023\/03\/CTA-Suporte-de-TI-para-empresas-1080x140.jpg 1080w\" sizes=\"(max-width: 1024px) 100vw, 1024px\" \/><\/a><\/figure>\n\n\n\n<p>Buscamos fazer com que a Tecnologia seja direcionada para Produtividade e Seguran\u00e7a das Empresas. Fazemos isso atrav\u00e9s de Solu\u00e7\u00f5es em Nuvem, Servi\u00e7os de Seguran\u00e7a e Suporte Inteligente.<\/p>\n\n\n\n<p>Somos uma empresa de TI com mais de 26 anos de experi\u00eancia e uma equipe de mais de 50 especialistas, somos o parceiro estrat\u00e9gico do seu neg\u00f3cio, da sua lideran\u00e7a, da sua TI.<\/p>\n\n\n\n<p>Consultoria de TI | Servi\u00e7os de Seguran\u00e7a | Solu\u00e7\u00f5es em Nuvem | Suporte T\u00e9cnico Inteligente | Gest\u00e3o de TI | Servi\u00e7os Gerenciados de TI (MSPs)<\/p>\n","protected":false},"excerpt":{"rendered":"<p>Veja um passo a passo para corrigir a mensagem de erro no GIA: Erro ao migrar o banco &#8211; que aparece ao abrir o programa<\/p>\n","protected":false},"author":30,"featured_media":4907,"comment_status":"closed","ping_status":"open","sticky":false,"template":"","format":"standard","meta":{"_et_pb_use_builder":"","_et_pb_old_content":"","_et_gb_content_width":"","footnotes":""},"categories":[67],"tags":[],"class_list":["post-4906","post","type-post","status-publish","format-standard","has-post-thumbnail","hentry","category-espaco-tecnico","et-has-post-format-content","et_post_format-et-post-format-standard"],"yoast_head":"<!-- This site is optimized with the Yoast SEO plugin v24.1 - https:\/\/yoast.com\/wordpress\/plugins\/seo\/ -->\n<title>Como corrigir o &quot;Erro ao migrar o banco&quot; no GIA - Blog - Ravel<\/title>\n<meta name=\"description\" content=\"Veja um passo a passo para corrigir a mensagem de erro no GIA: Erro ao migrar o banco - que aparece ao abrir o programa\" \/>\n<meta name=\"robots\" content=\"index, follow, max-snippet:-1, max-image-preview:large, max-video-preview:-1\" \/>\n<link rel=\"canonical\" href=\"https:\/\/ravel.com.br\/blog\/como-corrigir-o-erro-ao-migrar-o-banco-no-gia\/\" \/>\n<meta property=\"og:locale\" content=\"pt_BR\" \/>\n<meta property=\"og:type\" content=\"article\" \/>\n<meta property=\"og:title\" content=\"Como corrigir o &quot;Erro ao migrar o banco&quot; no GIA - Blog - Ravel\" \/>\n<meta property=\"og:description\" content=\"Veja um passo a passo para corrigir a mensagem de erro no GIA: Erro ao migrar o banco - que aparece ao abrir o programa\" \/>\n<meta property=\"og:url\" content=\"https:\/\/ravel.com.br\/blog\/como-corrigir-o-erro-ao-migrar-o-banco-no-gia\/\" \/>\n<meta property=\"og:site_name\" content=\"Blog Tecnologia\" \/>\n<meta property=\"article:published_time\" content=\"2023-05-24T13:09:39+00:00\" \/>\n<meta property=\"article:modified_time\" content=\"2025-06-16T14:37:36+00:00\" \/>\n<meta property=\"og:image\" content=\"https:\/\/ravel.com.br\/blog\/wp-content\/uploads\/2023\/05\/Erro-Gia-Nao-foi-possivel-migrar-o-banco-Capa.jpg\" \/>\n\t<meta property=\"og:image:width\" content=\"787\" \/>\n\t<meta property=\"og:image:height\" content=\"442\" \/>\n\t<meta property=\"og:image:type\" content=\"image\/jpeg\" \/>\n<meta name=\"author\" content=\"Vinicius Garcia\" \/>\n<meta name=\"twitter:card\" content=\"summary_large_image\" \/>\n<meta name=\"twitter:label1\" content=\"Escrito por\" \/>\n\t<meta name=\"twitter:data1\" content=\"Vinicius Garcia\" \/>\n\t<meta name=\"twitter:label2\" content=\"Est. tempo de leitura\" \/>\n\t<meta name=\"twitter:data2\" content=\"2 minutos\" \/>\n<script type=\"application\/ld+json\" class=\"yoast-schema-graph\">{\"@context\":\"https:\/\/schema.org\",\"@graph\":[{\"@type\":\"WebPage\",\"@id\":\"https:\/\/ravel.com.br\/blog\/como-corrigir-o-erro-ao-migrar-o-banco-no-gia\/\",\"url\":\"https:\/\/ravel.com.br\/blog\/como-corrigir-o-erro-ao-migrar-o-banco-no-gia\/\",\"name\":\"Como corrigir o \\\"Erro ao migrar o banco\\\" no GIA - Blog - Ravel\",\"isPartOf\":{\"@id\":\"https:\/\/ravel.com.br\/blog\/#website\"},\"primaryImageOfPage\":{\"@id\":\"https:\/\/ravel.com.br\/blog\/como-corrigir-o-erro-ao-migrar-o-banco-no-gia\/#primaryimage\"},\"image\":{\"@id\":\"https:\/\/ravel.com.br\/blog\/como-corrigir-o-erro-ao-migrar-o-banco-no-gia\/#primaryimage\"},\"thumbnailUrl\":\"https:\/\/ravel.com.br\/blog\/wp-content\/uploads\/2023\/05\/Erro-Gia-Nao-foi-possivel-migrar-o-banco-Capa.jpg\",\"datePublished\":\"2023-05-24T13:09:39+00:00\",\"dateModified\":\"2025-06-16T14:37:36+00:00\",\"author\":{\"@id\":\"https:\/\/ravel.com.br\/blog\/#\/schema\/person\/3ee6c10fe77178b8d29963ee0ceb1d5c\"},\"description\":\"Veja um passo a passo para corrigir a mensagem de erro no GIA: Erro ao migrar o banco - que aparece ao abrir o programa\",\"breadcrumb\":{\"@id\":\"https:\/\/ravel.com.br\/blog\/como-corrigir-o-erro-ao-migrar-o-banco-no-gia\/#breadcrumb\"},\"inLanguage\":\"pt-BR\",\"potentialAction\":[{\"@type\":\"ReadAction\",\"target\":[\"https:\/\/ravel.com.br\/blog\/como-corrigir-o-erro-ao-migrar-o-banco-no-gia\/\"]}]},{\"@type\":\"ImageObject\",\"inLanguage\":\"pt-BR\",\"@id\":\"https:\/\/ravel.com.br\/blog\/como-corrigir-o-erro-ao-migrar-o-banco-no-gia\/#primaryimage\",\"url\":\"https:\/\/ravel.com.br\/blog\/wp-content\/uploads\/2023\/05\/Erro-Gia-Nao-foi-possivel-migrar-o-banco-Capa.jpg\",\"contentUrl\":\"https:\/\/ravel.com.br\/blog\/wp-content\/uploads\/2023\/05\/Erro-Gia-Nao-foi-possivel-migrar-o-banco-Capa.jpg\",\"width\":787,\"height\":442},{\"@type\":\"BreadcrumbList\",\"@id\":\"https:\/\/ravel.com.br\/blog\/como-corrigir-o-erro-ao-migrar-o-banco-no-gia\/#breadcrumb\",\"itemListElement\":[{\"@type\":\"ListItem\",\"position\":1,\"name\":\"In\u00edcio\",\"item\":\"https:\/\/ravel.com.br\/blog\/\"},{\"@type\":\"ListItem\",\"position\":2,\"name\":\"Como corrigir o &#8220;Erro ao migrar o banco&#8221; no GIA\"}]},{\"@type\":\"WebSite\",\"@id\":\"https:\/\/ravel.com.br\/blog\/#website\",\"url\":\"https:\/\/ravel.com.br\/blog\/\",\"name\":\"Blog Tecnologia\",\"description\":\"Dicas e Artigos sobre Tecnologia\",\"potentialAction\":[{\"@type\":\"SearchAction\",\"target\":{\"@type\":\"EntryPoint\",\"urlTemplate\":\"https:\/\/ravel.com.br\/blog\/?s={search_term_string}\"},\"query-input\":{\"@type\":\"PropertyValueSpecification\",\"valueRequired\":true,\"valueName\":\"search_term_string\"}}],\"inLanguage\":\"pt-BR\"},{\"@type\":\"Person\",\"@id\":\"https:\/\/ravel.com.br\/blog\/#\/schema\/person\/3ee6c10fe77178b8d29963ee0ceb1d5c\",\"name\":\"Vinicius Garcia\",\"image\":{\"@type\":\"ImageObject\",\"inLanguage\":\"pt-BR\",\"@id\":\"https:\/\/ravel.com.br\/blog\/#\/schema\/person\/image\/\",\"url\":\"https:\/\/secure.gravatar.com\/avatar\/0e9d878148d8b624205542b0438acc56?s=96&d=mm&r=g\",\"contentUrl\":\"https:\/\/secure.gravatar.com\/avatar\/0e9d878148d8b624205542b0438acc56?s=96&d=mm&r=g\",\"caption\":\"Vinicius Garcia\"},\"description\":\"Cursando Redes de Computadores. Buscando sempre estar atualizado, para proporcionar a melhor experi\u00eancia para o cliente. Adora ensinar, ouvir um bom rock e tomar uma boa cerveja.\",\"url\":\"https:\/\/ravel.com.br\/blog\/author\/vinicius-garcia\/\"}]}<\/script>\n<!-- \/ Yoast SEO plugin. -->","yoast_head_json":{"title":"Como corrigir o \"Erro ao migrar o banco\" no GIA - Blog - Ravel","description":"Veja um passo a passo para corrigir a mensagem de erro no GIA: Erro ao migrar o banco - que aparece ao abrir o programa","robots":{"index":"index","follow":"follow","max-snippet":"max-snippet:-1","max-image-preview":"max-image-preview:large","max-video-preview":"max-video-preview:-1"},"canonical":"https:\/\/ravel.com.br\/blog\/como-corrigir-o-erro-ao-migrar-o-banco-no-gia\/","og_locale":"pt_BR","og_type":"article","og_title":"Como corrigir o \"Erro ao migrar o banco\" no GIA - Blog - Ravel","og_description":"Veja um passo a passo para corrigir a mensagem de erro no GIA: Erro ao migrar o banco - que aparece ao abrir o programa","og_url":"https:\/\/ravel.com.br\/blog\/como-corrigir-o-erro-ao-migrar-o-banco-no-gia\/","og_site_name":"Blog Tecnologia","article_published_time":"2023-05-24T13:09:39+00:00","article_modified_time":"2025-06-16T14:37:36+00:00","og_image":[{"width":787,"height":442,"url":"https:\/\/ravel.com.br\/blog\/wp-content\/uploads\/2023\/05\/Erro-Gia-Nao-foi-possivel-migrar-o-banco-Capa.jpg","type":"image\/jpeg"}],"author":"Vinicius Garcia","twitter_card":"summary_large_image","twitter_misc":{"Escrito por":"Vinicius Garcia","Est. tempo de leitura":"2 minutos"},"schema":{"@context":"https:\/\/schema.org","@graph":[{"@type":"WebPage","@id":"https:\/\/ravel.com.br\/blog\/como-corrigir-o-erro-ao-migrar-o-banco-no-gia\/","url":"https:\/\/ravel.com.br\/blog\/como-corrigir-o-erro-ao-migrar-o-banco-no-gia\/","name":"Como corrigir o \"Erro ao migrar o banco\" no GIA - Blog - Ravel","isPartOf":{"@id":"https:\/\/ravel.com.br\/blog\/#website"},"primaryImageOfPage":{"@id":"https:\/\/ravel.com.br\/blog\/como-corrigir-o-erro-ao-migrar-o-banco-no-gia\/#primaryimage"},"image":{"@id":"https:\/\/ravel.com.br\/blog\/como-corrigir-o-erro-ao-migrar-o-banco-no-gia\/#primaryimage"},"thumbnailUrl":"https:\/\/ravel.com.br\/blog\/wp-content\/uploads\/2023\/05\/Erro-Gia-Nao-foi-possivel-migrar-o-banco-Capa.jpg","datePublished":"2023-05-24T13:09:39+00:00","dateModified":"2025-06-16T14:37:36+00:00","author":{"@id":"https:\/\/ravel.com.br\/blog\/#\/schema\/person\/3ee6c10fe77178b8d29963ee0ceb1d5c"},"description":"Veja um passo a passo para corrigir a mensagem de erro no GIA: Erro ao migrar o banco - que aparece ao abrir o programa","breadcrumb":{"@id":"https:\/\/ravel.com.br\/blog\/como-corrigir-o-erro-ao-migrar-o-banco-no-gia\/#breadcrumb"},"inLanguage":"pt-BR","potentialAction":[{"@type":"ReadAction","target":["https:\/\/ravel.com.br\/blog\/como-corrigir-o-erro-ao-migrar-o-banco-no-gia\/"]}]},{"@type":"ImageObject","inLanguage":"pt-BR","@id":"https:\/\/ravel.com.br\/blog\/como-corrigir-o-erro-ao-migrar-o-banco-no-gia\/#primaryimage","url":"https:\/\/ravel.com.br\/blog\/wp-content\/uploads\/2023\/05\/Erro-Gia-Nao-foi-possivel-migrar-o-banco-Capa.jpg","contentUrl":"https:\/\/ravel.com.br\/blog\/wp-content\/uploads\/2023\/05\/Erro-Gia-Nao-foi-possivel-migrar-o-banco-Capa.jpg","width":787,"height":442},{"@type":"BreadcrumbList","@id":"https:\/\/ravel.com.br\/blog\/como-corrigir-o-erro-ao-migrar-o-banco-no-gia\/#breadcrumb","itemListElement":[{"@type":"ListItem","position":1,"name":"In\u00edcio","item":"https:\/\/ravel.com.br\/blog\/"},{"@type":"ListItem","position":2,"name":"Como corrigir o &#8220;Erro ao migrar o banco&#8221; no GIA"}]},{"@type":"WebSite","@id":"https:\/\/ravel.com.br\/blog\/#website","url":"https:\/\/ravel.com.br\/blog\/","name":"Blog Tecnologia","description":"Dicas e Artigos sobre Tecnologia","potentialAction":[{"@type":"SearchAction","target":{"@type":"EntryPoint","urlTemplate":"https:\/\/ravel.com.br\/blog\/?s={search_term_string}"},"query-input":{"@type":"PropertyValueSpecification","valueRequired":true,"valueName":"search_term_string"}}],"inLanguage":"pt-BR"},{"@type":"Person","@id":"https:\/\/ravel.com.br\/blog\/#\/schema\/person\/3ee6c10fe77178b8d29963ee0ceb1d5c","name":"Vinicius Garcia","image":{"@type":"ImageObject","inLanguage":"pt-BR","@id":"https:\/\/ravel.com.br\/blog\/#\/schema\/person\/image\/","url":"https:\/\/secure.gravatar.com\/avatar\/0e9d878148d8b624205542b0438acc56?s=96&d=mm&r=g","contentUrl":"https:\/\/secure.gravatar.com\/avatar\/0e9d878148d8b624205542b0438acc56?s=96&d=mm&r=g","caption":"Vinicius Garcia"},"description":"Cursando Redes de Computadores. Buscando sempre estar atualizado, para proporcionar a melhor experi\u00eancia para o cliente. Adora ensinar, ouvir um bom rock e tomar uma boa cerveja.","url":"https:\/\/ravel.com.br\/blog\/author\/vinicius-garcia\/"}]}},"_links":{"self":[{"href":"https:\/\/ravel.com.br\/blog\/wp-json\/wp\/v2\/posts\/4906","targetHints":{"allow":["GET"]}}],"collection":[{"href":"https:\/\/ravel.com.br\/blog\/wp-json\/wp\/v2\/posts"}],"about":[{"href":"https:\/\/ravel.com.br\/blog\/wp-json\/wp\/v2\/types\/post"}],"author":[{"embeddable":true,"href":"https:\/\/ravel.com.br\/blog\/wp-json\/wp\/v2\/users\/30"}],"replies":[{"embeddable":true,"href":"https:\/\/ravel.com.br\/blog\/wp-json\/wp\/v2\/comments?post=4906"}],"version-history":[{"count":3,"href":"https:\/\/ravel.com.br\/blog\/wp-json\/wp\/v2\/posts\/4906\/revisions"}],"predecessor-version":[{"id":6278,"href":"https:\/\/ravel.com.br\/blog\/wp-json\/wp\/v2\/posts\/4906\/revisions\/6278"}],"wp:featuredmedia":[{"embeddable":true,"href":"https:\/\/ravel.com.br\/blog\/wp-json\/wp\/v2\/media\/4907"}],"wp:attachment":[{"href":"https:\/\/ravel.com.br\/blog\/wp-json\/wp\/v2\/media?parent=4906"}],"wp:term":[{"taxonomy":"category","embeddable":true,"href":"https:\/\/ravel.com.br\/blog\/wp-json\/wp\/v2\/categories?post=4906"},{"taxonomy":"post_tag","embeddable":true,"href":"https:\/\/ravel.com.br\/blog\/wp-json\/wp\/v2\/tags?post=4906"}],"curies":[{"name":"wp","href":"https:\/\/api.w.org\/{rel}","templated":true}]}}