{"id":4916,"date":"2023-05-26T09:00:51","date_gmt":"2023-05-26T12:00:51","guid":{"rendered":"https:\/\/ravel.com.br\/blog\/?p=4916"},"modified":"2024-01-03T17:46:47","modified_gmt":"2024-01-03T20:46:47","slug":"a-importancia-do-monitoramento-de-ti","status":"publish","type":"post","link":"https:\/\/ravel.com.br\/blog\/a-importancia-do-monitoramento-de-ti\/","title":{"rendered":"A import\u00e2ncia do monitoramento de TI"},"content":{"rendered":"\n<p>Atualmente, a tecnologia \u00e9 um pilar fundamental para o sucesso das empresas, e isso exige que haja uma grande camada de infraestrutura de TI para dar suporte \u00e0 organiza\u00e7\u00e3o. Por isso, realizar o monitoramento de TI de forma proativa \u00e9 um passo essencial para garantir que os processos e sistemas estejam sempre dispon\u00edveis.<\/p>\n\n\n\n<p>O monitoramento \u00e9 a melhor op\u00e7\u00e3o para as empresas, pois antecipa poss\u00edveis problemas e toma medidas preventivas. Com uma equipe de NOC interna ou terceirizada, \u00e9 poss\u00edvel monitorar servidores, roteadores, firewall, backups, computadores, entre outros dispositivos, constantemente, o que traz maior seguran\u00e7a e tranquilidade para a empresa, sabendo que seus servi\u00e7os continuar\u00e3o funcionando e, caso ocorra algum problema, ser\u00e1 solucionado rapidamente.<\/p>\n\n\n\n<p>Al\u00e9m disso, a preven\u00e7\u00e3o \u00e9 o melhor rem\u00e9dio, e ter controle sobre a sa\u00fade da infraestrutura de TI assegura o bom funcionamento desta, garantindo a alta disponibilidade dos sistemas e aplica\u00e7\u00f5es. Isso traz economia de tempo e redu\u00e7\u00e3o de custos, al\u00e9m de permitir que a equipe possa focar em outras atividades mais alinhadas com o core business da empresa.<\/p>\n\n\n\n<h2 class=\"wp-block-heading\"><strong>Quais s\u00e3o os benef\u00edcios do monitoramento de TI?<\/strong><\/h2>\n\n\n\n<p>Controle: atrav\u00e9s do monitoramento, \u00e9 poss\u00edvel ter controle sobre toda a infraestrutura do neg\u00f3cio, garantindo a disponibilidade de sistemas e aplica\u00e7\u00f5es.<\/p>\n\n\n\n<p>Redu\u00e7\u00e3o de custos: a terceiriza\u00e7\u00e3o deste servi\u00e7o gera redu\u00e7\u00e3o de custos para a empresa, j\u00e1 que ela n\u00e3o precisa se preocupar com ferramentas, m\u00e1quinas ou formar equipes internas. Al\u00e9m disso, a garantia de um ambiente sempre dispon\u00edvel evita que o neg\u00f3cio tenha perdas ou preju\u00edzos por conta de falhas no sistema.<\/p>\n\n\n\n<p>Flexibilidade: qualquer \u00e1rea do neg\u00f3cio pode ser monitorada e os servi\u00e7os podem ser adaptados para cada neg\u00f3cio, garantindo uma solu\u00e7\u00e3o personalizada.<\/p>\n\n\n\n<p>Ampla vis\u00e3o de neg\u00f3cio: atrav\u00e9s dos dashboards gerados, \u00e9 poss\u00edvel visualizar de forma simples qualquer indicador do neg\u00f3cio. Esses dashboards fornecem uma representa\u00e7\u00e3o gr\u00e1fica de dados que s\u00e3o coletados e analisados em tempo real, permitindo aos gestores uma melhor compreens\u00e3o dos processos de neg\u00f3cios e uma vis\u00e3o ampla dos indicadores de desempenho.<\/p>\n\n\n\n<p>Relat\u00f3rios: os relat\u00f3rios gerados s\u00e3o realizados no final de cada ciclo. Eles permitem que os gestores entendam o trabalho realizado no per\u00edodo, a utiliza\u00e7\u00e3o dos recursos e projetem a\u00e7\u00f5es futuras.<\/p>\n\n\n\n<figure class=\"wp-block-image size-large\"><img loading=\"lazy\" decoding=\"async\" width=\"1024\" height=\"359\" src=\"https:\/\/ravel.com.br\/blog\/wp-content\/uploads\/2023\/05\/Monitoramento-de-TI-Banner-1024x359.jpg\" alt=\"monitoramento de TI\" class=\"wp-image-4917\" srcset=\"https:\/\/ravel.com.br\/blog\/wp-content\/uploads\/2023\/05\/Monitoramento-de-TI-Banner-1024x359.jpg 1024w, https:\/\/ravel.com.br\/blog\/wp-content\/uploads\/2023\/05\/Monitoramento-de-TI-Banner-300x105.jpg 300w, https:\/\/ravel.com.br\/blog\/wp-content\/uploads\/2023\/05\/Monitoramento-de-TI-Banner-768x270.jpg 768w, https:\/\/ravel.com.br\/blog\/wp-content\/uploads\/2023\/05\/Monitoramento-de-TI-Banner-610x214.jpg 610w, https:\/\/ravel.com.br\/blog\/wp-content\/uploads\/2023\/05\/Monitoramento-de-TI-Banner-1080x379.jpg 1080w, https:\/\/ravel.com.br\/blog\/wp-content\/uploads\/2023\/05\/Monitoramento-de-TI-Banner.jpg 1225w\" sizes=\"(max-width: 1024px) 100vw, 1024px\" \/><\/figure>\n\n\n\n<h2 class=\"wp-block-heading\"><strong>Diferen\u00e7a do monitoramento 8\u00d75 e 24\u00d77 e qual \u00e9 mais adequado para o seu neg\u00f3cio?<\/strong><\/h2>\n\n\n\n<p>O monitoramento 8&#215;5 significa que os sistemas s\u00e3o monitorados durante o hor\u00e1rio comercial padr\u00e3o, cinco dias por semana. J\u00e1 o monitoramento 24&#215;7 significa que os sistemas s\u00e3o monitorados 24 horas por dia, sete dias por semana.<\/p>\n\n\n\n<p>A escolha entre os dois tipos de monitoramento depende das necessidades de neg\u00f3cios de cada organiza\u00e7\u00e3o. Se a empresa depende de seus sistemas funcionando o tempo todo, sem interrup\u00e7\u00f5es, ent\u00e3o o monitoramento 24&#215;7 \u00e9 a melhor op\u00e7\u00e3o. Isso \u00e9 especialmente verdadeiro para empresas que t\u00eam opera\u00e7\u00f5es em v\u00e1rios fusos hor\u00e1rios e precisam garantir que seus sistemas estejam sempre dispon\u00edveis.<\/p>\n\n\n\n<p>Por outro lado, se a empresa opera em um ambiente em que os sistemas n\u00e3o precisam estar dispon\u00edveis fora do hor\u00e1rio comercial, ent\u00e3o o monitoramento 8&#215;5 pode ser suficiente. Al\u00e9m disso, o monitoramento 8&#215;5 pode ser mais econ\u00f4mico do que o monitoramento 24&#215;7, pois requer menos recursos de equipe e hardware.<\/p>\n\n\n\n<p>Em resumo, a escolha entre o monitoramento 8&#215;5 e o 24&#215;7 depender\u00e1 das necessidades espec\u00edficas da empresa, incluindo sua depend\u00eancia de sistemas em tempo integral, a necessidade de suporte fora do hor\u00e1rio comercial e o or\u00e7amento dispon\u00edvel para investir em monitoramento.<\/p>\n\n\n\n<h2 class=\"wp-block-heading\"><strong>Conclus\u00e3o<\/strong><\/h2>\n\n\n\n<p>O monitoramento proativo da infraestrutura de TI \u00e9 fundamental para garantir a disponibilidade e estabilidade dos sistemas e aplica\u00e7\u00f5es em uma empresa. Com uma equipe de NOC interna ou terceirizada, \u00e9 poss\u00edvel ter controle sobre toda a infraestrutura do neg\u00f3cio, al\u00e9m de reduzir custos e evitar perdas e preju\u00edzos por falhas no sistema. A escolha entre o monitoramento 8&#215;5 e o monitoramento 24&#215;7 depender\u00e1 das necessidades espec\u00edficas de cada empresa, incluindo sua depend\u00eancia de sistemas em tempo integral, a necessidade de suporte fora do hor\u00e1rio comercial e o or\u00e7amento dispon\u00edvel para investir em monitoramento. Em resumo, investir em monitoramento proativo de TI \u00e9 um passo essencial para garantir o sucesso e crescimento de qualquer empresa que dependa de tecnologia para suas opera\u00e7\u00f5es.<\/p>\n\n\n\n<p>Leitura complementar recomendada: <a href=\"https:\/\/ravel.com.br\/blog\/gerenciamento-de-patches-e-sua-importancia\/\">Gerenciamento de Patches e sua import\u00e2ncia &#8211; Blog &#8211; Ravel Tecnologia<\/a><\/p>\n\n\n\n<figure class=\"wp-block-image size-large\"><a href=\"https:\/\/ravel.com.br\/gestao-suporte-tecnico-de-ti\" target=\"_blank\" rel=\"noreferrer noopener\"><img loading=\"lazy\" decoding=\"async\" width=\"1024\" height=\"133\" src=\"https:\/\/ravel.com.br\/blog\/wp-content\/uploads\/2023\/03\/CTA-Tecnologia-a-seu-favor-1024x133.jpg\" alt=\"\" class=\"wp-image-4735\" srcset=\"https:\/\/ravel.com.br\/blog\/wp-content\/uploads\/2023\/03\/CTA-Tecnologia-a-seu-favor-1024x133.jpg 1024w, https:\/\/ravel.com.br\/blog\/wp-content\/uploads\/2023\/03\/CTA-Tecnologia-a-seu-favor-300x39.jpg 300w, https:\/\/ravel.com.br\/blog\/wp-content\/uploads\/2023\/03\/CTA-Tecnologia-a-seu-favor-768x100.jpg 768w, https:\/\/ravel.com.br\/blog\/wp-content\/uploads\/2023\/03\/CTA-Tecnologia-a-seu-favor-1536x199.jpg 1536w, https:\/\/ravel.com.br\/blog\/wp-content\/uploads\/2023\/03\/CTA-Tecnologia-a-seu-favor-2048x266.jpg 2048w, https:\/\/ravel.com.br\/blog\/wp-content\/uploads\/2023\/03\/CTA-Tecnologia-a-seu-favor-610x79.jpg 610w, https:\/\/ravel.com.br\/blog\/wp-content\/uploads\/2023\/03\/CTA-Tecnologia-a-seu-favor-1080x140.jpg 1080w\" sizes=\"(max-width: 1024px) 100vw, 1024px\" \/><\/a><\/figure>\n","protected":false},"excerpt":{"rendered":"<p>Realizar o monitoramento da TI de forma proativa \u00e9 um passo essencial para garantir que os processos e sistemas estejam sempre dispon\u00edveis<\/p>\n","protected":false},"author":34,"featured_media":4918,"comment_status":"closed","ping_status":"open","sticky":false,"template":"","format":"standard","meta":{"_et_pb_use_builder":"","_et_pb_old_content":"","_et_gb_content_width":"","footnotes":""},"categories":[103,6],"tags":[],"class_list":["post-4916","post","type-post","status-publish","format-standard","has-post-thumbnail","hentry","category-gestao","category-tecnologia","et-has-post-format-content","et_post_format-et-post-format-standard"],"yoast_head":"<!-- This site is optimized with the Yoast SEO plugin v24.1 - https:\/\/yoast.com\/wordpress\/plugins\/seo\/ -->\n<title>A import\u00e2ncia do monitoramento de TI - Blog - Ravel Tecnologia<\/title>\n<meta name=\"description\" content=\"Realizar o monitoramento de TI de forma proativa \u00e9 um passo essencial para garantir que os processos e sistemas estejam sempre dispon\u00edveis\" \/>\n<meta name=\"robots\" content=\"index, follow, max-snippet:-1, max-image-preview:large, max-video-preview:-1\" \/>\n<link rel=\"canonical\" href=\"https:\/\/ravel.com.br\/blog\/a-importancia-do-monitoramento-de-ti\/\" \/>\n<meta property=\"og:locale\" content=\"pt_BR\" \/>\n<meta property=\"og:type\" content=\"article\" \/>\n<meta property=\"og:title\" content=\"A import\u00e2ncia do monitoramento de TI - Blog - Ravel Tecnologia\" \/>\n<meta property=\"og:description\" content=\"Realizar o monitoramento de TI de forma proativa \u00e9 um passo essencial para garantir que os processos e sistemas estejam sempre dispon\u00edveis\" \/>\n<meta property=\"og:url\" content=\"https:\/\/ravel.com.br\/blog\/a-importancia-do-monitoramento-de-ti\/\" \/>\n<meta property=\"og:site_name\" content=\"Blog Tecnologia\" \/>\n<meta property=\"article:published_time\" content=\"2023-05-26T12:00:51+00:00\" \/>\n<meta property=\"article:modified_time\" content=\"2024-01-03T20:46:47+00:00\" \/>\n<meta property=\"og:image\" content=\"https:\/\/ravel.com.br\/blog\/wp-content\/uploads\/2023\/05\/Monitoramento-de-TI-Capa.jpg\" \/>\n\t<meta property=\"og:image:width\" content=\"1341\" \/>\n\t<meta property=\"og:image:height\" content=\"836\" \/>\n\t<meta property=\"og:image:type\" content=\"image\/jpeg\" \/>\n<meta name=\"author\" content=\"Ravel Tecnologia\" \/>\n<meta name=\"twitter:card\" content=\"summary_large_image\" \/>\n<meta name=\"twitter:label1\" content=\"Escrito por\" \/>\n\t<meta name=\"twitter:data1\" content=\"Ravel Tecnologia\" \/>\n\t<meta name=\"twitter:label2\" content=\"Est. tempo de leitura\" \/>\n\t<meta name=\"twitter:data2\" content=\"5 minutos\" \/>\n<script type=\"application\/ld+json\" class=\"yoast-schema-graph\">{\"@context\":\"https:\/\/schema.org\",\"@graph\":[{\"@type\":\"WebPage\",\"@id\":\"https:\/\/ravel.com.br\/blog\/a-importancia-do-monitoramento-de-ti\/\",\"url\":\"https:\/\/ravel.com.br\/blog\/a-importancia-do-monitoramento-de-ti\/\",\"name\":\"A import\u00e2ncia do monitoramento de TI - Blog - Ravel Tecnologia\",\"isPartOf\":{\"@id\":\"https:\/\/ravel.com.br\/blog\/#website\"},\"primaryImageOfPage\":{\"@id\":\"https:\/\/ravel.com.br\/blog\/a-importancia-do-monitoramento-de-ti\/#primaryimage\"},\"image\":{\"@id\":\"https:\/\/ravel.com.br\/blog\/a-importancia-do-monitoramento-de-ti\/#primaryimage\"},\"thumbnailUrl\":\"https:\/\/ravel.com.br\/blog\/wp-content\/uploads\/2023\/05\/Monitoramento-de-TI-Capa.jpg\",\"datePublished\":\"2023-05-26T12:00:51+00:00\",\"dateModified\":\"2024-01-03T20:46:47+00:00\",\"author\":{\"@id\":\"https:\/\/ravel.com.br\/blog\/#\/schema\/person\/77a79ccf728fc4a376654c3546e919f5\"},\"description\":\"Realizar o monitoramento de TI de forma proativa \u00e9 um passo essencial para garantir que os processos e sistemas estejam sempre dispon\u00edveis\",\"breadcrumb\":{\"@id\":\"https:\/\/ravel.com.br\/blog\/a-importancia-do-monitoramento-de-ti\/#breadcrumb\"},\"inLanguage\":\"pt-BR\",\"potentialAction\":[{\"@type\":\"ReadAction\",\"target\":[\"https:\/\/ravel.com.br\/blog\/a-importancia-do-monitoramento-de-ti\/\"]}]},{\"@type\":\"ImageObject\",\"inLanguage\":\"pt-BR\",\"@id\":\"https:\/\/ravel.com.br\/blog\/a-importancia-do-monitoramento-de-ti\/#primaryimage\",\"url\":\"https:\/\/ravel.com.br\/blog\/wp-content\/uploads\/2023\/05\/Monitoramento-de-TI-Capa.jpg\",\"contentUrl\":\"https:\/\/ravel.com.br\/blog\/wp-content\/uploads\/2023\/05\/Monitoramento-de-TI-Capa.jpg\",\"width\":1341,\"height\":836},{\"@type\":\"BreadcrumbList\",\"@id\":\"https:\/\/ravel.com.br\/blog\/a-importancia-do-monitoramento-de-ti\/#breadcrumb\",\"itemListElement\":[{\"@type\":\"ListItem\",\"position\":1,\"name\":\"In\u00edcio\",\"item\":\"https:\/\/ravel.com.br\/blog\/\"},{\"@type\":\"ListItem\",\"position\":2,\"name\":\"A import\u00e2ncia do monitoramento de TI\"}]},{\"@type\":\"WebSite\",\"@id\":\"https:\/\/ravel.com.br\/blog\/#website\",\"url\":\"https:\/\/ravel.com.br\/blog\/\",\"name\":\"Blog Tecnologia\",\"description\":\"Dicas e Artigos sobre Tecnologia\",\"potentialAction\":[{\"@type\":\"SearchAction\",\"target\":{\"@type\":\"EntryPoint\",\"urlTemplate\":\"https:\/\/ravel.com.br\/blog\/?s={search_term_string}\"},\"query-input\":{\"@type\":\"PropertyValueSpecification\",\"valueRequired\":true,\"valueName\":\"search_term_string\"}}],\"inLanguage\":\"pt-BR\"},{\"@type\":\"Person\",\"@id\":\"https:\/\/ravel.com.br\/blog\/#\/schema\/person\/77a79ccf728fc4a376654c3546e919f5\",\"name\":\"Ravel Tecnologia\",\"image\":{\"@type\":\"ImageObject\",\"inLanguage\":\"pt-BR\",\"@id\":\"https:\/\/ravel.com.br\/blog\/#\/schema\/person\/image\/\",\"url\":\"https:\/\/secure.gravatar.com\/avatar\/449267afe4e5fadbd121b8790fd528f6?s=96&d=mm&r=g\",\"contentUrl\":\"https:\/\/secure.gravatar.com\/avatar\/449267afe4e5fadbd121b8790fd528f6?s=96&d=mm&r=g\",\"caption\":\"Ravel Tecnologia\"},\"description\":\"Oferecemos servi\u00e7os de TI para garantir que a tecnologia trabalhe como forte aliada na conquista de resultados e se reflita de forma direta na produtividade e no crescimento das empresas.\",\"url\":\"https:\/\/ravel.com.br\/blog\/author\/ravel-tecnologia\/\"}]}<\/script>\n<!-- \/ Yoast SEO plugin. -->","yoast_head_json":{"title":"A import\u00e2ncia do monitoramento de TI - Blog - Ravel Tecnologia","description":"Realizar o monitoramento de TI de forma proativa \u00e9 um passo essencial para garantir que os processos e sistemas estejam sempre dispon\u00edveis","robots":{"index":"index","follow":"follow","max-snippet":"max-snippet:-1","max-image-preview":"max-image-preview:large","max-video-preview":"max-video-preview:-1"},"canonical":"https:\/\/ravel.com.br\/blog\/a-importancia-do-monitoramento-de-ti\/","og_locale":"pt_BR","og_type":"article","og_title":"A import\u00e2ncia do monitoramento de TI - Blog - Ravel Tecnologia","og_description":"Realizar o monitoramento de TI de forma proativa \u00e9 um passo essencial para garantir que os processos e sistemas estejam sempre dispon\u00edveis","og_url":"https:\/\/ravel.com.br\/blog\/a-importancia-do-monitoramento-de-ti\/","og_site_name":"Blog Tecnologia","article_published_time":"2023-05-26T12:00:51+00:00","article_modified_time":"2024-01-03T20:46:47+00:00","og_image":[{"width":1341,"height":836,"url":"https:\/\/ravel.com.br\/blog\/wp-content\/uploads\/2023\/05\/Monitoramento-de-TI-Capa.jpg","type":"image\/jpeg"}],"author":"Ravel Tecnologia","twitter_card":"summary_large_image","twitter_misc":{"Escrito por":"Ravel Tecnologia","Est. tempo de leitura":"5 minutos"},"schema":{"@context":"https:\/\/schema.org","@graph":[{"@type":"WebPage","@id":"https:\/\/ravel.com.br\/blog\/a-importancia-do-monitoramento-de-ti\/","url":"https:\/\/ravel.com.br\/blog\/a-importancia-do-monitoramento-de-ti\/","name":"A import\u00e2ncia do monitoramento de TI - Blog - Ravel Tecnologia","isPartOf":{"@id":"https:\/\/ravel.com.br\/blog\/#website"},"primaryImageOfPage":{"@id":"https:\/\/ravel.com.br\/blog\/a-importancia-do-monitoramento-de-ti\/#primaryimage"},"image":{"@id":"https:\/\/ravel.com.br\/blog\/a-importancia-do-monitoramento-de-ti\/#primaryimage"},"thumbnailUrl":"https:\/\/ravel.com.br\/blog\/wp-content\/uploads\/2023\/05\/Monitoramento-de-TI-Capa.jpg","datePublished":"2023-05-26T12:00:51+00:00","dateModified":"2024-01-03T20:46:47+00:00","author":{"@id":"https:\/\/ravel.com.br\/blog\/#\/schema\/person\/77a79ccf728fc4a376654c3546e919f5"},"description":"Realizar o monitoramento de TI de forma proativa \u00e9 um passo essencial para garantir que os processos e sistemas estejam sempre dispon\u00edveis","breadcrumb":{"@id":"https:\/\/ravel.com.br\/blog\/a-importancia-do-monitoramento-de-ti\/#breadcrumb"},"inLanguage":"pt-BR","potentialAction":[{"@type":"ReadAction","target":["https:\/\/ravel.com.br\/blog\/a-importancia-do-monitoramento-de-ti\/"]}]},{"@type":"ImageObject","inLanguage":"pt-BR","@id":"https:\/\/ravel.com.br\/blog\/a-importancia-do-monitoramento-de-ti\/#primaryimage","url":"https:\/\/ravel.com.br\/blog\/wp-content\/uploads\/2023\/05\/Monitoramento-de-TI-Capa.jpg","contentUrl":"https:\/\/ravel.com.br\/blog\/wp-content\/uploads\/2023\/05\/Monitoramento-de-TI-Capa.jpg","width":1341,"height":836},{"@type":"BreadcrumbList","@id":"https:\/\/ravel.com.br\/blog\/a-importancia-do-monitoramento-de-ti\/#breadcrumb","itemListElement":[{"@type":"ListItem","position":1,"name":"In\u00edcio","item":"https:\/\/ravel.com.br\/blog\/"},{"@type":"ListItem","position":2,"name":"A import\u00e2ncia do monitoramento de TI"}]},{"@type":"WebSite","@id":"https:\/\/ravel.com.br\/blog\/#website","url":"https:\/\/ravel.com.br\/blog\/","name":"Blog Tecnologia","description":"Dicas e Artigos sobre Tecnologia","potentialAction":[{"@type":"SearchAction","target":{"@type":"EntryPoint","urlTemplate":"https:\/\/ravel.com.br\/blog\/?s={search_term_string}"},"query-input":{"@type":"PropertyValueSpecification","valueRequired":true,"valueName":"search_term_string"}}],"inLanguage":"pt-BR"},{"@type":"Person","@id":"https:\/\/ravel.com.br\/blog\/#\/schema\/person\/77a79ccf728fc4a376654c3546e919f5","name":"Ravel Tecnologia","image":{"@type":"ImageObject","inLanguage":"pt-BR","@id":"https:\/\/ravel.com.br\/blog\/#\/schema\/person\/image\/","url":"https:\/\/secure.gravatar.com\/avatar\/449267afe4e5fadbd121b8790fd528f6?s=96&d=mm&r=g","contentUrl":"https:\/\/secure.gravatar.com\/avatar\/449267afe4e5fadbd121b8790fd528f6?s=96&d=mm&r=g","caption":"Ravel Tecnologia"},"description":"Oferecemos servi\u00e7os de TI para garantir que a tecnologia trabalhe como forte aliada na conquista de resultados e se reflita de forma direta na produtividade e no crescimento das empresas.","url":"https:\/\/ravel.com.br\/blog\/author\/ravel-tecnologia\/"}]}},"_links":{"self":[{"href":"https:\/\/ravel.com.br\/blog\/wp-json\/wp\/v2\/posts\/4916","targetHints":{"allow":["GET"]}}],"collection":[{"href":"https:\/\/ravel.com.br\/blog\/wp-json\/wp\/v2\/posts"}],"about":[{"href":"https:\/\/ravel.com.br\/blog\/wp-json\/wp\/v2\/types\/post"}],"author":[{"embeddable":true,"href":"https:\/\/ravel.com.br\/blog\/wp-json\/wp\/v2\/users\/34"}],"replies":[{"embeddable":true,"href":"https:\/\/ravel.com.br\/blog\/wp-json\/wp\/v2\/comments?post=4916"}],"version-history":[{"count":2,"href":"https:\/\/ravel.com.br\/blog\/wp-json\/wp\/v2\/posts\/4916\/revisions"}],"predecessor-version":[{"id":4920,"href":"https:\/\/ravel.com.br\/blog\/wp-json\/wp\/v2\/posts\/4916\/revisions\/4920"}],"wp:featuredmedia":[{"embeddable":true,"href":"https:\/\/ravel.com.br\/blog\/wp-json\/wp\/v2\/media\/4918"}],"wp:attachment":[{"href":"https:\/\/ravel.com.br\/blog\/wp-json\/wp\/v2\/media?parent=4916"}],"wp:term":[{"taxonomy":"category","embeddable":true,"href":"https:\/\/ravel.com.br\/blog\/wp-json\/wp\/v2\/categories?post=4916"},{"taxonomy":"post_tag","embeddable":true,"href":"https:\/\/ravel.com.br\/blog\/wp-json\/wp\/v2\/tags?post=4916"}],"curies":[{"name":"wp","href":"https:\/\/api.w.org\/{rel}","templated":true}]}}