{"id":492,"date":"2019-06-10T21:43:58","date_gmt":"2019-06-11T00:43:58","guid":{"rendered":"https:\/\/ravel.com.br\/blog\/?p=492"},"modified":"2021-01-15T16:18:01","modified_gmt":"2021-01-15T19:18:01","slug":"whatsapp-para-tirar-duvidas-e-abrir-chamados","status":"publish","type":"post","link":"https:\/\/ravel.com.br\/blog\/whatsapp-para-tirar-duvidas-e-abrir-chamados\/","title":{"rendered":"WhatsApp para tirar d\u00favidas e abrir chamados"},"content":{"rendered":"\n<p>Nosso sistema de atendimento aos clientes agora\ntamb\u00e9m conta com integra\u00e7\u00e3o com o WhatsApp. \u00c9 muito f\u00e1cil,\nvoc\u00ea pode acionar nosso suporte por um \u00fanico n\u00famero de WhatsApp e\no atendimento \u00e9 direcionado para um t\u00e9cnico dentro da mesma conversa.<\/p>\n\n\n\n<p>Buscamos facilitar a forma com que voc\u00ea recebe as informa\u00e7\u00f5es, oferecendo um canal de comunica\u00e7\u00e3o que est\u00e1 na m\u00e3o de quase todo mundo.<\/p>\n\n\n\n<figure class=\"wp-block-image\"><img loading=\"lazy\" decoding=\"async\" width=\"800\" height=\"856\" src=\"https:\/\/ravel.com.br\/blog\/wp-content\/uploads\/2019\/06\/WhastApp-Abertura-de-chamado.png\" alt=\"Whatsapp chamados\" class=\"wp-image-494\" srcset=\"https:\/\/ravel.com.br\/blog\/wp-content\/uploads\/2019\/06\/WhastApp-Abertura-de-chamado.png 800w, https:\/\/ravel.com.br\/blog\/wp-content\/uploads\/2019\/06\/WhastApp-Abertura-de-chamado-280x300.png 280w, https:\/\/ravel.com.br\/blog\/wp-content\/uploads\/2019\/06\/WhastApp-Abertura-de-chamado-768x822.png 768w, https:\/\/ravel.com.br\/blog\/wp-content\/uploads\/2019\/06\/WhastApp-Abertura-de-chamado-610x653.png 610w\" sizes=\"(max-width: 800px) 100vw, 800px\" \/><\/figure>\n\n\n\n<p>Acesse este <a href=\"https:\/\/api.whatsapp.com\/send?phone=551989061916\">link <\/a>para iniciar um atendimento agora mesmo:  <a href=\"https:\/\/api.whatsapp.com\/send?phone=551989061916\">https:\/\/api.whatsapp.com\/send?phone=551989061916<\/a><\/p>\n\n\n\n<p>Se voc\u00ea preferir, tamb\u00e9m disponibilizamos outras possibilidades de intera\u00e7\u00e3o com nosso departamento t\u00e9cnico, s\u00e3o elas: um chat dento da p\u00e1gina \u201c<a href=\"https:\/\/ravel.com.br\/espaco-cliente\">Espa\u00e7o do Cliente<\/a>\u201d, email (suporte@ravel.com.br) e telefone (4057-57-40)<\/p>\n\n\n\n<figure class=\"wp-block-image size-large\"><a href=\"https:\/\/ravel.com.br\/seguranca-da-informacao\" target=\"_blank\" rel=\"noopener noreferrer\"><img loading=\"lazy\" decoding=\"async\" width=\"1024\" height=\"133\" src=\"https:\/\/ravel.com.br\/blog\/wp-content\/uploads\/2021\/01\/CTA7-2-1024x133.png\" alt=\"\" class=\"wp-image-2313\" srcset=\"https:\/\/ravel.com.br\/blog\/wp-content\/uploads\/2021\/01\/CTA7-2-1024x133.png 1024w, https:\/\/ravel.com.br\/blog\/wp-content\/uploads\/2021\/01\/CTA7-2-300x39.png 300w, https:\/\/ravel.com.br\/blog\/wp-content\/uploads\/2021\/01\/CTA7-2-768x100.png 768w, https:\/\/ravel.com.br\/blog\/wp-content\/uploads\/2021\/01\/CTA7-2-1536x199.png 1536w, https:\/\/ravel.com.br\/blog\/wp-content\/uploads\/2021\/01\/CTA7-2-2048x266.png 2048w, https:\/\/ravel.com.br\/blog\/wp-content\/uploads\/2021\/01\/CTA7-2-610x79.png 610w, https:\/\/ravel.com.br\/blog\/wp-content\/uploads\/2021\/01\/CTA7-2-1080x140.png 1080w\" sizes=\"(max-width: 1024px) 100vw, 1024px\" \/><\/a><\/figure>\n","protected":false},"excerpt":{"rendered":"<p>Nosso sistema de atendimento aos clientes agora tamb\u00e9m conta com integra\u00e7\u00e3o com o WhatsApp<\/p>\n","protected":false},"author":7,"featured_media":533,"comment_status":"closed","ping_status":"closed","sticky":false,"template":"","format":"standard","meta":{"_et_pb_use_builder":"off","_et_pb_old_content":"","_et_gb_content_width":"","footnotes":""},"categories":[60,82],"tags":[],"class_list":["post-492","post","type-post","status-publish","format-standard","has-post-thumbnail","hentry","category-dicas","category-produtividade","et-has-post-format-content","et_post_format-et-post-format-standard"],"yoast_head":"<!-- This site is optimized with the Yoast SEO plugin v24.1 - https:\/\/yoast.com\/wordpress\/plugins\/seo\/ -->\n<title>WhatsApp para tirar d\u00favidas e abrir chamados<\/title>\n<meta name=\"description\" content=\"Nosso sistema de atendimento aos clientes agora tamb\u00e9m conta com integra\u00e7\u00e3o com o WhatsApp. Voc\u00ea pode abrir chamados por um \u00fanico n\u00famero de WhatsApp\" \/>\n<meta name=\"robots\" content=\"index, follow, max-snippet:-1, max-image-preview:large, max-video-preview:-1\" \/>\n<link rel=\"canonical\" href=\"https:\/\/ravel.com.br\/blog\/whatsapp-para-tirar-duvidas-e-abrir-chamados\/\" \/>\n<meta property=\"og:locale\" content=\"pt_BR\" \/>\n<meta property=\"og:type\" content=\"article\" \/>\n<meta property=\"og:title\" content=\"WhatsApp para tirar d\u00favidas e abrir chamados\" \/>\n<meta property=\"og:description\" content=\"Nosso sistema de atendimento aos clientes agora tamb\u00e9m conta com integra\u00e7\u00e3o com o WhatsApp. Voc\u00ea pode abrir chamados por um \u00fanico n\u00famero de WhatsApp\" \/>\n<meta property=\"og:url\" content=\"https:\/\/ravel.com.br\/blog\/whatsapp-para-tirar-duvidas-e-abrir-chamados\/\" \/>\n<meta property=\"og:site_name\" content=\"Blog Tecnologia\" \/>\n<meta property=\"article:author\" content=\"https:\/\/www.facebook.com\/raveltecnologia\/\" \/>\n<meta property=\"article:published_time\" content=\"2019-06-11T00:43:58+00:00\" \/>\n<meta property=\"article:modified_time\" content=\"2021-01-15T19:18:01+00:00\" \/>\n<meta property=\"og:image\" content=\"https:\/\/ravel.com.br\/blog\/wp-content\/uploads\/2019\/06\/WhastApp-inteligente.jpg\" \/>\n\t<meta property=\"og:image:width\" content=\"289\" \/>\n\t<meta property=\"og:image:height\" content=\"174\" \/>\n\t<meta property=\"og:image:type\" content=\"image\/jpeg\" \/>\n<meta name=\"author\" content=\"Nelson Corr\u00eaa Leite J\u00fanior\" \/>\n<meta name=\"twitter:card\" content=\"summary_large_image\" \/>\n<meta name=\"twitter:label1\" content=\"Escrito por\" \/>\n\t<meta name=\"twitter:data1\" content=\"Nelson Corr\u00eaa Leite J\u00fanior\" \/>\n\t<meta name=\"twitter:label2\" content=\"Est. tempo de leitura\" \/>\n\t<meta name=\"twitter:data2\" content=\"1 minuto\" \/>\n<script type=\"application\/ld+json\" class=\"yoast-schema-graph\">{\"@context\":\"https:\/\/schema.org\",\"@graph\":[{\"@type\":\"WebPage\",\"@id\":\"https:\/\/ravel.com.br\/blog\/whatsapp-para-tirar-duvidas-e-abrir-chamados\/\",\"url\":\"https:\/\/ravel.com.br\/blog\/whatsapp-para-tirar-duvidas-e-abrir-chamados\/\",\"name\":\"WhatsApp para tirar d\u00favidas e abrir chamados\",\"isPartOf\":{\"@id\":\"https:\/\/ravel.com.br\/blog\/#website\"},\"primaryImageOfPage\":{\"@id\":\"https:\/\/ravel.com.br\/blog\/whatsapp-para-tirar-duvidas-e-abrir-chamados\/#primaryimage\"},\"image\":{\"@id\":\"https:\/\/ravel.com.br\/blog\/whatsapp-para-tirar-duvidas-e-abrir-chamados\/#primaryimage\"},\"thumbnailUrl\":\"https:\/\/ravel.com.br\/blog\/wp-content\/uploads\/2019\/06\/WhastApp-inteligente.jpg\",\"datePublished\":\"2019-06-11T00:43:58+00:00\",\"dateModified\":\"2021-01-15T19:18:01+00:00\",\"author\":{\"@id\":\"https:\/\/ravel.com.br\/blog\/#\/schema\/person\/5809fbed911cb14566b16220749d3dcc\"},\"description\":\"Nosso sistema de atendimento aos clientes agora tamb\u00e9m conta com integra\u00e7\u00e3o com o WhatsApp. Voc\u00ea pode abrir chamados por um \u00fanico n\u00famero de WhatsApp\",\"breadcrumb\":{\"@id\":\"https:\/\/ravel.com.br\/blog\/whatsapp-para-tirar-duvidas-e-abrir-chamados\/#breadcrumb\"},\"inLanguage\":\"pt-BR\",\"potentialAction\":[{\"@type\":\"ReadAction\",\"target\":[\"https:\/\/ravel.com.br\/blog\/whatsapp-para-tirar-duvidas-e-abrir-chamados\/\"]}]},{\"@type\":\"ImageObject\",\"inLanguage\":\"pt-BR\",\"@id\":\"https:\/\/ravel.com.br\/blog\/whatsapp-para-tirar-duvidas-e-abrir-chamados\/#primaryimage\",\"url\":\"https:\/\/ravel.com.br\/blog\/wp-content\/uploads\/2019\/06\/WhastApp-inteligente.jpg\",\"contentUrl\":\"https:\/\/ravel.com.br\/blog\/wp-content\/uploads\/2019\/06\/WhastApp-inteligente.jpg\",\"width\":289,\"height\":174},{\"@type\":\"BreadcrumbList\",\"@id\":\"https:\/\/ravel.com.br\/blog\/whatsapp-para-tirar-duvidas-e-abrir-chamados\/#breadcrumb\",\"itemListElement\":[{\"@type\":\"ListItem\",\"position\":1,\"name\":\"In\u00edcio\",\"item\":\"https:\/\/ravel.com.br\/blog\/\"},{\"@type\":\"ListItem\",\"position\":2,\"name\":\"WhatsApp para tirar d\u00favidas e abrir chamados\"}]},{\"@type\":\"WebSite\",\"@id\":\"https:\/\/ravel.com.br\/blog\/#website\",\"url\":\"https:\/\/ravel.com.br\/blog\/\",\"name\":\"Blog Tecnologia\",\"description\":\"Dicas e Artigos sobre Tecnologia\",\"potentialAction\":[{\"@type\":\"SearchAction\",\"target\":{\"@type\":\"EntryPoint\",\"urlTemplate\":\"https:\/\/ravel.com.br\/blog\/?s={search_term_string}\"},\"query-input\":{\"@type\":\"PropertyValueSpecification\",\"valueRequired\":true,\"valueName\":\"search_term_string\"}}],\"inLanguage\":\"pt-BR\"},{\"@type\":\"Person\",\"@id\":\"https:\/\/ravel.com.br\/blog\/#\/schema\/person\/5809fbed911cb14566b16220749d3dcc\",\"name\":\"Nelson Corr\u00eaa Leite J\u00fanior\",\"image\":{\"@type\":\"ImageObject\",\"inLanguage\":\"pt-BR\",\"@id\":\"https:\/\/ravel.com.br\/blog\/#\/schema\/person\/image\/\",\"url\":\"https:\/\/secure.gravatar.com\/avatar\/4eeb3b5606c8a9b5aded280058cd2a1f?s=96&d=mm&r=g\",\"contentUrl\":\"https:\/\/secure.gravatar.com\/avatar\/4eeb3b5606c8a9b5aded280058cd2a1f?s=96&d=mm&r=g\",\"caption\":\"Nelson Corr\u00eaa Leite J\u00fanior\"},\"description\":\"Empres\u00e1rio desde 1997, onde \u00e9 Co-founder da Ravel Tecnologia, atuando como CEO na coordena\u00e7\u00e3o, gest\u00e3o da lideran\u00e7a e desenvolvimento estrat\u00e9gico. Especializado em Seguran\u00e7a da Informa\u00e7\u00e3o e solu\u00e7\u00f5es em nuvem. S\u00f3cio da ag\u00eancia de Marketing Digital Incandescente, com atua\u00e7\u00e3o na gest\u00e3o administrativa, financeira e estrat\u00e9gica. Busca por evoluir o uso da tecnologia aplicada aos neg\u00f3cios e as pessoas, buscando uma vis\u00e3o sist\u00eamica para fomentar e potencializar a inova\u00e7\u00e3o e crescimento. Pai de 2 lindos filhos e apreciador de uma boa cerveja.\",\"sameAs\":[\"http:\/\/ravel.com.br\",\"https:\/\/www.facebook.com\/raveltecnologia\/\",\"https:\/\/www.linkedin.com\/in\/nelson-corr\u00eaa-leite-j\u00fanior-337631160\/\"],\"url\":\"https:\/\/ravel.com.br\/blog\/author\/nelson\/\"}]}<\/script>\n<!-- \/ Yoast SEO plugin. -->","yoast_head_json":{"title":"WhatsApp para tirar d\u00favidas e abrir chamados","description":"Nosso sistema de atendimento aos clientes agora tamb\u00e9m conta com integra\u00e7\u00e3o com o WhatsApp. Voc\u00ea pode abrir chamados por um \u00fanico n\u00famero de WhatsApp","robots":{"index":"index","follow":"follow","max-snippet":"max-snippet:-1","max-image-preview":"max-image-preview:large","max-video-preview":"max-video-preview:-1"},"canonical":"https:\/\/ravel.com.br\/blog\/whatsapp-para-tirar-duvidas-e-abrir-chamados\/","og_locale":"pt_BR","og_type":"article","og_title":"WhatsApp para tirar d\u00favidas e abrir chamados","og_description":"Nosso sistema de atendimento aos clientes agora tamb\u00e9m conta com integra\u00e7\u00e3o com o WhatsApp. Voc\u00ea pode abrir chamados por um \u00fanico n\u00famero de WhatsApp","og_url":"https:\/\/ravel.com.br\/blog\/whatsapp-para-tirar-duvidas-e-abrir-chamados\/","og_site_name":"Blog Tecnologia","article_author":"https:\/\/www.facebook.com\/raveltecnologia\/","article_published_time":"2019-06-11T00:43:58+00:00","article_modified_time":"2021-01-15T19:18:01+00:00","og_image":[{"width":289,"height":174,"url":"https:\/\/ravel.com.br\/blog\/wp-content\/uploads\/2019\/06\/WhastApp-inteligente.jpg","type":"image\/jpeg"}],"author":"Nelson Corr\u00eaa Leite J\u00fanior","twitter_card":"summary_large_image","twitter_misc":{"Escrito por":"Nelson Corr\u00eaa Leite J\u00fanior","Est. tempo de leitura":"1 minuto"},"schema":{"@context":"https:\/\/schema.org","@graph":[{"@type":"WebPage","@id":"https:\/\/ravel.com.br\/blog\/whatsapp-para-tirar-duvidas-e-abrir-chamados\/","url":"https:\/\/ravel.com.br\/blog\/whatsapp-para-tirar-duvidas-e-abrir-chamados\/","name":"WhatsApp para tirar d\u00favidas e abrir chamados","isPartOf":{"@id":"https:\/\/ravel.com.br\/blog\/#website"},"primaryImageOfPage":{"@id":"https:\/\/ravel.com.br\/blog\/whatsapp-para-tirar-duvidas-e-abrir-chamados\/#primaryimage"},"image":{"@id":"https:\/\/ravel.com.br\/blog\/whatsapp-para-tirar-duvidas-e-abrir-chamados\/#primaryimage"},"thumbnailUrl":"https:\/\/ravel.com.br\/blog\/wp-content\/uploads\/2019\/06\/WhastApp-inteligente.jpg","datePublished":"2019-06-11T00:43:58+00:00","dateModified":"2021-01-15T19:18:01+00:00","author":{"@id":"https:\/\/ravel.com.br\/blog\/#\/schema\/person\/5809fbed911cb14566b16220749d3dcc"},"description":"Nosso sistema de atendimento aos clientes agora tamb\u00e9m conta com integra\u00e7\u00e3o com o WhatsApp. Voc\u00ea pode abrir chamados por um \u00fanico n\u00famero de WhatsApp","breadcrumb":{"@id":"https:\/\/ravel.com.br\/blog\/whatsapp-para-tirar-duvidas-e-abrir-chamados\/#breadcrumb"},"inLanguage":"pt-BR","potentialAction":[{"@type":"ReadAction","target":["https:\/\/ravel.com.br\/blog\/whatsapp-para-tirar-duvidas-e-abrir-chamados\/"]}]},{"@type":"ImageObject","inLanguage":"pt-BR","@id":"https:\/\/ravel.com.br\/blog\/whatsapp-para-tirar-duvidas-e-abrir-chamados\/#primaryimage","url":"https:\/\/ravel.com.br\/blog\/wp-content\/uploads\/2019\/06\/WhastApp-inteligente.jpg","contentUrl":"https:\/\/ravel.com.br\/blog\/wp-content\/uploads\/2019\/06\/WhastApp-inteligente.jpg","width":289,"height":174},{"@type":"BreadcrumbList","@id":"https:\/\/ravel.com.br\/blog\/whatsapp-para-tirar-duvidas-e-abrir-chamados\/#breadcrumb","itemListElement":[{"@type":"ListItem","position":1,"name":"In\u00edcio","item":"https:\/\/ravel.com.br\/blog\/"},{"@type":"ListItem","position":2,"name":"WhatsApp para tirar d\u00favidas e abrir chamados"}]},{"@type":"WebSite","@id":"https:\/\/ravel.com.br\/blog\/#website","url":"https:\/\/ravel.com.br\/blog\/","name":"Blog Tecnologia","description":"Dicas e Artigos sobre Tecnologia","potentialAction":[{"@type":"SearchAction","target":{"@type":"EntryPoint","urlTemplate":"https:\/\/ravel.com.br\/blog\/?s={search_term_string}"},"query-input":{"@type":"PropertyValueSpecification","valueRequired":true,"valueName":"search_term_string"}}],"inLanguage":"pt-BR"},{"@type":"Person","@id":"https:\/\/ravel.com.br\/blog\/#\/schema\/person\/5809fbed911cb14566b16220749d3dcc","name":"Nelson Corr\u00eaa Leite J\u00fanior","image":{"@type":"ImageObject","inLanguage":"pt-BR","@id":"https:\/\/ravel.com.br\/blog\/#\/schema\/person\/image\/","url":"https:\/\/secure.gravatar.com\/avatar\/4eeb3b5606c8a9b5aded280058cd2a1f?s=96&d=mm&r=g","contentUrl":"https:\/\/secure.gravatar.com\/avatar\/4eeb3b5606c8a9b5aded280058cd2a1f?s=96&d=mm&r=g","caption":"Nelson Corr\u00eaa Leite J\u00fanior"},"description":"Empres\u00e1rio desde 1997, onde \u00e9 Co-founder da Ravel Tecnologia, atuando como CEO na coordena\u00e7\u00e3o, gest\u00e3o da lideran\u00e7a e desenvolvimento estrat\u00e9gico. Especializado em Seguran\u00e7a da Informa\u00e7\u00e3o e solu\u00e7\u00f5es em nuvem. S\u00f3cio da ag\u00eancia de Marketing Digital Incandescente, com atua\u00e7\u00e3o na gest\u00e3o administrativa, financeira e estrat\u00e9gica. Busca por evoluir o uso da tecnologia aplicada aos neg\u00f3cios e as pessoas, buscando uma vis\u00e3o sist\u00eamica para fomentar e potencializar a inova\u00e7\u00e3o e crescimento. Pai de 2 lindos filhos e apreciador de uma boa cerveja.","sameAs":["http:\/\/ravel.com.br","https:\/\/www.facebook.com\/raveltecnologia\/","https:\/\/www.linkedin.com\/in\/nelson-corr\u00eaa-leite-j\u00fanior-337631160\/"],"url":"https:\/\/ravel.com.br\/blog\/author\/nelson\/"}]}},"_links":{"self":[{"href":"https:\/\/ravel.com.br\/blog\/wp-json\/wp\/v2\/posts\/492","targetHints":{"allow":["GET"]}}],"collection":[{"href":"https:\/\/ravel.com.br\/blog\/wp-json\/wp\/v2\/posts"}],"about":[{"href":"https:\/\/ravel.com.br\/blog\/wp-json\/wp\/v2\/types\/post"}],"author":[{"embeddable":true,"href":"https:\/\/ravel.com.br\/blog\/wp-json\/wp\/v2\/users\/7"}],"replies":[{"embeddable":true,"href":"https:\/\/ravel.com.br\/blog\/wp-json\/wp\/v2\/comments?post=492"}],"version-history":[{"count":6,"href":"https:\/\/ravel.com.br\/blog\/wp-json\/wp\/v2\/posts\/492\/revisions"}],"predecessor-version":[{"id":2318,"href":"https:\/\/ravel.com.br\/blog\/wp-json\/wp\/v2\/posts\/492\/revisions\/2318"}],"wp:featuredmedia":[{"embeddable":true,"href":"https:\/\/ravel.com.br\/blog\/wp-json\/wp\/v2\/media\/533"}],"wp:attachment":[{"href":"https:\/\/ravel.com.br\/blog\/wp-json\/wp\/v2\/media?parent=492"}],"wp:term":[{"taxonomy":"category","embeddable":true,"href":"https:\/\/ravel.com.br\/blog\/wp-json\/wp\/v2\/categories?post=492"},{"taxonomy":"post_tag","embeddable":true,"href":"https:\/\/ravel.com.br\/blog\/wp-json\/wp\/v2\/tags?post=492"}],"curies":[{"name":"wp","href":"https:\/\/api.w.org\/{rel}","templated":true}]}}