{"id":5309,"date":"2023-09-11T10:27:46","date_gmt":"2023-09-11T13:27:46","guid":{"rendered":"https:\/\/ravel.com.br\/blog\/?p=5309"},"modified":"2025-08-14T16:04:01","modified_gmt":"2025-08-14T19:04:01","slug":"corrigir-aplicativos-executados-na-inicializacao-do-windows","status":"publish","type":"post","link":"https:\/\/ravel.com.br\/blog\/corrigir-aplicativos-executados-na-inicializacao-do-windows\/","title":{"rendered":"Corrigir aplicativos executados na inicializa\u00e7\u00e3o do Windows"},"content":{"rendered":"\n<p>O Microsoft Windows tem um recurso que permite selecionar aplicativos executados na inicializa\u00e7\u00e3o e que estejam dispon\u00edveis em segundo plano. <\/p>\n\n\n\n<p>Muitos programas e aplicativos em segundo plano na inicializa\u00e7\u00e3o do sistema operacional causam lentid\u00e3o desnecess\u00e1rias.<\/p>\n\n\n\n<p>Para fazer uma an\u00e1lise e validar se algum aplicativo do seu Windows est\u00e1 impactando o desempenho do seu computador, segue os pr\u00f3ximos passos:<\/p>\n\n\n\n<ol style=\"list-style-type:1\" class=\"wp-block-list\">\n<li>Aperte as teclas <strong>Windows + R<\/strong> para abrir o <strong>Executar<\/strong>, em seguida digite <strong>taskmgr.exe<\/strong>;<\/li>\n<\/ol>\n\n\n\n<figure class=\"wp-block-image aligncenter size-full is-resized\"><img loading=\"lazy\" decoding=\"async\" width=\"520\" height=\"261\" src=\"https:\/\/ravel.com.br\/blog\/wp-content\/uploads\/2023\/09\/image-5.png\" alt=\"aplicativos executados inicializa\u00e7\u00e3o do Windows\" class=\"wp-image-5310\" style=\"width:491px;height:247px\" srcset=\"https:\/\/ravel.com.br\/blog\/wp-content\/uploads\/2023\/09\/image-5.png 520w, https:\/\/ravel.com.br\/blog\/wp-content\/uploads\/2023\/09\/image-5-300x151.png 300w\" sizes=\"(max-width: 520px) 100vw, 520px\" \/><\/figure>\n\n\n\n<p>      2. Em seguida navegue at\u00e9 a aba <strong>Inicializar <\/strong>que est\u00e1 no alto do tela;<\/p>\n\n\n\n<figure class=\"wp-block-image aligncenter size-full is-resized\"><img loading=\"lazy\" decoding=\"async\" width=\"886\" height=\"372\" src=\"https:\/\/ravel.com.br\/blog\/wp-content\/uploads\/2023\/09\/image-6.png\" alt=\"\" class=\"wp-image-5311\" style=\"width:593px;height:249px\" srcset=\"https:\/\/ravel.com.br\/blog\/wp-content\/uploads\/2023\/09\/image-6.png 886w, https:\/\/ravel.com.br\/blog\/wp-content\/uploads\/2023\/09\/image-6-300x126.png 300w, https:\/\/ravel.com.br\/blog\/wp-content\/uploads\/2023\/09\/image-6-768x322.png 768w, https:\/\/ravel.com.br\/blog\/wp-content\/uploads\/2023\/09\/image-6-610x256.png 610w\" sizes=\"(max-width: 886px) 100vw, 886px\" \/><\/figure>\n\n\n\n<p>    3. Veja que os aplicativos est\u00e3o listados pelo <strong>nome<\/strong>, <strong>fornecedor<\/strong>, <strong>status<\/strong> e <strong>impacto na inicializa\u00e7\u00e3o<\/strong>.<\/p>\n\n\n\n<p>Quanto maior o n\u00famero de aplicativos habilitados que possuem impacto na inicializa\u00e7\u00e3o <strong>Alto<\/strong> maior \u00e9 a lentid\u00e3o ao iniciar no Windows.<\/p>\n\n\n\n<ol style=\"list-style-type:1\" class=\"wp-block-list\">\n<li><\/li>\n<\/ol>\n\n\n\n<figure class=\"wp-block-image aligncenter size-full is-resized\"><img loading=\"lazy\" decoding=\"async\" width=\"650\" height=\"541\" src=\"https:\/\/ravel.com.br\/blog\/wp-content\/uploads\/2023\/09\/image-7.png\" alt=\"Aplicativos executados  inicializa\u00e7\u00e3o do Windows\" class=\"wp-image-5312\" style=\"width:390px;height:325px\" srcset=\"https:\/\/ravel.com.br\/blog\/wp-content\/uploads\/2023\/09\/image-7.png 650w, https:\/\/ravel.com.br\/blog\/wp-content\/uploads\/2023\/09\/image-7-300x250.png 300w, https:\/\/ravel.com.br\/blog\/wp-content\/uploads\/2023\/09\/image-7-610x508.png 610w\" sizes=\"(max-width: 650px) 100vw, 650px\" \/><\/figure>\n\n\n\n<p>     4. Para desativar as aplica\u00e7\u00f5es que n\u00e3o s\u00e3o relevantes basta selecionar o aplicativo desejado, apetar o bot\u00e3o direito do mouse e selecionar <strong>Desabilitar<\/strong>;<\/p>\n\n\n\n<figure class=\"wp-block-image aligncenter size-full is-resized\"><img loading=\"lazy\" decoding=\"async\" width=\"650\" height=\"508\" src=\"https:\/\/ravel.com.br\/blog\/wp-content\/uploads\/2023\/09\/image-8.png\" alt=\"\" class=\"wp-image-5313\" style=\"width:414px;height:324px\" srcset=\"https:\/\/ravel.com.br\/blog\/wp-content\/uploads\/2023\/09\/image-8.png 650w, https:\/\/ravel.com.br\/blog\/wp-content\/uploads\/2023\/09\/image-8-300x234.png 300w, https:\/\/ravel.com.br\/blog\/wp-content\/uploads\/2023\/09\/image-8-610x477.png 610w\" sizes=\"(max-width: 650px) 100vw, 650px\" \/><\/figure>\n\n\n\n<p>    5. Caso queira <strong>habilitar<\/strong> novamente a inicializa\u00e7\u00e3o da aplica\u00e7\u00e3o fa\u00e7a o procedimento inverso;<\/p>\n\n\n\n<figure class=\"wp-block-image aligncenter size-full is-resized\"><img loading=\"lazy\" decoding=\"async\" width=\"886\" height=\"591\" src=\"https:\/\/ravel.com.br\/blog\/wp-content\/uploads\/2023\/09\/image-9.png\" alt=\"\" class=\"wp-image-5314\" style=\"width:457px;height:304px\" srcset=\"https:\/\/ravel.com.br\/blog\/wp-content\/uploads\/2023\/09\/image-9.png 886w, https:\/\/ravel.com.br\/blog\/wp-content\/uploads\/2023\/09\/image-9-300x200.png 300w, https:\/\/ravel.com.br\/blog\/wp-content\/uploads\/2023\/09\/image-9-768x512.png 768w, https:\/\/ravel.com.br\/blog\/wp-content\/uploads\/2023\/09\/image-9-610x407.png 610w\" sizes=\"(max-width: 886px) 100vw, 886px\" \/><\/figure>\n\n\n\n<p>   6. Ap\u00f3s o t\u00e9rmino das configura\u00e7\u00f5es \u00e9 necess\u00e1rio reiniciar o sistema operacional para aplicar os ajustes.<\/p>\n\n\n\n<p>Fazendo esse procedimento periodicamente voc\u00ea ajudar\u00e1 os aplicativos executados inicializa\u00e7\u00e3o do Windows a manter seu sistema operacional com velocidade e desempenho.<\/p>\n\n\n\n<p>Para mais dicas, acesse:&nbsp;<a href=\"https:\/\/ravel.com.br\/blog\/category\/dicas\/\">Dicas e boas pr\u00e1ticas \u2013 Blog Tecnologia \u2013 Ravel<\/a><\/p>\n\n\n\n<figure class=\"wp-block-image size-full\"><a href=\"https:\/\/ravel.com.br\/gestao-suporte-tecnico-de-ti\"><img loading=\"lazy\" decoding=\"async\" width=\"858\" height=\"112\" src=\"https:\/\/ravel.com.br\/blog\/wp-content\/uploads\/2023\/01\/banner-blog-suporteti.png\" alt=\"Suporte de Ti\" class=\"wp-image-4975\" srcset=\"https:\/\/ravel.com.br\/blog\/wp-content\/uploads\/2023\/01\/banner-blog-suporteti.png 858w, https:\/\/ravel.com.br\/blog\/wp-content\/uploads\/2023\/01\/banner-blog-suporteti-300x39.png 300w, https:\/\/ravel.com.br\/blog\/wp-content\/uploads\/2023\/01\/banner-blog-suporteti-768x100.png 768w, https:\/\/ravel.com.br\/blog\/wp-content\/uploads\/2023\/01\/banner-blog-suporteti-610x80.png 610w\" sizes=\"(max-width: 858px) 100vw, 858px\" \/><\/a><\/figure>\n\n\n\n<p><br>Buscamos fazer com que a Tecnologia seja direcionada para Produtividade e Seguran\u00e7a das Empresas. Fazemos isso atrav\u00e9s de Solu\u00e7\u00f5es em Nuvem, Servi\u00e7os de Seguran\u00e7a e Suporte Inteligente.<\/p>\n\n\n\n<p>Somos uma empresa de TI com mais de 26 anos de experi\u00eancia e uma equipe de mais de 50 especialistas, somos o parceiro estrat\u00e9gico do seu neg\u00f3cio, da sua lideran\u00e7a, da sua TI.<\/p>\n\n\n\n<p>Consultoria de TI | Servi\u00e7os de Seguran\u00e7a | Solu\u00e7\u00f5es em Nuvem | Suporte T\u00e9cnico Inteligente | Gest\u00e3o de TI | Servi\u00e7os Gerenciados de TI (MSPs)<\/p>\n\n\n\n<p>Qual \u00e9 o seu momento? Entre em contato para criarmos juntos uma solu\u00e7\u00e3o que atenda \u00e0s suas necessidades.<\/p>\n","protected":false},"excerpt":{"rendered":"<p>Como controlar quais aplicativos s\u00e3o executados na inicializa\u00e7\u00e3o do Windows. Entenda como habilitar ou desabilitar a ativa\u00e7\u00e3o autom\u00e1tica.<\/p>\n","protected":false},"author":35,"featured_media":5318,"comment_status":"closed","ping_status":"open","sticky":false,"template":"","format":"standard","meta":{"_et_pb_use_builder":"","_et_pb_old_content":"","_et_gb_content_width":"","footnotes":""},"categories":[60],"tags":[],"class_list":["post-5309","post","type-post","status-publish","format-standard","has-post-thumbnail","hentry","category-dicas","et-has-post-format-content","et_post_format-et-post-format-standard"],"yoast_head":"<!-- This site is optimized with the Yoast SEO plugin v24.1 - https:\/\/yoast.com\/wordpress\/plugins\/seo\/ -->\n<title>Corrigir aplicativos na inicializa\u00e7\u00e3o do Windows - Blog - Ravel<\/title>\n<meta name=\"description\" content=\"Como controlar quais aplicativos s\u00e3o executados na inicializa\u00e7\u00e3o do Windows. Entenda como habilitar ou desabilitar a ativa\u00e7\u00e3o autom\u00e1tica.\" \/>\n<meta name=\"robots\" content=\"index, follow, max-snippet:-1, max-image-preview:large, max-video-preview:-1\" \/>\n<link rel=\"canonical\" href=\"https:\/\/ravel.com.br\/blog\/corrigir-aplicativos-executados-na-inicializacao-do-windows\/\" \/>\n<meta property=\"og:locale\" content=\"pt_BR\" \/>\n<meta property=\"og:type\" content=\"article\" \/>\n<meta property=\"og:title\" content=\"Corrigir aplicativos na inicializa\u00e7\u00e3o do Windows - Blog - Ravel\" \/>\n<meta property=\"og:description\" content=\"Como controlar quais aplicativos s\u00e3o executados na inicializa\u00e7\u00e3o do Windows. Entenda como habilitar ou desabilitar a ativa\u00e7\u00e3o autom\u00e1tica.\" \/>\n<meta property=\"og:url\" content=\"https:\/\/ravel.com.br\/blog\/corrigir-aplicativos-executados-na-inicializacao-do-windows\/\" \/>\n<meta property=\"og:site_name\" content=\"Blog Tecnologia\" \/>\n<meta property=\"article:published_time\" content=\"2023-09-11T13:27:46+00:00\" \/>\n<meta property=\"article:modified_time\" content=\"2025-08-14T19:04:01+00:00\" \/>\n<meta property=\"og:image\" content=\"https:\/\/ravel.com.br\/blog\/wp-content\/uploads\/2023\/09\/Capa-inicializacao-windows.png\" \/>\n\t<meta property=\"og:image:width\" content=\"1000\" \/>\n\t<meta property=\"og:image:height\" content=\"667\" \/>\n\t<meta property=\"og:image:type\" content=\"image\/png\" \/>\n<meta name=\"author\" content=\"Diego Assoni\" \/>\n<meta name=\"twitter:card\" content=\"summary_large_image\" \/>\n<meta name=\"twitter:label1\" content=\"Escrito por\" \/>\n\t<meta name=\"twitter:data1\" content=\"Diego Assoni\" \/>\n\t<meta name=\"twitter:label2\" content=\"Est. tempo de leitura\" \/>\n\t<meta name=\"twitter:data2\" content=\"4 minutos\" \/>\n<script type=\"application\/ld+json\" class=\"yoast-schema-graph\">{\"@context\":\"https:\/\/schema.org\",\"@graph\":[{\"@type\":\"WebPage\",\"@id\":\"https:\/\/ravel.com.br\/blog\/corrigir-aplicativos-executados-na-inicializacao-do-windows\/\",\"url\":\"https:\/\/ravel.com.br\/blog\/corrigir-aplicativos-executados-na-inicializacao-do-windows\/\",\"name\":\"Corrigir aplicativos na inicializa\u00e7\u00e3o do Windows - Blog - Ravel\",\"isPartOf\":{\"@id\":\"https:\/\/ravel.com.br\/blog\/#website\"},\"primaryImageOfPage\":{\"@id\":\"https:\/\/ravel.com.br\/blog\/corrigir-aplicativos-executados-na-inicializacao-do-windows\/#primaryimage\"},\"image\":{\"@id\":\"https:\/\/ravel.com.br\/blog\/corrigir-aplicativos-executados-na-inicializacao-do-windows\/#primaryimage\"},\"thumbnailUrl\":\"https:\/\/ravel.com.br\/blog\/wp-content\/uploads\/2023\/09\/Capa-inicializacao-windows.png\",\"datePublished\":\"2023-09-11T13:27:46+00:00\",\"dateModified\":\"2025-08-14T19:04:01+00:00\",\"author\":{\"@id\":\"https:\/\/ravel.com.br\/blog\/#\/schema\/person\/138ba26b6ff2bafad00a2986751b8f1d\"},\"description\":\"Como controlar quais aplicativos s\u00e3o executados na inicializa\u00e7\u00e3o do Windows. Entenda como habilitar ou desabilitar a ativa\u00e7\u00e3o autom\u00e1tica.\",\"breadcrumb\":{\"@id\":\"https:\/\/ravel.com.br\/blog\/corrigir-aplicativos-executados-na-inicializacao-do-windows\/#breadcrumb\"},\"inLanguage\":\"pt-BR\",\"potentialAction\":[{\"@type\":\"ReadAction\",\"target\":[\"https:\/\/ravel.com.br\/blog\/corrigir-aplicativos-executados-na-inicializacao-do-windows\/\"]}]},{\"@type\":\"ImageObject\",\"inLanguage\":\"pt-BR\",\"@id\":\"https:\/\/ravel.com.br\/blog\/corrigir-aplicativos-executados-na-inicializacao-do-windows\/#primaryimage\",\"url\":\"https:\/\/ravel.com.br\/blog\/wp-content\/uploads\/2023\/09\/Capa-inicializacao-windows.png\",\"contentUrl\":\"https:\/\/ravel.com.br\/blog\/wp-content\/uploads\/2023\/09\/Capa-inicializacao-windows.png\",\"width\":1000,\"height\":667,\"caption\":\"Corrigir aplicativos executados na inicializa\u00e7\u00e3o do Windows\"},{\"@type\":\"BreadcrumbList\",\"@id\":\"https:\/\/ravel.com.br\/blog\/corrigir-aplicativos-executados-na-inicializacao-do-windows\/#breadcrumb\",\"itemListElement\":[{\"@type\":\"ListItem\",\"position\":1,\"name\":\"In\u00edcio\",\"item\":\"https:\/\/ravel.com.br\/blog\/\"},{\"@type\":\"ListItem\",\"position\":2,\"name\":\"Corrigir aplicativos executados na inicializa\u00e7\u00e3o do Windows\"}]},{\"@type\":\"WebSite\",\"@id\":\"https:\/\/ravel.com.br\/blog\/#website\",\"url\":\"https:\/\/ravel.com.br\/blog\/\",\"name\":\"Blog Tecnologia\",\"description\":\"Dicas e Artigos sobre Tecnologia\",\"potentialAction\":[{\"@type\":\"SearchAction\",\"target\":{\"@type\":\"EntryPoint\",\"urlTemplate\":\"https:\/\/ravel.com.br\/blog\/?s={search_term_string}\"},\"query-input\":{\"@type\":\"PropertyValueSpecification\",\"valueRequired\":true,\"valueName\":\"search_term_string\"}}],\"inLanguage\":\"pt-BR\"},{\"@type\":\"Person\",\"@id\":\"https:\/\/ravel.com.br\/blog\/#\/schema\/person\/138ba26b6ff2bafad00a2986751b8f1d\",\"name\":\"Diego Assoni\",\"image\":{\"@type\":\"ImageObject\",\"inLanguage\":\"pt-BR\",\"@id\":\"https:\/\/ravel.com.br\/blog\/#\/schema\/person\/image\/\",\"url\":\"https:\/\/secure.gravatar.com\/avatar\/5da17516683909459c0854baf20fae02?s=96&d=mm&r=g\",\"contentUrl\":\"https:\/\/secure.gravatar.com\/avatar\/5da17516683909459c0854baf20fae02?s=96&d=mm&r=g\",\"caption\":\"Diego Assoni\"},\"description\":\"Atua no time de projetos, implementando e desenvolvendo novas solu\u00e7\u00f5es tecnol\u00f3gicas para os clientes. Busca de novos conhecimentos e desafios para a carreira profissional. Nas horas vagas gosto de ficar com a fam\u00edlia, jogar e sair com os amigos.\",\"url\":\"https:\/\/ravel.com.br\/blog\/author\/diego-assoni\/\"}]}<\/script>\n<!-- \/ Yoast SEO plugin. -->","yoast_head_json":{"title":"Corrigir aplicativos na inicializa\u00e7\u00e3o do Windows - Blog - Ravel","description":"Como controlar quais aplicativos s\u00e3o executados na inicializa\u00e7\u00e3o do Windows. Entenda como habilitar ou desabilitar a ativa\u00e7\u00e3o autom\u00e1tica.","robots":{"index":"index","follow":"follow","max-snippet":"max-snippet:-1","max-image-preview":"max-image-preview:large","max-video-preview":"max-video-preview:-1"},"canonical":"https:\/\/ravel.com.br\/blog\/corrigir-aplicativos-executados-na-inicializacao-do-windows\/","og_locale":"pt_BR","og_type":"article","og_title":"Corrigir aplicativos na inicializa\u00e7\u00e3o do Windows - Blog - Ravel","og_description":"Como controlar quais aplicativos s\u00e3o executados na inicializa\u00e7\u00e3o do Windows. Entenda como habilitar ou desabilitar a ativa\u00e7\u00e3o autom\u00e1tica.","og_url":"https:\/\/ravel.com.br\/blog\/corrigir-aplicativos-executados-na-inicializacao-do-windows\/","og_site_name":"Blog Tecnologia","article_published_time":"2023-09-11T13:27:46+00:00","article_modified_time":"2025-08-14T19:04:01+00:00","og_image":[{"width":1000,"height":667,"url":"https:\/\/ravel.com.br\/blog\/wp-content\/uploads\/2023\/09\/Capa-inicializacao-windows.png","type":"image\/png"}],"author":"Diego Assoni","twitter_card":"summary_large_image","twitter_misc":{"Escrito por":"Diego Assoni","Est. tempo de leitura":"4 minutos"},"schema":{"@context":"https:\/\/schema.org","@graph":[{"@type":"WebPage","@id":"https:\/\/ravel.com.br\/blog\/corrigir-aplicativos-executados-na-inicializacao-do-windows\/","url":"https:\/\/ravel.com.br\/blog\/corrigir-aplicativos-executados-na-inicializacao-do-windows\/","name":"Corrigir aplicativos na inicializa\u00e7\u00e3o do Windows - Blog - Ravel","isPartOf":{"@id":"https:\/\/ravel.com.br\/blog\/#website"},"primaryImageOfPage":{"@id":"https:\/\/ravel.com.br\/blog\/corrigir-aplicativos-executados-na-inicializacao-do-windows\/#primaryimage"},"image":{"@id":"https:\/\/ravel.com.br\/blog\/corrigir-aplicativos-executados-na-inicializacao-do-windows\/#primaryimage"},"thumbnailUrl":"https:\/\/ravel.com.br\/blog\/wp-content\/uploads\/2023\/09\/Capa-inicializacao-windows.png","datePublished":"2023-09-11T13:27:46+00:00","dateModified":"2025-08-14T19:04:01+00:00","author":{"@id":"https:\/\/ravel.com.br\/blog\/#\/schema\/person\/138ba26b6ff2bafad00a2986751b8f1d"},"description":"Como controlar quais aplicativos s\u00e3o executados na inicializa\u00e7\u00e3o do Windows. Entenda como habilitar ou desabilitar a ativa\u00e7\u00e3o autom\u00e1tica.","breadcrumb":{"@id":"https:\/\/ravel.com.br\/blog\/corrigir-aplicativos-executados-na-inicializacao-do-windows\/#breadcrumb"},"inLanguage":"pt-BR","potentialAction":[{"@type":"ReadAction","target":["https:\/\/ravel.com.br\/blog\/corrigir-aplicativos-executados-na-inicializacao-do-windows\/"]}]},{"@type":"ImageObject","inLanguage":"pt-BR","@id":"https:\/\/ravel.com.br\/blog\/corrigir-aplicativos-executados-na-inicializacao-do-windows\/#primaryimage","url":"https:\/\/ravel.com.br\/blog\/wp-content\/uploads\/2023\/09\/Capa-inicializacao-windows.png","contentUrl":"https:\/\/ravel.com.br\/blog\/wp-content\/uploads\/2023\/09\/Capa-inicializacao-windows.png","width":1000,"height":667,"caption":"Corrigir aplicativos executados na inicializa\u00e7\u00e3o do Windows"},{"@type":"BreadcrumbList","@id":"https:\/\/ravel.com.br\/blog\/corrigir-aplicativos-executados-na-inicializacao-do-windows\/#breadcrumb","itemListElement":[{"@type":"ListItem","position":1,"name":"In\u00edcio","item":"https:\/\/ravel.com.br\/blog\/"},{"@type":"ListItem","position":2,"name":"Corrigir aplicativos executados na inicializa\u00e7\u00e3o do Windows"}]},{"@type":"WebSite","@id":"https:\/\/ravel.com.br\/blog\/#website","url":"https:\/\/ravel.com.br\/blog\/","name":"Blog Tecnologia","description":"Dicas e Artigos sobre Tecnologia","potentialAction":[{"@type":"SearchAction","target":{"@type":"EntryPoint","urlTemplate":"https:\/\/ravel.com.br\/blog\/?s={search_term_string}"},"query-input":{"@type":"PropertyValueSpecification","valueRequired":true,"valueName":"search_term_string"}}],"inLanguage":"pt-BR"},{"@type":"Person","@id":"https:\/\/ravel.com.br\/blog\/#\/schema\/person\/138ba26b6ff2bafad00a2986751b8f1d","name":"Diego Assoni","image":{"@type":"ImageObject","inLanguage":"pt-BR","@id":"https:\/\/ravel.com.br\/blog\/#\/schema\/person\/image\/","url":"https:\/\/secure.gravatar.com\/avatar\/5da17516683909459c0854baf20fae02?s=96&d=mm&r=g","contentUrl":"https:\/\/secure.gravatar.com\/avatar\/5da17516683909459c0854baf20fae02?s=96&d=mm&r=g","caption":"Diego Assoni"},"description":"Atua no time de projetos, implementando e desenvolvendo novas solu\u00e7\u00f5es tecnol\u00f3gicas para os clientes. Busca de novos conhecimentos e desafios para a carreira profissional. Nas horas vagas gosto de ficar com a fam\u00edlia, jogar e sair com os amigos.","url":"https:\/\/ravel.com.br\/blog\/author\/diego-assoni\/"}]}},"_links":{"self":[{"href":"https:\/\/ravel.com.br\/blog\/wp-json\/wp\/v2\/posts\/5309","targetHints":{"allow":["GET"]}}],"collection":[{"href":"https:\/\/ravel.com.br\/blog\/wp-json\/wp\/v2\/posts"}],"about":[{"href":"https:\/\/ravel.com.br\/blog\/wp-json\/wp\/v2\/types\/post"}],"author":[{"embeddable":true,"href":"https:\/\/ravel.com.br\/blog\/wp-json\/wp\/v2\/users\/35"}],"replies":[{"embeddable":true,"href":"https:\/\/ravel.com.br\/blog\/wp-json\/wp\/v2\/comments?post=5309"}],"version-history":[{"count":6,"href":"https:\/\/ravel.com.br\/blog\/wp-json\/wp\/v2\/posts\/5309\/revisions"}],"predecessor-version":[{"id":6433,"href":"https:\/\/ravel.com.br\/blog\/wp-json\/wp\/v2\/posts\/5309\/revisions\/6433"}],"wp:featuredmedia":[{"embeddable":true,"href":"https:\/\/ravel.com.br\/blog\/wp-json\/wp\/v2\/media\/5318"}],"wp:attachment":[{"href":"https:\/\/ravel.com.br\/blog\/wp-json\/wp\/v2\/media?parent=5309"}],"wp:term":[{"taxonomy":"category","embeddable":true,"href":"https:\/\/ravel.com.br\/blog\/wp-json\/wp\/v2\/categories?post=5309"},{"taxonomy":"post_tag","embeddable":true,"href":"https:\/\/ravel.com.br\/blog\/wp-json\/wp\/v2\/tags?post=5309"}],"curies":[{"name":"wp","href":"https:\/\/api.w.org\/{rel}","templated":true}]}}