{"id":5493,"date":"2023-11-01T10:13:38","date_gmt":"2023-11-01T13:13:38","guid":{"rendered":"https:\/\/ravel.com.br\/blog\/?p=5493"},"modified":"2025-05-15T17:48:40","modified_gmt":"2025-05-15T20:48:40","slug":"a-porta-de-entrada-das-insegurancas-tecnologicas","status":"publish","type":"post","link":"https:\/\/ravel.com.br\/blog\/a-porta-de-entrada-das-insegurancas-tecnologicas\/","title":{"rendered":"A porta de entrada das inseguran\u00e7as tecnol\u00f3gicas"},"content":{"rendered":"\n<h2 class=\"wp-block-heading\">A ABERTURA DAS INSEGURAN\u00c7AS TECNOL\u00d3GICAS<\/h2>\n\n\n\n<p>Se voc\u00ea est\u00e1 \u00e0 frente de uma empresa ou mesmo faz parte como colaborador de uma, sabe o que \u00e9 ter inseguran\u00e7as tecnol\u00f3gicas ou as paradas por causa de algum dano relativo a invas\u00e3o dos sistemas, roubo de dados, perda de backups ou mesmo a criptografia do servidor.<\/p>\n\n\n\n<p>No passado todas estas situa\u00e7\u00f5es eram apenas cenas de filmes. Nos dias atuais, todos nos sabemos que isso \u00e9 uma preocupa\u00e7\u00e3o do dia a dia. O mais complicado \u00e9 que muitas empresas n\u00e3o est\u00e3o nem um pouco preparadas e quando uma destas inseguran\u00e7as tecnol\u00f3gicas ocorrem, o preju\u00edzo \u00e9 enorme e pode at\u00e9 falir uma empresa.<\/p>\n\n\n\n<p>Muitos usu\u00e1rios podem inadvertidamente introduzir diversas vulnerabilidades em uma empresa quando se trata da seguran\u00e7a de dados e sistemas.<\/p>\n\n\n\n<p>Relacionei, algumas das vulnerabilidades mais comuns associadas a falta de pol\u00edticas de seguran\u00e7a ou uma empresa focada em minimizar estas falhas. Saiba que a Ravel pode ajudar voc\u00ea, mas antes, quais pontos voc\u00ea deve estar atento.<\/p>\n\n\n\n<p><\/p>\n\n\n\n<figure class=\"wp-block-image size-full\"><img loading=\"lazy\" decoding=\"async\" width=\"875\" height=\"269\" src=\"https:\/\/ravel.com.br\/blog\/wp-content\/uploads\/2023\/11\/banner-A-porta-de-entrada-das-insegurancas-tecnologicas.png\" alt=\"inseguran\u00e7as tecnol\u00f3gicas\" class=\"wp-image-5499\" srcset=\"https:\/\/ravel.com.br\/blog\/wp-content\/uploads\/2023\/11\/banner-A-porta-de-entrada-das-insegurancas-tecnologicas.png 875w, https:\/\/ravel.com.br\/blog\/wp-content\/uploads\/2023\/11\/banner-A-porta-de-entrada-das-insegurancas-tecnologicas-300x92.png 300w, https:\/\/ravel.com.br\/blog\/wp-content\/uploads\/2023\/11\/banner-A-porta-de-entrada-das-insegurancas-tecnologicas-768x236.png 768w, https:\/\/ravel.com.br\/blog\/wp-content\/uploads\/2023\/11\/banner-A-porta-de-entrada-das-insegurancas-tecnologicas-610x188.png 610w\" sizes=\"(max-width: 875px) 100vw, 875px\" \/><\/figure>\n\n\n\n<p><\/p>\n\n\n\n<h2 class=\"wp-block-heading\">AS FALHAS MAIS COMUNS EM SEGURAN\u00c7A DA INFORMA\u00c7\u00c3O<\/h2>\n\n\n\n<p><strong>Senhas fracas:<\/strong> Senhas simples, previs\u00edveis ou compartilhadas podem facilitar o acesso n\u00e3o autorizado a contas e sistemas. Troca com frequ\u00eancia sua senha e crie senhas fortes.<\/p>\n\n\n\n<p><strong>Falta de autentica\u00e7\u00e3o em dois fatores (2FA):<\/strong> A aus\u00eancia de autentica\u00e7\u00e3o em dois fatores torna as contas mais suscet\u00edveis a invas\u00f5es.<\/p>\n\n\n\n<p><a href=\"https:\/\/ravel.com.br\/blog\/como-identificar-e-evitar-golpes-online-os-perigos-do-phishing\/\"><strong><mark style=\"background-color:rgba(0, 0, 0, 0)\" class=\"has-inline-color has-vivid-cyan-blue-color\">Phishing:<\/mark><\/strong> <\/a>Os usu\u00e1rios podem ser enganados por e-mails, mensagens ou links maliciosos, expondo informa\u00e7\u00f5es confidenciais. O Brasil det\u00e9m o recorde mundial de fraudes neste modelo. Aten\u00e7\u00e3o a todo email recebido.<\/p>\n\n\n\n<p><strong>Desaten\u00e7\u00e3o a atualiza\u00e7\u00f5es de seguran\u00e7a:<\/strong> Ignorar atualiza\u00e7\u00f5es de sistema e software pode deixar sistemas vulner\u00e1veis e expostos. Na Ravel, podemos ajud\u00e1-lo a manter sua estrutura de tecnologia atualizada sem a a\u00e7\u00e3o do usu\u00e1rio. Vale a pena conhecer.<\/p>\n\n\n\n<p><strong>Compartilhamento inadequado de informa\u00e7\u00f5es: <\/strong>Compartilhar dados confidenciais inadvertidamente ou sem autoriza\u00e7\u00e3o pode causar vazamentos de informa\u00e7\u00f5es.<\/p>\n\n\n\n<p><strong>Uso de dispositivos n\u00e3o autorizados:<\/strong> A utiliza\u00e7\u00e3o de dispositivos pessoais n\u00e3o autorizados na rede corporativa pode introduzir riscos de seguran\u00e7a.<\/p>\n\n\n\n<p><strong>Falta de conscientiza\u00e7\u00e3o em seguran\u00e7a: <\/strong>Usu\u00e1rios que n\u00e3o est\u00e3o cientes das melhores pr\u00e1ticas de seguran\u00e7a podem agir de maneira negligente.<\/p>\n\n\n\n<p><strong>Acesso n\u00e3o autorizado a informa\u00e7\u00f5es confidenciais:<\/strong> Os funcion\u00e1rios podem acessar dados sens\u00edveis sem autoriza\u00e7\u00e3o, seja intencional ou acidentalmente.<\/p>\n\n\n\n<p><strong>Download de software n\u00e3o confi\u00e1vel:<\/strong> Baixar aplicativos ou software de fontes n\u00e3o confi\u00e1veis pode resultar em malware ou vulnerabilidades.<\/p>\n\n\n\n<p><strong>A\u00e7\u00e3o impulsiva:<\/strong> Tomar decis\u00f5es precipitadas, como abrir anexos desconhecidos, pode expor a empresa a amea\u00e7as.<\/p>\n\n\n\n<p><strong>Armazenamento inadequado de informa\u00e7\u00f5es: <\/strong>Deixar informa\u00e7\u00f5es sens\u00edveis em locais desprotegidos, como post-its ou documentos f\u00edsicos, pode ser um risco.<\/p>\n\n\n\n<p><strong>Acesso a dados de terceiros:<\/strong> Fornecer acesso a terceiros sem uma revis\u00e3o rigorosa de seguran\u00e7a pode abrir portas para amea\u00e7as.<\/p>\n\n\n\n<p><\/p>\n\n\n\n<figure class=\"wp-block-image size-full\"><img loading=\"lazy\" decoding=\"async\" width=\"875\" height=\"269\" src=\"https:\/\/ravel.com.br\/blog\/wp-content\/uploads\/2023\/11\/banner-A-porta-de-entrada-das-insegurancas-tecnologicas-1.png\" alt=\"inseguran\u00e7as tecnol\u00f3gicas\" class=\"wp-image-5500\" srcset=\"https:\/\/ravel.com.br\/blog\/wp-content\/uploads\/2023\/11\/banner-A-porta-de-entrada-das-insegurancas-tecnologicas-1.png 875w, https:\/\/ravel.com.br\/blog\/wp-content\/uploads\/2023\/11\/banner-A-porta-de-entrada-das-insegurancas-tecnologicas-1-300x92.png 300w, https:\/\/ravel.com.br\/blog\/wp-content\/uploads\/2023\/11\/banner-A-porta-de-entrada-das-insegurancas-tecnologicas-1-768x236.png 768w, https:\/\/ravel.com.br\/blog\/wp-content\/uploads\/2023\/11\/banner-A-porta-de-entrada-das-insegurancas-tecnologicas-1-610x188.png 610w\" sizes=\"(max-width: 875px) 100vw, 875px\" \/><\/figure>\n\n\n\n<p><\/p>\n\n\n\n<h2 class=\"wp-block-heading\">COMO REDUZIR AS inseguran\u00e7as tecnol\u00f3gicas da minha empresa<\/h2>\n\n\n\n<p>Para mitigar essas vulnerabilidades, as empresas devem investir em treinamento de conscientiza\u00e7\u00e3o em seguran\u00e7a, implementar pol\u00edticas de seguran\u00e7a s\u00f3lidas, adotar medidas de autentica\u00e7\u00e3o robustas e monitorar de perto o uso de sistemas e dados.<\/p>\n\n\n\n<p>Al\u00e9m disso, \u00e9 fundamental manter sistemas e software atualizados e realizar auditorias regulares de seguran\u00e7a. Uma empresa pode se proteger contra as vulnerabilidades comuns causadas pelos usu\u00e1rios implementando uma s\u00e9rie de medidas de seguran\u00e7a. Aqui est\u00e3o algumas pr\u00e1ticas recomendadas:<\/p>\n\n\n\n<p><strong>Treinamento em Conscientiza\u00e7\u00e3o em Seguran\u00e7a:<\/strong> Realize treinamentos regulares para conscientizar os funcion\u00e1rios sobre as amea\u00e7as de seguran\u00e7a, pr\u00e1ticas recomendadas e como reconhecer amea\u00e7as, como phishing.<\/p>\n\n\n\n<p><strong>Pol\u00edticas de Seguran\u00e7a:<\/strong> Estabele\u00e7a pol\u00edticas de seguran\u00e7a claras e comunicativas. Isso deve incluir diretrizes para senhas seguras, compartilhamento de informa\u00e7\u00f5es e uso de dispositivos pessoais na rede corporativa.<\/p>\n\n\n\n<p><mark style=\"background-color:rgba(0, 0, 0, 0)\" class=\"has-inline-color has-vivid-cyan-blue-color\"><strong><a href=\"https:\/\/ravel.com.br\/blog\/proteja-seus-dados-usando-mfa\/\" target=\"_blank\" rel=\"noreferrer noopener\">Autentica\u00e7\u00e3o Multifatorial (MFA\/2FA):<\/a><\/strong> <\/mark>Implemente a autentica\u00e7\u00e3o multifatorial (MFA\/2FA) em todos os sistemas cr\u00edticos para adicionar uma camada adicional de seguran\u00e7a.<\/p>\n\n\n\n<p><strong>Atualiza\u00e7\u00f5es e Patches:<\/strong> Mantenha sistemas operacionais e software atualizados com as \u00faltimas atualiza\u00e7\u00f5es e patches de seguran\u00e7a para corrigir vulnerabilidades conhecidas. Consulte a Ravel como estas automatiza\u00e7\u00f5es e outras mais podem ser implementadas em sua empresa.<\/p>\n\n\n\n<p><strong>Restri\u00e7\u00f5es de Acesso:<\/strong> Limite o acesso de usu\u00e1rios a sistemas e informa\u00e7\u00f5es, fornecendo apenas as permiss\u00f5es necess\u00e1rias para realizar suas fun\u00e7\u00f5es.<\/p>\n\n\n\n<p><strong>Monitoramento de Atividades:<\/strong> Implemente sistemas de monitoramento de atividades para detectar comportamentos suspeitos ou acesso n\u00e3o autorizado a dados.<\/p>\n\n\n\n<p><strong>Criptografia:<\/strong> Proteja dados confidenciais por meio da criptografia, tanto em tr\u00e2nsito quanto em repouso.<\/p>\n\n\n\n<p><strong>Firewalls e Antiv\u00edrus:<\/strong> Use firewalls e programas antiv\u00edrus atualizados para proteger contra malwares e ataques cibern\u00e9ticos.<\/p>\n\n\n\n<p><strong>Gest\u00e3o de Dispositivos M\u00f3veis (MDM): <\/strong>Se permitir dispositivos m\u00f3veis no ambiente de trabalho, adote uma solu\u00e7\u00e3o de MDM para controlar e proteger dispositivos e dados corporativos.<\/p>\n\n\n\n<p><strong>Backup e Recupera\u00e7\u00e3o de Dados: <\/strong>Fa\u00e7a backups regulares de dados cr\u00edticos e estabele\u00e7a um plano de recupera\u00e7\u00e3o de desastres para minimizar os impactos em caso de incidentes de seguran\u00e7a.<\/p>\n\n\n\n<p><strong>Acesso Remoto Seguro:<\/strong> Se necess\u00e1rio, forne\u00e7a acesso remoto seguro, como uma VPN, para proteger as conex\u00f5es fora do local.<\/p>\n\n\n\n<p><strong>Teste de Penetra\u00e7\u00e3o e Auditorias de Seguran\u00e7a:<\/strong> Realize testes de penetra\u00e7\u00e3o regulares e auditorias de seguran\u00e7a para identificar vulnerabilidades e pontos fracos no sistema.<\/p>\n\n\n\n<p><strong>Pol\u00edtica de Resposta a Incidentes:<\/strong> Desenvolva uma pol\u00edtica de resposta a incidentes para saber como lidar com incidentes de seguran\u00e7a e minimizar danos em caso de viola\u00e7\u00f5es.<\/p>\n\n\n\n<p><strong>Controle de Terceiros:<\/strong> Ao fornecer acesso a terceiros, como fornecedores ou prestadores de servi\u00e7os, estabele\u00e7a controles r\u00edgidos de seguran\u00e7a e monitore seu acesso.<\/p>\n\n\n\n<p>Lembre-se de que a seguran\u00e7a cibern\u00e9tica \u00e9 uma responsabilidade cont\u00ednua e deve ser incorporada \u00e0 cultura da empresa.<\/p>\n\n\n\n<figure class=\"wp-block-image size-full\"><img loading=\"lazy\" decoding=\"async\" width=\"875\" height=\"269\" src=\"https:\/\/ravel.com.br\/blog\/wp-content\/uploads\/2023\/11\/banner-A-porta-de-entrada-das-insegurancas-tecnologicas-2.png\" alt=\"inseguran\u00e7as tecnol\u00f3gicas\" class=\"wp-image-5501\" srcset=\"https:\/\/ravel.com.br\/blog\/wp-content\/uploads\/2023\/11\/banner-A-porta-de-entrada-das-insegurancas-tecnologicas-2.png 875w, https:\/\/ravel.com.br\/blog\/wp-content\/uploads\/2023\/11\/banner-A-porta-de-entrada-das-insegurancas-tecnologicas-2-300x92.png 300w, https:\/\/ravel.com.br\/blog\/wp-content\/uploads\/2023\/11\/banner-A-porta-de-entrada-das-insegurancas-tecnologicas-2-768x236.png 768w, https:\/\/ravel.com.br\/blog\/wp-content\/uploads\/2023\/11\/banner-A-porta-de-entrada-das-insegurancas-tecnologicas-2-610x188.png 610w\" sizes=\"(max-width: 875px) 100vw, 875px\" \/><\/figure>\n\n\n\n<h2 class=\"wp-block-heading\"><strong>A RAVEL PODE AJUD\u00c1-LO A PROTEGER SUA EMPRESA E SUAS INFORMA\u00c7\u00d5ES<\/strong><\/h2>\n\n\n\n<p>A tecnologia est\u00e1 sempre evoluindo. Mantenha-se atualizado sobre as \u00faltimas tend\u00eancias e atualize suas solu\u00e7\u00f5es conforme necess\u00e1rio para permanecer competitivo.<\/p>\n\n\n\n<p>As amea\u00e7as evoluem constantemente, portanto, a adapta\u00e7\u00e3o e a melhoria cont\u00ednua das medidas de seguran\u00e7a s\u00e3o essenciais. Al\u00e9m disso, considere consultar um especialista em seguran\u00e7a cibern\u00e9tica para avaliar e melhorar as inseguran\u00e7as tecnol\u00f3gicas da sua empresa.<\/p>\n\n\n\n<p>Lembre-se de que os investimentos em tecnologia devem ser parte integrante da estrat\u00e9gia geral da sua empresa e devem estar alinhados com seus objetivos de longo prazo. \u00c9 importante ser cauteloso e buscar orienta\u00e7\u00e3o quando necess\u00e1rio para tomar decis\u00f5es informadas sobre tecnologia.<\/p>\n\n\n\n<p>Falando em acompanhamento adequado, conte com a Ravel. Estamos aqui h\u00e1 mais de duas d\u00e9cadas auxiliando milhares de empresas quando o assunto \u00e9 suporte em tecnologia, gest\u00e3o da sua \u00e1rea de TI, seguran\u00e7a da informa\u00e7\u00e3o e as inseguran\u00e7as tecnol\u00f3gicas que se relaciona ao tema.<\/p>\n\n\n\n<p>Agende um momento conosco, tenho certeza que poderemos ajud\u00e1-lo. Forte abra\u00e7o e at\u00e9 o pr\u00f3ximo conte\u00fado.<\/p>\n\n\n\n<p>Para mais dicas, acesse:&nbsp;<a href=\"https:\/\/ravel.com.br\/blog\/\" target=\"_blank\" rel=\"noreferrer noopener\">Blog Tecnologia \u2013 Ravel<\/a><\/p>\n\n\n\n<figure class=\"wp-block-image size-full\"><a href=\"ravel.com.br\"><img loading=\"lazy\" decoding=\"async\" width=\"858\" height=\"112\" src=\"https:\/\/ravel.com.br\/blog\/wp-content\/uploads\/2023\/07\/banner-blog-ravel.png\" alt=\"tecnologia ao seu favor\" class=\"wp-image-4960\" srcset=\"https:\/\/ravel.com.br\/blog\/wp-content\/uploads\/2023\/07\/banner-blog-ravel.png 858w, https:\/\/ravel.com.br\/blog\/wp-content\/uploads\/2023\/07\/banner-blog-ravel-300x39.png 300w, https:\/\/ravel.com.br\/blog\/wp-content\/uploads\/2023\/07\/banner-blog-ravel-768x100.png 768w, https:\/\/ravel.com.br\/blog\/wp-content\/uploads\/2023\/07\/banner-blog-ravel-610x80.png 610w\" sizes=\"(max-width: 858px) 100vw, 858px\" \/><\/a><\/figure>\n","protected":false},"excerpt":{"rendered":"<p>Explore como a falta de conscientiza\u00e7\u00e3o digital pode se tornar a porta de entrada para inseguran\u00e7as tecnol\u00f3gicas na sua empresa.<\/p>\n","protected":false},"author":19,"featured_media":5505,"comment_status":"closed","ping_status":"open","sticky":false,"template":"","format":"standard","meta":{"_et_pb_use_builder":"","_et_pb_old_content":"","_et_gb_content_width":"","footnotes":""},"categories":[6,105],"tags":[],"class_list":["post-5493","post","type-post","status-publish","format-standard","has-post-thumbnail","hentry","category-tecnologia","category-viver-com-tecnologia","et-has-post-format-content","et_post_format-et-post-format-standard"],"yoast_head":"<!-- This site is optimized with the Yoast SEO plugin v24.1 - https:\/\/yoast.com\/wordpress\/plugins\/seo\/ -->\n<title>A porta de entrada das inseguran\u00e7as tecnol\u00f3gicas - Ravel<\/title>\n<meta name=\"description\" content=\"Explore como a falta de conscientiza\u00e7\u00e3o digital pode se tornar a porta de entrada para inseguran\u00e7as tecnol\u00f3gicas na sua empresa.\" \/>\n<meta name=\"robots\" content=\"index, follow, max-snippet:-1, max-image-preview:large, max-video-preview:-1\" \/>\n<link rel=\"canonical\" href=\"https:\/\/ravel.com.br\/blog\/a-porta-de-entrada-das-insegurancas-tecnologicas\/\" \/>\n<meta property=\"og:locale\" content=\"pt_BR\" \/>\n<meta property=\"og:type\" content=\"article\" \/>\n<meta property=\"og:title\" content=\"A porta de entrada das inseguran\u00e7as tecnol\u00f3gicas - Ravel\" \/>\n<meta property=\"og:description\" content=\"Explore como a falta de conscientiza\u00e7\u00e3o digital pode se tornar a porta de entrada para inseguran\u00e7as tecnol\u00f3gicas na sua empresa.\" \/>\n<meta property=\"og:url\" content=\"https:\/\/ravel.com.br\/blog\/a-porta-de-entrada-das-insegurancas-tecnologicas\/\" \/>\n<meta property=\"og:site_name\" content=\"Blog Tecnologia\" \/>\n<meta property=\"article:published_time\" content=\"2023-11-01T13:13:38+00:00\" \/>\n<meta property=\"article:modified_time\" content=\"2025-05-15T20:48:40+00:00\" \/>\n<meta property=\"og:image\" content=\"https:\/\/ravel.com.br\/blog\/wp-content\/uploads\/2023\/11\/Capa-A-porta-de-entrada-das-insegurancas-tecnologicas.png\" \/>\n\t<meta property=\"og:image:width\" content=\"1000\" \/>\n\t<meta property=\"og:image:height\" content=\"667\" \/>\n\t<meta property=\"og:image:type\" content=\"image\/png\" \/>\n<meta name=\"author\" content=\"Benicio Filho\" \/>\n<meta name=\"twitter:card\" content=\"summary_large_image\" \/>\n<meta name=\"twitter:label1\" content=\"Escrito por\" \/>\n\t<meta name=\"twitter:data1\" content=\"Benicio Filho\" \/>\n\t<meta name=\"twitter:label2\" content=\"Est. tempo de leitura\" \/>\n\t<meta name=\"twitter:data2\" content=\"7 minutos\" \/>\n<script type=\"application\/ld+json\" class=\"yoast-schema-graph\">{\"@context\":\"https:\/\/schema.org\",\"@graph\":[{\"@type\":\"WebPage\",\"@id\":\"https:\/\/ravel.com.br\/blog\/a-porta-de-entrada-das-insegurancas-tecnologicas\/\",\"url\":\"https:\/\/ravel.com.br\/blog\/a-porta-de-entrada-das-insegurancas-tecnologicas\/\",\"name\":\"A porta de entrada das inseguran\u00e7as tecnol\u00f3gicas - Ravel\",\"isPartOf\":{\"@id\":\"https:\/\/ravel.com.br\/blog\/#website\"},\"primaryImageOfPage\":{\"@id\":\"https:\/\/ravel.com.br\/blog\/a-porta-de-entrada-das-insegurancas-tecnologicas\/#primaryimage\"},\"image\":{\"@id\":\"https:\/\/ravel.com.br\/blog\/a-porta-de-entrada-das-insegurancas-tecnologicas\/#primaryimage\"},\"thumbnailUrl\":\"https:\/\/ravel.com.br\/blog\/wp-content\/uploads\/2023\/11\/Capa-A-porta-de-entrada-das-insegurancas-tecnologicas.png\",\"datePublished\":\"2023-11-01T13:13:38+00:00\",\"dateModified\":\"2025-05-15T20:48:40+00:00\",\"author\":{\"@id\":\"https:\/\/ravel.com.br\/blog\/#\/schema\/person\/8c1b896e660c50b7e048edbf136fd3df\"},\"description\":\"Explore como a falta de conscientiza\u00e7\u00e3o digital pode se tornar a porta de entrada para inseguran\u00e7as tecnol\u00f3gicas na sua empresa.\",\"breadcrumb\":{\"@id\":\"https:\/\/ravel.com.br\/blog\/a-porta-de-entrada-das-insegurancas-tecnologicas\/#breadcrumb\"},\"inLanguage\":\"pt-BR\",\"potentialAction\":[{\"@type\":\"ReadAction\",\"target\":[\"https:\/\/ravel.com.br\/blog\/a-porta-de-entrada-das-insegurancas-tecnologicas\/\"]}]},{\"@type\":\"ImageObject\",\"inLanguage\":\"pt-BR\",\"@id\":\"https:\/\/ravel.com.br\/blog\/a-porta-de-entrada-das-insegurancas-tecnologicas\/#primaryimage\",\"url\":\"https:\/\/ravel.com.br\/blog\/wp-content\/uploads\/2023\/11\/Capa-A-porta-de-entrada-das-insegurancas-tecnologicas.png\",\"contentUrl\":\"https:\/\/ravel.com.br\/blog\/wp-content\/uploads\/2023\/11\/Capa-A-porta-de-entrada-das-insegurancas-tecnologicas.png\",\"width\":1000,\"height\":667,\"caption\":\"inseguran\u00e7as tecnol\u00f3gicas\"},{\"@type\":\"BreadcrumbList\",\"@id\":\"https:\/\/ravel.com.br\/blog\/a-porta-de-entrada-das-insegurancas-tecnologicas\/#breadcrumb\",\"itemListElement\":[{\"@type\":\"ListItem\",\"position\":1,\"name\":\"In\u00edcio\",\"item\":\"https:\/\/ravel.com.br\/blog\/\"},{\"@type\":\"ListItem\",\"position\":2,\"name\":\"A porta de entrada das inseguran\u00e7as tecnol\u00f3gicas\"}]},{\"@type\":\"WebSite\",\"@id\":\"https:\/\/ravel.com.br\/blog\/#website\",\"url\":\"https:\/\/ravel.com.br\/blog\/\",\"name\":\"Blog Tecnologia\",\"description\":\"Dicas e Artigos sobre Tecnologia\",\"potentialAction\":[{\"@type\":\"SearchAction\",\"target\":{\"@type\":\"EntryPoint\",\"urlTemplate\":\"https:\/\/ravel.com.br\/blog\/?s={search_term_string}\"},\"query-input\":{\"@type\":\"PropertyValueSpecification\",\"valueRequired\":true,\"valueName\":\"search_term_string\"}}],\"inLanguage\":\"pt-BR\"},{\"@type\":\"Person\",\"@id\":\"https:\/\/ravel.com.br\/blog\/#\/schema\/person\/8c1b896e660c50b7e048edbf136fd3df\",\"name\":\"Benicio Filho\",\"image\":{\"@type\":\"ImageObject\",\"inLanguage\":\"pt-BR\",\"@id\":\"https:\/\/ravel.com.br\/blog\/#\/schema\/person\/image\/\",\"url\":\"https:\/\/secure.gravatar.com\/avatar\/90039d3db9064a83ee426386617b9797?s=96&d=mm&r=g\",\"contentUrl\":\"https:\/\/secure.gravatar.com\/avatar\/90039d3db9064a83ee426386617b9797?s=96&d=mm&r=g\",\"caption\":\"Benicio Filho\"},\"description\":\"Formado em eletr\u00f4nica, graduado em Teologia pela PUC SP, e Filosofia pela universidade Dom Bosco, Mestre pela Universidade Metodista de S\u00e3o Paulo na \u00e1rea de Educa\u00e7\u00e3o, MBA pela FGV em Gest\u00e3o Estrat\u00e9gica e Econ\u00f4mica de Neg\u00f3cios, p\u00f3s-graduado em Psican\u00e1lise pelo Instituto Kadmon de Psican\u00e1lise. Atua no mercado de tecnologia desde 1998. Fundador do Grupo Ravel de Tecnologia, S\u00f3cio da Core Angels Atlantic (Fundo de Investimento Internacional para Startups), s\u00f3cio fundador da Ag\u00eancia Incandescente, e s\u00f3cio fundador da Atlantic Hub e do Conex\u00e3o Europa Im\u00f3veis ambos em Portugal, atua como empres\u00e1rio, escritor e pesquisador das \u00e1reas de empreendedorismo, mentoring, lideran\u00e7a, inova\u00e7\u00e3o e internacionaliza\u00e7\u00e3o. Em dezembro de 2019, lan\u00e7ou o seu primeiro livro \u201cVidas Ressignificadas\\\", em dezembro de 2020 seu segundo \u201cDo Caos ao Recome\u00e7o\u201d, e em janeiro de 2022 o \u00faltimo publicado \u201cMetamorfose Empreendedora\u201d.\",\"url\":\"https:\/\/ravel.com.br\/blog\/author\/benicio-filho\/\"}]}<\/script>\n<!-- \/ Yoast SEO plugin. -->","yoast_head_json":{"title":"A porta de entrada das inseguran\u00e7as tecnol\u00f3gicas - Ravel","description":"Explore como a falta de conscientiza\u00e7\u00e3o digital pode se tornar a porta de entrada para inseguran\u00e7as tecnol\u00f3gicas na sua empresa.","robots":{"index":"index","follow":"follow","max-snippet":"max-snippet:-1","max-image-preview":"max-image-preview:large","max-video-preview":"max-video-preview:-1"},"canonical":"https:\/\/ravel.com.br\/blog\/a-porta-de-entrada-das-insegurancas-tecnologicas\/","og_locale":"pt_BR","og_type":"article","og_title":"A porta de entrada das inseguran\u00e7as tecnol\u00f3gicas - Ravel","og_description":"Explore como a falta de conscientiza\u00e7\u00e3o digital pode se tornar a porta de entrada para inseguran\u00e7as tecnol\u00f3gicas na sua empresa.","og_url":"https:\/\/ravel.com.br\/blog\/a-porta-de-entrada-das-insegurancas-tecnologicas\/","og_site_name":"Blog Tecnologia","article_published_time":"2023-11-01T13:13:38+00:00","article_modified_time":"2025-05-15T20:48:40+00:00","og_image":[{"width":1000,"height":667,"url":"https:\/\/ravel.com.br\/blog\/wp-content\/uploads\/2023\/11\/Capa-A-porta-de-entrada-das-insegurancas-tecnologicas.png","type":"image\/png"}],"author":"Benicio Filho","twitter_card":"summary_large_image","twitter_misc":{"Escrito por":"Benicio Filho","Est. tempo de leitura":"7 minutos"},"schema":{"@context":"https:\/\/schema.org","@graph":[{"@type":"WebPage","@id":"https:\/\/ravel.com.br\/blog\/a-porta-de-entrada-das-insegurancas-tecnologicas\/","url":"https:\/\/ravel.com.br\/blog\/a-porta-de-entrada-das-insegurancas-tecnologicas\/","name":"A porta de entrada das inseguran\u00e7as tecnol\u00f3gicas - Ravel","isPartOf":{"@id":"https:\/\/ravel.com.br\/blog\/#website"},"primaryImageOfPage":{"@id":"https:\/\/ravel.com.br\/blog\/a-porta-de-entrada-das-insegurancas-tecnologicas\/#primaryimage"},"image":{"@id":"https:\/\/ravel.com.br\/blog\/a-porta-de-entrada-das-insegurancas-tecnologicas\/#primaryimage"},"thumbnailUrl":"https:\/\/ravel.com.br\/blog\/wp-content\/uploads\/2023\/11\/Capa-A-porta-de-entrada-das-insegurancas-tecnologicas.png","datePublished":"2023-11-01T13:13:38+00:00","dateModified":"2025-05-15T20:48:40+00:00","author":{"@id":"https:\/\/ravel.com.br\/blog\/#\/schema\/person\/8c1b896e660c50b7e048edbf136fd3df"},"description":"Explore como a falta de conscientiza\u00e7\u00e3o digital pode se tornar a porta de entrada para inseguran\u00e7as tecnol\u00f3gicas na sua empresa.","breadcrumb":{"@id":"https:\/\/ravel.com.br\/blog\/a-porta-de-entrada-das-insegurancas-tecnologicas\/#breadcrumb"},"inLanguage":"pt-BR","potentialAction":[{"@type":"ReadAction","target":["https:\/\/ravel.com.br\/blog\/a-porta-de-entrada-das-insegurancas-tecnologicas\/"]}]},{"@type":"ImageObject","inLanguage":"pt-BR","@id":"https:\/\/ravel.com.br\/blog\/a-porta-de-entrada-das-insegurancas-tecnologicas\/#primaryimage","url":"https:\/\/ravel.com.br\/blog\/wp-content\/uploads\/2023\/11\/Capa-A-porta-de-entrada-das-insegurancas-tecnologicas.png","contentUrl":"https:\/\/ravel.com.br\/blog\/wp-content\/uploads\/2023\/11\/Capa-A-porta-de-entrada-das-insegurancas-tecnologicas.png","width":1000,"height":667,"caption":"inseguran\u00e7as tecnol\u00f3gicas"},{"@type":"BreadcrumbList","@id":"https:\/\/ravel.com.br\/blog\/a-porta-de-entrada-das-insegurancas-tecnologicas\/#breadcrumb","itemListElement":[{"@type":"ListItem","position":1,"name":"In\u00edcio","item":"https:\/\/ravel.com.br\/blog\/"},{"@type":"ListItem","position":2,"name":"A porta de entrada das inseguran\u00e7as tecnol\u00f3gicas"}]},{"@type":"WebSite","@id":"https:\/\/ravel.com.br\/blog\/#website","url":"https:\/\/ravel.com.br\/blog\/","name":"Blog Tecnologia","description":"Dicas e Artigos sobre Tecnologia","potentialAction":[{"@type":"SearchAction","target":{"@type":"EntryPoint","urlTemplate":"https:\/\/ravel.com.br\/blog\/?s={search_term_string}"},"query-input":{"@type":"PropertyValueSpecification","valueRequired":true,"valueName":"search_term_string"}}],"inLanguage":"pt-BR"},{"@type":"Person","@id":"https:\/\/ravel.com.br\/blog\/#\/schema\/person\/8c1b896e660c50b7e048edbf136fd3df","name":"Benicio Filho","image":{"@type":"ImageObject","inLanguage":"pt-BR","@id":"https:\/\/ravel.com.br\/blog\/#\/schema\/person\/image\/","url":"https:\/\/secure.gravatar.com\/avatar\/90039d3db9064a83ee426386617b9797?s=96&d=mm&r=g","contentUrl":"https:\/\/secure.gravatar.com\/avatar\/90039d3db9064a83ee426386617b9797?s=96&d=mm&r=g","caption":"Benicio Filho"},"description":"Formado em eletr\u00f4nica, graduado em Teologia pela PUC SP, e Filosofia pela universidade Dom Bosco, Mestre pela Universidade Metodista de S\u00e3o Paulo na \u00e1rea de Educa\u00e7\u00e3o, MBA pela FGV em Gest\u00e3o Estrat\u00e9gica e Econ\u00f4mica de Neg\u00f3cios, p\u00f3s-graduado em Psican\u00e1lise pelo Instituto Kadmon de Psican\u00e1lise. Atua no mercado de tecnologia desde 1998. Fundador do Grupo Ravel de Tecnologia, S\u00f3cio da Core Angels Atlantic (Fundo de Investimento Internacional para Startups), s\u00f3cio fundador da Ag\u00eancia Incandescente, e s\u00f3cio fundador da Atlantic Hub e do Conex\u00e3o Europa Im\u00f3veis ambos em Portugal, atua como empres\u00e1rio, escritor e pesquisador das \u00e1reas de empreendedorismo, mentoring, lideran\u00e7a, inova\u00e7\u00e3o e internacionaliza\u00e7\u00e3o. Em dezembro de 2019, lan\u00e7ou o seu primeiro livro \u201cVidas Ressignificadas\", em dezembro de 2020 seu segundo \u201cDo Caos ao Recome\u00e7o\u201d, e em janeiro de 2022 o \u00faltimo publicado \u201cMetamorfose Empreendedora\u201d.","url":"https:\/\/ravel.com.br\/blog\/author\/benicio-filho\/"}]}},"_links":{"self":[{"href":"https:\/\/ravel.com.br\/blog\/wp-json\/wp\/v2\/posts\/5493","targetHints":{"allow":["GET"]}}],"collection":[{"href":"https:\/\/ravel.com.br\/blog\/wp-json\/wp\/v2\/posts"}],"about":[{"href":"https:\/\/ravel.com.br\/blog\/wp-json\/wp\/v2\/types\/post"}],"author":[{"embeddable":true,"href":"https:\/\/ravel.com.br\/blog\/wp-json\/wp\/v2\/users\/19"}],"replies":[{"embeddable":true,"href":"https:\/\/ravel.com.br\/blog\/wp-json\/wp\/v2\/comments?post=5493"}],"version-history":[{"count":6,"href":"https:\/\/ravel.com.br\/blog\/wp-json\/wp\/v2\/posts\/5493\/revisions"}],"predecessor-version":[{"id":5507,"href":"https:\/\/ravel.com.br\/blog\/wp-json\/wp\/v2\/posts\/5493\/revisions\/5507"}],"wp:featuredmedia":[{"embeddable":true,"href":"https:\/\/ravel.com.br\/blog\/wp-json\/wp\/v2\/media\/5505"}],"wp:attachment":[{"href":"https:\/\/ravel.com.br\/blog\/wp-json\/wp\/v2\/media?parent=5493"}],"wp:term":[{"taxonomy":"category","embeddable":true,"href":"https:\/\/ravel.com.br\/blog\/wp-json\/wp\/v2\/categories?post=5493"},{"taxonomy":"post_tag","embeddable":true,"href":"https:\/\/ravel.com.br\/blog\/wp-json\/wp\/v2\/tags?post=5493"}],"curies":[{"name":"wp","href":"https:\/\/api.w.org\/{rel}","templated":true}]}}