{"id":555,"date":"2019-07-24T16:18:51","date_gmt":"2019-07-24T19:18:51","guid":{"rendered":"https:\/\/ravel.com.br\/blog\/?p=555"},"modified":"2021-06-06T10:51:34","modified_gmt":"2021-06-06T13:51:34","slug":"para-que-serve-a-cal-de-windows","status":"publish","type":"post","link":"https:\/\/ravel.com.br\/blog\/para-que-serve-a-cal-de-windows\/","title":{"rendered":"Para que serve a CAL de Windows"},"content":{"rendered":"\n<p>Se a sua empresa possui um servidor com Windows Server compartilhando\nsistema ou arquivos, e voc\u00ea tem preocupa\u00e7\u00e3o com um licenciamento correto,\nrecomendamos a leitura desse artigo. Para come\u00e7ar, o que significa <strong>CAL de Windows<\/strong>?<\/p>\n\n\n\n<p>CAL (Client Access License) significa, pela tradu\u00e7\u00e3o, &#8220;Licen\u00e7a de\nAcesso ao Cliente&#8221;. Ou seja, \u00e9 uma licen\u00e7a para o acesso de dispositivos\nou usu\u00e1rios ao servidor.<\/p>\n\n\n\n<p>Ela \u00e9 essencial quando h\u00e1 um servidor com o sistema operacional\nWindows Server, apesar de haver vers\u00f5es do sistema em que a aquisi\u00e7\u00e3o de CALs\nn\u00e3o \u00e9 necess\u00e1ria (vamos explicar mais detalhes neste artigo). Na maioria das\nredes, a <strong>CAL de Windows<\/strong> \u00e9 necess\u00e1ria\npara homologar o licenciamento do ambiente, autorizando legalmente os acessos\nao servidor.<\/p>\n\n\n\n<p>Esta licen\u00e7a fornece o direito de acessar, a partir de dispositivos\n(computadores, notebooks, thin clients e celulares), as aplica\u00e7\u00f5es instaladas\nnos servidores com sistema operacional Windows Server. Ou seja, se na sua\nestrutura h\u00e1 um servidor com arquivos compartilhados ou um Sistema ERP onde 15\ncomputadores e 05 notebooks acessam o mesmo servidor, h\u00e1 a necessidade de 20\nCALs.<\/p>\n\n\n\n<h2 class=\"wp-block-heading\">Quais s\u00e3o os tipos de CAL de Windows<\/h2>\n\n\n\n<p>Atualmente a Microsoft oferece uma CAL baseada em dispositivo (Device\nCAL) ou uma CAL baseada em usu\u00e1rio (User CAL).<\/p>\n\n\n\n<p><strong>CALs de Dispositivo (Device CAL)<\/strong><\/p>\n\n\n\n<p>Com um Device CAL, adquire-se uma licen\u00e7a para cada dispositivo que\nacessa o servidor, independentemente do n\u00famero de usu\u00e1rios que utilizam esse\ndispositivo. CALs de dispositivo s\u00e3o adotadas pelas empresas que possuem\nfuncion\u00e1rios que compartilham dispositivos, por exemplo, em diferentes hor\u00e1rios\nde trabalho.<\/p>\n\n\n\n<p><strong>CALs de Usu\u00e1rio (User CAL)<\/strong><\/p>\n\n\n\n<p>\u00c9 disponibilizada uma licen\u00e7a para cada usu\u00e1rio que acessa o servidor,\npara usar servi\u00e7os como o armazenamento de arquivos ou impress\u00e3o,\nindependentemente do n\u00famero de dispositivos que utilizam para o acesso. A CAL\nde Usu\u00e1rio \u00e9 utilizada pelas empresas que precisam ter acesso m\u00f3vel \u00e0 rede\ncorporativa usando v\u00e1rios equipamentos.<\/p>\n\n\n\n<p>Relacionado aos servidores, podemos obter em alguns cen\u00e1rios a RDS\nCAL:<\/p>\n\n\n\n<p><strong>RDS CAL:<\/strong> Licen\u00e7as de acesso para cliente dos Servi\u00e7os de \u00c1rea\nde Trabalho Remota s\u00e3o necess\u00e1rias para que cada dispositivo ou usu\u00e1rio se\nconecte a um servidor Host da Sess\u00e3o da \u00c1rea de Trabalho Remota. Essas licen\u00e7as\ns\u00e3o geridas pelo servidor de licenciamento de \u00e1rea de trabalho remota. <\/p>\n\n\n\n<p>Um ambiente comum em que se aplica esse tipo de licen\u00e7a \u00e9 uma rede com\nthin clients ou conex\u00f5es remotas diretamente no servidor.<\/p>\n\n\n\n<p>Vale lembrar que neste artigo o nosso foco s\u00e3o apenas as CALs destinadas a sistemas Windows Server (<strong>CAL de Windows<\/strong>). H\u00e1 outras CALs de Exchange Server e Sharepoint Server que seguem uma linha diferente de licenciamento.<\/p>\n\n\n\n<div style=\"height:30px\" aria-hidden=\"true\" class=\"wp-block-spacer\"><\/div>\n\n\n\n<figure class=\"wp-block-image size-full\"><img loading=\"lazy\" decoding=\"async\" width=\"858\" height=\"112\" src=\"https:\/\/ravel.com.br\/blog\/wp-content\/uploads\/2023\/07\/banner-blog-ravel.png\" alt=\"\" class=\"wp-image-4960\" srcset=\"https:\/\/ravel.com.br\/blog\/wp-content\/uploads\/2023\/07\/banner-blog-ravel.png 858w, https:\/\/ravel.com.br\/blog\/wp-content\/uploads\/2023\/07\/banner-blog-ravel-300x39.png 300w, https:\/\/ravel.com.br\/blog\/wp-content\/uploads\/2023\/07\/banner-blog-ravel-768x100.png 768w, https:\/\/ravel.com.br\/blog\/wp-content\/uploads\/2023\/07\/banner-blog-ravel-610x80.png 610w\" sizes=\"(max-width: 858px) 100vw, 858px\" \/><\/figure>\n\n\n\n<h2 class=\"wp-block-heading\">Quando a CAL \u00e9 necess\u00e1ria?<\/h2>\n\n\n\n<p>Se na sua empresa existir um servidor com Windows Server, com qualquer\nsistema ou dados que sejam acessados por dispositivos na rede, e ainda a vers\u00e3o\nStandard ou Enterprise (para 2008, 2012, 2016 e 2019) \u00e9 obrigat\u00f3ria a aquisi\u00e7\u00e3o\ndas CALs. <\/p>\n\n\n\n<p>Existem algumas vers\u00f5es de Windows Server que isentam a necessidade de\naquisi\u00e7\u00e3o de <strong>CAL de Windows.<\/strong> S\u00e3o\nelas: Windows Server Foundation (vers\u00e3o 2008 e 2012) e Essentials na Vers\u00e3o\n(2012, 2016 e 2019). Por\u00e9m, \u00e9 importante ressaltar que h\u00e1 limita\u00e7\u00f5es, como a de\nquantidade de usu\u00e1rios para estas vers\u00f5es.<\/p>\n\n\n\n<p>Outro ponto importante \u00e9 que servidores com sistemas na vers\u00e3o 2003 ou\nanteriores j\u00e1 foram descontinuados, por isso n\u00e3o os mencionamos neste artigo.\nSe voc\u00ea ainda possui estas vers\u00f5es, entre em contato com a nossa equipe. Sobre\nisto, veja tamb\u00e9m o artigo sobre \u201c<a href=\"https:\/\/ravel.com.br\/blog\/prepare-se-para-o-fim-do-suporte-windows-server-2008\/\">Prepare-se\npara o fim do Suporte Windows Server 2008\u201d.<\/a><\/p>\n\n\n\n<h2 class=\"wp-block-heading\">Conclus\u00e3o<\/h2>\n\n\n\n<p>Mas n\u00e3o se preocupe, a Ravel poder\u00e1 lhe ajudar nesta an\u00e1lise,\navaliando o ambiente para uma defini\u00e7\u00e3o da melhor vers\u00e3o de <strong>CAL de Windows<\/strong>, seja do tipo ou\nquantidade.<\/p>\n\n\n\n<p>Se a sua empresa deseja ou precisa auditar licen\u00e7as, atualmente a Ravel Tecnologia possui uma equipe especializada em <a href=\"https:\/\/ravel.com.br\/regularizacao-de-softwares\">auditoria Microsoft<\/a>. Venha tomar um caf\u00e9 com nossos consultores e conhecer as solu\u00e7\u00f5es que poder\u00e3o proteger o seu neg\u00f3cio.<\/p>\n\n\n\n<div style=\"height:30px\" aria-hidden=\"true\" class=\"wp-block-spacer\"><\/div>\n\n\n\n<figure class=\"wp-block-image\"><a href=\"https:\/\/ravel.com.br\/contato\" target=\"_blank\" rel=\"noreferrer noopener\"><img loading=\"lazy\" decoding=\"async\" width=\"1024\" height=\"133\" src=\"https:\/\/ravel.com.br\/blog\/wp-content\/uploads\/2019\/11\/CTA1-1024x133.png\" alt=\"\" class=\"wp-image-806\" srcset=\"https:\/\/ravel.com.br\/blog\/wp-content\/uploads\/2019\/11\/CTA1-1024x133.png 1024w, https:\/\/ravel.com.br\/blog\/wp-content\/uploads\/2019\/11\/CTA1-300x39.png 300w, https:\/\/ravel.com.br\/blog\/wp-content\/uploads\/2019\/11\/CTA1-768x100.png 768w, https:\/\/ravel.com.br\/blog\/wp-content\/uploads\/2019\/11\/CTA1-610x79.png 610w, https:\/\/ravel.com.br\/blog\/wp-content\/uploads\/2019\/11\/CTA1-1080x140.png 1080w\" sizes=\"(max-width: 1024px) 100vw, 1024px\" \/><\/a><\/figure>\n","protected":false},"excerpt":{"rendered":"<p>Se a sua empresa possui um servidor com Windows Server compartilhando sistema ou arquivos, e voc\u00ea tem preocupa\u00e7\u00e3o com um licenciamento correto, recomendamos a leitura desse artigo. Para come\u00e7ar, o que significa CAL de Windows?<\/p>\n","protected":false},"author":5,"featured_media":560,"comment_status":"open","ping_status":"open","sticky":false,"template":"","format":"standard","meta":{"_et_pb_use_builder":"off","_et_pb_old_content":"","_et_gb_content_width":"","footnotes":""},"categories":[103,6],"tags":[],"class_list":["post-555","post","type-post","status-publish","format-standard","has-post-thumbnail","hentry","category-gestao","category-tecnologia","et-has-post-format-content","et_post_format-et-post-format-standard"],"yoast_head":"<!-- This site is optimized with the Yoast SEO plugin v24.1 - https:\/\/yoast.com\/wordpress\/plugins\/seo\/ -->\n<title>Para que serve CAL de Windows | Ravel Tecnologia<\/title>\n<meta name=\"description\" content=\"O que \u00e9 uma CAL de Windows? Para que serve? Se voc\u00ea j\u00e1 se fez algumas dessas perguntas, ent\u00e3o este artigo foi escrito para voc\u00ea\" \/>\n<meta name=\"robots\" content=\"index, follow, max-snippet:-1, max-image-preview:large, max-video-preview:-1\" \/>\n<link rel=\"canonical\" href=\"https:\/\/ravel.com.br\/blog\/para-que-serve-a-cal-de-windows\/\" \/>\n<meta property=\"og:locale\" content=\"pt_BR\" \/>\n<meta property=\"og:type\" content=\"article\" \/>\n<meta property=\"og:title\" content=\"Para que serve CAL de Windows | Ravel Tecnologia\" \/>\n<meta property=\"og:description\" content=\"O que \u00e9 uma CAL de Windows? Para que serve? Se voc\u00ea j\u00e1 se fez algumas dessas perguntas, ent\u00e3o este artigo foi escrito para voc\u00ea\" \/>\n<meta property=\"og:url\" content=\"https:\/\/ravel.com.br\/blog\/para-que-serve-a-cal-de-windows\/\" \/>\n<meta property=\"og:site_name\" content=\"Blog Tecnologia\" \/>\n<meta property=\"article:author\" content=\"https:\/\/www.facebook.com\/rafael.penassi\" \/>\n<meta property=\"article:published_time\" content=\"2019-07-24T19:18:51+00:00\" \/>\n<meta property=\"article:modified_time\" content=\"2021-06-06T13:51:34+00:00\" \/>\n<meta property=\"og:image\" content=\"https:\/\/ravel.com.br\/blog\/wp-content\/uploads\/2019\/07\/windows-10-2.jpg\" \/>\n\t<meta property=\"og:image:width\" content=\"3840\" \/>\n\t<meta property=\"og:image:height\" content=\"2160\" \/>\n\t<meta property=\"og:image:type\" content=\"image\/jpeg\" \/>\n<meta name=\"author\" content=\"Rafael Penassi - Coordenador T\u00e9cnico da Ravel Tecnologia\" \/>\n<meta name=\"twitter:card\" content=\"summary_large_image\" \/>\n<meta name=\"twitter:label1\" content=\"Escrito por\" \/>\n\t<meta name=\"twitter:data1\" content=\"Rafael Penassi - Coordenador T\u00e9cnico da Ravel Tecnologia\" \/>\n\t<meta name=\"twitter:label2\" content=\"Est. tempo de leitura\" \/>\n\t<meta name=\"twitter:data2\" content=\"3 minutos\" \/>\n<script type=\"application\/ld+json\" class=\"yoast-schema-graph\">{\"@context\":\"https:\/\/schema.org\",\"@graph\":[{\"@type\":\"WebPage\",\"@id\":\"https:\/\/ravel.com.br\/blog\/para-que-serve-a-cal-de-windows\/\",\"url\":\"https:\/\/ravel.com.br\/blog\/para-que-serve-a-cal-de-windows\/\",\"name\":\"Para que serve CAL de Windows | Ravel Tecnologia\",\"isPartOf\":{\"@id\":\"https:\/\/ravel.com.br\/blog\/#website\"},\"primaryImageOfPage\":{\"@id\":\"https:\/\/ravel.com.br\/blog\/para-que-serve-a-cal-de-windows\/#primaryimage\"},\"image\":{\"@id\":\"https:\/\/ravel.com.br\/blog\/para-que-serve-a-cal-de-windows\/#primaryimage\"},\"thumbnailUrl\":\"https:\/\/ravel.com.br\/blog\/wp-content\/uploads\/2019\/07\/windows-10-2.jpg\",\"datePublished\":\"2019-07-24T19:18:51+00:00\",\"dateModified\":\"2021-06-06T13:51:34+00:00\",\"author\":{\"@id\":\"https:\/\/ravel.com.br\/blog\/#\/schema\/person\/7641f356626335514dd8cc51445d7013\"},\"description\":\"O que \u00e9 uma CAL de Windows? Para que serve? Se voc\u00ea j\u00e1 se fez algumas dessas perguntas, ent\u00e3o este artigo foi escrito para voc\u00ea\",\"breadcrumb\":{\"@id\":\"https:\/\/ravel.com.br\/blog\/para-que-serve-a-cal-de-windows\/#breadcrumb\"},\"inLanguage\":\"pt-BR\",\"potentialAction\":[{\"@type\":\"ReadAction\",\"target\":[\"https:\/\/ravel.com.br\/blog\/para-que-serve-a-cal-de-windows\/\"]}]},{\"@type\":\"ImageObject\",\"inLanguage\":\"pt-BR\",\"@id\":\"https:\/\/ravel.com.br\/blog\/para-que-serve-a-cal-de-windows\/#primaryimage\",\"url\":\"https:\/\/ravel.com.br\/blog\/wp-content\/uploads\/2019\/07\/windows-10-2.jpg\",\"contentUrl\":\"https:\/\/ravel.com.br\/blog\/wp-content\/uploads\/2019\/07\/windows-10-2.jpg\",\"width\":3840,\"height\":2160},{\"@type\":\"BreadcrumbList\",\"@id\":\"https:\/\/ravel.com.br\/blog\/para-que-serve-a-cal-de-windows\/#breadcrumb\",\"itemListElement\":[{\"@type\":\"ListItem\",\"position\":1,\"name\":\"In\u00edcio\",\"item\":\"https:\/\/ravel.com.br\/blog\/\"},{\"@type\":\"ListItem\",\"position\":2,\"name\":\"Para que serve a CAL de Windows\"}]},{\"@type\":\"WebSite\",\"@id\":\"https:\/\/ravel.com.br\/blog\/#website\",\"url\":\"https:\/\/ravel.com.br\/blog\/\",\"name\":\"Blog Tecnologia\",\"description\":\"Dicas e Artigos sobre Tecnologia\",\"potentialAction\":[{\"@type\":\"SearchAction\",\"target\":{\"@type\":\"EntryPoint\",\"urlTemplate\":\"https:\/\/ravel.com.br\/blog\/?s={search_term_string}\"},\"query-input\":{\"@type\":\"PropertyValueSpecification\",\"valueRequired\":true,\"valueName\":\"search_term_string\"}}],\"inLanguage\":\"pt-BR\"},{\"@type\":\"Person\",\"@id\":\"https:\/\/ravel.com.br\/blog\/#\/schema\/person\/7641f356626335514dd8cc51445d7013\",\"name\":\"Rafael Penassi - Coordenador T\u00e9cnico da Ravel Tecnologia\",\"image\":{\"@type\":\"ImageObject\",\"inLanguage\":\"pt-BR\",\"@id\":\"https:\/\/ravel.com.br\/blog\/#\/schema\/person\/image\/\",\"url\":\"https:\/\/secure.gravatar.com\/avatar\/2a770fdf2a73c4ec13d1a29a8c0e3b9e?s=96&d=mm&r=g\",\"contentUrl\":\"https:\/\/secure.gravatar.com\/avatar\/2a770fdf2a73c4ec13d1a29a8c0e3b9e?s=96&d=mm&r=g\",\"caption\":\"Rafael Penassi - Coordenador T\u00e9cnico da Ravel Tecnologia\"},\"description\":\"Coordenador T\u00e9cnico na Ravel, formado em Gest\u00e3o de Tecnologia da Informa\u00e7\u00e3o. Atua na Gest\u00e3o do Suporte T\u00e9cnico, Onboarding em novos clientes e Gest\u00e3o de Projetos, busca proporcionar sempre o melhor uso da tecnologia a favor dos clientes. Adora cozinhar, tocar sua guitarra e viol\u00e3o, al\u00e9m de apreciar um bom vinho.\",\"sameAs\":[\"http:\/\/ravel.com.br\",\"https:\/\/www.facebook.com\/rafael.penassi\",\"https:\/\/br.linkedin.com\/in\/rafael-penassi-0aa382a4\"],\"url\":\"https:\/\/ravel.com.br\/blog\/author\/rafael-penassi\/\"}]}<\/script>\n<!-- \/ Yoast SEO plugin. -->","yoast_head_json":{"title":"Para que serve CAL de Windows | Ravel Tecnologia","description":"O que \u00e9 uma CAL de Windows? Para que serve? Se voc\u00ea j\u00e1 se fez algumas dessas perguntas, ent\u00e3o este artigo foi escrito para voc\u00ea","robots":{"index":"index","follow":"follow","max-snippet":"max-snippet:-1","max-image-preview":"max-image-preview:large","max-video-preview":"max-video-preview:-1"},"canonical":"https:\/\/ravel.com.br\/blog\/para-que-serve-a-cal-de-windows\/","og_locale":"pt_BR","og_type":"article","og_title":"Para que serve CAL de Windows | Ravel Tecnologia","og_description":"O que \u00e9 uma CAL de Windows? Para que serve? Se voc\u00ea j\u00e1 se fez algumas dessas perguntas, ent\u00e3o este artigo foi escrito para voc\u00ea","og_url":"https:\/\/ravel.com.br\/blog\/para-que-serve-a-cal-de-windows\/","og_site_name":"Blog Tecnologia","article_author":"https:\/\/www.facebook.com\/rafael.penassi","article_published_time":"2019-07-24T19:18:51+00:00","article_modified_time":"2021-06-06T13:51:34+00:00","og_image":[{"width":3840,"height":2160,"url":"https:\/\/ravel.com.br\/blog\/wp-content\/uploads\/2019\/07\/windows-10-2.jpg","type":"image\/jpeg"}],"author":"Rafael Penassi - Coordenador T\u00e9cnico da Ravel Tecnologia","twitter_card":"summary_large_image","twitter_misc":{"Escrito por":"Rafael Penassi - Coordenador T\u00e9cnico da Ravel Tecnologia","Est. tempo de leitura":"3 minutos"},"schema":{"@context":"https:\/\/schema.org","@graph":[{"@type":"WebPage","@id":"https:\/\/ravel.com.br\/blog\/para-que-serve-a-cal-de-windows\/","url":"https:\/\/ravel.com.br\/blog\/para-que-serve-a-cal-de-windows\/","name":"Para que serve CAL de Windows | Ravel Tecnologia","isPartOf":{"@id":"https:\/\/ravel.com.br\/blog\/#website"},"primaryImageOfPage":{"@id":"https:\/\/ravel.com.br\/blog\/para-que-serve-a-cal-de-windows\/#primaryimage"},"image":{"@id":"https:\/\/ravel.com.br\/blog\/para-que-serve-a-cal-de-windows\/#primaryimage"},"thumbnailUrl":"https:\/\/ravel.com.br\/blog\/wp-content\/uploads\/2019\/07\/windows-10-2.jpg","datePublished":"2019-07-24T19:18:51+00:00","dateModified":"2021-06-06T13:51:34+00:00","author":{"@id":"https:\/\/ravel.com.br\/blog\/#\/schema\/person\/7641f356626335514dd8cc51445d7013"},"description":"O que \u00e9 uma CAL de Windows? Para que serve? Se voc\u00ea j\u00e1 se fez algumas dessas perguntas, ent\u00e3o este artigo foi escrito para voc\u00ea","breadcrumb":{"@id":"https:\/\/ravel.com.br\/blog\/para-que-serve-a-cal-de-windows\/#breadcrumb"},"inLanguage":"pt-BR","potentialAction":[{"@type":"ReadAction","target":["https:\/\/ravel.com.br\/blog\/para-que-serve-a-cal-de-windows\/"]}]},{"@type":"ImageObject","inLanguage":"pt-BR","@id":"https:\/\/ravel.com.br\/blog\/para-que-serve-a-cal-de-windows\/#primaryimage","url":"https:\/\/ravel.com.br\/blog\/wp-content\/uploads\/2019\/07\/windows-10-2.jpg","contentUrl":"https:\/\/ravel.com.br\/blog\/wp-content\/uploads\/2019\/07\/windows-10-2.jpg","width":3840,"height":2160},{"@type":"BreadcrumbList","@id":"https:\/\/ravel.com.br\/blog\/para-que-serve-a-cal-de-windows\/#breadcrumb","itemListElement":[{"@type":"ListItem","position":1,"name":"In\u00edcio","item":"https:\/\/ravel.com.br\/blog\/"},{"@type":"ListItem","position":2,"name":"Para que serve a CAL de Windows"}]},{"@type":"WebSite","@id":"https:\/\/ravel.com.br\/blog\/#website","url":"https:\/\/ravel.com.br\/blog\/","name":"Blog Tecnologia","description":"Dicas e Artigos sobre Tecnologia","potentialAction":[{"@type":"SearchAction","target":{"@type":"EntryPoint","urlTemplate":"https:\/\/ravel.com.br\/blog\/?s={search_term_string}"},"query-input":{"@type":"PropertyValueSpecification","valueRequired":true,"valueName":"search_term_string"}}],"inLanguage":"pt-BR"},{"@type":"Person","@id":"https:\/\/ravel.com.br\/blog\/#\/schema\/person\/7641f356626335514dd8cc51445d7013","name":"Rafael Penassi - Coordenador T\u00e9cnico da Ravel Tecnologia","image":{"@type":"ImageObject","inLanguage":"pt-BR","@id":"https:\/\/ravel.com.br\/blog\/#\/schema\/person\/image\/","url":"https:\/\/secure.gravatar.com\/avatar\/2a770fdf2a73c4ec13d1a29a8c0e3b9e?s=96&d=mm&r=g","contentUrl":"https:\/\/secure.gravatar.com\/avatar\/2a770fdf2a73c4ec13d1a29a8c0e3b9e?s=96&d=mm&r=g","caption":"Rafael Penassi - Coordenador T\u00e9cnico da Ravel Tecnologia"},"description":"Coordenador T\u00e9cnico na Ravel, formado em Gest\u00e3o de Tecnologia da Informa\u00e7\u00e3o. Atua na Gest\u00e3o do Suporte T\u00e9cnico, Onboarding em novos clientes e Gest\u00e3o de Projetos, busca proporcionar sempre o melhor uso da tecnologia a favor dos clientes. Adora cozinhar, tocar sua guitarra e viol\u00e3o, al\u00e9m de apreciar um bom vinho.","sameAs":["http:\/\/ravel.com.br","https:\/\/www.facebook.com\/rafael.penassi","https:\/\/br.linkedin.com\/in\/rafael-penassi-0aa382a4"],"url":"https:\/\/ravel.com.br\/blog\/author\/rafael-penassi\/"}]}},"_links":{"self":[{"href":"https:\/\/ravel.com.br\/blog\/wp-json\/wp\/v2\/posts\/555","targetHints":{"allow":["GET"]}}],"collection":[{"href":"https:\/\/ravel.com.br\/blog\/wp-json\/wp\/v2\/posts"}],"about":[{"href":"https:\/\/ravel.com.br\/blog\/wp-json\/wp\/v2\/types\/post"}],"author":[{"embeddable":true,"href":"https:\/\/ravel.com.br\/blog\/wp-json\/wp\/v2\/users\/5"}],"replies":[{"embeddable":true,"href":"https:\/\/ravel.com.br\/blog\/wp-json\/wp\/v2\/comments?post=555"}],"version-history":[{"count":2,"href":"https:\/\/ravel.com.br\/blog\/wp-json\/wp\/v2\/posts\/555\/revisions"}],"predecessor-version":[{"id":2483,"href":"https:\/\/ravel.com.br\/blog\/wp-json\/wp\/v2\/posts\/555\/revisions\/2483"}],"wp:featuredmedia":[{"embeddable":true,"href":"https:\/\/ravel.com.br\/blog\/wp-json\/wp\/v2\/media\/560"}],"wp:attachment":[{"href":"https:\/\/ravel.com.br\/blog\/wp-json\/wp\/v2\/media?parent=555"}],"wp:term":[{"taxonomy":"category","embeddable":true,"href":"https:\/\/ravel.com.br\/blog\/wp-json\/wp\/v2\/categories?post=555"},{"taxonomy":"post_tag","embeddable":true,"href":"https:\/\/ravel.com.br\/blog\/wp-json\/wp\/v2\/tags?post=555"}],"curies":[{"name":"wp","href":"https:\/\/api.w.org\/{rel}","templated":true}]}}