{"id":5550,"date":"2023-12-06T09:53:50","date_gmt":"2023-12-06T12:53:50","guid":{"rendered":"https:\/\/ravel.com.br\/blog\/?p=5550"},"modified":"2025-12-18T08:53:43","modified_gmt":"2025-12-18T11:53:43","slug":"web-summit-2023-o-que-podemos-aprender-com-ele-sobre-a-ia","status":"publish","type":"post","link":"https:\/\/ravel.com.br\/blog\/web-summit-2023-o-que-podemos-aprender-com-ele-sobre-a-ia\/","title":{"rendered":"Web Summit 2023, o que podemos aprender com ele sobre a ia?"},"content":{"rendered":"\n<h2 class=\"wp-block-heading\"><strong>WEB SUMMIT 2023, O QUE PODEMOS APRENDER COM ELE SOBRE A IA?<\/strong><\/h2>\n\n\n\n<p>A expectativa deste ano era grande devido \u00e0 aus\u00eancia de Paddy Cosgrave, fundador e CEO do Web Summit. Em um gesto inesperado, Cosgrave se demitiu \u00e0s pressas para tentar trazer de volta parte da comunidade de neg\u00f3cios ao Web Summit, depois que muitos decidiram boicotar o evento por suas opini\u00f5es sobre o conflito entre Israel e Hamas.<\/p>\n\n\n\n<p>Mas nada como um dia ap\u00f3s o outro. Ou melhor, um CEO ap\u00f3s o outro. Escalada poucas semanas antes do evento come\u00e7ar, Katherine Maher (Ex CEO do Wikipedia), trouxe eleg\u00e2ncia, acalmou os \u00e2nimos e refor\u00e7ou o papel do evento em promover discuss\u00f5es desconfort\u00e1veis.<\/p>\n\n\n\n<p>Mostrou que, apesar do sumi\u00e7o do seu antecessor, ele ainda deixava uma \u00faltima mensagem com tom de protesto. E, talvez sem perceber, deixava outra ainda mais importante: que, afinal, ningu\u00e9m \u00e9 insubstitu\u00edvel.<\/p>\n\n\n\n<p>Os n\u00fameros do Web Summit 2023 falam por si s\u00f3 e apresentam sua for\u00e7a. 900 palestrantes, 2.500 startups e 70 mil participantes de todo o globo. Gente que atravessou terras e mares para tentar saber mais sobre ela: a t\u00e3o famosa e popular, a controversa <strong>Intelig\u00eancia Artificial.<\/strong><\/p>\n\n\n\n<p>Talvez algum dia a IA seja onisciente como retratado pelo filme eterno, Matriz, dos produtores Lilly e Lana Wachowski. Mas ningu\u00e9m pode negar que j\u00e1 faz algum tempo que ela se tornou onipresente. Est\u00e1 por todos os lugares e, apesar de reclama\u00e7\u00f5es aqui ou acol\u00e1 sobre seu dom\u00ednio, segue sendo a estrela que faz as palestras lotaram, que est\u00e1 em qualquer discurso de &#8220;startupeiro&#8221;, nas concorridas rodas de chope do Night Summit.<\/p>\n\n\n\n<p>Curioso imaginar que a \u00faltima edi\u00e7\u00e3o do Web Summit aconteceu no mesmo m\u00eas do lan\u00e7amento do ChatGPT, que inclusive neste momento que escrevo, est\u00e1 em uma crise \u00e9pica por causa da ren\u00fancia do seu CEO e na vers\u00e3o gratuita tem praticamente n\u00e3o funcionado.<\/p>\n\n\n\n<p>Mas a ferramenta que abalou o mundo e tornou a Intelig\u00eancia Artificial Generativa t\u00e3o popular quanto Cristiano Ronaldo. Sim, a tecnologia j\u00e1 existia e o ChatGPT n\u00e3o a inventou, como alguns entendidos gostam de afirmar com certo desd\u00e9m, mas o fato \u00e9 que a criatura desenvolvida pela OpenAI conseguiu algo in\u00e9dito:<\/p>\n\n\n\n<p><strong><em>Alcan\u00e7ar 100 milh\u00f5es de usu\u00e1rios em apenas dois meses de vida, coisa que o fen\u00f4meno Instagram precisou de 30 meses para fazer.<\/em><\/strong><\/p>\n\n\n\n<p>E quais foram, afinal, os passos da IA no Web Summit 2023? Vamos apresentar alguns aprendizados neste artigo que pode ajudar voc\u00ea a construir sua vis\u00e3o sobre o tema.<\/p>\n\n\n\n<p><\/p>\n\n\n\n<figure class=\"wp-block-image size-full\"><img loading=\"lazy\" decoding=\"async\" width=\"875\" height=\"269\" src=\"https:\/\/ravel.com.br\/blog\/wp-content\/uploads\/2023\/12\/banner-meio-wemsummit2023-1.png\" alt=\"Web Summit 2023\" class=\"wp-image-5554\" srcset=\"https:\/\/ravel.com.br\/blog\/wp-content\/uploads\/2023\/12\/banner-meio-wemsummit2023-1.png 875w, https:\/\/ravel.com.br\/blog\/wp-content\/uploads\/2023\/12\/banner-meio-wemsummit2023-1-300x92.png 300w, https:\/\/ravel.com.br\/blog\/wp-content\/uploads\/2023\/12\/banner-meio-wemsummit2023-1-768x236.png 768w, https:\/\/ravel.com.br\/blog\/wp-content\/uploads\/2023\/12\/banner-meio-wemsummit2023-1-610x188.png 610w\" sizes=\"(max-width: 875px) 100vw, 875px\" \/><\/figure>\n\n\n\n<p><\/p>\n\n\n\n<h2 class=\"wp-block-heading\"><strong>ACREDITE, EM BREVE VOC\u00ca N\u00c3O MAIS VAI FALAR EM IA<\/strong><\/h2>\n\n\n\n<p>Como um Gremlin, aquele bichinho esqusito do filme dos anos 90, a GenAI vai se multiplicar de forma acelerada ao seu redor, e voc\u00ea nem vai perceber.<\/p>\n\n\n\n<p>Tudo porque ela estar\u00e1 incorporada, ou embedada, no jarg\u00e3o tech, em muitas das coisas e servi\u00e7os que voc\u00ea usa no seu dia a dia.<\/p>\n\n\n\n<p>Da torradeira ao PowerPoint. Ainda estamos na primeira inf\u00e2ncia desta tecnologia revolucion\u00e1ria, que promete ser t\u00e3o disruptiva quanto a Internet foi no passado, e a verdade \u00e9 que ningu\u00e9m mais vai perder tempo falando sobre ela, porque: provavelmente, estaremos muito ocupados utilizando tudo o que ela pode nos oferecer.<\/p>\n\n\n\n<h2 class=\"wp-block-heading\"><strong>E DEPOIS DA IA?<\/strong><\/h2>\n\n\n\n<p>A IA \u00e9 uma ferramenta. Como tal, n\u00e3o vai resolver as quest\u00f5es do seu neg\u00f3cio por m\u00e1gica. Afinal, at\u00e9 o g\u00eanio da l\u00e2mpada sempre precisou de um pedido antes (ou seria um prompt)? Portanto, n\u00e3o perca de vista o problema do seu neg\u00f3cio, em vez de esperar que a IA fa\u00e7a absolutamente todo o trabalho por voc\u00ea.<\/p>\n\n\n\n<p>Substitua o \u201ccomo podemos usar IA\u201d por perguntas do tipo \u201ccomo podemos diminuir a insatisfa\u00e7\u00e3o dos nossos clientes\u201d, \u201ccomo podemos melhorar a experi\u00eancia com o nosso produto\u201d, ou \u201ccomo podemos fazer com que os colaboradores sejam mais engajados\u201d. Isso posto, \u00e9 muito prov\u00e1vel que a IA poder\u00e1 ajud\u00e1-lo a atingir estes objetivos com mais velocidade, diminuindo custos e fazendo boa parte do trabalho chato.<\/p>\n\n\n\n<p><\/p>\n\n\n\n<figure class=\"wp-block-image size-full\"><img loading=\"lazy\" decoding=\"async\" width=\"875\" height=\"269\" src=\"https:\/\/ravel.com.br\/blog\/wp-content\/uploads\/2023\/12\/banner-meio-websummit2023.png\" alt=\"web summit 2023\" class=\"wp-image-5557\" srcset=\"https:\/\/ravel.com.br\/blog\/wp-content\/uploads\/2023\/12\/banner-meio-websummit2023.png 875w, https:\/\/ravel.com.br\/blog\/wp-content\/uploads\/2023\/12\/banner-meio-websummit2023-300x92.png 300w, https:\/\/ravel.com.br\/blog\/wp-content\/uploads\/2023\/12\/banner-meio-websummit2023-768x236.png 768w, https:\/\/ravel.com.br\/blog\/wp-content\/uploads\/2023\/12\/banner-meio-websummit2023-610x188.png 610w\" sizes=\"(max-width: 875px) 100vw, 875px\" \/><\/figure>\n\n\n\n<p><\/p>\n\n\n\n<h2 class=\"wp-block-heading\"><strong>NA CHUVA, VENDA LEN\u00c7O!<\/strong><\/h2>\n\n\n\n<p>O discurso \u201cn\u00f3s contra ela\u201d est\u00e1 presente em qualquer ambiente corporativo e remete ao Ludismo, movimento ingl\u00eas surgido no s\u00e9culo 19 que quebrava as m\u00e1quinas das f\u00e1bricas com o prop\u00f3sito de preservar o emprego das pessoas.<\/p>\n\n\n\n<p>Nos dias de hoje, muitos gurus acabam por ganhar aplausos f\u00e1ceis de uma audi\u00eancia ansiosa ao menosprezar os feitos da IA, como se a nega\u00e7\u00e3o fosse a chave para um futuro mais tranquilo para todos.<\/p>\n\n\n\n<p>Ainda perdemos tempo competindo com ela, em vez de entender como esse copiloto, mesmo com suas vis\u00edveis limita\u00e7\u00f5es (ainda bem!), pode ajudar nosso neg\u00f3cio e a n\u00f3s mesmos. Aproveitemos para ampliar nossas habilidades, e n\u00e3o defend\u00ea-las, com unhas e dentes, de uma amea\u00e7a alien\u00edgena.<\/p>\n\n\n\n<p>Vasco Pedro, CEO da Unbabel, estabeleceu logo na abertura do Web Summit 2023: \u201ctodo gestor deve entender que n\u00e3o utilizar a IA pode coloc\u00e1-lo em uma s\u00e9ria desvantagem competitiva em rela\u00e7\u00e3o ao concorrente\u201d.<\/p>\n\n\n\n<p>Antecipar movimentos pode fazer toda diferen\u00e7a. Isso vale para pessoa jur\u00eddica, mas tamb\u00e9m para pessoa f\u00edsica.<\/p>\n\n\n\n<h2 class=\"wp-block-heading\"><strong>MAS N\u00c3O SE ILUDA, A REGULA\u00c7\u00c3O \u00c9 O CAMINHO MAIS SENSATO<\/strong><\/h2>\n\n\n\n<p>A regula\u00e7\u00e3o ser\u00e1 necess\u00e1ria para nos proteger do mau uso da IA e, ao falarmos sobre isso, \u00e9 inevit\u00e1vel a associa\u00e7\u00e3o com outra tecnologia que recentemente ganhou as telas do cinema, por meio da produ\u00e7\u00e3o Oppenheimer.<\/p>\n\n\n\n<p>Como limitar o poss\u00edvel poder destrutivo de algo t\u00e3o poderoso? Aqui, o terreno se divide. H\u00e1 aqueles que desejam uma forte regula\u00e7\u00e3o antecipada, outros que preferem deixar o campo aberto para a livre iniciativa.<\/p>\n\n\n\n<p>N\u00e3o \u00e9 f\u00e1cil a resposta. E neste momento, existe uma comiss\u00e3o na Uni\u00e3o Europeia definindo os marcos de regula\u00e7\u00e3o para o uso da IA na Europa. O que presenciamos nas \u00faltimas d\u00e9cadas \u00e9 que todas as regula\u00e7\u00f5es que nascem na Uni\u00e3o Europeia s\u00e3o adotadas pelo resto do planeta.<\/p>\n\n\n\n<p>De forma definitiva, n\u00e3o sabemos ainda, mas o que se desponta s\u00e3o normas r\u00edgidas de uso e demonstra\u00e7\u00e3o onde de fato est\u00e1 sendo utilizada a IA. Um exemplo disso seria este artigo. Segundo as prov\u00e1veis novas regras, se este arquivo fosse escrito com a IA, ele deveria ter um selo ou marca dizendo que foi escrito com estas ferramentas.<\/p>\n\n\n\n<p><\/p>\n\n\n\n<figure class=\"wp-block-image size-full\"><img loading=\"lazy\" decoding=\"async\" width=\"875\" height=\"269\" src=\"https:\/\/ravel.com.br\/blog\/wp-content\/uploads\/2023\/12\/banner-meio-wemsummit2023-2.png\" alt=\"web summit 2023 \" class=\"wp-image-5556\" srcset=\"https:\/\/ravel.com.br\/blog\/wp-content\/uploads\/2023\/12\/banner-meio-wemsummit2023-2.png 875w, https:\/\/ravel.com.br\/blog\/wp-content\/uploads\/2023\/12\/banner-meio-wemsummit2023-2-300x92.png 300w, https:\/\/ravel.com.br\/blog\/wp-content\/uploads\/2023\/12\/banner-meio-wemsummit2023-2-768x236.png 768w, https:\/\/ravel.com.br\/blog\/wp-content\/uploads\/2023\/12\/banner-meio-wemsummit2023-2-610x188.png 610w\" sizes=\"(max-width: 875px) 100vw, 875px\" \/><\/figure>\n\n\n\n<p><\/p>\n\n\n\n<p>Mas o melhor caminho \u00e9 o equil\u00edbrio, j\u00e1 que a imprescind\u00edvel regula\u00e7\u00e3o n\u00e3o pode acabar com o futuro de um ser que, ainda no \u00fatero, tem o potencial de nos ajudar com problemas que j\u00e1 estavam por aqui bem antes dele nascer: a urg\u00eancia clim\u00e1tica, a brutal desigualdade mundial, as crises econ\u00f4micas.<\/p>\n\n\n\n<p>O debate \u00e9 s\u00e9rio e n\u00e3o pode ficar somente nas m\u00e3os da turma de tecnologia, que entende de n\u00fameros e c\u00f3digos, mas pouco sobre pessoas. Importante trazermos cientistas sociais, juristas, pol\u00edticos, a sociedade toda, enfim, para esta conversa.<\/p>\n\n\n\n<p>Ao fechar o evento, o ministro da economia de Portugal trouxe a marcante frase: \u201cO futuro \u00e9 onde passaremos o resto de nossas vidas\u201d. Fica a esperan\u00e7a de que todas as vidas possam caber nesse futuro.<\/p>\n\n\n\n<p>Forte abra\u00e7o!<\/p>\n\n\n\n<p>Para mais dicas, acesse:&nbsp;<a href=\"https:\/\/ravel.com.br\/blog\/\" target=\"_blank\" rel=\"noreferrer noopener\">Blog Tecnologia \u2013 Ravel<\/a><\/p>\n\n\n\n<figure class=\"wp-block-image size-full\"><a href=\"https:\/\/ravel.com.br\/\"><img loading=\"lazy\" decoding=\"async\" width=\"858\" height=\"112\" src=\"https:\/\/ravel.com.br\/blog\/wp-content\/uploads\/2023\/07\/banner-blog-ravel.png\" alt=\"tecnologia ao seu favor\" class=\"wp-image-4960\" srcset=\"https:\/\/ravel.com.br\/blog\/wp-content\/uploads\/2023\/07\/banner-blog-ravel.png 858w, https:\/\/ravel.com.br\/blog\/wp-content\/uploads\/2023\/07\/banner-blog-ravel-300x39.png 300w, https:\/\/ravel.com.br\/blog\/wp-content\/uploads\/2023\/07\/banner-blog-ravel-768x100.png 768w, https:\/\/ravel.com.br\/blog\/wp-content\/uploads\/2023\/07\/banner-blog-ravel-610x80.png 610w\" sizes=\"(max-width: 858px) 100vw, 858px\" \/><\/a><\/figure>\n","protected":false},"excerpt":{"rendered":"<p>Quais foram os insights e avan\u00e7os em IA apresentados na Web Summit 2023. Descubra o que este evento revela sobre as \u00faltimas tend\u00eancias da IA.<\/p>\n","protected":false},"author":19,"featured_media":5558,"comment_status":"closed","ping_status":"open","sticky":false,"template":"","format":"standard","meta":{"_et_pb_use_builder":"","_et_pb_old_content":"","_et_gb_content_width":"","footnotes":""},"categories":[6,105],"tags":[],"class_list":["post-5550","post","type-post","status-publish","format-standard","has-post-thumbnail","hentry","category-tecnologia","category-viver-com-tecnologia","et-has-post-format-content","et_post_format-et-post-format-standard"],"yoast_head":"<!-- This site is optimized with the Yoast SEO plugin v24.1 - https:\/\/yoast.com\/wordpress\/plugins\/seo\/ -->\n<title>Web Summit 2023, o que aprender sobre a ia? - Blog - Ravel<\/title>\n<meta name=\"description\" content=\"Quais foram os insights e avan\u00e7os em IA apresentados na Web Summit 2023. Descubra o que este evento revela sobre as \u00faltimas tend\u00eancias da IA.\" \/>\n<meta name=\"robots\" content=\"index, follow, max-snippet:-1, max-image-preview:large, max-video-preview:-1\" \/>\n<link rel=\"canonical\" href=\"https:\/\/ravel.com.br\/blog\/web-summit-2023-o-que-podemos-aprender-com-ele-sobre-a-ia\/\" \/>\n<meta property=\"og:locale\" content=\"pt_BR\" \/>\n<meta property=\"og:type\" content=\"article\" \/>\n<meta property=\"og:title\" content=\"Web Summit 2023, o que aprender sobre a ia? - Blog - Ravel\" \/>\n<meta property=\"og:description\" content=\"Quais foram os insights e avan\u00e7os em IA apresentados na Web Summit 2023. Descubra o que este evento revela sobre as \u00faltimas tend\u00eancias da IA.\" \/>\n<meta property=\"og:url\" content=\"https:\/\/ravel.com.br\/blog\/web-summit-2023-o-que-podemos-aprender-com-ele-sobre-a-ia\/\" \/>\n<meta property=\"og:site_name\" content=\"Blog Tecnologia\" \/>\n<meta property=\"article:published_time\" content=\"2023-12-06T12:53:50+00:00\" \/>\n<meta property=\"article:modified_time\" content=\"2025-12-18T11:53:43+00:00\" \/>\n<meta property=\"og:image\" content=\"https:\/\/ravel.com.br\/blog\/wp-content\/uploads\/2023\/12\/Capa-Web-Summit-2023.png\" \/>\n\t<meta property=\"og:image:width\" content=\"1000\" \/>\n\t<meta property=\"og:image:height\" content=\"667\" \/>\n\t<meta property=\"og:image:type\" content=\"image\/png\" \/>\n<meta name=\"author\" content=\"Benicio Filho\" \/>\n<meta name=\"twitter:card\" content=\"summary_large_image\" \/>\n<meta name=\"twitter:label1\" content=\"Escrito por\" \/>\n\t<meta name=\"twitter:data1\" content=\"Benicio Filho\" \/>\n\t<meta name=\"twitter:label2\" content=\"Est. tempo de leitura\" \/>\n\t<meta name=\"twitter:data2\" content=\"8 minutos\" \/>\n<script type=\"application\/ld+json\" class=\"yoast-schema-graph\">{\"@context\":\"https:\/\/schema.org\",\"@graph\":[{\"@type\":\"WebPage\",\"@id\":\"https:\/\/ravel.com.br\/blog\/web-summit-2023-o-que-podemos-aprender-com-ele-sobre-a-ia\/\",\"url\":\"https:\/\/ravel.com.br\/blog\/web-summit-2023-o-que-podemos-aprender-com-ele-sobre-a-ia\/\",\"name\":\"Web Summit 2023, o que aprender sobre a ia? - Blog - Ravel\",\"isPartOf\":{\"@id\":\"https:\/\/ravel.com.br\/blog\/#website\"},\"primaryImageOfPage\":{\"@id\":\"https:\/\/ravel.com.br\/blog\/web-summit-2023-o-que-podemos-aprender-com-ele-sobre-a-ia\/#primaryimage\"},\"image\":{\"@id\":\"https:\/\/ravel.com.br\/blog\/web-summit-2023-o-que-podemos-aprender-com-ele-sobre-a-ia\/#primaryimage\"},\"thumbnailUrl\":\"https:\/\/ravel.com.br\/blog\/wp-content\/uploads\/2023\/12\/Capa-Web-Summit-2023.png\",\"datePublished\":\"2023-12-06T12:53:50+00:00\",\"dateModified\":\"2025-12-18T11:53:43+00:00\",\"author\":{\"@id\":\"https:\/\/ravel.com.br\/blog\/#\/schema\/person\/8c1b896e660c50b7e048edbf136fd3df\"},\"description\":\"Quais foram os insights e avan\u00e7os em IA apresentados na Web Summit 2023. Descubra o que este evento revela sobre as \u00faltimas tend\u00eancias da IA.\",\"breadcrumb\":{\"@id\":\"https:\/\/ravel.com.br\/blog\/web-summit-2023-o-que-podemos-aprender-com-ele-sobre-a-ia\/#breadcrumb\"},\"inLanguage\":\"pt-BR\",\"potentialAction\":[{\"@type\":\"ReadAction\",\"target\":[\"https:\/\/ravel.com.br\/blog\/web-summit-2023-o-que-podemos-aprender-com-ele-sobre-a-ia\/\"]}]},{\"@type\":\"ImageObject\",\"inLanguage\":\"pt-BR\",\"@id\":\"https:\/\/ravel.com.br\/blog\/web-summit-2023-o-que-podemos-aprender-com-ele-sobre-a-ia\/#primaryimage\",\"url\":\"https:\/\/ravel.com.br\/blog\/wp-content\/uploads\/2023\/12\/Capa-Web-Summit-2023.png\",\"contentUrl\":\"https:\/\/ravel.com.br\/blog\/wp-content\/uploads\/2023\/12\/Capa-Web-Summit-2023.png\",\"width\":1000,\"height\":667,\"caption\":\"Web Summit 2023\"},{\"@type\":\"BreadcrumbList\",\"@id\":\"https:\/\/ravel.com.br\/blog\/web-summit-2023-o-que-podemos-aprender-com-ele-sobre-a-ia\/#breadcrumb\",\"itemListElement\":[{\"@type\":\"ListItem\",\"position\":1,\"name\":\"In\u00edcio\",\"item\":\"https:\/\/ravel.com.br\/blog\/\"},{\"@type\":\"ListItem\",\"position\":2,\"name\":\"Web Summit 2023, o que podemos aprender com ele sobre a ia?\"}]},{\"@type\":\"WebSite\",\"@id\":\"https:\/\/ravel.com.br\/blog\/#website\",\"url\":\"https:\/\/ravel.com.br\/blog\/\",\"name\":\"Blog Tecnologia\",\"description\":\"Dicas e Artigos sobre Tecnologia\",\"potentialAction\":[{\"@type\":\"SearchAction\",\"target\":{\"@type\":\"EntryPoint\",\"urlTemplate\":\"https:\/\/ravel.com.br\/blog\/?s={search_term_string}\"},\"query-input\":{\"@type\":\"PropertyValueSpecification\",\"valueRequired\":true,\"valueName\":\"search_term_string\"}}],\"inLanguage\":\"pt-BR\"},{\"@type\":\"Person\",\"@id\":\"https:\/\/ravel.com.br\/blog\/#\/schema\/person\/8c1b896e660c50b7e048edbf136fd3df\",\"name\":\"Benicio Filho\",\"image\":{\"@type\":\"ImageObject\",\"inLanguage\":\"pt-BR\",\"@id\":\"https:\/\/ravel.com.br\/blog\/#\/schema\/person\/image\/\",\"url\":\"https:\/\/secure.gravatar.com\/avatar\/90039d3db9064a83ee426386617b9797?s=96&d=mm&r=g\",\"contentUrl\":\"https:\/\/secure.gravatar.com\/avatar\/90039d3db9064a83ee426386617b9797?s=96&d=mm&r=g\",\"caption\":\"Benicio Filho\"},\"description\":\"Formado em eletr\u00f4nica, graduado em Teologia pela PUC SP, e Filosofia pela universidade Dom Bosco, Mestre pela Universidade Metodista de S\u00e3o Paulo na \u00e1rea de Educa\u00e7\u00e3o, MBA pela FGV em Gest\u00e3o Estrat\u00e9gica e Econ\u00f4mica de Neg\u00f3cios, p\u00f3s-graduado em Psican\u00e1lise pelo Instituto Kadmon de Psican\u00e1lise. Atua no mercado de tecnologia desde 1998. Fundador do Grupo Ravel de Tecnologia, S\u00f3cio da Core Angels Atlantic (Fundo de Investimento Internacional para Startups), s\u00f3cio fundador da Ag\u00eancia Incandescente, e s\u00f3cio fundador da Atlantic Hub e do Conex\u00e3o Europa Im\u00f3veis ambos em Portugal, atua como empres\u00e1rio, escritor e pesquisador das \u00e1reas de empreendedorismo, mentoring, lideran\u00e7a, inova\u00e7\u00e3o e internacionaliza\u00e7\u00e3o. Em dezembro de 2019, lan\u00e7ou o seu primeiro livro \u201cVidas Ressignificadas\\\", em dezembro de 2020 seu segundo \u201cDo Caos ao Recome\u00e7o\u201d, e em janeiro de 2022 o \u00faltimo publicado \u201cMetamorfose Empreendedora\u201d.\",\"url\":\"https:\/\/ravel.com.br\/blog\/author\/benicio-filho\/\"}]}<\/script>\n<!-- \/ Yoast SEO plugin. -->","yoast_head_json":{"title":"Web Summit 2023, o que aprender sobre a ia? - Blog - Ravel","description":"Quais foram os insights e avan\u00e7os em IA apresentados na Web Summit 2023. Descubra o que este evento revela sobre as \u00faltimas tend\u00eancias da IA.","robots":{"index":"index","follow":"follow","max-snippet":"max-snippet:-1","max-image-preview":"max-image-preview:large","max-video-preview":"max-video-preview:-1"},"canonical":"https:\/\/ravel.com.br\/blog\/web-summit-2023-o-que-podemos-aprender-com-ele-sobre-a-ia\/","og_locale":"pt_BR","og_type":"article","og_title":"Web Summit 2023, o que aprender sobre a ia? - Blog - Ravel","og_description":"Quais foram os insights e avan\u00e7os em IA apresentados na Web Summit 2023. Descubra o que este evento revela sobre as \u00faltimas tend\u00eancias da IA.","og_url":"https:\/\/ravel.com.br\/blog\/web-summit-2023-o-que-podemos-aprender-com-ele-sobre-a-ia\/","og_site_name":"Blog Tecnologia","article_published_time":"2023-12-06T12:53:50+00:00","article_modified_time":"2025-12-18T11:53:43+00:00","og_image":[{"width":1000,"height":667,"url":"https:\/\/ravel.com.br\/blog\/wp-content\/uploads\/2023\/12\/Capa-Web-Summit-2023.png","type":"image\/png"}],"author":"Benicio Filho","twitter_card":"summary_large_image","twitter_misc":{"Escrito por":"Benicio Filho","Est. tempo de leitura":"8 minutos"},"schema":{"@context":"https:\/\/schema.org","@graph":[{"@type":"WebPage","@id":"https:\/\/ravel.com.br\/blog\/web-summit-2023-o-que-podemos-aprender-com-ele-sobre-a-ia\/","url":"https:\/\/ravel.com.br\/blog\/web-summit-2023-o-que-podemos-aprender-com-ele-sobre-a-ia\/","name":"Web Summit 2023, o que aprender sobre a ia? - Blog - Ravel","isPartOf":{"@id":"https:\/\/ravel.com.br\/blog\/#website"},"primaryImageOfPage":{"@id":"https:\/\/ravel.com.br\/blog\/web-summit-2023-o-que-podemos-aprender-com-ele-sobre-a-ia\/#primaryimage"},"image":{"@id":"https:\/\/ravel.com.br\/blog\/web-summit-2023-o-que-podemos-aprender-com-ele-sobre-a-ia\/#primaryimage"},"thumbnailUrl":"https:\/\/ravel.com.br\/blog\/wp-content\/uploads\/2023\/12\/Capa-Web-Summit-2023.png","datePublished":"2023-12-06T12:53:50+00:00","dateModified":"2025-12-18T11:53:43+00:00","author":{"@id":"https:\/\/ravel.com.br\/blog\/#\/schema\/person\/8c1b896e660c50b7e048edbf136fd3df"},"description":"Quais foram os insights e avan\u00e7os em IA apresentados na Web Summit 2023. Descubra o que este evento revela sobre as \u00faltimas tend\u00eancias da IA.","breadcrumb":{"@id":"https:\/\/ravel.com.br\/blog\/web-summit-2023-o-que-podemos-aprender-com-ele-sobre-a-ia\/#breadcrumb"},"inLanguage":"pt-BR","potentialAction":[{"@type":"ReadAction","target":["https:\/\/ravel.com.br\/blog\/web-summit-2023-o-que-podemos-aprender-com-ele-sobre-a-ia\/"]}]},{"@type":"ImageObject","inLanguage":"pt-BR","@id":"https:\/\/ravel.com.br\/blog\/web-summit-2023-o-que-podemos-aprender-com-ele-sobre-a-ia\/#primaryimage","url":"https:\/\/ravel.com.br\/blog\/wp-content\/uploads\/2023\/12\/Capa-Web-Summit-2023.png","contentUrl":"https:\/\/ravel.com.br\/blog\/wp-content\/uploads\/2023\/12\/Capa-Web-Summit-2023.png","width":1000,"height":667,"caption":"Web Summit 2023"},{"@type":"BreadcrumbList","@id":"https:\/\/ravel.com.br\/blog\/web-summit-2023-o-que-podemos-aprender-com-ele-sobre-a-ia\/#breadcrumb","itemListElement":[{"@type":"ListItem","position":1,"name":"In\u00edcio","item":"https:\/\/ravel.com.br\/blog\/"},{"@type":"ListItem","position":2,"name":"Web Summit 2023, o que podemos aprender com ele sobre a ia?"}]},{"@type":"WebSite","@id":"https:\/\/ravel.com.br\/blog\/#website","url":"https:\/\/ravel.com.br\/blog\/","name":"Blog Tecnologia","description":"Dicas e Artigos sobre Tecnologia","potentialAction":[{"@type":"SearchAction","target":{"@type":"EntryPoint","urlTemplate":"https:\/\/ravel.com.br\/blog\/?s={search_term_string}"},"query-input":{"@type":"PropertyValueSpecification","valueRequired":true,"valueName":"search_term_string"}}],"inLanguage":"pt-BR"},{"@type":"Person","@id":"https:\/\/ravel.com.br\/blog\/#\/schema\/person\/8c1b896e660c50b7e048edbf136fd3df","name":"Benicio Filho","image":{"@type":"ImageObject","inLanguage":"pt-BR","@id":"https:\/\/ravel.com.br\/blog\/#\/schema\/person\/image\/","url":"https:\/\/secure.gravatar.com\/avatar\/90039d3db9064a83ee426386617b9797?s=96&d=mm&r=g","contentUrl":"https:\/\/secure.gravatar.com\/avatar\/90039d3db9064a83ee426386617b9797?s=96&d=mm&r=g","caption":"Benicio Filho"},"description":"Formado em eletr\u00f4nica, graduado em Teologia pela PUC SP, e Filosofia pela universidade Dom Bosco, Mestre pela Universidade Metodista de S\u00e3o Paulo na \u00e1rea de Educa\u00e7\u00e3o, MBA pela FGV em Gest\u00e3o Estrat\u00e9gica e Econ\u00f4mica de Neg\u00f3cios, p\u00f3s-graduado em Psican\u00e1lise pelo Instituto Kadmon de Psican\u00e1lise. Atua no mercado de tecnologia desde 1998. Fundador do Grupo Ravel de Tecnologia, S\u00f3cio da Core Angels Atlantic (Fundo de Investimento Internacional para Startups), s\u00f3cio fundador da Ag\u00eancia Incandescente, e s\u00f3cio fundador da Atlantic Hub e do Conex\u00e3o Europa Im\u00f3veis ambos em Portugal, atua como empres\u00e1rio, escritor e pesquisador das \u00e1reas de empreendedorismo, mentoring, lideran\u00e7a, inova\u00e7\u00e3o e internacionaliza\u00e7\u00e3o. Em dezembro de 2019, lan\u00e7ou o seu primeiro livro \u201cVidas Ressignificadas\", em dezembro de 2020 seu segundo \u201cDo Caos ao Recome\u00e7o\u201d, e em janeiro de 2022 o \u00faltimo publicado \u201cMetamorfose Empreendedora\u201d.","url":"https:\/\/ravel.com.br\/blog\/author\/benicio-filho\/"}]}},"_links":{"self":[{"href":"https:\/\/ravel.com.br\/blog\/wp-json\/wp\/v2\/posts\/5550","targetHints":{"allow":["GET"]}}],"collection":[{"href":"https:\/\/ravel.com.br\/blog\/wp-json\/wp\/v2\/posts"}],"about":[{"href":"https:\/\/ravel.com.br\/blog\/wp-json\/wp\/v2\/types\/post"}],"author":[{"embeddable":true,"href":"https:\/\/ravel.com.br\/blog\/wp-json\/wp\/v2\/users\/19"}],"replies":[{"embeddable":true,"href":"https:\/\/ravel.com.br\/blog\/wp-json\/wp\/v2\/comments?post=5550"}],"version-history":[{"count":3,"href":"https:\/\/ravel.com.br\/blog\/wp-json\/wp\/v2\/posts\/5550\/revisions"}],"predecessor-version":[{"id":5560,"href":"https:\/\/ravel.com.br\/blog\/wp-json\/wp\/v2\/posts\/5550\/revisions\/5560"}],"wp:featuredmedia":[{"embeddable":true,"href":"https:\/\/ravel.com.br\/blog\/wp-json\/wp\/v2\/media\/5558"}],"wp:attachment":[{"href":"https:\/\/ravel.com.br\/blog\/wp-json\/wp\/v2\/media?parent=5550"}],"wp:term":[{"taxonomy":"category","embeddable":true,"href":"https:\/\/ravel.com.br\/blog\/wp-json\/wp\/v2\/categories?post=5550"},{"taxonomy":"post_tag","embeddable":true,"href":"https:\/\/ravel.com.br\/blog\/wp-json\/wp\/v2\/tags?post=5550"}],"curies":[{"name":"wp","href":"https:\/\/api.w.org\/{rel}","templated":true}]}}