{"id":5585,"date":"2024-01-25T11:42:41","date_gmt":"2024-01-25T14:42:41","guid":{"rendered":"https:\/\/ravel.com.br\/blog\/?p=5585"},"modified":"2024-01-25T14:54:05","modified_gmt":"2024-01-25T17:54:05","slug":"dia-internacional-da-protecao-de-dados","status":"publish","type":"post","link":"https:\/\/ravel.com.br\/blog\/dia-internacional-da-protecao-de-dados\/","title":{"rendered":"Dia Internacional da Prote\u00e7\u00e3o de Dados"},"content":{"rendered":"\n<p>Os cibercriminosos est\u00e3o constantemente inovando em t\u00e9cnicas para explorar dados pessoais visando ganhos financeiros. Este cen\u00e1rio destaca a import\u00e2ncia do Dia Internacional da Prote\u00e7\u00e3o de Dados, celebrado anualmente em 28 de janeiro, uma ocasi\u00e3o dedicada a enfatizar a necessidade de preservar a privacidade e a seguran\u00e7a dos dados em um mundo cada vez mais digitalizado.<\/p>\n\n\n\n<p>\u00c9 alarmante pensar que, hoje em dia, qualquer pessoa com acesso \u00e0s suas informa\u00e7\u00f5es pode abrir contas, alugar carros e realizar compras em seu nome, e muito mais.<\/p>\n\n\n\n<h2 class=\"wp-block-heading\">Prote\u00e7\u00e3o legal proporcionada pela LGPD<\/h2>\n\n\n\n<p>Neste contexto, a Lei Geral de Prote\u00e7\u00e3o de Dados (LGPD) no Brasil surge como um marco legal crucial. Inspirada em regulamentos internacionais como o GDPR na Uni\u00e3o Europeia, a LGPD estabelece diretrizes claras para a coleta, armazenamento, processamento e compartilhamento de dados pessoais. Seu principal objetivo \u00e9 garantir a privacidade dos cidad\u00e3os, oferecendo controle sobre suas informa\u00e7\u00f5es pessoais e impondo responsabilidades \u00e0s organiza\u00e7\u00f5es que lidam com esses dados.<\/p>\n\n\n\n<p>Ao se questionar sobre a origem e a legitimidade da coleta de dados por empresas, a LGPD permite que os indiv\u00edduos exer\u00e7am seu direito de questionamento.<\/p>\n\n\n\n<p>Voc\u00ea tem o direito de saber onde e por que uma empresa coletou seus dados, assim como a LGPD lhe confere o poder de autorizar ou negar tal coleta. Al\u00e9m disso, a legisla\u00e7\u00e3o concede uma s\u00e9rie de direitos aos usu\u00e1rios, incluindo acesso aos dados, corre\u00e7\u00e3o de informa\u00e7\u00f5es imprecisas, anonimiza\u00e7\u00e3o e elimina\u00e7\u00e3o de dados desnecess\u00e1rios.<\/p>\n\n\n\n<p>Sabia mais:&nbsp; <a href=\"https:\/\/ravel.com.br\/blog\/sua-empresa-esta-preparada-para-a-lei-geral-de-protecao-de-dados-lgpd\/\">https:\/\/ravel.com.br\/blog\/sua-empresa-esta-preparada-para-a-lei-geral-de-protecao-de-dados-lgpd\/<\/a><\/p>\n\n\n\n<figure class=\"wp-block-image size-large\"><img loading=\"lazy\" decoding=\"async\" width=\"1024\" height=\"283\" src=\"https:\/\/ravel.com.br\/blog\/wp-content\/uploads\/2024\/01\/Dia-internacional-da-Privacidade-Banner-1024x283.jpg\" alt=\"Dia Internacional da Prote\u00e7\u00e3o de Dados\" class=\"wp-image-5590\" srcset=\"https:\/\/ravel.com.br\/blog\/wp-content\/uploads\/2024\/01\/Dia-internacional-da-Privacidade-Banner-1024x283.jpg 1024w, https:\/\/ravel.com.br\/blog\/wp-content\/uploads\/2024\/01\/Dia-internacional-da-Privacidade-Banner-300x83.jpg 300w, https:\/\/ravel.com.br\/blog\/wp-content\/uploads\/2024\/01\/Dia-internacional-da-Privacidade-Banner-768x212.jpg 768w, https:\/\/ravel.com.br\/blog\/wp-content\/uploads\/2024\/01\/Dia-internacional-da-Privacidade-Banner-1536x425.jpg 1536w, https:\/\/ravel.com.br\/blog\/wp-content\/uploads\/2024\/01\/Dia-internacional-da-Privacidade-Banner-610x169.jpg 610w, https:\/\/ravel.com.br\/blog\/wp-content\/uploads\/2024\/01\/Dia-internacional-da-Privacidade-Banner-1080x299.jpg 1080w, https:\/\/ravel.com.br\/blog\/wp-content\/uploads\/2024\/01\/Dia-internacional-da-Privacidade-Banner.jpg 1733w\" sizes=\"(max-width: 1024px) 100vw, 1024px\" \/><\/figure>\n\n\n\n<h2 class=\"wp-block-heading\">Dicas Tecnol\u00f3gicas para Prote\u00e7\u00e3o de Dados no Dia a Dia<\/h2>\n\n\n\n<p>Al\u00e9m de contar com a prote\u00e7\u00e3o legal proporcionada pela LGPD, \u00e9 crucial que os usu\u00e1rios estejam conscientes das pr\u00e1ticas que podem adotar para proteger ativamente seus dados no dia a dia. Abaixo, apresentamos dicas essenciais para a sua jornada de trabalho, visando refor\u00e7ar a seguran\u00e7a e privacidade das informa\u00e7\u00f5es.<\/p>\n\n\n\n<ol class=\"wp-block-list\">\n<li><a href=\"https:\/\/ravel.com.br\/blog\/dicas-para-criar-senhas-seguras\/\" target=\"_blank\" rel=\"noreferrer noopener\">Senhas Fortes e Atualizadas<\/a>: Utilize senhas complexas e atualize-as regularmente.<\/li>\n\n\n\n<li><a href=\"https:\/\/ravel.com.br\/blog\/mfa-e-authenticator-na-pratica\/\" target=\"_blank\" rel=\"noreferrer noopener\">Autentica\u00e7\u00e3o de Dois Fatores (2FA)<\/a>: Reforce a seguran\u00e7a adicionando uma camada extra de autentica\u00e7\u00e3o.<\/li>\n\n\n\n<li><a href=\"https:\/\/ravel.com.br\/blog\/gerenciamento-de-patches-e-sua-importancia\/\" target=\"_blank\" rel=\"noreferrer noopener\">Atualiza\u00e7\u00f5es de Software<\/a>: Mantenha seu sistema operacional e aplicativos sempre atualizados para corrigir vulnerabilidades.<\/li>\n\n\n\n<li><a href=\"https:\/\/ravel.com.br\/blog\/por-que-acessar-sites-com-https\/\" target=\"_blank\" rel=\"noreferrer noopener\">Navega\u00e7\u00e3o Segura<\/a>: Utilize conex\u00f5es seguras (HTTPS) e evite redes Wi-Fi p\u00fablicas para proteger dados durante a navega\u00e7\u00e3o.<\/li>\n\n\n\n<li><a href=\"https:\/\/ravel.com.br\/blog\/como-ativar-a-verificacao-de-dois-fatores-no-instagram\/\" target=\"_blank\" rel=\"noreferrer noopener\">Controle de Privacidade nas Redes Sociais<\/a>: Revise e ajuste as configura\u00e7\u00f5es de privacidade em plataformas de redes sociais.<\/li>\n\n\n\n<li><a href=\"https:\/\/ravel.com.br\/blog\/a-importancia-do-backup-de-dados\/\" target=\"_blank\" rel=\"noreferrer noopener\">Backup Regular de Dados<\/a>: Fa\u00e7a c\u00f3pias de seguran\u00e7a regulares para evitar a perda irrepar\u00e1vel de informa\u00e7\u00f5es.<\/li>\n\n\n\n<li><a href=\"https:\/\/ravel.com.br\/blog\/como-identificar-e-evitar-golpes-online-os-perigos-do-phishing\/\" target=\"_blank\" rel=\"noreferrer noopener\">Aten\u00e7\u00e3o a Phishing<\/a>: Esteja alerta a e-mails suspeitos e evite clicar em links desconhecidos.<\/li>\n\n\n\n<li><a href=\"https:\/\/www.bcb.gov.br\/meubc\/registrato\" target=\"_blank\" rel=\"noreferrer noopener\">Monitoramento Financeiro<\/a>: Utilize recursos como o Registrato, disponibilizado pelo Banco Central do Brasil, para verificar se algu\u00e9m criou alguma conta em seu nome e monitore suas informa\u00e7\u00f5es financeiras.<\/li>\n\n\n\n<li><a href=\"https:\/\/ravel.com.br\/blog\/gerenciamento-de-criptografia\/\" target=\"_blank\" rel=\"noreferrer noopener\">Criptografia de Computadores<\/a>: Utilize tecnologias de criptografia para proteger os dados armazenados em seus dispositivos. A criptografia ajuda a garantir que mesmo se algu\u00e9m conseguir acessar os dados, n\u00e3o conseguir\u00e1 compreend\u00ea-los sem a chave de descriptografia.<\/li>\n<\/ol>\n\n\n\n<p>Vale ressaltar que, devido \u00e0 diversidade de amea\u00e7as, existem diversas outras camadas de prote\u00e7\u00e3o que podem ser aplicadas, levando em considera\u00e7\u00e3o a opera\u00e7\u00e3o e complexidade espec\u00edficas de cada empresa.<\/p>\n\n\n\n<p>Seguran\u00e7a \u00e9 um tema para o ano todo, n\u00e3o apenas para o Dia Internacional da Prote\u00e7\u00e3o de Dados.<\/p>\n\n\n\n<p>Caso sua organiza\u00e7\u00e3o busque analisar ou explorar op\u00e7\u00f5es para aprimorar essas camadas de seguran\u00e7a, a Ravel Tecnologia est\u00e1 pronta para colaborar e atender a essa demanda de maneira eficaz.<\/p>\n","protected":false},"excerpt":{"rendered":"<p>Dia Internacional da Prote\u00e7\u00e3o de Dados &#8211; Uma ocasi\u00e3o dedicada a enfatizar a necessidade de preservar a privacidade e a seguran\u00e7a dos dados em um mundo cada vez mais digitalizado<\/p>\n","protected":false},"author":6,"featured_media":5589,"comment_status":"closed","ping_status":"open","sticky":false,"template":"","format":"standard","meta":{"_et_pb_use_builder":"","_et_pb_old_content":"","_et_gb_content_width":"","footnotes":""},"categories":[101,6],"tags":[],"class_list":["post-5585","post","type-post","status-publish","format-standard","has-post-thumbnail","hentry","category-security","category-tecnologia","et-has-post-format-content","et_post_format-et-post-format-standard"],"yoast_head":"<!-- This site is optimized with the Yoast SEO plugin v24.1 - https:\/\/yoast.com\/wordpress\/plugins\/seo\/ -->\n<title>Dia Internacional da Prote\u00e7\u00e3o de Dados - Blog - Ravel Tecnologia<\/title>\n<meta name=\"description\" content=\"Dia Internacional da Prote\u00e7\u00e3o de Dados - Uma ocasi\u00e3o dedicada a enfatizar a necessidade de preservar a privacidade e a seguran\u00e7a dos dados em um mundo cada vez mais digitalizado\" \/>\n<meta name=\"robots\" content=\"index, follow, max-snippet:-1, max-image-preview:large, max-video-preview:-1\" \/>\n<link rel=\"canonical\" href=\"https:\/\/ravel.com.br\/blog\/dia-internacional-da-protecao-de-dados\/\" \/>\n<meta property=\"og:locale\" content=\"pt_BR\" \/>\n<meta property=\"og:type\" content=\"article\" \/>\n<meta property=\"og:title\" content=\"Dia Internacional da Prote\u00e7\u00e3o de Dados - Blog - Ravel Tecnologia\" \/>\n<meta property=\"og:description\" content=\"Dia Internacional da Prote\u00e7\u00e3o de Dados - Uma ocasi\u00e3o dedicada a enfatizar a necessidade de preservar a privacidade e a seguran\u00e7a dos dados em um mundo cada vez mais digitalizado\" \/>\n<meta property=\"og:url\" content=\"https:\/\/ravel.com.br\/blog\/dia-internacional-da-protecao-de-dados\/\" \/>\n<meta property=\"og:site_name\" content=\"Blog Tecnologia\" \/>\n<meta property=\"article:published_time\" content=\"2024-01-25T14:42:41+00:00\" \/>\n<meta property=\"article:modified_time\" content=\"2024-01-25T17:54:05+00:00\" \/>\n<meta property=\"og:image\" content=\"https:\/\/ravel.com.br\/blog\/wp-content\/uploads\/2024\/01\/Dia-internacional-da-Privacidade-Capa.jpg\" \/>\n\t<meta property=\"og:image:width\" content=\"1243\" \/>\n\t<meta property=\"og:image:height\" content=\"628\" \/>\n\t<meta property=\"og:image:type\" content=\"image\/jpeg\" \/>\n<meta name=\"author\" content=\"Edson Brito - Gerente de Projetos\" \/>\n<meta name=\"twitter:card\" content=\"summary_large_image\" \/>\n<meta name=\"twitter:label1\" content=\"Escrito por\" \/>\n\t<meta name=\"twitter:data1\" content=\"Edson Brito - Gerente de Projetos\" \/>\n\t<meta name=\"twitter:label2\" content=\"Est. tempo de leitura\" \/>\n\t<meta name=\"twitter:data2\" content=\"4 minutos\" \/>\n<script type=\"application\/ld+json\" class=\"yoast-schema-graph\">{\"@context\":\"https:\/\/schema.org\",\"@graph\":[{\"@type\":\"WebPage\",\"@id\":\"https:\/\/ravel.com.br\/blog\/dia-internacional-da-protecao-de-dados\/\",\"url\":\"https:\/\/ravel.com.br\/blog\/dia-internacional-da-protecao-de-dados\/\",\"name\":\"Dia Internacional da Prote\u00e7\u00e3o de Dados - Blog - Ravel Tecnologia\",\"isPartOf\":{\"@id\":\"https:\/\/ravel.com.br\/blog\/#website\"},\"primaryImageOfPage\":{\"@id\":\"https:\/\/ravel.com.br\/blog\/dia-internacional-da-protecao-de-dados\/#primaryimage\"},\"image\":{\"@id\":\"https:\/\/ravel.com.br\/blog\/dia-internacional-da-protecao-de-dados\/#primaryimage\"},\"thumbnailUrl\":\"https:\/\/ravel.com.br\/blog\/wp-content\/uploads\/2024\/01\/Dia-internacional-da-Privacidade-Capa.jpg\",\"datePublished\":\"2024-01-25T14:42:41+00:00\",\"dateModified\":\"2024-01-25T17:54:05+00:00\",\"author\":{\"@id\":\"https:\/\/ravel.com.br\/blog\/#\/schema\/person\/0ffb86b724b1bb06423f7e8c8918afea\"},\"description\":\"Dia Internacional da Prote\u00e7\u00e3o de Dados - Uma ocasi\u00e3o dedicada a enfatizar a necessidade de preservar a privacidade e a seguran\u00e7a dos dados em um mundo cada vez mais digitalizado\",\"breadcrumb\":{\"@id\":\"https:\/\/ravel.com.br\/blog\/dia-internacional-da-protecao-de-dados\/#breadcrumb\"},\"inLanguage\":\"pt-BR\",\"potentialAction\":[{\"@type\":\"ReadAction\",\"target\":[\"https:\/\/ravel.com.br\/blog\/dia-internacional-da-protecao-de-dados\/\"]}]},{\"@type\":\"ImageObject\",\"inLanguage\":\"pt-BR\",\"@id\":\"https:\/\/ravel.com.br\/blog\/dia-internacional-da-protecao-de-dados\/#primaryimage\",\"url\":\"https:\/\/ravel.com.br\/blog\/wp-content\/uploads\/2024\/01\/Dia-internacional-da-Privacidade-Capa.jpg\",\"contentUrl\":\"https:\/\/ravel.com.br\/blog\/wp-content\/uploads\/2024\/01\/Dia-internacional-da-Privacidade-Capa.jpg\",\"width\":1243,\"height\":628},{\"@type\":\"BreadcrumbList\",\"@id\":\"https:\/\/ravel.com.br\/blog\/dia-internacional-da-protecao-de-dados\/#breadcrumb\",\"itemListElement\":[{\"@type\":\"ListItem\",\"position\":1,\"name\":\"In\u00edcio\",\"item\":\"https:\/\/ravel.com.br\/blog\/\"},{\"@type\":\"ListItem\",\"position\":2,\"name\":\"Dia Internacional da Prote\u00e7\u00e3o de Dados\"}]},{\"@type\":\"WebSite\",\"@id\":\"https:\/\/ravel.com.br\/blog\/#website\",\"url\":\"https:\/\/ravel.com.br\/blog\/\",\"name\":\"Blog Tecnologia\",\"description\":\"Dicas e Artigos sobre Tecnologia\",\"potentialAction\":[{\"@type\":\"SearchAction\",\"target\":{\"@type\":\"EntryPoint\",\"urlTemplate\":\"https:\/\/ravel.com.br\/blog\/?s={search_term_string}\"},\"query-input\":{\"@type\":\"PropertyValueSpecification\",\"valueRequired\":true,\"valueName\":\"search_term_string\"}}],\"inLanguage\":\"pt-BR\"},{\"@type\":\"Person\",\"@id\":\"https:\/\/ravel.com.br\/blog\/#\/schema\/person\/0ffb86b724b1bb06423f7e8c8918afea\",\"name\":\"Edson Brito - Gerente de Projetos\",\"image\":{\"@type\":\"ImageObject\",\"inLanguage\":\"pt-BR\",\"@id\":\"https:\/\/ravel.com.br\/blog\/#\/schema\/person\/image\/\",\"url\":\"https:\/\/secure.gravatar.com\/avatar\/e9f161bd2b2691252a68729961f39f9b?s=96&d=mm&r=g\",\"contentUrl\":\"https:\/\/secure.gravatar.com\/avatar\/e9f161bd2b2691252a68729961f39f9b?s=96&d=mm&r=g\",\"caption\":\"Edson Brito - Gerente de Projetos\"},\"description\":\"Gestor T\u00e9cnico na Ravel Tecnologia, com forma\u00e7\u00e3o em Tecnologia da Informa\u00e7\u00e3o e p\u00f3s graduado em Seguran\u00e7a da Informa\u00e7\u00e3o, busca atuar em projetos de infraestrutura, nuvem e SI. Focado em melhorias e solu\u00e7\u00f5es tecnol\u00f3gicas. Adora viajar e apreciar um bom vinho.\",\"sameAs\":[\"http:\/\/ravel.com.br\"],\"url\":\"https:\/\/ravel.com.br\/blog\/author\/edson-brito\/\"}]}<\/script>\n<!-- \/ Yoast SEO plugin. -->","yoast_head_json":{"title":"Dia Internacional da Prote\u00e7\u00e3o de Dados - Blog - Ravel Tecnologia","description":"Dia Internacional da Prote\u00e7\u00e3o de Dados - Uma ocasi\u00e3o dedicada a enfatizar a necessidade de preservar a privacidade e a seguran\u00e7a dos dados em um mundo cada vez mais digitalizado","robots":{"index":"index","follow":"follow","max-snippet":"max-snippet:-1","max-image-preview":"max-image-preview:large","max-video-preview":"max-video-preview:-1"},"canonical":"https:\/\/ravel.com.br\/blog\/dia-internacional-da-protecao-de-dados\/","og_locale":"pt_BR","og_type":"article","og_title":"Dia Internacional da Prote\u00e7\u00e3o de Dados - Blog - Ravel Tecnologia","og_description":"Dia Internacional da Prote\u00e7\u00e3o de Dados - Uma ocasi\u00e3o dedicada a enfatizar a necessidade de preservar a privacidade e a seguran\u00e7a dos dados em um mundo cada vez mais digitalizado","og_url":"https:\/\/ravel.com.br\/blog\/dia-internacional-da-protecao-de-dados\/","og_site_name":"Blog Tecnologia","article_published_time":"2024-01-25T14:42:41+00:00","article_modified_time":"2024-01-25T17:54:05+00:00","og_image":[{"width":1243,"height":628,"url":"https:\/\/ravel.com.br\/blog\/wp-content\/uploads\/2024\/01\/Dia-internacional-da-Privacidade-Capa.jpg","type":"image\/jpeg"}],"author":"Edson Brito - Gerente de Projetos","twitter_card":"summary_large_image","twitter_misc":{"Escrito por":"Edson Brito - Gerente de Projetos","Est. tempo de leitura":"4 minutos"},"schema":{"@context":"https:\/\/schema.org","@graph":[{"@type":"WebPage","@id":"https:\/\/ravel.com.br\/blog\/dia-internacional-da-protecao-de-dados\/","url":"https:\/\/ravel.com.br\/blog\/dia-internacional-da-protecao-de-dados\/","name":"Dia Internacional da Prote\u00e7\u00e3o de Dados - Blog - Ravel Tecnologia","isPartOf":{"@id":"https:\/\/ravel.com.br\/blog\/#website"},"primaryImageOfPage":{"@id":"https:\/\/ravel.com.br\/blog\/dia-internacional-da-protecao-de-dados\/#primaryimage"},"image":{"@id":"https:\/\/ravel.com.br\/blog\/dia-internacional-da-protecao-de-dados\/#primaryimage"},"thumbnailUrl":"https:\/\/ravel.com.br\/blog\/wp-content\/uploads\/2024\/01\/Dia-internacional-da-Privacidade-Capa.jpg","datePublished":"2024-01-25T14:42:41+00:00","dateModified":"2024-01-25T17:54:05+00:00","author":{"@id":"https:\/\/ravel.com.br\/blog\/#\/schema\/person\/0ffb86b724b1bb06423f7e8c8918afea"},"description":"Dia Internacional da Prote\u00e7\u00e3o de Dados - Uma ocasi\u00e3o dedicada a enfatizar a necessidade de preservar a privacidade e a seguran\u00e7a dos dados em um mundo cada vez mais digitalizado","breadcrumb":{"@id":"https:\/\/ravel.com.br\/blog\/dia-internacional-da-protecao-de-dados\/#breadcrumb"},"inLanguage":"pt-BR","potentialAction":[{"@type":"ReadAction","target":["https:\/\/ravel.com.br\/blog\/dia-internacional-da-protecao-de-dados\/"]}]},{"@type":"ImageObject","inLanguage":"pt-BR","@id":"https:\/\/ravel.com.br\/blog\/dia-internacional-da-protecao-de-dados\/#primaryimage","url":"https:\/\/ravel.com.br\/blog\/wp-content\/uploads\/2024\/01\/Dia-internacional-da-Privacidade-Capa.jpg","contentUrl":"https:\/\/ravel.com.br\/blog\/wp-content\/uploads\/2024\/01\/Dia-internacional-da-Privacidade-Capa.jpg","width":1243,"height":628},{"@type":"BreadcrumbList","@id":"https:\/\/ravel.com.br\/blog\/dia-internacional-da-protecao-de-dados\/#breadcrumb","itemListElement":[{"@type":"ListItem","position":1,"name":"In\u00edcio","item":"https:\/\/ravel.com.br\/blog\/"},{"@type":"ListItem","position":2,"name":"Dia Internacional da Prote\u00e7\u00e3o de Dados"}]},{"@type":"WebSite","@id":"https:\/\/ravel.com.br\/blog\/#website","url":"https:\/\/ravel.com.br\/blog\/","name":"Blog Tecnologia","description":"Dicas e Artigos sobre Tecnologia","potentialAction":[{"@type":"SearchAction","target":{"@type":"EntryPoint","urlTemplate":"https:\/\/ravel.com.br\/blog\/?s={search_term_string}"},"query-input":{"@type":"PropertyValueSpecification","valueRequired":true,"valueName":"search_term_string"}}],"inLanguage":"pt-BR"},{"@type":"Person","@id":"https:\/\/ravel.com.br\/blog\/#\/schema\/person\/0ffb86b724b1bb06423f7e8c8918afea","name":"Edson Brito - Gerente de Projetos","image":{"@type":"ImageObject","inLanguage":"pt-BR","@id":"https:\/\/ravel.com.br\/blog\/#\/schema\/person\/image\/","url":"https:\/\/secure.gravatar.com\/avatar\/e9f161bd2b2691252a68729961f39f9b?s=96&d=mm&r=g","contentUrl":"https:\/\/secure.gravatar.com\/avatar\/e9f161bd2b2691252a68729961f39f9b?s=96&d=mm&r=g","caption":"Edson Brito - Gerente de Projetos"},"description":"Gestor T\u00e9cnico na Ravel Tecnologia, com forma\u00e7\u00e3o em Tecnologia da Informa\u00e7\u00e3o e p\u00f3s graduado em Seguran\u00e7a da Informa\u00e7\u00e3o, busca atuar em projetos de infraestrutura, nuvem e SI. Focado em melhorias e solu\u00e7\u00f5es tecnol\u00f3gicas. Adora viajar e apreciar um bom vinho.","sameAs":["http:\/\/ravel.com.br"],"url":"https:\/\/ravel.com.br\/blog\/author\/edson-brito\/"}]}},"_links":{"self":[{"href":"https:\/\/ravel.com.br\/blog\/wp-json\/wp\/v2\/posts\/5585","targetHints":{"allow":["GET"]}}],"collection":[{"href":"https:\/\/ravel.com.br\/blog\/wp-json\/wp\/v2\/posts"}],"about":[{"href":"https:\/\/ravel.com.br\/blog\/wp-json\/wp\/v2\/types\/post"}],"author":[{"embeddable":true,"href":"https:\/\/ravel.com.br\/blog\/wp-json\/wp\/v2\/users\/6"}],"replies":[{"embeddable":true,"href":"https:\/\/ravel.com.br\/blog\/wp-json\/wp\/v2\/comments?post=5585"}],"version-history":[{"count":6,"href":"https:\/\/ravel.com.br\/blog\/wp-json\/wp\/v2\/posts\/5585\/revisions"}],"predecessor-version":[{"id":5594,"href":"https:\/\/ravel.com.br\/blog\/wp-json\/wp\/v2\/posts\/5585\/revisions\/5594"}],"wp:featuredmedia":[{"embeddable":true,"href":"https:\/\/ravel.com.br\/blog\/wp-json\/wp\/v2\/media\/5589"}],"wp:attachment":[{"href":"https:\/\/ravel.com.br\/blog\/wp-json\/wp\/v2\/media?parent=5585"}],"wp:term":[{"taxonomy":"category","embeddable":true,"href":"https:\/\/ravel.com.br\/blog\/wp-json\/wp\/v2\/categories?post=5585"},{"taxonomy":"post_tag","embeddable":true,"href":"https:\/\/ravel.com.br\/blog\/wp-json\/wp\/v2\/tags?post=5585"}],"curies":[{"name":"wp","href":"https:\/\/api.w.org\/{rel}","templated":true}]}}