{"id":5687,"date":"2024-04-24T09:27:38","date_gmt":"2024-04-24T12:27:38","guid":{"rendered":"https:\/\/ravel.com.br\/blog\/?p=5687"},"modified":"2026-01-08T09:34:49","modified_gmt":"2026-01-08T12:34:49","slug":"como-habilitar-a-transcricao-de-reunioes-no-teams","status":"publish","type":"post","link":"https:\/\/ravel.com.br\/blog\/como-habilitar-a-transcricao-de-reunioes-no-teams\/","title":{"rendered":"Como habilitar a transcri\u00e7\u00e3o de reuni\u00f5es no Teams"},"content":{"rendered":"\n<p>Existe a op\u00e7\u00e3o de habilitar a transcri\u00e7\u00e3o de reuni\u00f5es no Teams, que \u00e9 uma configura\u00e7\u00e3o onde o organizador da reuni\u00e3o consegue gerar um arquivo em forma de texto com tudo o que \u00e9 falado durante a reuni\u00e3o, quase em tempo real.<\/p>\n\n\n\n<p>Para que seja poss\u00edvel habilitar a transcri\u00e7\u00e3o durante uma reuni\u00e3o \u00e9 necess\u00e1rio ajustar a pol\u00edtica de reuni\u00f5es no painel de administra\u00e7\u00e3o da Microsoft, pois se n\u00e3o habilitar a transcri\u00e7\u00e3o no painel, a op\u00e7\u00e3o \u00e9 exibida como desativada para o administrador da reuni\u00e3o, impossibilitando que a transcri\u00e7\u00e3o seja realizada.<\/p>\n\n\n\n<p>Para habilitar a transcri\u00e7\u00e3o de reuni\u00f5es \u00e9 necess\u00e1rio:<\/p>\n\n\n\n<p>1\u00b0 &#8211; Acessar o painel de administra\u00e7\u00e3o da Microsoft (link: <a href=\"https:\/\/admin.microsoft.com\/\">https:\/\/admin.microsoft.com\/<\/a>);<\/p>\n\n\n\n<p>2\u00b0 &#8211; Ap\u00f3s, no menu lateral esquerdo, localizar a op\u00e7\u00e3o <strong>Teams<\/strong>, em \u201cCentros de administra\u00e7\u00e3o\u201d, e clicar na mesma;<\/p>\n\n\n\n<figure class=\"wp-block-image aligncenter size-full is-resized\"><img loading=\"lazy\" decoding=\"async\" src=\"https:\/\/ravel.com.br\/blog\/wp-content\/uploads\/2024\/04\/image-8.png\" alt=\"\" class=\"wp-image-5688\" width=\"173\" height=\"365\" srcset=\"https:\/\/ravel.com.br\/blog\/wp-content\/uploads\/2024\/04\/image-8.png 368w, https:\/\/ravel.com.br\/blog\/wp-content\/uploads\/2024\/04\/image-8-142x300.png 142w\" sizes=\"(max-width: 173px) 100vw, 173px\" \/><\/figure>\n\n\n\n<p>3\u00b0 &#8211; No centro de administra\u00e7\u00e3o do Teams, no menu lateral esquerdo, clicar na op\u00e7\u00e3o \u201c<strong>Reuni\u00f5es<\/strong>\u201d e depois na op\u00e7\u00e3o \u201c<strong>Pol\u00edticas de reuni\u00e3o<\/strong>\u201d;<\/p>\n\n\n\n<figure class=\"wp-block-image aligncenter size-full is-resized\"><img loading=\"lazy\" decoding=\"async\" src=\"https:\/\/ravel.com.br\/blog\/wp-content\/uploads\/2024\/04\/image-9.png\" alt=\"menu transcri\u00e7\u00e3o de reuni\u00f5es no Teams\" class=\"wp-image-5689\" width=\"618\" height=\"333\" srcset=\"https:\/\/ravel.com.br\/blog\/wp-content\/uploads\/2024\/04\/image-9.png 883w, https:\/\/ravel.com.br\/blog\/wp-content\/uploads\/2024\/04\/image-9-300x162.png 300w, https:\/\/ravel.com.br\/blog\/wp-content\/uploads\/2024\/04\/image-9-768x414.png 768w, https:\/\/ravel.com.br\/blog\/wp-content\/uploads\/2024\/04\/image-9-610x329.png 610w\" sizes=\"(max-width: 618px) 100vw, 618px\" \/><\/figure>\n\n\n\n<p>4\u00b0 &#8211; Ap\u00f3s, em \u201c<strong>Gerenciar pol\u00edticas<\/strong>\u201d, clicar na op\u00e7\u00e3o \u201c<strong>Global (padr\u00e3o de Toda a organiza\u00e7\u00e3o)<\/strong>\u201d;<\/p>\n\n\n\n<figure class=\"wp-block-image aligncenter size-full is-resized\"><img loading=\"lazy\" decoding=\"async\" src=\"https:\/\/ravel.com.br\/blog\/wp-content\/uploads\/2024\/04\/image-10.png\" alt=\"transcri\u00e7\u00e3o de reuni\u00f5es no Teams politica\" class=\"wp-image-5690\" width=\"618\" height=\"144\" srcset=\"https:\/\/ravel.com.br\/blog\/wp-content\/uploads\/2024\/04\/image-10.png 939w, https:\/\/ravel.com.br\/blog\/wp-content\/uploads\/2024\/04\/image-10-300x70.png 300w, https:\/\/ravel.com.br\/blog\/wp-content\/uploads\/2024\/04\/image-10-768x180.png 768w, https:\/\/ravel.com.br\/blog\/wp-content\/uploads\/2024\/04\/image-10-610x143.png 610w\" sizes=\"(max-width: 618px) 100vw, 618px\" \/><\/figure>\n\n\n\n<p>5\u00b0 &#8211; Localizar a op\u00e7\u00e3o \u201c<strong>Grava\u00e7\u00e3o e transcri\u00e7\u00e3o<\/strong>\u201d e depois ativar a op\u00e7\u00e3o \u201c<strong>Transcri\u00e7\u00e3o<\/strong>\u201d;<\/p>\n\n\n\n<figure class=\"wp-block-image aligncenter size-full is-resized\"><img loading=\"lazy\" decoding=\"async\" src=\"https:\/\/ravel.com.br\/blog\/wp-content\/uploads\/2024\/04\/image-11.png\" alt=\"ativar transcri\u00e7\u00e3o de reuni\u00f5es no Teams\" class=\"wp-image-5691\" width=\"633\" height=\"415\" srcset=\"https:\/\/ravel.com.br\/blog\/wp-content\/uploads\/2024\/04\/image-11.png 939w, https:\/\/ravel.com.br\/blog\/wp-content\/uploads\/2024\/04\/image-11-300x197.png 300w, https:\/\/ravel.com.br\/blog\/wp-content\/uploads\/2024\/04\/image-11-768x504.png 768w, https:\/\/ravel.com.br\/blog\/wp-content\/uploads\/2024\/04\/image-11-610x400.png 610w\" sizes=\"(max-width: 633px) 100vw, 633px\" \/><\/figure>\n\n\n\n<p>6\u00b0 &#8211; Depois \u00e9 s\u00f3 clicar em \u201c<strong>Salvar<\/strong>\u201d para que a transcri\u00e7\u00e3o seja ativada e, assim, o organizador da reuni\u00e3o consiga habilitar a op\u00e7\u00e3o de transcri\u00e7\u00e3o quando uma reuni\u00e3o for iniciada.<\/p>\n\n\n\n<p>Voc\u00ea viu como ativar a transcri\u00e7\u00e3o de reuni\u00f5es no Teams<\/p>\n\n\n\n<p>Para mais dicas, acesse: <a href=\"https:\/\/ravel.com.br\/blog\/category\/dicas\/\">Dicas e boas pr\u00e1ticas &#8211; Blog Tecnologia &#8211; Ravel<\/a><\/p>\n","protected":false},"excerpt":{"rendered":"<p>Transcri\u00e7\u00e3o de reuni\u00f5es no Team &#8211; Gere um arquivo em forma de texto com tudo o que \u00e9 falado durante a reuni\u00e3o, quase em tempo real<\/p>\n","protected":false},"author":29,"featured_media":5693,"comment_status":"closed","ping_status":"open","sticky":false,"template":"","format":"standard","meta":{"_et_pb_use_builder":"","_et_pb_old_content":"","_et_gb_content_width":"","footnotes":""},"categories":[60,89],"tags":[],"class_list":["post-5687","post","type-post","status-publish","format-standard","has-post-thumbnail","hentry","category-dicas","category-teams","et-has-post-format-content","et_post_format-et-post-format-standard"],"yoast_head":"<!-- This site is optimized with the Yoast SEO plugin v24.1 - https:\/\/yoast.com\/wordpress\/plugins\/seo\/ -->\n<title>Como habilitar transcri\u00e7\u00e3o de reuni\u00f5es no Teams - Blog - Ravel<\/title>\n<meta name=\"description\" content=\"Transcri\u00e7\u00e3o de reuni\u00f5es no Teams - Gere um arquivo em forma de texto com tudo o que \u00e9 falado durante a reuni\u00e3o, quase em tempo real\" \/>\n<meta name=\"robots\" content=\"index, follow, max-snippet:-1, max-image-preview:large, max-video-preview:-1\" \/>\n<link rel=\"canonical\" href=\"https:\/\/ravel.com.br\/blog\/como-habilitar-a-transcricao-de-reunioes-no-teams\/\" \/>\n<meta property=\"og:locale\" content=\"pt_BR\" \/>\n<meta property=\"og:type\" content=\"article\" \/>\n<meta property=\"og:title\" content=\"Como habilitar transcri\u00e7\u00e3o de reuni\u00f5es no Teams - Blog - Ravel\" \/>\n<meta property=\"og:description\" content=\"Transcri\u00e7\u00e3o de reuni\u00f5es no Teams - Gere um arquivo em forma de texto com tudo o que \u00e9 falado durante a reuni\u00e3o, quase em tempo real\" \/>\n<meta property=\"og:url\" content=\"https:\/\/ravel.com.br\/blog\/como-habilitar-a-transcricao-de-reunioes-no-teams\/\" \/>\n<meta property=\"og:site_name\" content=\"Blog Tecnologia\" \/>\n<meta property=\"article:published_time\" content=\"2024-04-24T12:27:38+00:00\" \/>\n<meta property=\"article:modified_time\" content=\"2026-01-08T12:34:49+00:00\" \/>\n<meta property=\"og:image\" content=\"https:\/\/ravel.com.br\/blog\/wp-content\/uploads\/2024\/04\/Como-ativar-transcricao-reuniao-Teams-Capa.jpg\" \/>\n\t<meta property=\"og:image:width\" content=\"778\" \/>\n\t<meta property=\"og:image:height\" content=\"575\" \/>\n\t<meta property=\"og:image:type\" content=\"image\/jpeg\" \/>\n<meta name=\"author\" content=\"Mayara Polli\" \/>\n<meta name=\"twitter:card\" content=\"summary_large_image\" \/>\n<meta name=\"twitter:label1\" content=\"Escrito por\" \/>\n\t<meta name=\"twitter:data1\" content=\"Mayara Polli\" \/>\n\t<meta name=\"twitter:label2\" content=\"Est. tempo de leitura\" \/>\n\t<meta name=\"twitter:data2\" content=\"3 minutos\" \/>\n<script type=\"application\/ld+json\" class=\"yoast-schema-graph\">{\"@context\":\"https:\/\/schema.org\",\"@graph\":[{\"@type\":\"WebPage\",\"@id\":\"https:\/\/ravel.com.br\/blog\/como-habilitar-a-transcricao-de-reunioes-no-teams\/\",\"url\":\"https:\/\/ravel.com.br\/blog\/como-habilitar-a-transcricao-de-reunioes-no-teams\/\",\"name\":\"Como habilitar transcri\u00e7\u00e3o de reuni\u00f5es no Teams - Blog - Ravel\",\"isPartOf\":{\"@id\":\"https:\/\/ravel.com.br\/blog\/#website\"},\"primaryImageOfPage\":{\"@id\":\"https:\/\/ravel.com.br\/blog\/como-habilitar-a-transcricao-de-reunioes-no-teams\/#primaryimage\"},\"image\":{\"@id\":\"https:\/\/ravel.com.br\/blog\/como-habilitar-a-transcricao-de-reunioes-no-teams\/#primaryimage\"},\"thumbnailUrl\":\"https:\/\/ravel.com.br\/blog\/wp-content\/uploads\/2024\/04\/Como-ativar-transcricao-reuniao-Teams-Capa.jpg\",\"datePublished\":\"2024-04-24T12:27:38+00:00\",\"dateModified\":\"2026-01-08T12:34:49+00:00\",\"author\":{\"@id\":\"https:\/\/ravel.com.br\/blog\/#\/schema\/person\/97cbe924f514498c43ac9f71b9ab0482\"},\"description\":\"Transcri\u00e7\u00e3o de reuni\u00f5es no Teams - Gere um arquivo em forma de texto com tudo o que \u00e9 falado durante a reuni\u00e3o, quase em tempo real\",\"breadcrumb\":{\"@id\":\"https:\/\/ravel.com.br\/blog\/como-habilitar-a-transcricao-de-reunioes-no-teams\/#breadcrumb\"},\"inLanguage\":\"pt-BR\",\"potentialAction\":[{\"@type\":\"ReadAction\",\"target\":[\"https:\/\/ravel.com.br\/blog\/como-habilitar-a-transcricao-de-reunioes-no-teams\/\"]}]},{\"@type\":\"ImageObject\",\"inLanguage\":\"pt-BR\",\"@id\":\"https:\/\/ravel.com.br\/blog\/como-habilitar-a-transcricao-de-reunioes-no-teams\/#primaryimage\",\"url\":\"https:\/\/ravel.com.br\/blog\/wp-content\/uploads\/2024\/04\/Como-ativar-transcricao-reuniao-Teams-Capa.jpg\",\"contentUrl\":\"https:\/\/ravel.com.br\/blog\/wp-content\/uploads\/2024\/04\/Como-ativar-transcricao-reuniao-Teams-Capa.jpg\",\"width\":778,\"height\":575},{\"@type\":\"BreadcrumbList\",\"@id\":\"https:\/\/ravel.com.br\/blog\/como-habilitar-a-transcricao-de-reunioes-no-teams\/#breadcrumb\",\"itemListElement\":[{\"@type\":\"ListItem\",\"position\":1,\"name\":\"In\u00edcio\",\"item\":\"https:\/\/ravel.com.br\/blog\/\"},{\"@type\":\"ListItem\",\"position\":2,\"name\":\"Como habilitar a transcri\u00e7\u00e3o de reuni\u00f5es no Teams\"}]},{\"@type\":\"WebSite\",\"@id\":\"https:\/\/ravel.com.br\/blog\/#website\",\"url\":\"https:\/\/ravel.com.br\/blog\/\",\"name\":\"Blog Tecnologia\",\"description\":\"Dicas e Artigos sobre Tecnologia\",\"potentialAction\":[{\"@type\":\"SearchAction\",\"target\":{\"@type\":\"EntryPoint\",\"urlTemplate\":\"https:\/\/ravel.com.br\/blog\/?s={search_term_string}\"},\"query-input\":{\"@type\":\"PropertyValueSpecification\",\"valueRequired\":true,\"valueName\":\"search_term_string\"}}],\"inLanguage\":\"pt-BR\"},{\"@type\":\"Person\",\"@id\":\"https:\/\/ravel.com.br\/blog\/#\/schema\/person\/97cbe924f514498c43ac9f71b9ab0482\",\"name\":\"Mayara Polli\",\"image\":{\"@type\":\"ImageObject\",\"inLanguage\":\"pt-BR\",\"@id\":\"https:\/\/ravel.com.br\/blog\/#\/schema\/person\/image\/\",\"url\":\"https:\/\/secure.gravatar.com\/avatar\/93b8d804c131d618faa89e8f4767222e?s=96&d=mm&r=g\",\"contentUrl\":\"https:\/\/secure.gravatar.com\/avatar\/93b8d804c131d618faa89e8f4767222e?s=96&d=mm&r=g\",\"caption\":\"Mayara Polli\"},\"description\":\"Tecn\u00f3loga formada em Seguran\u00e7a da Informa\u00e7\u00e3o. Atuo no time de suporte aos clientes, buscando constante aprendizado e sempre o melhor atendimento para a resolu\u00e7\u00e3o das demandas dos usu\u00e1rios. Gosto de cozinhar, assistir s\u00e9ries e sair para conversar com os amigos\",\"url\":\"https:\/\/ravel.com.br\/blog\/author\/mayara-polli\/\"}]}<\/script>\n<!-- \/ Yoast SEO plugin. -->","yoast_head_json":{"title":"Como habilitar transcri\u00e7\u00e3o de reuni\u00f5es no Teams - Blog - Ravel","description":"Transcri\u00e7\u00e3o de reuni\u00f5es no Teams - Gere um arquivo em forma de texto com tudo o que \u00e9 falado durante a reuni\u00e3o, quase em tempo real","robots":{"index":"index","follow":"follow","max-snippet":"max-snippet:-1","max-image-preview":"max-image-preview:large","max-video-preview":"max-video-preview:-1"},"canonical":"https:\/\/ravel.com.br\/blog\/como-habilitar-a-transcricao-de-reunioes-no-teams\/","og_locale":"pt_BR","og_type":"article","og_title":"Como habilitar transcri\u00e7\u00e3o de reuni\u00f5es no Teams - Blog - Ravel","og_description":"Transcri\u00e7\u00e3o de reuni\u00f5es no Teams - Gere um arquivo em forma de texto com tudo o que \u00e9 falado durante a reuni\u00e3o, quase em tempo real","og_url":"https:\/\/ravel.com.br\/blog\/como-habilitar-a-transcricao-de-reunioes-no-teams\/","og_site_name":"Blog Tecnologia","article_published_time":"2024-04-24T12:27:38+00:00","article_modified_time":"2026-01-08T12:34:49+00:00","og_image":[{"width":778,"height":575,"url":"https:\/\/ravel.com.br\/blog\/wp-content\/uploads\/2024\/04\/Como-ativar-transcricao-reuniao-Teams-Capa.jpg","type":"image\/jpeg"}],"author":"Mayara Polli","twitter_card":"summary_large_image","twitter_misc":{"Escrito por":"Mayara Polli","Est. tempo de leitura":"3 minutos"},"schema":{"@context":"https:\/\/schema.org","@graph":[{"@type":"WebPage","@id":"https:\/\/ravel.com.br\/blog\/como-habilitar-a-transcricao-de-reunioes-no-teams\/","url":"https:\/\/ravel.com.br\/blog\/como-habilitar-a-transcricao-de-reunioes-no-teams\/","name":"Como habilitar transcri\u00e7\u00e3o de reuni\u00f5es no Teams - Blog - Ravel","isPartOf":{"@id":"https:\/\/ravel.com.br\/blog\/#website"},"primaryImageOfPage":{"@id":"https:\/\/ravel.com.br\/blog\/como-habilitar-a-transcricao-de-reunioes-no-teams\/#primaryimage"},"image":{"@id":"https:\/\/ravel.com.br\/blog\/como-habilitar-a-transcricao-de-reunioes-no-teams\/#primaryimage"},"thumbnailUrl":"https:\/\/ravel.com.br\/blog\/wp-content\/uploads\/2024\/04\/Como-ativar-transcricao-reuniao-Teams-Capa.jpg","datePublished":"2024-04-24T12:27:38+00:00","dateModified":"2026-01-08T12:34:49+00:00","author":{"@id":"https:\/\/ravel.com.br\/blog\/#\/schema\/person\/97cbe924f514498c43ac9f71b9ab0482"},"description":"Transcri\u00e7\u00e3o de reuni\u00f5es no Teams - Gere um arquivo em forma de texto com tudo o que \u00e9 falado durante a reuni\u00e3o, quase em tempo real","breadcrumb":{"@id":"https:\/\/ravel.com.br\/blog\/como-habilitar-a-transcricao-de-reunioes-no-teams\/#breadcrumb"},"inLanguage":"pt-BR","potentialAction":[{"@type":"ReadAction","target":["https:\/\/ravel.com.br\/blog\/como-habilitar-a-transcricao-de-reunioes-no-teams\/"]}]},{"@type":"ImageObject","inLanguage":"pt-BR","@id":"https:\/\/ravel.com.br\/blog\/como-habilitar-a-transcricao-de-reunioes-no-teams\/#primaryimage","url":"https:\/\/ravel.com.br\/blog\/wp-content\/uploads\/2024\/04\/Como-ativar-transcricao-reuniao-Teams-Capa.jpg","contentUrl":"https:\/\/ravel.com.br\/blog\/wp-content\/uploads\/2024\/04\/Como-ativar-transcricao-reuniao-Teams-Capa.jpg","width":778,"height":575},{"@type":"BreadcrumbList","@id":"https:\/\/ravel.com.br\/blog\/como-habilitar-a-transcricao-de-reunioes-no-teams\/#breadcrumb","itemListElement":[{"@type":"ListItem","position":1,"name":"In\u00edcio","item":"https:\/\/ravel.com.br\/blog\/"},{"@type":"ListItem","position":2,"name":"Como habilitar a transcri\u00e7\u00e3o de reuni\u00f5es no Teams"}]},{"@type":"WebSite","@id":"https:\/\/ravel.com.br\/blog\/#website","url":"https:\/\/ravel.com.br\/blog\/","name":"Blog Tecnologia","description":"Dicas e Artigos sobre Tecnologia","potentialAction":[{"@type":"SearchAction","target":{"@type":"EntryPoint","urlTemplate":"https:\/\/ravel.com.br\/blog\/?s={search_term_string}"},"query-input":{"@type":"PropertyValueSpecification","valueRequired":true,"valueName":"search_term_string"}}],"inLanguage":"pt-BR"},{"@type":"Person","@id":"https:\/\/ravel.com.br\/blog\/#\/schema\/person\/97cbe924f514498c43ac9f71b9ab0482","name":"Mayara Polli","image":{"@type":"ImageObject","inLanguage":"pt-BR","@id":"https:\/\/ravel.com.br\/blog\/#\/schema\/person\/image\/","url":"https:\/\/secure.gravatar.com\/avatar\/93b8d804c131d618faa89e8f4767222e?s=96&d=mm&r=g","contentUrl":"https:\/\/secure.gravatar.com\/avatar\/93b8d804c131d618faa89e8f4767222e?s=96&d=mm&r=g","caption":"Mayara Polli"},"description":"Tecn\u00f3loga formada em Seguran\u00e7a da Informa\u00e7\u00e3o. Atuo no time de suporte aos clientes, buscando constante aprendizado e sempre o melhor atendimento para a resolu\u00e7\u00e3o das demandas dos usu\u00e1rios. Gosto de cozinhar, assistir s\u00e9ries e sair para conversar com os amigos","url":"https:\/\/ravel.com.br\/blog\/author\/mayara-polli\/"}]}},"_links":{"self":[{"href":"https:\/\/ravel.com.br\/blog\/wp-json\/wp\/v2\/posts\/5687","targetHints":{"allow":["GET"]}}],"collection":[{"href":"https:\/\/ravel.com.br\/blog\/wp-json\/wp\/v2\/posts"}],"about":[{"href":"https:\/\/ravel.com.br\/blog\/wp-json\/wp\/v2\/types\/post"}],"author":[{"embeddable":true,"href":"https:\/\/ravel.com.br\/blog\/wp-json\/wp\/v2\/users\/29"}],"replies":[{"embeddable":true,"href":"https:\/\/ravel.com.br\/blog\/wp-json\/wp\/v2\/comments?post=5687"}],"version-history":[{"count":1,"href":"https:\/\/ravel.com.br\/blog\/wp-json\/wp\/v2\/posts\/5687\/revisions"}],"predecessor-version":[{"id":5692,"href":"https:\/\/ravel.com.br\/blog\/wp-json\/wp\/v2\/posts\/5687\/revisions\/5692"}],"wp:featuredmedia":[{"embeddable":true,"href":"https:\/\/ravel.com.br\/blog\/wp-json\/wp\/v2\/media\/5693"}],"wp:attachment":[{"href":"https:\/\/ravel.com.br\/blog\/wp-json\/wp\/v2\/media?parent=5687"}],"wp:term":[{"taxonomy":"category","embeddable":true,"href":"https:\/\/ravel.com.br\/blog\/wp-json\/wp\/v2\/categories?post=5687"},{"taxonomy":"post_tag","embeddable":true,"href":"https:\/\/ravel.com.br\/blog\/wp-json\/wp\/v2\/tags?post=5687"}],"curies":[{"name":"wp","href":"https:\/\/api.w.org\/{rel}","templated":true}]}}