{"id":5799,"date":"2024-06-12T12:53:44","date_gmt":"2024-06-12T15:53:44","guid":{"rendered":"https:\/\/ravel.com.br\/blog\/?p=5799"},"modified":"2024-06-12T12:53:46","modified_gmt":"2024-06-12T15:53:46","slug":"gerenciando-o-armazenamento-no-exchange-online","status":"publish","type":"post","link":"https:\/\/ravel.com.br\/blog\/gerenciando-o-armazenamento-no-exchange-online\/","title":{"rendered":"Gerenciando o Armazenamento no Exchange Online"},"content":{"rendered":"\n<p>Com o aumento constante do volume de e-mails e arquivos anexados, a gest\u00e3o eficiente do armazenamento na caixa de correio do Exchange Online torna-se essencial para garantir a continuidade e efici\u00eancia das opera\u00e7\u00f5es di\u00e1rias.<\/p>\n\n\n\n<p>Este artigo \u00e9 destinado a usu\u00e1rios do Exchange Online que est\u00e3o enfrentando dificuldades com a falta de espa\u00e7o na caixa de correio e precisam de orienta\u00e7\u00f5es pr\u00e1ticas para liberar armazenamento.<\/p>\n\n\n\n<p>Atrav\u00e9s de um guia passo a passo, detalharemos como acessar o portal do Microsoft 365, verificar o uso do armazenamento e implementar estrat\u00e9gias de limpeza para otimizar o espa\u00e7o dispon\u00edvel.<\/p>\n\n\n\n<ul class=\"wp-block-list\" start=\"1\">\n<li><strong>Acesse o Portal:<\/strong>\n<ul class=\"wp-block-list\">\n<li>V\u00e1 para o site <a href=\"https:\/\/office.com\">office.com<\/a> e clique em <strong>Entrar<\/strong>.<\/li>\n<\/ul>\n<\/li>\n<\/ul>\n\n\n\n<figure class=\"wp-block-image aligncenter size-full is-resized\"><img loading=\"lazy\" decoding=\"async\" width=\"886\" height=\"293\" src=\"https:\/\/ravel.com.br\/blog\/wp-content\/uploads\/2024\/06\/image-15.png\" alt=\"\" class=\"wp-image-5800\" style=\"width:717px;height:auto\" srcset=\"https:\/\/ravel.com.br\/blog\/wp-content\/uploads\/2024\/06\/image-15.png 886w, https:\/\/ravel.com.br\/blog\/wp-content\/uploads\/2024\/06\/image-15-300x99.png 300w, https:\/\/ravel.com.br\/blog\/wp-content\/uploads\/2024\/06\/image-15-768x254.png 768w, https:\/\/ravel.com.br\/blog\/wp-content\/uploads\/2024\/06\/image-15-610x202.png 610w\" sizes=\"(max-width: 886px) 100vw, 886px\" \/><\/figure>\n\n\n\n<ul class=\"wp-block-list\">\n<li><strong>Fa\u00e7a Login:<\/strong>\n<ul class=\"wp-block-list\">\n<li>Insira seus dados de acesso (e-mail corporativo) e clique em <strong>Conta corporativa<\/strong>. Em seguida, digite sua senha.<\/li>\n<\/ul>\n<\/li>\n<\/ul>\n\n\n\n<figure class=\"wp-block-image aligncenter size-full is-resized\"><img loading=\"lazy\" decoding=\"async\" width=\"886\" height=\"260\" src=\"https:\/\/ravel.com.br\/blog\/wp-content\/uploads\/2024\/06\/image-16.png\" alt=\"\" class=\"wp-image-5801\" style=\"width:726px;height:auto\" srcset=\"https:\/\/ravel.com.br\/blog\/wp-content\/uploads\/2024\/06\/image-16.png 886w, https:\/\/ravel.com.br\/blog\/wp-content\/uploads\/2024\/06\/image-16-300x88.png 300w, https:\/\/ravel.com.br\/blog\/wp-content\/uploads\/2024\/06\/image-16-768x225.png 768w, https:\/\/ravel.com.br\/blog\/wp-content\/uploads\/2024\/06\/image-16-610x179.png 610w\" sizes=\"(max-width: 886px) 100vw, 886px\" \/><\/figure>\n\n\n\n<ul class=\"wp-block-list\">\n<li><strong>Selecione o Aplicativo:<\/strong>\n<ul class=\"wp-block-list\">\n<li>Escolha o aplicativo que deseja usar. Para acessar o e-mail, selecione <strong>Outlook<\/strong> ou acesse diretamente <a href=\"https:\/\/outlook.office.com\/mail\/\">outlook.office.com\/mail\/<\/a>.<\/li>\n<\/ul>\n<\/li>\n<\/ul>\n\n\n\n<figure class=\"wp-block-image aligncenter size-full is-resized\"><img loading=\"lazy\" decoding=\"async\" width=\"736\" height=\"377\" src=\"https:\/\/ravel.com.br\/blog\/wp-content\/uploads\/2024\/06\/image-17.png\" alt=\"\" class=\"wp-image-5802\" style=\"width:705px;height:auto\" srcset=\"https:\/\/ravel.com.br\/blog\/wp-content\/uploads\/2024\/06\/image-17.png 736w, https:\/\/ravel.com.br\/blog\/wp-content\/uploads\/2024\/06\/image-17-300x154.png 300w, https:\/\/ravel.com.br\/blog\/wp-content\/uploads\/2024\/06\/image-17-610x312.png 610w\" sizes=\"(max-width: 736px) 100vw, 736px\" \/><\/figure>\n\n\n\n<ul class=\"wp-block-list\">\n<li><strong>Acesse as Configura\u00e7\u00f5es:<\/strong>\n<ul class=\"wp-block-list\">\n<li>No Outlook, clique no \u00edcone de <strong>Configura\u00e7\u00f5es<\/strong> no canto superior direito.<\/li>\n<\/ul>\n<\/li>\n<\/ul>\n\n\n\n<ol class=\"wp-block-list\">\n<li><\/li>\n<\/ol>\n\n\n\n<ul class=\"wp-block-list\">\n<li><strong>Navegue para Armazenamento:<\/strong>\n<ul class=\"wp-block-list\">\n<li>Selecione <strong>Geral <\/strong>&nbsp;e depois clique em <strong>Armazenamento<\/strong>.<\/li>\n<\/ul>\n<\/li>\n<\/ul>\n\n\n\n<figure class=\"wp-block-image aligncenter size-full is-resized\"><img loading=\"lazy\" decoding=\"async\" width=\"886\" height=\"357\" src=\"https:\/\/ravel.com.br\/blog\/wp-content\/uploads\/2024\/06\/image-18.png\" alt=\"armazenamento no Exchange Online web\" class=\"wp-image-5803\" style=\"width:792px;height:auto\" srcset=\"https:\/\/ravel.com.br\/blog\/wp-content\/uploads\/2024\/06\/image-18.png 886w, https:\/\/ravel.com.br\/blog\/wp-content\/uploads\/2024\/06\/image-18-300x121.png 300w, https:\/\/ravel.com.br\/blog\/wp-content\/uploads\/2024\/06\/image-18-768x309.png 768w, https:\/\/ravel.com.br\/blog\/wp-content\/uploads\/2024\/06\/image-18-610x246.png 610w\" sizes=\"(max-width: 886px) 100vw, 886px\" \/><\/figure>\n\n\n\n<ul class=\"wp-block-list\">\n<li><strong>Identifique Pastas que Ocupam Espa\u00e7o:<\/strong>\n<ul class=\"wp-block-list\">\n<li>Na se\u00e7\u00e3o de armazenamento, voc\u00ea ver\u00e1 uma lista das pastas e o espa\u00e7o que cada uma ocupa.<\/li>\n\n\n\n<li>Voc\u00ea pode escolher limpar pastas baseando-se em diferentes per\u00edodos:\n<ul class=\"wp-block-list\" start=\"1\">\n<li>E-mails com mais de 3 meses.<\/li>\n\n\n\n<li>E-mails com mais de 6 meses.<\/li>\n\n\n\n<li>E-mails com mais de 12 meses.<\/li>\n\n\n\n<li>E-mails de todos os per\u00edodos.<\/li>\n<\/ul>\n<\/li>\n<\/ul>\n<\/li>\n<\/ul>\n\n\n\n<figure class=\"wp-block-image aligncenter size-full is-resized\"><img loading=\"lazy\" decoding=\"async\" width=\"234\" height=\"276\" src=\"https:\/\/ravel.com.br\/blog\/wp-content\/uploads\/2024\/06\/image-19.png\" alt=\"\" class=\"wp-image-5804\" style=\"width:203px;height:auto\"\/><\/figure>\n\n\n\n<ul class=\"wp-block-list\">\n<li><strong>Limpeza das Pastas:<\/strong>\n<ul class=\"wp-block-list\">\n<li>Selecione as pastas que deseja esvaziar conforme o per\u00edodo que preferir para liberar espa\u00e7o.<\/li>\n<\/ul>\n<\/li>\n<\/ul>\n\n\n\n<h2 class=\"wp-block-heading\"><strong>Ferramenta de Limpeza no Outlook para \u00c1rea de Trabalho<\/strong><\/h2>\n\n\n\n<p>A vers\u00e3o do Outlook para \u00e1rea de trabalho tamb\u00e9m fornece uma ferramenta \u00fatil para an\u00e1lise e limpeza do armazenamento:<\/p>\n\n\n\n<ul class=\"wp-block-list\" start=\"1\">\n<li><strong>Abra o Aplicativo:<\/strong>\n<ul class=\"wp-block-list\">\n<li>Inicie o aplicativo Outlook no seu desktop.<\/li>\n<\/ul>\n<\/li>\n<\/ul>\n\n\n\n<figure class=\"wp-block-image aligncenter size-full is-resized\"><img loading=\"lazy\" decoding=\"async\" width=\"356\" height=\"218\" src=\"https:\/\/ravel.com.br\/blog\/wp-content\/uploads\/2024\/06\/image-20.png\" alt=\"icone outlook\" class=\"wp-image-5806\" style=\"width:291px;height:auto\" srcset=\"https:\/\/ravel.com.br\/blog\/wp-content\/uploads\/2024\/06\/image-20.png 356w, https:\/\/ravel.com.br\/blog\/wp-content\/uploads\/2024\/06\/image-20-300x184.png 300w\" sizes=\"(max-width: 356px) 100vw, 356px\" \/><\/figure>\n\n\n\n<ul class=\"wp-block-list\" start=\"1\">\n<li><strong>Clique em Arquivo:<\/strong>\n<ul class=\"wp-block-list\">\n<li>No menu superior, clique em <strong>Arquivo<\/strong>.<\/li>\n<\/ul>\n<\/li>\n<\/ul>\n\n\n\n<figure class=\"wp-block-image aligncenter size-full\"><img loading=\"lazy\" decoding=\"async\" width=\"577\" height=\"148\" src=\"https:\/\/ravel.com.br\/blog\/wp-content\/uploads\/2024\/06\/image-21.png\" alt=\"armazenamento no outlook\" class=\"wp-image-5807\" srcset=\"https:\/\/ravel.com.br\/blog\/wp-content\/uploads\/2024\/06\/image-21.png 577w, https:\/\/ravel.com.br\/blog\/wp-content\/uploads\/2024\/06\/image-21-300x77.png 300w\" sizes=\"(max-width: 577px) 100vw, 577px\" \/><\/figure>\n\n\n\n<ul class=\"wp-block-list\" start=\"1\">\n<li><strong>Clique em Informa\u00e7\u00f5es:<\/strong>\n<ul class=\"wp-block-list\">\n<li>Selecione <strong>Informa\u00e7\u00f5es<\/strong>, depois <strong>Ferramentas<\/strong>, e em seguida, <strong>Limpar Caixa de Correio\u2026<\/strong>.<\/li>\n<\/ul>\n<\/li>\n<\/ul>\n\n\n\n<figure class=\"wp-block-image aligncenter size-full\"><img loading=\"lazy\" decoding=\"async\" width=\"386\" height=\"529\" src=\"https:\/\/ravel.com.br\/blog\/wp-content\/uploads\/2024\/06\/image-22.png\" alt=\"Configura\u00e7\u00e3o Outlook armazenamento no Exchange Online\" class=\"wp-image-5808\" srcset=\"https:\/\/ravel.com.br\/blog\/wp-content\/uploads\/2024\/06\/image-22.png 386w, https:\/\/ravel.com.br\/blog\/wp-content\/uploads\/2024\/06\/image-22-219x300.png 219w\" sizes=\"(max-width: 386px) 100vw, 386px\" \/><\/figure>\n\n\n\n<ul class=\"wp-block-list\" start=\"1\">\n<li><strong>Exibir Tamanho da Caixa de Correio:<\/strong>\n<ul class=\"wp-block-list\">\n<li>Clique em <strong>Exibir Tamanho da Caixa de Correio\u2026<\/strong>.<\/li>\n\n\n\n<li>Voc\u00ea ver\u00e1 uma lista das pastas e o espa\u00e7o que cada uma ocupa para auxiliar na decis\u00e3o de onde o foco da limpeza deve se concentrar.<\/li>\n<\/ul>\n<\/li>\n<\/ul>\n\n\n\n<figure class=\"wp-block-image aligncenter size-full\"><img loading=\"lazy\" decoding=\"async\" width=\"604\" height=\"277\" src=\"https:\/\/ravel.com.br\/blog\/wp-content\/uploads\/2024\/06\/image-23.png\" alt=\"armazenamento no Exchange Exchange Online Outlook\" class=\"wp-image-5809\" srcset=\"https:\/\/ravel.com.br\/blog\/wp-content\/uploads\/2024\/06\/image-23.png 604w, https:\/\/ravel.com.br\/blog\/wp-content\/uploads\/2024\/06\/image-23-300x138.png 300w\" sizes=\"(max-width: 604px) 100vw, 604px\" \/><\/figure>\n\n\n\n<ul class=\"wp-block-list\" start=\"1\">\n<li><strong>Localizar Itens por Dias ou Tamanho:<\/strong>\n<ul class=\"wp-block-list\">\n<li>Tamb\u00e9m \u00e9 poss\u00edvel localizar itens com base na quantidade de dias ou tamanho em quilobytes para uma limpeza mais direcionada.<\/li>\n<\/ul>\n<\/li>\n<\/ul>\n\n\n\n<h2 class=\"wp-block-heading\"><strong>Conclus\u00e3o sobre o Armazenamento no Exchange Online<\/strong><\/h2>\n\n\n\n<p>A gest\u00e3o proativa do armazenamento no Exchange Online \u00e9 crucial para manter a efici\u00eancia e o funcionamento sem interrup\u00e7\u00f5es das comunica\u00e7\u00f5es corporativas. Seguindo os passos acima, voc\u00ea poder\u00e1 identificar e remover e-mails e arquivos desnecess\u00e1rios, liberando espa\u00e7o valioso na sua caixa de correio.<\/p>\n\n\n\n<p>Para mais dicas, acesse: <a href=\"https:\/\/ravel.com.br\/blog\/category\/dicas\/\">Dicas e boas pr\u00e1ticas &#8211; Blog Tecnologia &#8211; Ravel<\/a><\/p>\n","protected":false},"excerpt":{"rendered":"<p>Fa\u00e7a gerenciamento do armazenamento do Exchange Online para liberar espa\u00e7o e manter a continuidade da sua comunica\u00e7\u00e3o por email<\/p>\n","protected":false},"author":37,"featured_media":5812,"comment_status":"closed","ping_status":"open","sticky":false,"template":"","format":"standard","meta":{"_et_pb_use_builder":"","_et_pb_old_content":"","_et_gb_content_width":"","footnotes":""},"categories":[60],"tags":[],"class_list":["post-5799","post","type-post","status-publish","format-standard","has-post-thumbnail","hentry","category-dicas","et-has-post-format-content","et_post_format-et-post-format-standard"],"yoast_head":"<!-- This site is optimized with the Yoast SEO plugin v24.1 - https:\/\/yoast.com\/wordpress\/plugins\/seo\/ -->\n<title>Gerenciando o Armazenamento no Exchange Online - Blog - Ravel Tecnologia<\/title>\n<meta name=\"description\" content=\"Fa\u00e7a gerenciamento do armazenamento do Exchange Online para liberar espa\u00e7o e manter a continuidade da sua comunica\u00e7\u00e3o por email\" \/>\n<meta name=\"robots\" content=\"index, follow, max-snippet:-1, max-image-preview:large, max-video-preview:-1\" \/>\n<link rel=\"canonical\" href=\"https:\/\/ravel.com.br\/blog\/gerenciando-o-armazenamento-no-exchange-online\/\" \/>\n<meta property=\"og:locale\" content=\"pt_BR\" \/>\n<meta property=\"og:type\" content=\"article\" \/>\n<meta property=\"og:title\" content=\"Gerenciando o Armazenamento no Exchange Online - Blog - Ravel Tecnologia\" \/>\n<meta property=\"og:description\" content=\"Fa\u00e7a gerenciamento do armazenamento do Exchange Online para liberar espa\u00e7o e manter a continuidade da sua comunica\u00e7\u00e3o por email\" \/>\n<meta property=\"og:url\" content=\"https:\/\/ravel.com.br\/blog\/gerenciando-o-armazenamento-no-exchange-online\/\" \/>\n<meta property=\"og:site_name\" content=\"Blog Tecnologia\" \/>\n<meta property=\"article:published_time\" content=\"2024-06-12T15:53:44+00:00\" \/>\n<meta property=\"article:modified_time\" content=\"2024-06-12T15:53:46+00:00\" \/>\n<meta property=\"og:image\" content=\"https:\/\/ravel.com.br\/blog\/wp-content\/uploads\/2024\/06\/Exchange-Online-Gerenciamento-Capa.jpg\" \/>\n\t<meta property=\"og:image:width\" content=\"1115\" \/>\n\t<meta property=\"og:image:height\" content=\"718\" \/>\n\t<meta property=\"og:image:type\" content=\"image\/jpeg\" \/>\n<meta name=\"author\" content=\"Fabio Perosa de Camargo\" \/>\n<meta name=\"twitter:card\" content=\"summary_large_image\" \/>\n<meta name=\"twitter:label1\" content=\"Escrito por\" \/>\n\t<meta name=\"twitter:data1\" content=\"Fabio Perosa de Camargo\" \/>\n\t<meta name=\"twitter:label2\" content=\"Est. tempo de leitura\" \/>\n\t<meta name=\"twitter:data2\" content=\"5 minutos\" \/>\n<script type=\"application\/ld+json\" class=\"yoast-schema-graph\">{\"@context\":\"https:\/\/schema.org\",\"@graph\":[{\"@type\":\"WebPage\",\"@id\":\"https:\/\/ravel.com.br\/blog\/gerenciando-o-armazenamento-no-exchange-online\/\",\"url\":\"https:\/\/ravel.com.br\/blog\/gerenciando-o-armazenamento-no-exchange-online\/\",\"name\":\"Gerenciando o Armazenamento no Exchange Online - Blog - Ravel Tecnologia\",\"isPartOf\":{\"@id\":\"https:\/\/ravel.com.br\/blog\/#website\"},\"primaryImageOfPage\":{\"@id\":\"https:\/\/ravel.com.br\/blog\/gerenciando-o-armazenamento-no-exchange-online\/#primaryimage\"},\"image\":{\"@id\":\"https:\/\/ravel.com.br\/blog\/gerenciando-o-armazenamento-no-exchange-online\/#primaryimage\"},\"thumbnailUrl\":\"https:\/\/ravel.com.br\/blog\/wp-content\/uploads\/2024\/06\/Exchange-Online-Gerenciamento-Capa.jpg\",\"datePublished\":\"2024-06-12T15:53:44+00:00\",\"dateModified\":\"2024-06-12T15:53:46+00:00\",\"author\":{\"@id\":\"https:\/\/ravel.com.br\/blog\/#\/schema\/person\/e5fc23c1603bbe1c0ad03bcad1b16132\"},\"description\":\"Fa\u00e7a gerenciamento do armazenamento do Exchange Online para liberar espa\u00e7o e manter a continuidade da sua comunica\u00e7\u00e3o por email\",\"breadcrumb\":{\"@id\":\"https:\/\/ravel.com.br\/blog\/gerenciando-o-armazenamento-no-exchange-online\/#breadcrumb\"},\"inLanguage\":\"pt-BR\",\"potentialAction\":[{\"@type\":\"ReadAction\",\"target\":[\"https:\/\/ravel.com.br\/blog\/gerenciando-o-armazenamento-no-exchange-online\/\"]}]},{\"@type\":\"ImageObject\",\"inLanguage\":\"pt-BR\",\"@id\":\"https:\/\/ravel.com.br\/blog\/gerenciando-o-armazenamento-no-exchange-online\/#primaryimage\",\"url\":\"https:\/\/ravel.com.br\/blog\/wp-content\/uploads\/2024\/06\/Exchange-Online-Gerenciamento-Capa.jpg\",\"contentUrl\":\"https:\/\/ravel.com.br\/blog\/wp-content\/uploads\/2024\/06\/Exchange-Online-Gerenciamento-Capa.jpg\",\"width\":1115,\"height\":718},{\"@type\":\"BreadcrumbList\",\"@id\":\"https:\/\/ravel.com.br\/blog\/gerenciando-o-armazenamento-no-exchange-online\/#breadcrumb\",\"itemListElement\":[{\"@type\":\"ListItem\",\"position\":1,\"name\":\"In\u00edcio\",\"item\":\"https:\/\/ravel.com.br\/blog\/\"},{\"@type\":\"ListItem\",\"position\":2,\"name\":\"Gerenciando o Armazenamento no Exchange Online\"}]},{\"@type\":\"WebSite\",\"@id\":\"https:\/\/ravel.com.br\/blog\/#website\",\"url\":\"https:\/\/ravel.com.br\/blog\/\",\"name\":\"Blog Tecnologia\",\"description\":\"Dicas e Artigos sobre Tecnologia\",\"potentialAction\":[{\"@type\":\"SearchAction\",\"target\":{\"@type\":\"EntryPoint\",\"urlTemplate\":\"https:\/\/ravel.com.br\/blog\/?s={search_term_string}\"},\"query-input\":{\"@type\":\"PropertyValueSpecification\",\"valueRequired\":true,\"valueName\":\"search_term_string\"}}],\"inLanguage\":\"pt-BR\"},{\"@type\":\"Person\",\"@id\":\"https:\/\/ravel.com.br\/blog\/#\/schema\/person\/e5fc23c1603bbe1c0ad03bcad1b16132\",\"name\":\"Fabio Perosa de Camargo\",\"image\":{\"@type\":\"ImageObject\",\"inLanguage\":\"pt-BR\",\"@id\":\"https:\/\/ravel.com.br\/blog\/#\/schema\/person\/image\/\",\"url\":\"https:\/\/secure.gravatar.com\/avatar\/e54d6c3a7ebadaa2372f5c4dd68c6c8a?s=96&d=mm&r=g\",\"contentUrl\":\"https:\/\/secure.gravatar.com\/avatar\/e54d6c3a7ebadaa2372f5c4dd68c6c8a?s=96&d=mm&r=g\",\"caption\":\"Fabio Perosa de Camargo\"},\"description\":\"Formado em Ci\u00eancia da computa\u00e7\u00e3o, atuando na equipe de Projetos, buscando compreender e executar as melhores estrat\u00e9gias na implementa\u00e7\u00e3o das ferramentas dispon\u00edveis no mercado. Cabeludo, Headbanger e adepto dos astronautas da antiguidade.\",\"url\":\"https:\/\/ravel.com.br\/blog\/author\/fabio-perosa\/\"}]}<\/script>\n<!-- \/ Yoast SEO plugin. -->","yoast_head_json":{"title":"Gerenciando o Armazenamento no Exchange Online - Blog - Ravel Tecnologia","description":"Fa\u00e7a gerenciamento do armazenamento do Exchange Online para liberar espa\u00e7o e manter a continuidade da sua comunica\u00e7\u00e3o por email","robots":{"index":"index","follow":"follow","max-snippet":"max-snippet:-1","max-image-preview":"max-image-preview:large","max-video-preview":"max-video-preview:-1"},"canonical":"https:\/\/ravel.com.br\/blog\/gerenciando-o-armazenamento-no-exchange-online\/","og_locale":"pt_BR","og_type":"article","og_title":"Gerenciando o Armazenamento no Exchange Online - Blog - Ravel Tecnologia","og_description":"Fa\u00e7a gerenciamento do armazenamento do Exchange Online para liberar espa\u00e7o e manter a continuidade da sua comunica\u00e7\u00e3o por email","og_url":"https:\/\/ravel.com.br\/blog\/gerenciando-o-armazenamento-no-exchange-online\/","og_site_name":"Blog Tecnologia","article_published_time":"2024-06-12T15:53:44+00:00","article_modified_time":"2024-06-12T15:53:46+00:00","og_image":[{"width":1115,"height":718,"url":"https:\/\/ravel.com.br\/blog\/wp-content\/uploads\/2024\/06\/Exchange-Online-Gerenciamento-Capa.jpg","type":"image\/jpeg"}],"author":"Fabio Perosa de Camargo","twitter_card":"summary_large_image","twitter_misc":{"Escrito por":"Fabio Perosa de Camargo","Est. tempo de leitura":"5 minutos"},"schema":{"@context":"https:\/\/schema.org","@graph":[{"@type":"WebPage","@id":"https:\/\/ravel.com.br\/blog\/gerenciando-o-armazenamento-no-exchange-online\/","url":"https:\/\/ravel.com.br\/blog\/gerenciando-o-armazenamento-no-exchange-online\/","name":"Gerenciando o Armazenamento no Exchange Online - Blog - Ravel Tecnologia","isPartOf":{"@id":"https:\/\/ravel.com.br\/blog\/#website"},"primaryImageOfPage":{"@id":"https:\/\/ravel.com.br\/blog\/gerenciando-o-armazenamento-no-exchange-online\/#primaryimage"},"image":{"@id":"https:\/\/ravel.com.br\/blog\/gerenciando-o-armazenamento-no-exchange-online\/#primaryimage"},"thumbnailUrl":"https:\/\/ravel.com.br\/blog\/wp-content\/uploads\/2024\/06\/Exchange-Online-Gerenciamento-Capa.jpg","datePublished":"2024-06-12T15:53:44+00:00","dateModified":"2024-06-12T15:53:46+00:00","author":{"@id":"https:\/\/ravel.com.br\/blog\/#\/schema\/person\/e5fc23c1603bbe1c0ad03bcad1b16132"},"description":"Fa\u00e7a gerenciamento do armazenamento do Exchange Online para liberar espa\u00e7o e manter a continuidade da sua comunica\u00e7\u00e3o por email","breadcrumb":{"@id":"https:\/\/ravel.com.br\/blog\/gerenciando-o-armazenamento-no-exchange-online\/#breadcrumb"},"inLanguage":"pt-BR","potentialAction":[{"@type":"ReadAction","target":["https:\/\/ravel.com.br\/blog\/gerenciando-o-armazenamento-no-exchange-online\/"]}]},{"@type":"ImageObject","inLanguage":"pt-BR","@id":"https:\/\/ravel.com.br\/blog\/gerenciando-o-armazenamento-no-exchange-online\/#primaryimage","url":"https:\/\/ravel.com.br\/blog\/wp-content\/uploads\/2024\/06\/Exchange-Online-Gerenciamento-Capa.jpg","contentUrl":"https:\/\/ravel.com.br\/blog\/wp-content\/uploads\/2024\/06\/Exchange-Online-Gerenciamento-Capa.jpg","width":1115,"height":718},{"@type":"BreadcrumbList","@id":"https:\/\/ravel.com.br\/blog\/gerenciando-o-armazenamento-no-exchange-online\/#breadcrumb","itemListElement":[{"@type":"ListItem","position":1,"name":"In\u00edcio","item":"https:\/\/ravel.com.br\/blog\/"},{"@type":"ListItem","position":2,"name":"Gerenciando o Armazenamento no Exchange Online"}]},{"@type":"WebSite","@id":"https:\/\/ravel.com.br\/blog\/#website","url":"https:\/\/ravel.com.br\/blog\/","name":"Blog Tecnologia","description":"Dicas e Artigos sobre Tecnologia","potentialAction":[{"@type":"SearchAction","target":{"@type":"EntryPoint","urlTemplate":"https:\/\/ravel.com.br\/blog\/?s={search_term_string}"},"query-input":{"@type":"PropertyValueSpecification","valueRequired":true,"valueName":"search_term_string"}}],"inLanguage":"pt-BR"},{"@type":"Person","@id":"https:\/\/ravel.com.br\/blog\/#\/schema\/person\/e5fc23c1603bbe1c0ad03bcad1b16132","name":"Fabio Perosa de Camargo","image":{"@type":"ImageObject","inLanguage":"pt-BR","@id":"https:\/\/ravel.com.br\/blog\/#\/schema\/person\/image\/","url":"https:\/\/secure.gravatar.com\/avatar\/e54d6c3a7ebadaa2372f5c4dd68c6c8a?s=96&d=mm&r=g","contentUrl":"https:\/\/secure.gravatar.com\/avatar\/e54d6c3a7ebadaa2372f5c4dd68c6c8a?s=96&d=mm&r=g","caption":"Fabio Perosa de Camargo"},"description":"Formado em Ci\u00eancia da computa\u00e7\u00e3o, atuando na equipe de Projetos, buscando compreender e executar as melhores estrat\u00e9gias na implementa\u00e7\u00e3o das ferramentas dispon\u00edveis no mercado. Cabeludo, Headbanger e adepto dos astronautas da antiguidade.","url":"https:\/\/ravel.com.br\/blog\/author\/fabio-perosa\/"}]}},"_links":{"self":[{"href":"https:\/\/ravel.com.br\/blog\/wp-json\/wp\/v2\/posts\/5799","targetHints":{"allow":["GET"]}}],"collection":[{"href":"https:\/\/ravel.com.br\/blog\/wp-json\/wp\/v2\/posts"}],"about":[{"href":"https:\/\/ravel.com.br\/blog\/wp-json\/wp\/v2\/types\/post"}],"author":[{"embeddable":true,"href":"https:\/\/ravel.com.br\/blog\/wp-json\/wp\/v2\/users\/37"}],"replies":[{"embeddable":true,"href":"https:\/\/ravel.com.br\/blog\/wp-json\/wp\/v2\/comments?post=5799"}],"version-history":[{"count":4,"href":"https:\/\/ravel.com.br\/blog\/wp-json\/wp\/v2\/posts\/5799\/revisions"}],"predecessor-version":[{"id":5813,"href":"https:\/\/ravel.com.br\/blog\/wp-json\/wp\/v2\/posts\/5799\/revisions\/5813"}],"wp:featuredmedia":[{"embeddable":true,"href":"https:\/\/ravel.com.br\/blog\/wp-json\/wp\/v2\/media\/5812"}],"wp:attachment":[{"href":"https:\/\/ravel.com.br\/blog\/wp-json\/wp\/v2\/media?parent=5799"}],"wp:term":[{"taxonomy":"category","embeddable":true,"href":"https:\/\/ravel.com.br\/blog\/wp-json\/wp\/v2\/categories?post=5799"},{"taxonomy":"post_tag","embeddable":true,"href":"https:\/\/ravel.com.br\/blog\/wp-json\/wp\/v2\/tags?post=5799"}],"curies":[{"name":"wp","href":"https:\/\/api.w.org\/{rel}","templated":true}]}}