{"id":6108,"date":"2025-01-14T09:01:09","date_gmt":"2025-01-14T12:01:09","guid":{"rendered":"https:\/\/ravel.com.br\/blog\/?p=6108"},"modified":"2025-05-23T14:51:01","modified_gmt":"2025-05-23T17:51:01","slug":"por-que-migrar-de-um-domain-control-ad-para-o-microsoft-entra-id","status":"publish","type":"post","link":"https:\/\/ravel.com.br\/blog\/por-que-migrar-de-um-domain-control-ad-para-o-microsoft-entra-id\/","title":{"rendered":"Por Que Migrar do Active Directory Local para o Microsoft Entra ID?"},"content":{"rendered":"\n<p>Se sua empresa ainda utiliza um servidor local para gerenciar identidades por meio do Active Directory (AD), \u00e9 hora de considerar uma moderniza\u00e7\u00e3o estrat\u00e9gica usando o Microsoft Entra ID. Infraestruturas baseadas em AD frequentemente enfrentam desafios que podem comprometer o neg\u00f3cio, como:<\/p>\n\n\n\n<ul class=\"wp-block-list\">\n<li>Falta de manuten\u00e7\u00e3o regular;<\/li>\n\n\n\n<li>Aus\u00eancia de atualiza\u00e7\u00f5es cr\u00edticas;<\/li>\n\n\n\n<li>Problemas na replica\u00e7\u00e3o entre servidores;<\/li>\n\n\n\n<li>Falhas em rotinas de backup.<\/li>\n<\/ul>\n\n\n\n<p>Essas falhas podem causar paralisa\u00e7\u00f5es graves, resultando em preju\u00edzos financeiros e perda de dados. Para superar esses desafios, adotar o <strong>Microsoft Entra ID<\/strong> \u00e9 a solu\u00e7\u00e3o ideal.<\/p>\n\n\n\n<h2 class=\"wp-block-heading\"><strong>O Que \u00e9 o Microsoft Entra ID?<\/strong><\/h2>\n\n\n\n<p>O <strong>Microsoft Entra ID<\/strong> \u00e9 uma solu\u00e7\u00e3o moderna e baseada na nuvem para gerenciamento de identidades. Ele substitui ou complementa o Active Directory local, oferecendo uma experi\u00eancia mais segura, flex\u00edvel e escal\u00e1vel, adaptada a empresas de qualquer porte.<\/p>\n\n\n\n<p>Saiba mais em: <a href=\"https:\/\/ravel.com.br\/blog\/conhecendo-o-microsoft-entra-id\/\">Conhecendo o Microsoft Entra ID &#8211; Blog &#8211; Ravel Tecnologia<\/a><\/p>\n\n\n\n<h2 class=\"wp-block-heading\"><strong>Benef\u00edcios da Migra\u00e7\u00e3o<\/strong><\/h2>\n\n\n\n<p><strong>Autentica\u00e7\u00e3o Avan\u00e7ada<\/strong><\/p>\n\n\n\n<p>O Entra ID moderniza a autentica\u00e7\u00e3o com:<\/p>\n\n\n\n<ul class=\"wp-block-list\">\n<li><strong>Autentica\u00e7\u00e3o Multifator (MFA):<\/strong> Adiciona uma camada extra de seguran\u00e7a;<\/li>\n\n\n\n<li><strong>Autentica\u00e7\u00e3o sem senha:<\/strong> Simplifica o acesso e elimina vulnerabilidades relacionadas a senhas tradicionais.<\/li>\n<\/ul>\n\n\n\n<p>Esses m\u00e9todos protegem contra ataques de phishing e comprometimento de credenciais.<\/p>\n\n\n\n<p>&nbsp;&nbsp;&nbsp;&nbsp;&nbsp;&nbsp;&nbsp;&nbsp;&nbsp;&nbsp;&nbsp; <strong>Na pr\u00e1tica:<\/strong> Imagine um colaborador que perde ou danifica seu computador. Com o Microsoft Entra ID, ele pode facilmente pegar um novo dispositivo, logar-se em sua conta e continuar seu trabalho sem a necessidade de interven\u00e7\u00e3o da equipe de TI, eliminando o tempo de espera para configurar o dom\u00ednio e DNS internos. Isso economiza tempo e mant\u00e9m a produtividade, sendo uma solu\u00e7\u00e3o pr\u00e1tica e moderna.<\/p>\n\n\n\n<p><strong>Gerenciamento Centralizado<\/strong><\/p>\n\n\n\n<p>Administre usu\u00e1rios, grupos e dispositivos de forma centralizada, reduzindo a complexidade operacional e minimizando erros, o que alivia a carga dos times de TI.<\/p>\n\n\n\n<p><strong>Na pr\u00e1tica:<\/strong> Em empresas com m\u00faltiplas filiais ou funcion\u00e1rios remotos, o gerenciamento centralizado elimina a necessidade de configura\u00e7\u00f5es manuais em cada local. Isso garante que os usu\u00e1rios sejam configurados de maneira consistente e que as pol\u00edticas de seguran\u00e7a sejam aplicadas de forma uniforme.<\/p>\n\n\n\n<p><strong>Integra\u00e7\u00e3o com Aplicativos SaaS<\/strong><\/p>\n\n\n\n<p>O Entra ID integra-se facilmente com solu\u00e7\u00f5es como <strong>Microsoft 365<\/strong>, Salesforce e outros aplicativos SaaS, garantindo acesso seguro e simplificado \u00e0s ferramentas empresariais.<\/p>\n\n\n\n<p><strong>Prote\u00e7\u00e3o Contra Amea\u00e7as<\/strong><\/p>\n\n\n\n<p>Recursos como o <strong>Entra ID Protection<\/strong> monitoram atividades suspeitas, detectam acessos n\u00e3o autorizados e automatizam respostas a amea\u00e7as, diminuindo riscos de viola\u00e7\u00f5es de seguran\u00e7a.<\/p>\n\n\n\n<p><strong>Escalabilidade e Redu\u00e7\u00e3o de Custos<\/strong><\/p>\n\n\n\n<p>Elimine a necessidade de infraestrutura f\u00edsica e sua manuten\u00e7\u00e3o, reduzindo custos operacionais. O ambiente em nuvem \u00e9 altamente escal\u00e1vel, acompanhando o crescimento da sua organiza\u00e7\u00e3o sem complica\u00e7\u00f5es.<\/p>\n\n\n\n<figure class=\"wp-block-image size-large\"><img loading=\"lazy\" decoding=\"async\" width=\"1024\" height=\"318\" src=\"https:\/\/ravel.com.br\/blog\/wp-content\/uploads\/2025\/01\/Entra-ID-Banner-1024x318.jpg\" alt=\"Microsoft Entra ID\" class=\"wp-image-6113\" srcset=\"https:\/\/ravel.com.br\/blog\/wp-content\/uploads\/2025\/01\/Entra-ID-Banner-1024x318.jpg 1024w, https:\/\/ravel.com.br\/blog\/wp-content\/uploads\/2025\/01\/Entra-ID-Banner-300x93.jpg 300w, https:\/\/ravel.com.br\/blog\/wp-content\/uploads\/2025\/01\/Entra-ID-Banner-768x239.jpg 768w, https:\/\/ravel.com.br\/blog\/wp-content\/uploads\/2025\/01\/Entra-ID-Banner-610x190.jpg 610w, https:\/\/ravel.com.br\/blog\/wp-content\/uploads\/2025\/01\/Entra-ID-Banner-1080x336.jpg 1080w, https:\/\/ravel.com.br\/blog\/wp-content\/uploads\/2025\/01\/Entra-ID-Banner.jpg 1180w\" sizes=\"(max-width: 1024px) 100vw, 1024px\" \/><\/figure>\n\n\n\n<h2 class=\"wp-block-heading\"><strong>Compara\u00e7\u00e3o: AD Local vs. Microsoft Entra ID<\/strong><\/h2>\n\n\n\n<figure class=\"wp-block-table\"><table class=\"has-fixed-layout\"><thead><tr><td><strong>Caracter\u00edstica<\/strong><\/td><td><strong>Ambiente Tradicional (AD Local)<\/strong><\/td><td><strong>Ambiente Moderno (Entra ID)<\/strong><\/td><\/tr><\/thead><tbody><tr><td><strong>Autentica\u00e7\u00e3o<\/strong><\/td><td>Local, sem MFA nativo<\/td><td>Nuvem, com MFA e autentica\u00e7\u00e3o sem senha<\/td><\/tr><tr><td><strong>Seguran\u00e7a<\/strong><\/td><td>Depende de atualiza\u00e7\u00f5es manuais e redund\u00e2ncia f\u00edsica<\/td><td>Seguran\u00e7a avan\u00e7ada com prote\u00e7\u00e3o automatizada<\/td><\/tr><tr><td><strong>Custo Operacional<\/strong><\/td><td>Alto, devido \u00e0 manuten\u00e7\u00e3o de hardware e licen\u00e7as<\/td><td>Reduzido, sem necessidade de hardware f\u00edsico<\/td><\/tr><tr><td><strong>Gerenciamento<\/strong><\/td><td>Local, com alto esfor\u00e7o administrativo<\/td><td>Centralizado e simplificado<\/td><\/tr><tr><td><strong>Escalabilidade<\/strong><\/td><td>Limitada pela infraestrutura f\u00edsica<\/td><td>Ilimitada, com escalabilidade na nuvem<\/td><\/tr><\/tbody><\/table><\/figure>\n\n\n\n<p>Se sua empresa ainda utiliza um servidor AD e deseja evoluir para uma solu\u00e7\u00e3o mais moderna e eficiente, o Microsoft Entra ID \u00e9 a escolha ideal. Al\u00e9m de garantir uma gest\u00e3o de identidades mais \u00e1gil e segura, essa plataforma oferece maior controle e continuidade de acesso para seus colaboradores, independentemente do local em que estejam.<\/p>\n\n\n\n<p>Entre em contato com a Ravel Tecnologia e descubra como podemos ajudar na transi\u00e7\u00e3o para uma solu\u00e7\u00e3o de identidade na nuvem que traga inova\u00e7\u00e3o e confian\u00e7a para o futuro da sua organiza\u00e7\u00e3o.&#8221;<\/p>\n\n\n\n<p><a href=\"https:\/\/ravel.com.br\/gestao-suporte-tecnico-de-ti\">Gest\u00e3o e Suporte T\u00e9cnico de TI para Empresas | Ravel Tecnologia<\/a><\/p>\n","protected":false},"excerpt":{"rendered":"<p>O Microsoft Entra ID traz mais efici\u00eancia na gest\u00e3o de identidades. Veja os principais benef\u00edcios desta mudan\u00e7a e evolua seu ambiente de TI<\/p>\n","protected":false},"author":6,"featured_media":6111,"comment_status":"closed","ping_status":"open","sticky":false,"template":"","format":"standard","meta":{"_et_pb_use_builder":"","_et_pb_old_content":"","_et_gb_content_width":"","footnotes":""},"categories":[102,6],"tags":[],"class_list":["post-6108","post","type-post","status-publish","format-standard","has-post-thumbnail","hentry","category-cloud","category-tecnologia","et-has-post-format-content","et_post_format-et-post-format-standard"],"yoast_head":"<!-- This site is optimized with the Yoast SEO plugin v24.1 - https:\/\/yoast.com\/wordpress\/plugins\/seo\/ -->\n<title>Migrar do Active Directory para o Entra ID? - Blog - Ravel<\/title>\n<meta name=\"description\" content=\"O Microsoft Entra ID traz mais efici\u00eancia na gest\u00e3o de identidades. Veja os principais benef\u00edcios desta mudan\u00e7a e evolua seu ambiente de TI\" \/>\n<meta name=\"robots\" content=\"index, follow, max-snippet:-1, max-image-preview:large, max-video-preview:-1\" \/>\n<link rel=\"canonical\" href=\"https:\/\/ravel.com.br\/blog\/por-que-migrar-de-um-domain-control-ad-para-o-microsoft-entra-id\/\" \/>\n<meta property=\"og:locale\" content=\"pt_BR\" \/>\n<meta property=\"og:type\" content=\"article\" \/>\n<meta property=\"og:title\" content=\"Migrar do Active Directory para o Entra ID? - Blog - Ravel\" \/>\n<meta property=\"og:description\" content=\"O Microsoft Entra ID traz mais efici\u00eancia na gest\u00e3o de identidades. Veja os principais benef\u00edcios desta mudan\u00e7a e evolua seu ambiente de TI\" \/>\n<meta property=\"og:url\" content=\"https:\/\/ravel.com.br\/blog\/por-que-migrar-de-um-domain-control-ad-para-o-microsoft-entra-id\/\" \/>\n<meta property=\"og:site_name\" content=\"Blog Tecnologia\" \/>\n<meta property=\"article:published_time\" content=\"2025-01-14T12:01:09+00:00\" \/>\n<meta property=\"article:modified_time\" content=\"2025-05-23T17:51:01+00:00\" \/>\n<meta property=\"og:image\" content=\"https:\/\/ravel.com.br\/blog\/wp-content\/uploads\/2025\/01\/Entra-ID-Capa.jpg\" \/>\n\t<meta property=\"og:image:width\" content=\"1174\" \/>\n\t<meta property=\"og:image:height\" content=\"621\" \/>\n\t<meta property=\"og:image:type\" content=\"image\/jpeg\" \/>\n<meta name=\"author\" content=\"Edson Brito - Gerente de Projetos\" \/>\n<meta name=\"twitter:card\" content=\"summary_large_image\" \/>\n<meta name=\"twitter:label1\" content=\"Escrito por\" \/>\n\t<meta name=\"twitter:data1\" content=\"Edson Brito - Gerente de Projetos\" \/>\n\t<meta name=\"twitter:label2\" content=\"Est. tempo de leitura\" \/>\n\t<meta name=\"twitter:data2\" content=\"4 minutos\" \/>\n<script type=\"application\/ld+json\" class=\"yoast-schema-graph\">{\"@context\":\"https:\/\/schema.org\",\"@graph\":[{\"@type\":\"WebPage\",\"@id\":\"https:\/\/ravel.com.br\/blog\/por-que-migrar-de-um-domain-control-ad-para-o-microsoft-entra-id\/\",\"url\":\"https:\/\/ravel.com.br\/blog\/por-que-migrar-de-um-domain-control-ad-para-o-microsoft-entra-id\/\",\"name\":\"Migrar do Active Directory para o Entra ID? - Blog - Ravel\",\"isPartOf\":{\"@id\":\"https:\/\/ravel.com.br\/blog\/#website\"},\"primaryImageOfPage\":{\"@id\":\"https:\/\/ravel.com.br\/blog\/por-que-migrar-de-um-domain-control-ad-para-o-microsoft-entra-id\/#primaryimage\"},\"image\":{\"@id\":\"https:\/\/ravel.com.br\/blog\/por-que-migrar-de-um-domain-control-ad-para-o-microsoft-entra-id\/#primaryimage\"},\"thumbnailUrl\":\"https:\/\/ravel.com.br\/blog\/wp-content\/uploads\/2025\/01\/Entra-ID-Capa.jpg\",\"datePublished\":\"2025-01-14T12:01:09+00:00\",\"dateModified\":\"2025-05-23T17:51:01+00:00\",\"author\":{\"@id\":\"https:\/\/ravel.com.br\/blog\/#\/schema\/person\/0ffb86b724b1bb06423f7e8c8918afea\"},\"description\":\"O Microsoft Entra ID traz mais efici\u00eancia na gest\u00e3o de identidades. Veja os principais benef\u00edcios desta mudan\u00e7a e evolua seu ambiente de TI\",\"breadcrumb\":{\"@id\":\"https:\/\/ravel.com.br\/blog\/por-que-migrar-de-um-domain-control-ad-para-o-microsoft-entra-id\/#breadcrumb\"},\"inLanguage\":\"pt-BR\",\"potentialAction\":[{\"@type\":\"ReadAction\",\"target\":[\"https:\/\/ravel.com.br\/blog\/por-que-migrar-de-um-domain-control-ad-para-o-microsoft-entra-id\/\"]}]},{\"@type\":\"ImageObject\",\"inLanguage\":\"pt-BR\",\"@id\":\"https:\/\/ravel.com.br\/blog\/por-que-migrar-de-um-domain-control-ad-para-o-microsoft-entra-id\/#primaryimage\",\"url\":\"https:\/\/ravel.com.br\/blog\/wp-content\/uploads\/2025\/01\/Entra-ID-Capa.jpg\",\"contentUrl\":\"https:\/\/ravel.com.br\/blog\/wp-content\/uploads\/2025\/01\/Entra-ID-Capa.jpg\",\"width\":1174,\"height\":621},{\"@type\":\"BreadcrumbList\",\"@id\":\"https:\/\/ravel.com.br\/blog\/por-que-migrar-de-um-domain-control-ad-para-o-microsoft-entra-id\/#breadcrumb\",\"itemListElement\":[{\"@type\":\"ListItem\",\"position\":1,\"name\":\"In\u00edcio\",\"item\":\"https:\/\/ravel.com.br\/blog\/\"},{\"@type\":\"ListItem\",\"position\":2,\"name\":\"Por Que Migrar do Active Directory Local para o Microsoft Entra ID?\"}]},{\"@type\":\"WebSite\",\"@id\":\"https:\/\/ravel.com.br\/blog\/#website\",\"url\":\"https:\/\/ravel.com.br\/blog\/\",\"name\":\"Blog Tecnologia\",\"description\":\"Dicas e Artigos sobre Tecnologia\",\"potentialAction\":[{\"@type\":\"SearchAction\",\"target\":{\"@type\":\"EntryPoint\",\"urlTemplate\":\"https:\/\/ravel.com.br\/blog\/?s={search_term_string}\"},\"query-input\":{\"@type\":\"PropertyValueSpecification\",\"valueRequired\":true,\"valueName\":\"search_term_string\"}}],\"inLanguage\":\"pt-BR\"},{\"@type\":\"Person\",\"@id\":\"https:\/\/ravel.com.br\/blog\/#\/schema\/person\/0ffb86b724b1bb06423f7e8c8918afea\",\"name\":\"Edson Brito - Gerente de Projetos\",\"image\":{\"@type\":\"ImageObject\",\"inLanguage\":\"pt-BR\",\"@id\":\"https:\/\/ravel.com.br\/blog\/#\/schema\/person\/image\/\",\"url\":\"https:\/\/secure.gravatar.com\/avatar\/e9f161bd2b2691252a68729961f39f9b?s=96&d=mm&r=g\",\"contentUrl\":\"https:\/\/secure.gravatar.com\/avatar\/e9f161bd2b2691252a68729961f39f9b?s=96&d=mm&r=g\",\"caption\":\"Edson Brito - Gerente de Projetos\"},\"description\":\"Gestor T\u00e9cnico na Ravel Tecnologia, com forma\u00e7\u00e3o em Tecnologia da Informa\u00e7\u00e3o e p\u00f3s graduado em Seguran\u00e7a da Informa\u00e7\u00e3o, busca atuar em projetos de infraestrutura, nuvem e SI. Focado em melhorias e solu\u00e7\u00f5es tecnol\u00f3gicas. Adora viajar e apreciar um bom vinho.\",\"sameAs\":[\"http:\/\/ravel.com.br\"],\"url\":\"https:\/\/ravel.com.br\/blog\/author\/edson-brito\/\"}]}<\/script>\n<!-- \/ Yoast SEO plugin. -->","yoast_head_json":{"title":"Migrar do Active Directory para o Entra ID? - Blog - Ravel","description":"O Microsoft Entra ID traz mais efici\u00eancia na gest\u00e3o de identidades. Veja os principais benef\u00edcios desta mudan\u00e7a e evolua seu ambiente de TI","robots":{"index":"index","follow":"follow","max-snippet":"max-snippet:-1","max-image-preview":"max-image-preview:large","max-video-preview":"max-video-preview:-1"},"canonical":"https:\/\/ravel.com.br\/blog\/por-que-migrar-de-um-domain-control-ad-para-o-microsoft-entra-id\/","og_locale":"pt_BR","og_type":"article","og_title":"Migrar do Active Directory para o Entra ID? - Blog - Ravel","og_description":"O Microsoft Entra ID traz mais efici\u00eancia na gest\u00e3o de identidades. Veja os principais benef\u00edcios desta mudan\u00e7a e evolua seu ambiente de TI","og_url":"https:\/\/ravel.com.br\/blog\/por-que-migrar-de-um-domain-control-ad-para-o-microsoft-entra-id\/","og_site_name":"Blog Tecnologia","article_published_time":"2025-01-14T12:01:09+00:00","article_modified_time":"2025-05-23T17:51:01+00:00","og_image":[{"width":1174,"height":621,"url":"https:\/\/ravel.com.br\/blog\/wp-content\/uploads\/2025\/01\/Entra-ID-Capa.jpg","type":"image\/jpeg"}],"author":"Edson Brito - Gerente de Projetos","twitter_card":"summary_large_image","twitter_misc":{"Escrito por":"Edson Brito - Gerente de Projetos","Est. tempo de leitura":"4 minutos"},"schema":{"@context":"https:\/\/schema.org","@graph":[{"@type":"WebPage","@id":"https:\/\/ravel.com.br\/blog\/por-que-migrar-de-um-domain-control-ad-para-o-microsoft-entra-id\/","url":"https:\/\/ravel.com.br\/blog\/por-que-migrar-de-um-domain-control-ad-para-o-microsoft-entra-id\/","name":"Migrar do Active Directory para o Entra ID? - Blog - Ravel","isPartOf":{"@id":"https:\/\/ravel.com.br\/blog\/#website"},"primaryImageOfPage":{"@id":"https:\/\/ravel.com.br\/blog\/por-que-migrar-de-um-domain-control-ad-para-o-microsoft-entra-id\/#primaryimage"},"image":{"@id":"https:\/\/ravel.com.br\/blog\/por-que-migrar-de-um-domain-control-ad-para-o-microsoft-entra-id\/#primaryimage"},"thumbnailUrl":"https:\/\/ravel.com.br\/blog\/wp-content\/uploads\/2025\/01\/Entra-ID-Capa.jpg","datePublished":"2025-01-14T12:01:09+00:00","dateModified":"2025-05-23T17:51:01+00:00","author":{"@id":"https:\/\/ravel.com.br\/blog\/#\/schema\/person\/0ffb86b724b1bb06423f7e8c8918afea"},"description":"O Microsoft Entra ID traz mais efici\u00eancia na gest\u00e3o de identidades. Veja os principais benef\u00edcios desta mudan\u00e7a e evolua seu ambiente de TI","breadcrumb":{"@id":"https:\/\/ravel.com.br\/blog\/por-que-migrar-de-um-domain-control-ad-para-o-microsoft-entra-id\/#breadcrumb"},"inLanguage":"pt-BR","potentialAction":[{"@type":"ReadAction","target":["https:\/\/ravel.com.br\/blog\/por-que-migrar-de-um-domain-control-ad-para-o-microsoft-entra-id\/"]}]},{"@type":"ImageObject","inLanguage":"pt-BR","@id":"https:\/\/ravel.com.br\/blog\/por-que-migrar-de-um-domain-control-ad-para-o-microsoft-entra-id\/#primaryimage","url":"https:\/\/ravel.com.br\/blog\/wp-content\/uploads\/2025\/01\/Entra-ID-Capa.jpg","contentUrl":"https:\/\/ravel.com.br\/blog\/wp-content\/uploads\/2025\/01\/Entra-ID-Capa.jpg","width":1174,"height":621},{"@type":"BreadcrumbList","@id":"https:\/\/ravel.com.br\/blog\/por-que-migrar-de-um-domain-control-ad-para-o-microsoft-entra-id\/#breadcrumb","itemListElement":[{"@type":"ListItem","position":1,"name":"In\u00edcio","item":"https:\/\/ravel.com.br\/blog\/"},{"@type":"ListItem","position":2,"name":"Por Que Migrar do Active Directory Local para o Microsoft Entra ID?"}]},{"@type":"WebSite","@id":"https:\/\/ravel.com.br\/blog\/#website","url":"https:\/\/ravel.com.br\/blog\/","name":"Blog Tecnologia","description":"Dicas e Artigos sobre Tecnologia","potentialAction":[{"@type":"SearchAction","target":{"@type":"EntryPoint","urlTemplate":"https:\/\/ravel.com.br\/blog\/?s={search_term_string}"},"query-input":{"@type":"PropertyValueSpecification","valueRequired":true,"valueName":"search_term_string"}}],"inLanguage":"pt-BR"},{"@type":"Person","@id":"https:\/\/ravel.com.br\/blog\/#\/schema\/person\/0ffb86b724b1bb06423f7e8c8918afea","name":"Edson Brito - Gerente de Projetos","image":{"@type":"ImageObject","inLanguage":"pt-BR","@id":"https:\/\/ravel.com.br\/blog\/#\/schema\/person\/image\/","url":"https:\/\/secure.gravatar.com\/avatar\/e9f161bd2b2691252a68729961f39f9b?s=96&d=mm&r=g","contentUrl":"https:\/\/secure.gravatar.com\/avatar\/e9f161bd2b2691252a68729961f39f9b?s=96&d=mm&r=g","caption":"Edson Brito - Gerente de Projetos"},"description":"Gestor T\u00e9cnico na Ravel Tecnologia, com forma\u00e7\u00e3o em Tecnologia da Informa\u00e7\u00e3o e p\u00f3s graduado em Seguran\u00e7a da Informa\u00e7\u00e3o, busca atuar em projetos de infraestrutura, nuvem e SI. Focado em melhorias e solu\u00e7\u00f5es tecnol\u00f3gicas. Adora viajar e apreciar um bom vinho.","sameAs":["http:\/\/ravel.com.br"],"url":"https:\/\/ravel.com.br\/blog\/author\/edson-brito\/"}]}},"_links":{"self":[{"href":"https:\/\/ravel.com.br\/blog\/wp-json\/wp\/v2\/posts\/6108","targetHints":{"allow":["GET"]}}],"collection":[{"href":"https:\/\/ravel.com.br\/blog\/wp-json\/wp\/v2\/posts"}],"about":[{"href":"https:\/\/ravel.com.br\/blog\/wp-json\/wp\/v2\/types\/post"}],"author":[{"embeddable":true,"href":"https:\/\/ravel.com.br\/blog\/wp-json\/wp\/v2\/users\/6"}],"replies":[{"embeddable":true,"href":"https:\/\/ravel.com.br\/blog\/wp-json\/wp\/v2\/comments?post=6108"}],"version-history":[{"count":5,"href":"https:\/\/ravel.com.br\/blog\/wp-json\/wp\/v2\/posts\/6108\/revisions"}],"predecessor-version":[{"id":6116,"href":"https:\/\/ravel.com.br\/blog\/wp-json\/wp\/v2\/posts\/6108\/revisions\/6116"}],"wp:featuredmedia":[{"embeddable":true,"href":"https:\/\/ravel.com.br\/blog\/wp-json\/wp\/v2\/media\/6111"}],"wp:attachment":[{"href":"https:\/\/ravel.com.br\/blog\/wp-json\/wp\/v2\/media?parent=6108"}],"wp:term":[{"taxonomy":"category","embeddable":true,"href":"https:\/\/ravel.com.br\/blog\/wp-json\/wp\/v2\/categories?post=6108"},{"taxonomy":"post_tag","embeddable":true,"href":"https:\/\/ravel.com.br\/blog\/wp-json\/wp\/v2\/tags?post=6108"}],"curies":[{"name":"wp","href":"https:\/\/api.w.org\/{rel}","templated":true}]}}