{"id":6176,"date":"2025-03-11T11:42:42","date_gmt":"2025-03-11T14:42:42","guid":{"rendered":"https:\/\/ravel.com.br\/blog\/?p=6176"},"modified":"2025-05-23T14:46:11","modified_gmt":"2025-05-23T17:46:11","slug":"tendencias-em-ti-no-brasil-segundo-o-idc","status":"publish","type":"post","link":"https:\/\/ravel.com.br\/blog\/tendencias-em-ti-no-brasil-segundo-o-idc\/","title":{"rendered":"Tend\u00eancias em TI no Brasil segundo o IDC"},"content":{"rendered":"\n<p>A tecnologia da informa\u00e7\u00e3o est\u00e1 em constante evolu\u00e7\u00e3o, e acompanhar as tend\u00eancias em TI \u00e9 essencial para empresas que buscam se manter competitivas no mercado.<\/p>\n\n\n\n<p>O International Data Corporation (IDC) \u00e9 uma das principais refer\u00eancias globais na an\u00e1lise de tend\u00eancias tecnol\u00f3gicas, fornecendo pesquisas detalhadas que ajudam organiza\u00e7\u00f5es a tomar decis\u00f5es mais assertivas.<\/p>\n\n\n\n<p>Com mais de cinco d\u00e9cadas de experi\u00eancia, o IDC analisa dados de mercado, comportamento de consumidores e evolu\u00e7\u00f5es tecnol\u00f3gicas para prever cen\u00e1rios futuros e apontar as principais transforma\u00e7\u00f5es no setor.<\/p>\n\n\n\n<p>No Brasil, o IDC identifica um crescimento significativo no investimento em TI, impulsionado pela digitaliza\u00e7\u00e3o dos neg\u00f3cios, avan\u00e7os em intelig\u00eancia artificial e a necessidade crescente de seguran\u00e7a digital. Essas tend\u00eancias moldam o futuro das empresas e influenciam decis\u00f5es estrat\u00e9gicas.<\/p>\n\n\n\n<p>A seguir, exploramos as principais tend\u00eancias em TI no Brasil segundo o IDC, trazendo insights valiosos sobre o que esperar para os pr\u00f3ximos anos.<\/p>\n\n\n\n<h2 class=\"wp-block-heading\"><strong>Crescimento da Intelig\u00eancia Artificial (IA) no mercado corporativo<\/strong><\/h2>\n\n\n\n<p>A IA est\u00e1 se consolidando como um dos pilares da transforma\u00e7\u00e3o digital, sendo amplamente adotada para otimizar processos, reduzir custos e melhorar a experi\u00eancia do cliente.<\/p>\n\n\n\n<p>Empresas est\u00e3o utilizando IA para an\u00e1lise de dados, automa\u00e7\u00e3o de atendimento ao cliente e aperfei\u00e7oamento da seguran\u00e7a cibern\u00e9tica.<\/p>\n\n\n\n<p>Segundo o IDC, espera-se que os investimentos em IA cres\u00e7am significativamente nos pr\u00f3ximos anos, tornando-se uma prioridade para as corpora\u00e7\u00f5es.<\/p>\n\n\n\n<p>A implementa\u00e7\u00e3o de assistentes virtuais, chatbots e algoritmos preditivos est\u00e1 revolucionando a forma como as empresas interagem com seus clientes e tomam decis\u00f5es.<\/p>\n\n\n\n<p>Com o avan\u00e7o das tecnologias de aprendizado de m\u00e1quina, a IA se tornar\u00e1 ainda mais sofisticada, contribuindo para solu\u00e7\u00f5es inovadoras em diversos setores da economia.<\/p>\n\n\n\n<figure class=\"wp-block-image size-large\"><img loading=\"lazy\" decoding=\"async\" width=\"1024\" height=\"330\" src=\"https:\/\/ravel.com.br\/blog\/wp-content\/uploads\/2025\/03\/Tendencias-idc-banner-1-1024x330.jpg\" alt=\"idc Tend\u00eancias em TI\" class=\"wp-image-6181\" srcset=\"https:\/\/ravel.com.br\/blog\/wp-content\/uploads\/2025\/03\/Tendencias-idc-banner-1-1024x330.jpg 1024w, https:\/\/ravel.com.br\/blog\/wp-content\/uploads\/2025\/03\/Tendencias-idc-banner-1-300x97.jpg 300w, https:\/\/ravel.com.br\/blog\/wp-content\/uploads\/2025\/03\/Tendencias-idc-banner-1-768x247.jpg 768w, https:\/\/ravel.com.br\/blog\/wp-content\/uploads\/2025\/03\/Tendencias-idc-banner-1-610x196.jpg 610w, https:\/\/ravel.com.br\/blog\/wp-content\/uploads\/2025\/03\/Tendencias-idc-banner-1-1080x348.jpg 1080w, https:\/\/ravel.com.br\/blog\/wp-content\/uploads\/2025\/03\/Tendencias-idc-banner-1.jpg 1233w\" sizes=\"(max-width: 1024px) 100vw, 1024px\" \/><\/figure>\n\n\n\n<h2 class=\"wp-block-heading\"><strong>Ado\u00e7\u00e3o acelerada da computa\u00e7\u00e3o em nuvem<\/strong><\/h2>\n\n\n\n<p>A computa\u00e7\u00e3o em nuvem est\u00e1 cada vez mais presente nas empresas, permitindo maior flexibilidade, escalabilidade e efici\u00eancia operacional.<\/p>\n\n\n\n<p>O IDC aponta que a migra\u00e7\u00e3o para ambientes multi-cloud e h\u00edbridos ser\u00e1 uma das principais estrat\u00e9gias adotadas por companhias que buscam maior seguran\u00e7a e otimiza\u00e7\u00e3o de custos.<\/p>\n\n\n\n<p>Com a crescente demanda por armazenamento e processamento de dados, as organiza\u00e7\u00f5es est\u00e3o investindo em solu\u00e7\u00f5es que garantam melhor gest\u00e3o e prote\u00e7\u00e3o das informa\u00e7\u00f5es.<\/p>\n\n\n\n<p>O futuro aponta para uma abordagem mais integrada e automatizada, onde a nuvem ser\u00e1 a espinha dorsal das opera\u00e7\u00f5es digitais.<\/p>\n\n\n\n<p><a href=\"https:\/\/ravel.com.br\/servicos-em-nuvem\">Servi\u00e7os em nuvem para empresas | Ravel Tecnologia<\/a><\/p>\n\n\n\n<h2 class=\"wp-block-heading\"><strong>Expans\u00e3o do 5G e impacto na conectividade empresarial<\/strong><\/h2>\n\n\n\n<p>A tecnologia 5G est\u00e1 revolucionando a conectividade, proporcionando velocidades de internet muito superiores e menor lat\u00eancia.<\/p>\n\n\n\n<p>No Brasil, sua ado\u00e7\u00e3o est\u00e1 em crescimento, permitindo a expans\u00e3o de novas solu\u00e7\u00f5es digitais e o desenvolvimento de cidades inteligentes.<\/p>\n\n\n\n<p>Empresas de diversos setores, como ind\u00fastria, sa\u00fade e agroneg\u00f3cio, j\u00e1 est\u00e3o explorando as possibilidades do 5G para otimizar processos e aumentar a efici\u00eancia. A evolu\u00e7\u00e3o da Internet das Coisas (IoT) tamb\u00e9m ser\u00e1 impulsionada por essa nova infraestrutura, trazendo inova\u00e7\u00f5es para o mercado.<\/p>\n\n\n\n<h2 class=\"wp-block-heading\"><strong>Maior investimento em ciberseguran\u00e7a<\/strong><\/h2>\n\n\n\n<p>Com o aumento das amea\u00e7as digitais, a seguran\u00e7a cibern\u00e9tica tornou-se uma prioridade para as empresas. O IDC destaca que a prote\u00e7\u00e3o de dados sens\u00edveis e a ado\u00e7\u00e3o de solu\u00e7\u00f5es robustas de seguran\u00e7a ser\u00e3o fundamentais para evitar ataques e vazamentos de informa\u00e7\u00f5es.<\/p>\n\n\n\n<p>A implementa\u00e7\u00e3o de estrat\u00e9gias de Zero Trust, autentica\u00e7\u00e3o multifator e monitoramento em tempo real ser\u00e1 cada vez mais comum nas empresas que buscam se proteger contra ciberataques e garantir a conformidade com regula\u00e7\u00f5es de privacidade.<\/p>\n\n\n\n<p><a href=\"https:\/\/ravel.com.br\/consultoria-de-ti\">Consultoria de TI para Empresas | Ravel Tecnologia<\/a><\/p>\n\n\n\n<figure class=\"wp-block-image size-large\"><img loading=\"lazy\" decoding=\"async\" width=\"1024\" height=\"307\" src=\"https:\/\/ravel.com.br\/blog\/wp-content\/uploads\/2025\/03\/Tendencias-idc-banner-2-1024x307.jpg\" alt=\"Tend\u00eancias em TI\" class=\"wp-image-6182\" srcset=\"https:\/\/ravel.com.br\/blog\/wp-content\/uploads\/2025\/03\/Tendencias-idc-banner-2-1024x307.jpg 1024w, https:\/\/ravel.com.br\/blog\/wp-content\/uploads\/2025\/03\/Tendencias-idc-banner-2-300x90.jpg 300w, https:\/\/ravel.com.br\/blog\/wp-content\/uploads\/2025\/03\/Tendencias-idc-banner-2-768x230.jpg 768w, https:\/\/ravel.com.br\/blog\/wp-content\/uploads\/2025\/03\/Tendencias-idc-banner-2-610x183.jpg 610w, https:\/\/ravel.com.br\/blog\/wp-content\/uploads\/2025\/03\/Tendencias-idc-banner-2-1080x324.jpg 1080w, https:\/\/ravel.com.br\/blog\/wp-content\/uploads\/2025\/03\/Tendencias-idc-banner-2.jpg 1254w\" sizes=\"(max-width: 1024px) 100vw, 1024px\" \/><\/figure>\n\n\n\n<h2 class=\"wp-block-heading\"><strong>Internet das Coisas (IoT) impulsionando a automa\u00e7\u00e3o<\/strong><\/h2>\n\n\n\n<p>A IoT est\u00e1 transformando a forma como as empresas operam, conectando dispositivos e sistemas para otimizar processos e aumentar a efici\u00eancia. No Brasil, o setor industrial e o agroneg\u00f3cio s\u00e3o alguns dos principais beneficiados, utilizando sensores inteligentes para monitoramento e controle remoto de opera\u00e7\u00f5es.<\/p>\n\n\n\n<p>O IDC prev\u00ea um crescimento expressivo na ado\u00e7\u00e3o de IoT nos pr\u00f3ximos anos, impulsionado pela necessidade de maior automa\u00e7\u00e3o e an\u00e1lise de dados em tempo real.<\/p>\n\n\n\n<h2 class=\"wp-block-heading\"><strong>Tecnologia como aliada da sustentabilidade<\/strong><\/h2>\n\n\n\n<p>A busca por solu\u00e7\u00f5es tecnol\u00f3gicas sustent\u00e1veis est\u00e1 crescendo, e as empresas est\u00e3o investindo cada vez mais em TI Verde. O IDC aponta que a redu\u00e7\u00e3o do consumo energ\u00e9tico e a efici\u00eancia no uso de recursos ser\u00e3o fatores-chave para as organiza\u00e7\u00f5es nos pr\u00f3ximos anos.<\/p>\n\n\n\n<p>Desde o desenvolvimento de data centers mais eficientes at\u00e9 a reciclagem de hardware, a sustentabilidade est\u00e1 se tornando um diferencial competitivo e um compromisso essencial para empresas que desejam se destacar no mercado.<\/p>\n\n\n\n<p>As tend\u00eancias em TI segundo o IDC mostram um cen\u00e1rio de grande evolu\u00e7\u00e3o e oportunidades para empresas no Brasil. Com a ado\u00e7\u00e3o de IA, computa\u00e7\u00e3o em nuvem, 5G, IoT e um foco crescente em seguran\u00e7a e sustentabilidade, as organiza\u00e7\u00f5es est\u00e3o se preparando para um futuro cada vez mais digital e inovador.<\/p>\n\n\n\n<p>Adaptar-se a essas tend\u00eancias n\u00e3o \u00e9 apenas uma escolha, mas uma necessidade para garantir crescimento e competitividade no mercado.<\/p>\n\n\n\n<h2 class=\"wp-block-heading\"><strong>Como a Ravel pode auxiliar a sua empresa para ela estar em sintonia com as atualiza\u00e7\u00f5es tecnol\u00f3gicas?<\/strong><\/h2>\n\n\n\n<p>A Ravel Tecnologia est\u00e1 na vanguarda da inova\u00e7\u00e3o e acompanha de perto as tend\u00eancias em TI destacadas pelo IDC, oferecendo solu\u00e7\u00f5es que ajudam empresas brasileiras a se adaptarem a esse novo cen\u00e1rio digital.<\/p>\n\n\n\n<p>Com expertise em intelig\u00eancia artificial, computa\u00e7\u00e3o em nuvem, ciberseguran\u00e7a e IoT, a Ravel desenvolve estrat\u00e9gias personalizadas para garantir que seus clientes n\u00e3o apenas acompanhem as mudan\u00e7as tecnol\u00f3gicas, mas tamb\u00e9m as utilizem a seu favor para impulsionar a efici\u00eancia operacional e a competitividade no mercado.<\/p>\n\n\n\n<p>A Ravel Tecnologia atua como parceira estrat\u00e9gica na jornada de transforma\u00e7\u00e3o digital, fornecendo infraestrutura robusta, consultoria especializada e suporte cont\u00ednuo para empresas que buscam seguran\u00e7a, inova\u00e7\u00e3o e alto desempenho.<\/p>\n\n\n\n<p>Seja implementando solu\u00e7\u00f5es cloud escal\u00e1veis, fortalecendo a prote\u00e7\u00e3o contra ciberataques ou otimizando processos com automa\u00e7\u00e3o e IA, a Ravel garante que seus clientes estejam sempre um passo \u00e0 frente, preparados para os desafios e oportunidades do futuro digital.<\/p>\n\n\n\n<p>Faz sentido para voc\u00ea? Marque um momento conosco para entendermos como podemos ajud\u00e1-lo.<\/p>\n\n\n\n<p><a href=\"https:\/\/ravel.com.br\/gestao-suporte-tecnico-de-ti\">Gest\u00e3o e Suporte T\u00e9cnico de TI para Empresas | Ravel Tecnologia<\/a><\/p>\n\n\n\n<p>Para conhecer mais sobre o IDC, acesse: <a href=\"https:\/\/www.idc.com\/latam_pt\">IDC &#8211; LATAM &#8211; Home<\/a><\/p>\n","protected":false},"excerpt":{"rendered":"<p>O IDC destaca tend\u00eancias em TI no Brasil, incluindo IA, computa\u00e7\u00e3o em nuvem, 5G, ciberseguran\u00e7a, IoT e sustentabilidade. Empresas devem se adaptar para garantir inova\u00e7\u00e3o, competitividade e crescimento no mercado digital. Neste artigo, vou aprofundar este tema e apresentar como a Ravel pode ajudar voc\u00ea. <\/p>\n","protected":false},"author":19,"featured_media":6179,"comment_status":"closed","ping_status":"open","sticky":false,"template":"","format":"standard","meta":{"_et_pb_use_builder":"","_et_pb_old_content":"","_et_gb_content_width":"","footnotes":""},"categories":[105],"tags":[],"class_list":["post-6176","post","type-post","status-publish","format-standard","has-post-thumbnail","hentry","category-viver-com-tecnologia","et-has-post-format-content","et_post_format-et-post-format-standard"],"yoast_head":"<!-- This site is optimized with the Yoast SEO plugin v24.1 - https:\/\/yoast.com\/wordpress\/plugins\/seo\/ -->\n<title>Tend\u00eancias em TI no Brasil - Blog - Ravel Tecnologia<\/title>\n<meta name=\"description\" content=\"O IDC destaca tend\u00eancias em TI no Brasil, incluindo IA, computa\u00e7\u00e3o em nuvem, 5G, ciberseguran\u00e7a, IoT e sustentabilidade. Empresas devem se adaptar para garantir inova\u00e7\u00e3o, competitividade e crescimento no mercado digital. Neste artigo, vou aprofundar este tema e apresentar como a Ravel pode ajudar voc\u00ea.\" \/>\n<meta name=\"robots\" content=\"index, follow, max-snippet:-1, max-image-preview:large, max-video-preview:-1\" \/>\n<link rel=\"canonical\" href=\"https:\/\/ravel.com.br\/blog\/tendencias-em-ti-no-brasil-segundo-o-idc\/\" \/>\n<meta property=\"og:locale\" content=\"pt_BR\" \/>\n<meta property=\"og:type\" content=\"article\" \/>\n<meta property=\"og:title\" content=\"Tend\u00eancias em TI no Brasil - Blog - Ravel Tecnologia\" \/>\n<meta property=\"og:description\" content=\"O IDC destaca tend\u00eancias em TI no Brasil, incluindo IA, computa\u00e7\u00e3o em nuvem, 5G, ciberseguran\u00e7a, IoT e sustentabilidade. Empresas devem se adaptar para garantir inova\u00e7\u00e3o, competitividade e crescimento no mercado digital. Neste artigo, vou aprofundar este tema e apresentar como a Ravel pode ajudar voc\u00ea.\" \/>\n<meta property=\"og:url\" content=\"https:\/\/ravel.com.br\/blog\/tendencias-em-ti-no-brasil-segundo-o-idc\/\" \/>\n<meta property=\"og:site_name\" content=\"Blog Tecnologia\" \/>\n<meta property=\"article:published_time\" content=\"2025-03-11T14:42:42+00:00\" \/>\n<meta property=\"article:modified_time\" content=\"2025-05-23T17:46:11+00:00\" \/>\n<meta property=\"og:image\" content=\"https:\/\/ravel.com.br\/blog\/wp-content\/uploads\/2025\/03\/Tendencias-idc-capa.jpg\" \/>\n\t<meta property=\"og:image:width\" content=\"1021\" \/>\n\t<meta property=\"og:image:height\" content=\"628\" \/>\n\t<meta property=\"og:image:type\" content=\"image\/jpeg\" \/>\n<meta name=\"author\" content=\"Benicio Filho\" \/>\n<meta name=\"twitter:card\" content=\"summary_large_image\" \/>\n<meta name=\"twitter:label1\" content=\"Escrito por\" \/>\n\t<meta name=\"twitter:data1\" content=\"Benicio Filho\" \/>\n\t<meta name=\"twitter:label2\" content=\"Est. tempo de leitura\" \/>\n\t<meta name=\"twitter:data2\" content=\"6 minutos\" \/>\n<script type=\"application\/ld+json\" class=\"yoast-schema-graph\">{\"@context\":\"https:\/\/schema.org\",\"@graph\":[{\"@type\":\"WebPage\",\"@id\":\"https:\/\/ravel.com.br\/blog\/tendencias-em-ti-no-brasil-segundo-o-idc\/\",\"url\":\"https:\/\/ravel.com.br\/blog\/tendencias-em-ti-no-brasil-segundo-o-idc\/\",\"name\":\"Tend\u00eancias em TI no Brasil - Blog - Ravel Tecnologia\",\"isPartOf\":{\"@id\":\"https:\/\/ravel.com.br\/blog\/#website\"},\"primaryImageOfPage\":{\"@id\":\"https:\/\/ravel.com.br\/blog\/tendencias-em-ti-no-brasil-segundo-o-idc\/#primaryimage\"},\"image\":{\"@id\":\"https:\/\/ravel.com.br\/blog\/tendencias-em-ti-no-brasil-segundo-o-idc\/#primaryimage\"},\"thumbnailUrl\":\"https:\/\/ravel.com.br\/blog\/wp-content\/uploads\/2025\/03\/Tendencias-idc-capa.jpg\",\"datePublished\":\"2025-03-11T14:42:42+00:00\",\"dateModified\":\"2025-05-23T17:46:11+00:00\",\"author\":{\"@id\":\"https:\/\/ravel.com.br\/blog\/#\/schema\/person\/8c1b896e660c50b7e048edbf136fd3df\"},\"description\":\"O IDC destaca tend\u00eancias em TI no Brasil, incluindo IA, computa\u00e7\u00e3o em nuvem, 5G, ciberseguran\u00e7a, IoT e sustentabilidade. Empresas devem se adaptar para garantir inova\u00e7\u00e3o, competitividade e crescimento no mercado digital. Neste artigo, vou aprofundar este tema e apresentar como a Ravel pode ajudar voc\u00ea.\",\"breadcrumb\":{\"@id\":\"https:\/\/ravel.com.br\/blog\/tendencias-em-ti-no-brasil-segundo-o-idc\/#breadcrumb\"},\"inLanguage\":\"pt-BR\",\"potentialAction\":[{\"@type\":\"ReadAction\",\"target\":[\"https:\/\/ravel.com.br\/blog\/tendencias-em-ti-no-brasil-segundo-o-idc\/\"]}]},{\"@type\":\"ImageObject\",\"inLanguage\":\"pt-BR\",\"@id\":\"https:\/\/ravel.com.br\/blog\/tendencias-em-ti-no-brasil-segundo-o-idc\/#primaryimage\",\"url\":\"https:\/\/ravel.com.br\/blog\/wp-content\/uploads\/2025\/03\/Tendencias-idc-capa.jpg\",\"contentUrl\":\"https:\/\/ravel.com.br\/blog\/wp-content\/uploads\/2025\/03\/Tendencias-idc-capa.jpg\",\"width\":1021,\"height\":628},{\"@type\":\"BreadcrumbList\",\"@id\":\"https:\/\/ravel.com.br\/blog\/tendencias-em-ti-no-brasil-segundo-o-idc\/#breadcrumb\",\"itemListElement\":[{\"@type\":\"ListItem\",\"position\":1,\"name\":\"In\u00edcio\",\"item\":\"https:\/\/ravel.com.br\/blog\/\"},{\"@type\":\"ListItem\",\"position\":2,\"name\":\"Tend\u00eancias em TI no Brasil segundo o IDC\"}]},{\"@type\":\"WebSite\",\"@id\":\"https:\/\/ravel.com.br\/blog\/#website\",\"url\":\"https:\/\/ravel.com.br\/blog\/\",\"name\":\"Blog Tecnologia\",\"description\":\"Dicas e Artigos sobre Tecnologia\",\"potentialAction\":[{\"@type\":\"SearchAction\",\"target\":{\"@type\":\"EntryPoint\",\"urlTemplate\":\"https:\/\/ravel.com.br\/blog\/?s={search_term_string}\"},\"query-input\":{\"@type\":\"PropertyValueSpecification\",\"valueRequired\":true,\"valueName\":\"search_term_string\"}}],\"inLanguage\":\"pt-BR\"},{\"@type\":\"Person\",\"@id\":\"https:\/\/ravel.com.br\/blog\/#\/schema\/person\/8c1b896e660c50b7e048edbf136fd3df\",\"name\":\"Benicio Filho\",\"image\":{\"@type\":\"ImageObject\",\"inLanguage\":\"pt-BR\",\"@id\":\"https:\/\/ravel.com.br\/blog\/#\/schema\/person\/image\/\",\"url\":\"https:\/\/secure.gravatar.com\/avatar\/90039d3db9064a83ee426386617b9797?s=96&d=mm&r=g\",\"contentUrl\":\"https:\/\/secure.gravatar.com\/avatar\/90039d3db9064a83ee426386617b9797?s=96&d=mm&r=g\",\"caption\":\"Benicio Filho\"},\"description\":\"Formado em eletr\u00f4nica, graduado em Teologia pela PUC SP, e Filosofia pela universidade Dom Bosco, Mestre pela Universidade Metodista de S\u00e3o Paulo na \u00e1rea de Educa\u00e7\u00e3o, MBA pela FGV em Gest\u00e3o Estrat\u00e9gica e Econ\u00f4mica de Neg\u00f3cios, p\u00f3s-graduado em Psican\u00e1lise pelo Instituto Kadmon de Psican\u00e1lise. Atua no mercado de tecnologia desde 1998. Fundador do Grupo Ravel de Tecnologia, S\u00f3cio da Core Angels Atlantic (Fundo de Investimento Internacional para Startups), s\u00f3cio fundador da Ag\u00eancia Incandescente, e s\u00f3cio fundador da Atlantic Hub e do Conex\u00e3o Europa Im\u00f3veis ambos em Portugal, atua como empres\u00e1rio, escritor e pesquisador das \u00e1reas de empreendedorismo, mentoring, lideran\u00e7a, inova\u00e7\u00e3o e internacionaliza\u00e7\u00e3o. Em dezembro de 2019, lan\u00e7ou o seu primeiro livro \u201cVidas Ressignificadas\\\", em dezembro de 2020 seu segundo \u201cDo Caos ao Recome\u00e7o\u201d, e em janeiro de 2022 o \u00faltimo publicado \u201cMetamorfose Empreendedora\u201d.\",\"url\":\"https:\/\/ravel.com.br\/blog\/author\/benicio-filho\/\"}]}<\/script>\n<!-- \/ Yoast SEO plugin. -->","yoast_head_json":{"title":"Tend\u00eancias em TI no Brasil - Blog - Ravel Tecnologia","description":"O IDC destaca tend\u00eancias em TI no Brasil, incluindo IA, computa\u00e7\u00e3o em nuvem, 5G, ciberseguran\u00e7a, IoT e sustentabilidade. Empresas devem se adaptar para garantir inova\u00e7\u00e3o, competitividade e crescimento no mercado digital. Neste artigo, vou aprofundar este tema e apresentar como a Ravel pode ajudar voc\u00ea.","robots":{"index":"index","follow":"follow","max-snippet":"max-snippet:-1","max-image-preview":"max-image-preview:large","max-video-preview":"max-video-preview:-1"},"canonical":"https:\/\/ravel.com.br\/blog\/tendencias-em-ti-no-brasil-segundo-o-idc\/","og_locale":"pt_BR","og_type":"article","og_title":"Tend\u00eancias em TI no Brasil - Blog - Ravel Tecnologia","og_description":"O IDC destaca tend\u00eancias em TI no Brasil, incluindo IA, computa\u00e7\u00e3o em nuvem, 5G, ciberseguran\u00e7a, IoT e sustentabilidade. Empresas devem se adaptar para garantir inova\u00e7\u00e3o, competitividade e crescimento no mercado digital. Neste artigo, vou aprofundar este tema e apresentar como a Ravel pode ajudar voc\u00ea.","og_url":"https:\/\/ravel.com.br\/blog\/tendencias-em-ti-no-brasil-segundo-o-idc\/","og_site_name":"Blog Tecnologia","article_published_time":"2025-03-11T14:42:42+00:00","article_modified_time":"2025-05-23T17:46:11+00:00","og_image":[{"width":1021,"height":628,"url":"https:\/\/ravel.com.br\/blog\/wp-content\/uploads\/2025\/03\/Tendencias-idc-capa.jpg","type":"image\/jpeg"}],"author":"Benicio Filho","twitter_card":"summary_large_image","twitter_misc":{"Escrito por":"Benicio Filho","Est. tempo de leitura":"6 minutos"},"schema":{"@context":"https:\/\/schema.org","@graph":[{"@type":"WebPage","@id":"https:\/\/ravel.com.br\/blog\/tendencias-em-ti-no-brasil-segundo-o-idc\/","url":"https:\/\/ravel.com.br\/blog\/tendencias-em-ti-no-brasil-segundo-o-idc\/","name":"Tend\u00eancias em TI no Brasil - Blog - Ravel Tecnologia","isPartOf":{"@id":"https:\/\/ravel.com.br\/blog\/#website"},"primaryImageOfPage":{"@id":"https:\/\/ravel.com.br\/blog\/tendencias-em-ti-no-brasil-segundo-o-idc\/#primaryimage"},"image":{"@id":"https:\/\/ravel.com.br\/blog\/tendencias-em-ti-no-brasil-segundo-o-idc\/#primaryimage"},"thumbnailUrl":"https:\/\/ravel.com.br\/blog\/wp-content\/uploads\/2025\/03\/Tendencias-idc-capa.jpg","datePublished":"2025-03-11T14:42:42+00:00","dateModified":"2025-05-23T17:46:11+00:00","author":{"@id":"https:\/\/ravel.com.br\/blog\/#\/schema\/person\/8c1b896e660c50b7e048edbf136fd3df"},"description":"O IDC destaca tend\u00eancias em TI no Brasil, incluindo IA, computa\u00e7\u00e3o em nuvem, 5G, ciberseguran\u00e7a, IoT e sustentabilidade. Empresas devem se adaptar para garantir inova\u00e7\u00e3o, competitividade e crescimento no mercado digital. Neste artigo, vou aprofundar este tema e apresentar como a Ravel pode ajudar voc\u00ea.","breadcrumb":{"@id":"https:\/\/ravel.com.br\/blog\/tendencias-em-ti-no-brasil-segundo-o-idc\/#breadcrumb"},"inLanguage":"pt-BR","potentialAction":[{"@type":"ReadAction","target":["https:\/\/ravel.com.br\/blog\/tendencias-em-ti-no-brasil-segundo-o-idc\/"]}]},{"@type":"ImageObject","inLanguage":"pt-BR","@id":"https:\/\/ravel.com.br\/blog\/tendencias-em-ti-no-brasil-segundo-o-idc\/#primaryimage","url":"https:\/\/ravel.com.br\/blog\/wp-content\/uploads\/2025\/03\/Tendencias-idc-capa.jpg","contentUrl":"https:\/\/ravel.com.br\/blog\/wp-content\/uploads\/2025\/03\/Tendencias-idc-capa.jpg","width":1021,"height":628},{"@type":"BreadcrumbList","@id":"https:\/\/ravel.com.br\/blog\/tendencias-em-ti-no-brasil-segundo-o-idc\/#breadcrumb","itemListElement":[{"@type":"ListItem","position":1,"name":"In\u00edcio","item":"https:\/\/ravel.com.br\/blog\/"},{"@type":"ListItem","position":2,"name":"Tend\u00eancias em TI no Brasil segundo o IDC"}]},{"@type":"WebSite","@id":"https:\/\/ravel.com.br\/blog\/#website","url":"https:\/\/ravel.com.br\/blog\/","name":"Blog Tecnologia","description":"Dicas e Artigos sobre Tecnologia","potentialAction":[{"@type":"SearchAction","target":{"@type":"EntryPoint","urlTemplate":"https:\/\/ravel.com.br\/blog\/?s={search_term_string}"},"query-input":{"@type":"PropertyValueSpecification","valueRequired":true,"valueName":"search_term_string"}}],"inLanguage":"pt-BR"},{"@type":"Person","@id":"https:\/\/ravel.com.br\/blog\/#\/schema\/person\/8c1b896e660c50b7e048edbf136fd3df","name":"Benicio Filho","image":{"@type":"ImageObject","inLanguage":"pt-BR","@id":"https:\/\/ravel.com.br\/blog\/#\/schema\/person\/image\/","url":"https:\/\/secure.gravatar.com\/avatar\/90039d3db9064a83ee426386617b9797?s=96&d=mm&r=g","contentUrl":"https:\/\/secure.gravatar.com\/avatar\/90039d3db9064a83ee426386617b9797?s=96&d=mm&r=g","caption":"Benicio Filho"},"description":"Formado em eletr\u00f4nica, graduado em Teologia pela PUC SP, e Filosofia pela universidade Dom Bosco, Mestre pela Universidade Metodista de S\u00e3o Paulo na \u00e1rea de Educa\u00e7\u00e3o, MBA pela FGV em Gest\u00e3o Estrat\u00e9gica e Econ\u00f4mica de Neg\u00f3cios, p\u00f3s-graduado em Psican\u00e1lise pelo Instituto Kadmon de Psican\u00e1lise. Atua no mercado de tecnologia desde 1998. Fundador do Grupo Ravel de Tecnologia, S\u00f3cio da Core Angels Atlantic (Fundo de Investimento Internacional para Startups), s\u00f3cio fundador da Ag\u00eancia Incandescente, e s\u00f3cio fundador da Atlantic Hub e do Conex\u00e3o Europa Im\u00f3veis ambos em Portugal, atua como empres\u00e1rio, escritor e pesquisador das \u00e1reas de empreendedorismo, mentoring, lideran\u00e7a, inova\u00e7\u00e3o e internacionaliza\u00e7\u00e3o. Em dezembro de 2019, lan\u00e7ou o seu primeiro livro \u201cVidas Ressignificadas\", em dezembro de 2020 seu segundo \u201cDo Caos ao Recome\u00e7o\u201d, e em janeiro de 2022 o \u00faltimo publicado \u201cMetamorfose Empreendedora\u201d.","url":"https:\/\/ravel.com.br\/blog\/author\/benicio-filho\/"}]}},"_links":{"self":[{"href":"https:\/\/ravel.com.br\/blog\/wp-json\/wp\/v2\/posts\/6176","targetHints":{"allow":["GET"]}}],"collection":[{"href":"https:\/\/ravel.com.br\/blog\/wp-json\/wp\/v2\/posts"}],"about":[{"href":"https:\/\/ravel.com.br\/blog\/wp-json\/wp\/v2\/types\/post"}],"author":[{"embeddable":true,"href":"https:\/\/ravel.com.br\/blog\/wp-json\/wp\/v2\/users\/19"}],"replies":[{"embeddable":true,"href":"https:\/\/ravel.com.br\/blog\/wp-json\/wp\/v2\/comments?post=6176"}],"version-history":[{"count":3,"href":"https:\/\/ravel.com.br\/blog\/wp-json\/wp\/v2\/posts\/6176\/revisions"}],"predecessor-version":[{"id":6183,"href":"https:\/\/ravel.com.br\/blog\/wp-json\/wp\/v2\/posts\/6176\/revisions\/6183"}],"wp:featuredmedia":[{"embeddable":true,"href":"https:\/\/ravel.com.br\/blog\/wp-json\/wp\/v2\/media\/6179"}],"wp:attachment":[{"href":"https:\/\/ravel.com.br\/blog\/wp-json\/wp\/v2\/media?parent=6176"}],"wp:term":[{"taxonomy":"category","embeddable":true,"href":"https:\/\/ravel.com.br\/blog\/wp-json\/wp\/v2\/categories?post=6176"},{"taxonomy":"post_tag","embeddable":true,"href":"https:\/\/ravel.com.br\/blog\/wp-json\/wp\/v2\/tags?post=6176"}],"curies":[{"name":"wp","href":"https:\/\/api.w.org\/{rel}","templated":true}]}}