{"id":6299,"date":"2025-05-27T10:33:36","date_gmt":"2025-05-27T13:33:36","guid":{"rendered":"https:\/\/ravel.com.br\/blog\/?p=6299"},"modified":"2025-05-27T10:33:38","modified_gmt":"2025-05-27T13:33:38","slug":"as-notificacoes-da-ansiedade-quando-a-tecnologia-nos-desperta-para-o-desassossego","status":"publish","type":"post","link":"https:\/\/ravel.com.br\/blog\/as-notificacoes-da-ansiedade-quando-a-tecnologia-nos-desperta-para-o-desassossego\/","title":{"rendered":"As notifica\u00e7\u00f5es da ansiedade: Quando a tecnologia nos desperta para o desassossego"},"content":{"rendered":"\n<p>Em tempos em que os nossos telefones vibram mais que o cora\u00e7\u00e3o de um adolescente apaixonado, \u00e9 inevit\u00e1vel nos perguntarmos: Ser\u00e1 que ainda somos donos do nosso tempo ou apenas reatores autom\u00e1ticos de est\u00edmulos digitais? Inspirado no texto \u201cAs notifica\u00e7\u00f5es da ansiedade\u201d, da escritora <strong>Renata Marinho<\/strong>, este artigo prop\u00f5e uma reflex\u00e3o profunda sobre como o excesso de conex\u00e3o pode se transformar num ru\u00eddo constante na alma \u2014 disfar\u00e7ado de produtividade, urg\u00eancia e relev\u00e2ncia.<\/p>\n\n\n\n<h2 class=\"wp-block-heading\"><strong>Sobre Renata Marinho<\/strong><\/h2>\n\n\n\n<p>Renata \u00e9 jornalista, escritora, e dona de uma sensibilidade afiada para traduzir o invis\u00edvel em palavras palp\u00e1veis. Mineira, vive hoje em S\u00e3o Paulo e \u00e9 autora de \u201cO Veneno do Caracol\u201d, uma obra que mexe com nossos labirintos emocionais mais \u00edntimos. Em sua newsletter no Substack, chamada Labirinto, Renata nos convida a mergulhar nas sutilezas do cotidiano, trazendo temas como sil\u00eancio, tempo e \u2014 como nesta inspira\u00e7\u00e3o \u2014 a inquietante presen\u00e7a das notifica\u00e7\u00f5es digitais e sua rela\u00e7\u00e3o direta com a ansiedade.<\/p>\n\n\n\n<figure class=\"wp-block-image size-full\"><img loading=\"lazy\" decoding=\"async\" width=\"880\" height=\"376\" src=\"https:\/\/ravel.com.br\/blog\/wp-content\/uploads\/2025\/05\/Notificacoes-Banner-1.jpg\" alt=\"notifica\u00e7\u00f5es da ansiedade\" class=\"wp-image-6304\" srcset=\"https:\/\/ravel.com.br\/blog\/wp-content\/uploads\/2025\/05\/Notificacoes-Banner-1.jpg 880w, https:\/\/ravel.com.br\/blog\/wp-content\/uploads\/2025\/05\/Notificacoes-Banner-1-300x128.jpg 300w, https:\/\/ravel.com.br\/blog\/wp-content\/uploads\/2025\/05\/Notificacoes-Banner-1-768x328.jpg 768w, https:\/\/ravel.com.br\/blog\/wp-content\/uploads\/2025\/05\/Notificacoes-Banner-1-610x261.jpg 610w\" sizes=\"(max-width: 880px) 100vw, 880px\" \/><\/figure>\n\n\n\n<h2 class=\"wp-block-heading\"><strong>A onipresen\u00e7a das notifica\u00e7\u00f5es e o despertar da ansiedade<\/strong><\/h2>\n\n\n\n<p>Imagine que sua mente \u00e9 uma sala silenciosa. A cada notifica\u00e7\u00e3o, algu\u00e9m abre a porta bruscamente, grita o seu nome e fecha. De novo. E de novo. Sem aviso. Sem hora. Sem contexto.<\/p>\n\n\n\n<p>As notifica\u00e7\u00f5es digitais nos retiram constantemente do presente. Seja o som sutil de um e-mail, a vibra\u00e7\u00e3o de uma mensagem ou a bolinha vermelha que acende no canto do app, todas essas pequenas interrup\u00e7\u00f5es carregam um enorme impacto no nosso equil\u00edbrio emocional. E o mais curioso: elas n\u00e3o apenas avisam, mas exigem \u2014 resposta, aten\u00e7\u00e3o, a\u00e7\u00e3o imediata.<\/p>\n\n\n\n<p>O c\u00e9rebro humano n\u00e3o foi programado para lidar com tantas mudan\u00e7as de foco em t\u00e3o pouco tempo. Entramos num estado de alerta constante, similar ao que nossos ancestrais sentiam quando ouviam um galho quebrar na floresta. S\u00f3 que hoje o \u201cpredador\u201d n\u00e3o \u00e9 um animal selvagem \u2014 \u00e9 um grupo de WhatsApp, um push de aplicativo de finan\u00e7as ou uma DM no Instagram.<\/p>\n\n\n\n<p>Essa sensa\u00e7\u00e3o de estar sempre \u201cdevendo uma resposta\u201d \u00e9 um gatilho direto para a ansiedade. Aos poucos, vamos associando descanso a culpa, e sil\u00eancio a desconex\u00e3o. E o pior: confundimos disponibilidade com relev\u00e2ncia, alimentando a falsa cren\u00e7a de que s\u00f3 somos importantes se estamos sempre online.<\/p>\n\n\n\n<h2 class=\"wp-block-heading\"><strong>Cronofobia digital: O medo de estar perdendo tempo (ou perdendo tudo)<\/strong><\/h2>\n\n\n\n<p>Vivemos um paradoxo cruel: Nunca estivemos t\u00e3o ocupados \u2014 e ao mesmo tempo, t\u00e3o inseguros sobre o que, de fato, estamos realizando.<\/p>\n\n\n\n<p>A cronofobia digital \u00e9 o nome dado ao medo irracional de estar perdendo tempo \u2014 um fen\u00f4meno crescente entre pessoas que vivem imersas em ambientes digitais. A l\u00f3gica \u00e9 mais ou menos esta: se estou com o celular na m\u00e3o, n\u00e3o posso perder nada importante. Mas, na pr\u00e1tica, quanto mais conectados estamos, mais sensa\u00e7\u00e3o de vazio sentimos ao fim do dia.<\/p>\n\n\n\n<p>Por que isso acontece? Porque a maioria das intera\u00e7\u00f5es digitais \u00e9 rasa, fragmentada, e pouco memor\u00e1vel. As notifica\u00e7\u00f5es fragmentam o tempo em peda\u00e7os t\u00e3o pequenos que n\u00e3o conseguimos construir narrativas consistentes nem experi\u00eancias profundas. O resultado \u00e9 uma vida cheia de atividades, mas pobre em significado.<\/p>\n\n\n\n<p>Essa ansiedade difusa se intensifica quando abrimos uma rede social e vemos \u201ctodo mundo produzindo, viajando, vencendo, sorrindo\u201d. Nossa mente, j\u00e1 acelerada, entra num loop de compara\u00e7\u00e3o e cobran\u00e7a. Afinal, se os outros est\u00e3o fazendo tanto, por que eu n\u00e3o consigo nem terminar um e-mail sem ser interrompido?<\/p>\n\n\n\n<h2 class=\"wp-block-heading\"><strong>A ilus\u00e3o da conex\u00e3o e o crescente isolamento emocional<\/strong><\/h2>\n\n\n\n<p>\u00c9 poss\u00edvel estar rodeado de mensagens e likes\u2026 e ainda assim sentir-se profundamente s\u00f3.<\/p>\n\n\n\n<p>Vivemos numa era de hiperconectividade, mas com v\u00ednculos cada vez mais fr\u00e1geis. As redes sociais e os aplicativos de mensagens nos d\u00e3o a falsa impress\u00e3o de estarmos sempre \u201cjuntos\u201d, quando na verdade estamos cada vez mais distantes da escuta verdadeira e da presen\u00e7a sincera.<\/p>\n\n\n\n<p>A ansiedade provocada pela tecnologia muitas vezes se disfar\u00e7a de sociabilidade: Respondemos r\u00e1pido, reagimos a stories, enviamos emojis, mas raramente temos conversas profundas e sem distra\u00e7\u00f5es.<\/p>\n\n\n\n<p>O medo de ficar de fora (o famoso FOMO \u2014 \u201cfear of missing out\u201d) nos faz manter conex\u00f5es vazias s\u00f3 para n\u00e3o parecermos desconectados.<\/p>\n\n\n\n<p>Pior ainda, come\u00e7amos a modular quem somos com base em quem queremos parecer ser. A performance digital se sobrep\u00f5e \u00e0 vulnerabilidade real. E isso \u00e9 exaustivo.<\/p>\n\n\n\n<p>A tecnologia, usada sem crit\u00e9rio, nos aproxima do outro mas nos afasta de n\u00f3s mesmos.<\/p>\n\n\n\n<figure class=\"wp-block-image size-full\"><img loading=\"lazy\" decoding=\"async\" width=\"945\" height=\"430\" src=\"https:\/\/ravel.com.br\/blog\/wp-content\/uploads\/2025\/05\/Notificacoes-Banner-2.jpg\" alt=\"\" class=\"wp-image-6305\" srcset=\"https:\/\/ravel.com.br\/blog\/wp-content\/uploads\/2025\/05\/Notificacoes-Banner-2.jpg 945w, https:\/\/ravel.com.br\/blog\/wp-content\/uploads\/2025\/05\/Notificacoes-Banner-2-300x137.jpg 300w, https:\/\/ravel.com.br\/blog\/wp-content\/uploads\/2025\/05\/Notificacoes-Banner-2-768x349.jpg 768w, https:\/\/ravel.com.br\/blog\/wp-content\/uploads\/2025\/05\/Notificacoes-Banner-2-610x278.jpg 610w\" sizes=\"(max-width: 945px) 100vw, 945px\" \/><\/figure>\n\n\n\n<h2 class=\"wp-block-heading\"><strong>Autoconsci\u00eancia digital: O acordar para o uso consciente da tecnologia<\/strong><\/h2>\n\n\n\n<p>Ansiedade e tecnologia formam uma dupla poderosa. Mas n\u00e3o inevit\u00e1vel.<\/p>\n\n\n\n<p>Como tudo na vida, a tecnologia tamb\u00e9m precisa de limites. E a primeira forma de estabelec\u00ea-los \u00e9 cultivando autoconsci\u00eancia digital. Isso significa se observar com honestidade: Quantas vezes voc\u00ea desbloqueia o celular por impulso? Quantas vezes procura notifica\u00e7\u00f5es que nem chegaram? Quantas vezes um app sequestra meia hora da sua vida sem que voc\u00ea perceba?<\/p>\n\n\n\n<p>Pequenos h\u00e1bitos podem se tornar grandes transforma\u00e7\u00f5es. Eis algumas pr\u00e1ticas que ajudam a reduzir o impacto da ansiedade gerada pela tecnologia:<\/p>\n\n\n\n<p>Use a fun\u00e7\u00e3o &#8220;n\u00e3o perturbe&#8221; em hor\u00e1rios espec\u00edficos do dia.<\/p>\n\n\n\n<p>Programe momentos de higiene digital, onde voc\u00ea limpa apps, grupos e notifica\u00e7\u00f5es desnecess\u00e1rias.<\/p>\n\n\n\n<p>Estabele\u00e7a zonas livres de tecnologia na casa, como o quarto ou a mesa de jantar.<\/p>\n\n\n\n<p>Adote o h\u00e1bito de come\u00e7ar o dia sem olhar o celular nos primeiros 30 minutos \u2014 um gesto simples que muda todo o seu ritmo interno.<\/p>\n\n\n\n<p>A ansiedade muitas vezes nasce da sensa\u00e7\u00e3o de que n\u00e3o temos escolha. Mas a verdade \u00e9 que temos. E tudo come\u00e7a com a consci\u00eancia.<\/p>\n\n\n\n<h2 class=\"wp-block-heading\"><strong>Rituais de reconex\u00e3o: Como reencontrar o centro em um mundo que n\u00e3o para<\/strong><\/h2>\n\n\n\n<p>Para enfrentar a ansiedade alimentada pela tecnologia, n\u00e3o basta apenas resistir \u00e0s notifica\u00e7\u00f5es \u2014 \u00e9 preciso construir rituais de reconex\u00e3o com o que realmente importa.<\/p>\n\n\n\n<p>Reconex\u00e3o n\u00e3o \u00e9 desinstalar todos os apps e sumir no mato (a n\u00e3o ser que voc\u00ea queira!). \u00c9 aprender a reocupar o pr\u00f3prio tempo. \u00c9 dizer sim para as pausas. \u00c9 lembrar que produtividade n\u00e3o \u00e9 sin\u00f4nimo de correria \u2014 \u00e9 resultado de presen\u00e7a.<\/p>\n\n\n\n<p>Aqui v\u00e3o sugest\u00f5es de rituais ant\u00eddotos contra a ansiedade digital:<\/p>\n\n\n\n<p>Di\u00e1logos profundos: Ligue para algu\u00e9m importante, sem pressa, e converse como se n\u00e3o houvesse internet.<\/p>\n\n\n\n<p>Escreva \u00e0 m\u00e3o: Registrar pensamentos num caderno ajuda a desacelerar a mente e organizar emo\u00e7\u00f5es.<\/p>\n\n\n\n<p>Tecnologia com prop\u00f3sito: Antes de abrir um app, pergunte: \u201cPara que estou vindo aqui agora?\u201d.<\/p>\n\n\n\n<p>Sil\u00eancio volunt\u00e1rio: Pratique momentos sem m\u00fasica, podcast, v\u00eddeo, conversa ou notifica\u00e7\u00e3o. S\u00f3 o sil\u00eancio. O som da sua respira\u00e7\u00e3o tamb\u00e9m \u00e9 uma mensagem.<\/p>\n\n\n\n<p>Esses gestos simples trazem de volta o poder da escolha. E escolher o que entra no seu campo <strong>mental \u00e9 o maior ato de liberdade que voc\u00ea pode ter neste mundo cada vez mais conectado.<\/strong><\/p>\n\n\n\n<h2 class=\"wp-block-heading\"><strong>A notifica\u00e7\u00e3o que mais importa \u00e9 a interna<\/strong><\/h2>\n\n\n\n<p>Ansiedade e tecnologia s\u00e3o palavras que, infelizmente, caminham juntas no nosso cotidiano. Mas n\u00e3o precisam ser sin\u00f4nimas.<\/p>\n\n\n\n<p>A reflex\u00e3o de Renata Marinho nos lembra que precisamos mais do que filtros, hacks e desinstala\u00e7\u00f5es. Precisamos de profundidade. De sil\u00eancio. De coragem para pausar \u2014 e talvez, at\u00e9 mesmo, de reaprender a ficar entediados de vez em quando. Porque \u00e9 nesse espa\u00e7o entre uma notifica\u00e7\u00e3o e outra que reside o que mais importa: nossa sa\u00fade mental, nossa liberdade, nossa humanidade.<\/p>\n\n\n\n<p>Gostou desta reflex\u00e3o sobre notifica\u00e7\u00f5es da ansiedade? Veja mais artigos em: <a href=\"https:\/\/ravel.com.br\/blog\/category\/viver-com-tecnologia\/\">Viver com Tecnologia &#8211; Blog Tecnologia &#8211; Ravel Tecnologia<\/a><\/p>\n","protected":false},"excerpt":{"rendered":"<p>O artigo explora como a tecnologia e as notifica\u00e7\u00f5es digitais intensificam a ansiedade, propondo reflex\u00f5es, pr\u00e1ticas de autoconsci\u00eancia e rituais de reconex\u00e3o para resgatar equil\u00edbrio, presen\u00e7a e sa\u00fade mental.<\/p>\n","protected":false},"author":19,"featured_media":6307,"comment_status":"closed","ping_status":"open","sticky":false,"template":"","format":"standard","meta":{"_et_pb_use_builder":"","_et_pb_old_content":"","_et_gb_content_width":"","footnotes":""},"categories":[105],"tags":[],"class_list":["post-6299","post","type-post","status-publish","format-standard","has-post-thumbnail","hentry","category-viver-com-tecnologia","et-has-post-format-content","et_post_format-et-post-format-standard"],"yoast_head":"<!-- This site is optimized with the Yoast SEO plugin v24.1 - https:\/\/yoast.com\/wordpress\/plugins\/seo\/ -->\n<title>As notifica\u00e7\u00f5es da ansiedade- Blog - Ravel Tecnologia<\/title>\n<meta name=\"description\" content=\"Veja como a tecnologia e as notifica\u00e7\u00f5es digitais intensificam a ansiedade, propondo reflex\u00f5es, pr\u00e1ticas de autoconsci\u00eancia e rituais de reconex\u00e3o para resgatar equil\u00edbrio, presen\u00e7a e sa\u00fade mental\" \/>\n<meta name=\"robots\" content=\"index, follow, max-snippet:-1, max-image-preview:large, max-video-preview:-1\" \/>\n<link rel=\"canonical\" href=\"https:\/\/ravel.com.br\/blog\/as-notificacoes-da-ansiedade-quando-a-tecnologia-nos-desperta-para-o-desassossego\/\" \/>\n<meta property=\"og:locale\" content=\"pt_BR\" \/>\n<meta property=\"og:type\" content=\"article\" \/>\n<meta property=\"og:title\" content=\"As notifica\u00e7\u00f5es da ansiedade- Blog - Ravel Tecnologia\" \/>\n<meta property=\"og:description\" content=\"Veja como a tecnologia e as notifica\u00e7\u00f5es digitais intensificam a ansiedade, propondo reflex\u00f5es, pr\u00e1ticas de autoconsci\u00eancia e rituais de reconex\u00e3o para resgatar equil\u00edbrio, presen\u00e7a e sa\u00fade mental\" \/>\n<meta property=\"og:url\" content=\"https:\/\/ravel.com.br\/blog\/as-notificacoes-da-ansiedade-quando-a-tecnologia-nos-desperta-para-o-desassossego\/\" \/>\n<meta property=\"og:site_name\" content=\"Blog Tecnologia\" \/>\n<meta property=\"article:published_time\" content=\"2025-05-27T13:33:36+00:00\" \/>\n<meta property=\"article:modified_time\" content=\"2025-05-27T13:33:38+00:00\" \/>\n<meta property=\"og:image\" content=\"https:\/\/ravel.com.br\/blog\/wp-content\/uploads\/2025\/05\/Notificacoes-Capa.jpg\" \/>\n\t<meta property=\"og:image:width\" content=\"873\" \/>\n\t<meta property=\"og:image:height\" content=\"579\" \/>\n\t<meta property=\"og:image:type\" content=\"image\/jpeg\" \/>\n<meta name=\"author\" content=\"Benicio Filho\" \/>\n<meta name=\"twitter:card\" content=\"summary_large_image\" \/>\n<meta name=\"twitter:label1\" content=\"Escrito por\" \/>\n\t<meta name=\"twitter:data1\" content=\"Benicio Filho\" \/>\n\t<meta name=\"twitter:label2\" content=\"Est. tempo de leitura\" \/>\n\t<meta name=\"twitter:data2\" content=\"8 minutos\" \/>\n<script type=\"application\/ld+json\" class=\"yoast-schema-graph\">{\"@context\":\"https:\/\/schema.org\",\"@graph\":[{\"@type\":\"WebPage\",\"@id\":\"https:\/\/ravel.com.br\/blog\/as-notificacoes-da-ansiedade-quando-a-tecnologia-nos-desperta-para-o-desassossego\/\",\"url\":\"https:\/\/ravel.com.br\/blog\/as-notificacoes-da-ansiedade-quando-a-tecnologia-nos-desperta-para-o-desassossego\/\",\"name\":\"As notifica\u00e7\u00f5es da ansiedade- Blog - Ravel Tecnologia\",\"isPartOf\":{\"@id\":\"https:\/\/ravel.com.br\/blog\/#website\"},\"primaryImageOfPage\":{\"@id\":\"https:\/\/ravel.com.br\/blog\/as-notificacoes-da-ansiedade-quando-a-tecnologia-nos-desperta-para-o-desassossego\/#primaryimage\"},\"image\":{\"@id\":\"https:\/\/ravel.com.br\/blog\/as-notificacoes-da-ansiedade-quando-a-tecnologia-nos-desperta-para-o-desassossego\/#primaryimage\"},\"thumbnailUrl\":\"https:\/\/ravel.com.br\/blog\/wp-content\/uploads\/2025\/05\/Notificacoes-Capa.jpg\",\"datePublished\":\"2025-05-27T13:33:36+00:00\",\"dateModified\":\"2025-05-27T13:33:38+00:00\",\"author\":{\"@id\":\"https:\/\/ravel.com.br\/blog\/#\/schema\/person\/8c1b896e660c50b7e048edbf136fd3df\"},\"description\":\"Veja como a tecnologia e as notifica\u00e7\u00f5es digitais intensificam a ansiedade, propondo reflex\u00f5es, pr\u00e1ticas de autoconsci\u00eancia e rituais de reconex\u00e3o para resgatar equil\u00edbrio, presen\u00e7a e sa\u00fade mental\",\"breadcrumb\":{\"@id\":\"https:\/\/ravel.com.br\/blog\/as-notificacoes-da-ansiedade-quando-a-tecnologia-nos-desperta-para-o-desassossego\/#breadcrumb\"},\"inLanguage\":\"pt-BR\",\"potentialAction\":[{\"@type\":\"ReadAction\",\"target\":[\"https:\/\/ravel.com.br\/blog\/as-notificacoes-da-ansiedade-quando-a-tecnologia-nos-desperta-para-o-desassossego\/\"]}]},{\"@type\":\"ImageObject\",\"inLanguage\":\"pt-BR\",\"@id\":\"https:\/\/ravel.com.br\/blog\/as-notificacoes-da-ansiedade-quando-a-tecnologia-nos-desperta-para-o-desassossego\/#primaryimage\",\"url\":\"https:\/\/ravel.com.br\/blog\/wp-content\/uploads\/2025\/05\/Notificacoes-Capa.jpg\",\"contentUrl\":\"https:\/\/ravel.com.br\/blog\/wp-content\/uploads\/2025\/05\/Notificacoes-Capa.jpg\",\"width\":873,\"height\":579},{\"@type\":\"BreadcrumbList\",\"@id\":\"https:\/\/ravel.com.br\/blog\/as-notificacoes-da-ansiedade-quando-a-tecnologia-nos-desperta-para-o-desassossego\/#breadcrumb\",\"itemListElement\":[{\"@type\":\"ListItem\",\"position\":1,\"name\":\"In\u00edcio\",\"item\":\"https:\/\/ravel.com.br\/blog\/\"},{\"@type\":\"ListItem\",\"position\":2,\"name\":\"As notifica\u00e7\u00f5es da ansiedade: Quando a tecnologia nos desperta para o desassossego\"}]},{\"@type\":\"WebSite\",\"@id\":\"https:\/\/ravel.com.br\/blog\/#website\",\"url\":\"https:\/\/ravel.com.br\/blog\/\",\"name\":\"Blog Tecnologia\",\"description\":\"Dicas e Artigos sobre Tecnologia\",\"potentialAction\":[{\"@type\":\"SearchAction\",\"target\":{\"@type\":\"EntryPoint\",\"urlTemplate\":\"https:\/\/ravel.com.br\/blog\/?s={search_term_string}\"},\"query-input\":{\"@type\":\"PropertyValueSpecification\",\"valueRequired\":true,\"valueName\":\"search_term_string\"}}],\"inLanguage\":\"pt-BR\"},{\"@type\":\"Person\",\"@id\":\"https:\/\/ravel.com.br\/blog\/#\/schema\/person\/8c1b896e660c50b7e048edbf136fd3df\",\"name\":\"Benicio Filho\",\"image\":{\"@type\":\"ImageObject\",\"inLanguage\":\"pt-BR\",\"@id\":\"https:\/\/ravel.com.br\/blog\/#\/schema\/person\/image\/\",\"url\":\"https:\/\/secure.gravatar.com\/avatar\/90039d3db9064a83ee426386617b9797?s=96&d=mm&r=g\",\"contentUrl\":\"https:\/\/secure.gravatar.com\/avatar\/90039d3db9064a83ee426386617b9797?s=96&d=mm&r=g\",\"caption\":\"Benicio Filho\"},\"description\":\"Formado em eletr\u00f4nica, graduado em Teologia pela PUC SP, e Filosofia pela universidade Dom Bosco, Mestre pela Universidade Metodista de S\u00e3o Paulo na \u00e1rea de Educa\u00e7\u00e3o, MBA pela FGV em Gest\u00e3o Estrat\u00e9gica e Econ\u00f4mica de Neg\u00f3cios, p\u00f3s-graduado em Psican\u00e1lise pelo Instituto Kadmon de Psican\u00e1lise. Atua no mercado de tecnologia desde 1998. Fundador do Grupo Ravel de Tecnologia, S\u00f3cio da Core Angels Atlantic (Fundo de Investimento Internacional para Startups), s\u00f3cio fundador da Ag\u00eancia Incandescente, e s\u00f3cio fundador da Atlantic Hub e do Conex\u00e3o Europa Im\u00f3veis ambos em Portugal, atua como empres\u00e1rio, escritor e pesquisador das \u00e1reas de empreendedorismo, mentoring, lideran\u00e7a, inova\u00e7\u00e3o e internacionaliza\u00e7\u00e3o. Em dezembro de 2019, lan\u00e7ou o seu primeiro livro \u201cVidas Ressignificadas\\\", em dezembro de 2020 seu segundo \u201cDo Caos ao Recome\u00e7o\u201d, e em janeiro de 2022 o \u00faltimo publicado \u201cMetamorfose Empreendedora\u201d.\",\"url\":\"https:\/\/ravel.com.br\/blog\/author\/benicio-filho\/\"}]}<\/script>\n<!-- \/ Yoast SEO plugin. -->","yoast_head_json":{"title":"As notifica\u00e7\u00f5es da ansiedade- Blog - Ravel Tecnologia","description":"Veja como a tecnologia e as notifica\u00e7\u00f5es digitais intensificam a ansiedade, propondo reflex\u00f5es, pr\u00e1ticas de autoconsci\u00eancia e rituais de reconex\u00e3o para resgatar equil\u00edbrio, presen\u00e7a e sa\u00fade mental","robots":{"index":"index","follow":"follow","max-snippet":"max-snippet:-1","max-image-preview":"max-image-preview:large","max-video-preview":"max-video-preview:-1"},"canonical":"https:\/\/ravel.com.br\/blog\/as-notificacoes-da-ansiedade-quando-a-tecnologia-nos-desperta-para-o-desassossego\/","og_locale":"pt_BR","og_type":"article","og_title":"As notifica\u00e7\u00f5es da ansiedade- Blog - Ravel Tecnologia","og_description":"Veja como a tecnologia e as notifica\u00e7\u00f5es digitais intensificam a ansiedade, propondo reflex\u00f5es, pr\u00e1ticas de autoconsci\u00eancia e rituais de reconex\u00e3o para resgatar equil\u00edbrio, presen\u00e7a e sa\u00fade mental","og_url":"https:\/\/ravel.com.br\/blog\/as-notificacoes-da-ansiedade-quando-a-tecnologia-nos-desperta-para-o-desassossego\/","og_site_name":"Blog Tecnologia","article_published_time":"2025-05-27T13:33:36+00:00","article_modified_time":"2025-05-27T13:33:38+00:00","og_image":[{"width":873,"height":579,"url":"https:\/\/ravel.com.br\/blog\/wp-content\/uploads\/2025\/05\/Notificacoes-Capa.jpg","type":"image\/jpeg"}],"author":"Benicio Filho","twitter_card":"summary_large_image","twitter_misc":{"Escrito por":"Benicio Filho","Est. tempo de leitura":"8 minutos"},"schema":{"@context":"https:\/\/schema.org","@graph":[{"@type":"WebPage","@id":"https:\/\/ravel.com.br\/blog\/as-notificacoes-da-ansiedade-quando-a-tecnologia-nos-desperta-para-o-desassossego\/","url":"https:\/\/ravel.com.br\/blog\/as-notificacoes-da-ansiedade-quando-a-tecnologia-nos-desperta-para-o-desassossego\/","name":"As notifica\u00e7\u00f5es da ansiedade- Blog - Ravel Tecnologia","isPartOf":{"@id":"https:\/\/ravel.com.br\/blog\/#website"},"primaryImageOfPage":{"@id":"https:\/\/ravel.com.br\/blog\/as-notificacoes-da-ansiedade-quando-a-tecnologia-nos-desperta-para-o-desassossego\/#primaryimage"},"image":{"@id":"https:\/\/ravel.com.br\/blog\/as-notificacoes-da-ansiedade-quando-a-tecnologia-nos-desperta-para-o-desassossego\/#primaryimage"},"thumbnailUrl":"https:\/\/ravel.com.br\/blog\/wp-content\/uploads\/2025\/05\/Notificacoes-Capa.jpg","datePublished":"2025-05-27T13:33:36+00:00","dateModified":"2025-05-27T13:33:38+00:00","author":{"@id":"https:\/\/ravel.com.br\/blog\/#\/schema\/person\/8c1b896e660c50b7e048edbf136fd3df"},"description":"Veja como a tecnologia e as notifica\u00e7\u00f5es digitais intensificam a ansiedade, propondo reflex\u00f5es, pr\u00e1ticas de autoconsci\u00eancia e rituais de reconex\u00e3o para resgatar equil\u00edbrio, presen\u00e7a e sa\u00fade mental","breadcrumb":{"@id":"https:\/\/ravel.com.br\/blog\/as-notificacoes-da-ansiedade-quando-a-tecnologia-nos-desperta-para-o-desassossego\/#breadcrumb"},"inLanguage":"pt-BR","potentialAction":[{"@type":"ReadAction","target":["https:\/\/ravel.com.br\/blog\/as-notificacoes-da-ansiedade-quando-a-tecnologia-nos-desperta-para-o-desassossego\/"]}]},{"@type":"ImageObject","inLanguage":"pt-BR","@id":"https:\/\/ravel.com.br\/blog\/as-notificacoes-da-ansiedade-quando-a-tecnologia-nos-desperta-para-o-desassossego\/#primaryimage","url":"https:\/\/ravel.com.br\/blog\/wp-content\/uploads\/2025\/05\/Notificacoes-Capa.jpg","contentUrl":"https:\/\/ravel.com.br\/blog\/wp-content\/uploads\/2025\/05\/Notificacoes-Capa.jpg","width":873,"height":579},{"@type":"BreadcrumbList","@id":"https:\/\/ravel.com.br\/blog\/as-notificacoes-da-ansiedade-quando-a-tecnologia-nos-desperta-para-o-desassossego\/#breadcrumb","itemListElement":[{"@type":"ListItem","position":1,"name":"In\u00edcio","item":"https:\/\/ravel.com.br\/blog\/"},{"@type":"ListItem","position":2,"name":"As notifica\u00e7\u00f5es da ansiedade: Quando a tecnologia nos desperta para o desassossego"}]},{"@type":"WebSite","@id":"https:\/\/ravel.com.br\/blog\/#website","url":"https:\/\/ravel.com.br\/blog\/","name":"Blog Tecnologia","description":"Dicas e Artigos sobre Tecnologia","potentialAction":[{"@type":"SearchAction","target":{"@type":"EntryPoint","urlTemplate":"https:\/\/ravel.com.br\/blog\/?s={search_term_string}"},"query-input":{"@type":"PropertyValueSpecification","valueRequired":true,"valueName":"search_term_string"}}],"inLanguage":"pt-BR"},{"@type":"Person","@id":"https:\/\/ravel.com.br\/blog\/#\/schema\/person\/8c1b896e660c50b7e048edbf136fd3df","name":"Benicio Filho","image":{"@type":"ImageObject","inLanguage":"pt-BR","@id":"https:\/\/ravel.com.br\/blog\/#\/schema\/person\/image\/","url":"https:\/\/secure.gravatar.com\/avatar\/90039d3db9064a83ee426386617b9797?s=96&d=mm&r=g","contentUrl":"https:\/\/secure.gravatar.com\/avatar\/90039d3db9064a83ee426386617b9797?s=96&d=mm&r=g","caption":"Benicio Filho"},"description":"Formado em eletr\u00f4nica, graduado em Teologia pela PUC SP, e Filosofia pela universidade Dom Bosco, Mestre pela Universidade Metodista de S\u00e3o Paulo na \u00e1rea de Educa\u00e7\u00e3o, MBA pela FGV em Gest\u00e3o Estrat\u00e9gica e Econ\u00f4mica de Neg\u00f3cios, p\u00f3s-graduado em Psican\u00e1lise pelo Instituto Kadmon de Psican\u00e1lise. Atua no mercado de tecnologia desde 1998. Fundador do Grupo Ravel de Tecnologia, S\u00f3cio da Core Angels Atlantic (Fundo de Investimento Internacional para Startups), s\u00f3cio fundador da Ag\u00eancia Incandescente, e s\u00f3cio fundador da Atlantic Hub e do Conex\u00e3o Europa Im\u00f3veis ambos em Portugal, atua como empres\u00e1rio, escritor e pesquisador das \u00e1reas de empreendedorismo, mentoring, lideran\u00e7a, inova\u00e7\u00e3o e internacionaliza\u00e7\u00e3o. Em dezembro de 2019, lan\u00e7ou o seu primeiro livro \u201cVidas Ressignificadas\", em dezembro de 2020 seu segundo \u201cDo Caos ao Recome\u00e7o\u201d, e em janeiro de 2022 o \u00faltimo publicado \u201cMetamorfose Empreendedora\u201d.","url":"https:\/\/ravel.com.br\/blog\/author\/benicio-filho\/"}]}},"_links":{"self":[{"href":"https:\/\/ravel.com.br\/blog\/wp-json\/wp\/v2\/posts\/6299","targetHints":{"allow":["GET"]}}],"collection":[{"href":"https:\/\/ravel.com.br\/blog\/wp-json\/wp\/v2\/posts"}],"about":[{"href":"https:\/\/ravel.com.br\/blog\/wp-json\/wp\/v2\/types\/post"}],"author":[{"embeddable":true,"href":"https:\/\/ravel.com.br\/blog\/wp-json\/wp\/v2\/users\/19"}],"replies":[{"embeddable":true,"href":"https:\/\/ravel.com.br\/blog\/wp-json\/wp\/v2\/comments?post=6299"}],"version-history":[{"count":5,"href":"https:\/\/ravel.com.br\/blog\/wp-json\/wp\/v2\/posts\/6299\/revisions"}],"predecessor-version":[{"id":6306,"href":"https:\/\/ravel.com.br\/blog\/wp-json\/wp\/v2\/posts\/6299\/revisions\/6306"}],"wp:featuredmedia":[{"embeddable":true,"href":"https:\/\/ravel.com.br\/blog\/wp-json\/wp\/v2\/media\/6307"}],"wp:attachment":[{"href":"https:\/\/ravel.com.br\/blog\/wp-json\/wp\/v2\/media?parent=6299"}],"wp:term":[{"taxonomy":"category","embeddable":true,"href":"https:\/\/ravel.com.br\/blog\/wp-json\/wp\/v2\/categories?post=6299"},{"taxonomy":"post_tag","embeddable":true,"href":"https:\/\/ravel.com.br\/blog\/wp-json\/wp\/v2\/tags?post=6299"}],"curies":[{"name":"wp","href":"https:\/\/api.w.org\/{rel}","templated":true}]}}